{"id":100216,"date":"2026-01-05T11:05:55","date_gmt":"2026-01-05T10:05:55","guid":{"rendered":"https:\/\/gorica.info\/?p=100216"},"modified":"2026-01-05T13:15:29","modified_gmt":"2026-01-05T12:15:29","slug":"pijani-vozac-s-163-promila-alkohola-zavrsio-u-remetincu-na-deset-dana","status":"publish","type":"post","link":"https:\/\/gorica.info\/en\/pijani-vozac-s-163-promila-alkohola-zavrsio-u-remetincu-na-deset-dana\/","title":{"rendered":"Pijani voza\u010d s 1,63 promila alkohola zavr\u0161io u Remetincu na deset dana"},"content":{"rendered":"<p><span style=\"font-size: 20px\"><strong>Voza\u010d<\/strong> kojeg je policija uhvatila da vozi u pijanom stanju na gori\u010dkom podru\u010dju provest \u0107e <strong>10 dana u Remetincu<\/strong>. Tijekom redovne kontrole prometa, u subotu 3. sije\u010dnja oko 21.45 sati u Novom \u010ci\u010du u Velikogori\u010dkoj ulici, <strong>56-godi\u0161njak<\/strong> je upravljao osobnim automobilom zagreba\u010dkih registarskih oznaka, a kretao se u smjeru sjeverozapada.<\/span><\/p>\n<p><span style=\"font-size: 20px\">Dolaskom do ku\u0107nog broja 47 zaustavili su ga <a href=\"https:\/\/gorica.info\/en\/odbio-alkotest-i-vrijedao-policiju-ostao-bez-vozacke-dozvole-i-dobio-uvjetni-zatvor\/\">policijski slu\u017ebenici<\/a>. Obavljenim nadzorom vozila i voza\u010da utvrdili su da upravlja vozilom za vrijeme dok u organizmu <strong>ima 1,63 promila alkohola<\/strong> i za\u0161titnu mjeru<strong> zabrane vo\u017enje<\/strong>.<\/span><\/p>\n<p><span style=\"font-size: 20px\">Mu\u0161karac je uhi\u0107en i priveden u slu\u017ebene prostorije, nakon \u010dega je doveden na Op\u0107inski prekr\u0161ajni sud u Velikoj Gorici.<\/span><\/p>\n<p><span style=\"font-size: 20px\"><a href=\"https:\/\/zagrebacka-policija.gov.hr\/vijesti\/policijski-sluzbenici-ga-uocili-i-zaustavili-u-mjestu-novo-cice\/104106\">Policija<\/a> je u optu\u017enom prijedlogu predlo\u017eila da se voza\u010da proglasi krivim, kazni nov\u010danom kaznom u iznosu od 1.330 eura, izrekne kazna zatvora u trajanju od 60 dana uz za\u0161titnu mjeru zabrane upravljanja motornim vozilom B kategorije u trajanju od 9 mjeseci.<\/span><\/p>\n<p><span style=\"font-size: 20px\">Sud je okrivljenika <strong>proglasio krivim<\/strong>, izrekao mu kaznu zatvora u trajanju od 60 dana uz primjenu <strong>uvjetne osude na rok od 12 mjeseci<\/strong> te za\u0161titnu mjeru zabrane upravljanja motornim vozilom B kategorije u <strong>trajanju od \u0161est mjeseci.<\/strong><\/span><\/p>\n<p><span style=\"font-size: 20px\">Tako\u0111er mu je odre\u0111eno zadr\u017eavanje <strong>u trajanju od deset dana<\/strong>, nakon \u010dega je doveden u zatvor.<\/span><\/p>","protected":false},"excerpt":{"rendered":"<p>Voza\u010d kojeg je policija uhvatila da vozi u pijanom stanju na gori\u010dkom podru\u010dju provest \u0107e 10 dana u Remetincu. Tijekom redovne kontrole prometa, u subotu 3. sije\u010dnja oko 21.45 sati u Novom \u010ci\u010du u Velikogori\u010dkoj ulici, 56-godi\u0161njak je upravljao osobnim automobilom zagreba\u010dkih registarskih oznaka, a kretao se u smjeru sjeverozapada. Dolaskom do ku\u0107nog broja 47 [&hellip;]<\/p>\n","protected":false},"author":23,"featured_media":100217,"comment_status":"closed","ping_status":"closed","sticky":false,"template":"","format":"standard","meta":{"limit_modified_date":"1","last_modified_date":"","jnews-multi-image_gallery":[],"jnews_single_post":{"subtitle":"Sud je okrivljenika proglasio krivim, izrekao mu kaznu zatvora u trajanju od 60 dana uz primjenu uvjetne osude na rok od 12 mjeseci te za\u0161titnu mjeru zabrane upravljanja motornim vozilom B kategorije u trajanju od \u0161est mjeseci","format":"standard","override":[{"template":"3","parallax":"1","fullscreen":"1","layout":"right-sidebar","sidebar":"default-sidebar","second_sidebar":"default-sidebar","sticky_sidebar":"1","share_position":"top","share_float_style":"share-monocrhome","show_featured":"1","show_post_meta":"1","show_post_author":"1","show_post_author_image":"1","show_post_date":"1","post_date_format":"default","post_date_format_custom":"Y\/m\/d","show_post_category":"1","show_post_reading_time":"1","post_reading_time_wpm":"300","post_calculate_word_method":"str_word_count","zoom_button_out_step":"2","zoom_button_in_step":"3","show_post_tag":"1","show_popup_post":"1","show_comment_section":"1","number_popup_post":"1","show_post_related":"1"}],"image_override":[{"single_post_thumbnail_size":"crop-500","single_post_gallery_size":"crop-500"}],"trending_post_position":"meta","trending_post_label":"Trending","sponsored_post_label":"Sponsored by","disable_ad":"0"},"jnews_primary_category":[],"jnews_override_counter":{"view_counter_number":"0","share_counter_number":"0","like_counter_number":"0","dislike_counter_number":"0"},"footnotes":""},"categories":[96],"tags":[21816,1741,1304,22169,1090,1118,122,15554,12660],"class_list":["post-100216","post","type-post","status-publish","format-standard","has-post-thumbnail","hentry","category-vijesti","tag-alkohol-u-prometu","tag-novo-cice","tag-pijani-vozac","tag-policijska-kontrola","tag-prometni-prekrsaji","tag-remetinec","tag-velika-gorica","tag-vg-vijesti","tag-zabrana-voznje"],"yoast_head":"<!-- This site is optimized with the Yoast SEO Premium plugin v27.4 (Yoast SEO v27.4) - https:\/\/yoast.com\/product\/yoast-seo-premium-wordpress\/ -->\n<title>Pijani voza\u010d s 1,63 promila alkohola zavr\u0161io u Remetincu na deset dana - Gorica Info<\/title>\n<meta name=\"description\" content=\"Policija je u Novom \u010ci\u010du zaustavila 56-godi\u0161njeg voza\u010da s 1,63 promila alkohola i zabranom vo\u017enje. U Remetincu \u0107e provesti 10 dana.\" \/>\n<meta name=\"robots\" content=\"index, follow, max-snippet:-1, max-image-preview:large, max-video-preview:-1\" \/>\n<link rel=\"canonical\" href=\"https:\/\/gorica.info\/en\/pijani-vozac-s-163-promila-alkohola-zavrsio-u-remetincu-na-deset-dana\/\" \/>\n<meta property=\"og:locale\" content=\"en_US\" \/>\n<meta property=\"og:type\" content=\"article\" \/>\n<meta property=\"og:title\" content=\"Pijani voza\u010d s 1,63 promila alkohola zavr\u0161io u Remetincu na deset dana\" \/>\n<meta property=\"og:description\" content=\"Policija je u Novom \u010ci\u010du zaustavila 56-godi\u0161njeg voza\u010da s 1,63 promila alkohola i zabranom vo\u017enje. U Remetincu \u0107e provesti 10 dana.\" \/>\n<meta property=\"og:url\" content=\"https:\/\/gorica.info\/en\/pijani-vozac-s-163-promila-alkohola-zavrsio-u-remetincu-na-deset-dana\/\" \/>\n<meta property=\"og:site_name\" content=\"Gorica Info\" \/>\n<meta property=\"article:publisher\" content=\"https:\/\/www.facebook.com\/Goricainfo-106005144489262\" \/>\n<meta property=\"article:published_time\" content=\"2026-01-05T10:05:55+00:00\" \/>\n<meta property=\"article:modified_time\" content=\"2026-01-05T12:15:29+00:00\" \/>\n<meta property=\"og:image\" content=\"https:\/\/gorica.info\/wp-content\/uploads\/2026\/01\/policija-vozac-foto-ai.jpg\" \/>\n\t<meta property=\"og:image:width\" content=\"1200\" \/>\n\t<meta property=\"og:image:height\" content=\"799\" \/>\n\t<meta property=\"og:image:type\" content=\"image\/jpeg\" \/>\n<meta name=\"author\" content=\"Gorica. info\" \/>\n<meta name=\"twitter:card\" content=\"summary_large_image\" \/>\n<meta name=\"twitter:creator\" content=\"@GoricaInfo\" \/>\n<meta name=\"twitter:site\" content=\"@GoricaInfo\" \/>\n<meta name=\"twitter:label1\" content=\"Written by\" \/>\n\t<meta name=\"twitter:data1\" content=\"Gorica. info\" \/>\n\t<meta name=\"twitter:label2\" content=\"Est. reading time\" \/>\n\t<meta name=\"twitter:data2\" content=\"2 minutes\" \/>\n<meta name=\"geo.placename\" content=\"Velika Gorica\" \/>\n<meta name=\"geo.region\" content=\"Croatia\" \/>\n<!-- \/ Yoast SEO Premium plugin. -->","yoast_head_json":{"title":"Pijani voza\u010d s 1,63 promila alkohola zavr\u0161io u Remetincu na deset dana - Gorica Info","description":"Policija je u Novom \u010ci\u010du zaustavila 56-godi\u0161njeg voza\u010da s 1,63 promila alkohola i zabranom vo\u017enje. U Remetincu \u0107e provesti 10 dana.","robots":{"index":"index","follow":"follow","max-snippet":"max-snippet:-1","max-image-preview":"max-image-preview:large","max-video-preview":"max-video-preview:-1"},"canonical":"https:\/\/gorica.info\/en\/pijani-vozac-s-163-promila-alkohola-zavrsio-u-remetincu-na-deset-dana\/","og_locale":"en_US","og_type":"article","og_title":"Pijani voza\u010d s 1,63 promila alkohola zavr\u0161io u Remetincu na deset dana","og_description":"Policija je u Novom \u010ci\u010du zaustavila 56-godi\u0161njeg voza\u010da s 1,63 promila alkohola i zabranom vo\u017enje. U Remetincu \u0107e provesti 10 dana.","og_url":"https:\/\/gorica.info\/en\/pijani-vozac-s-163-promila-alkohola-zavrsio-u-remetincu-na-deset-dana\/","og_site_name":"Gorica Info","article_publisher":"https:\/\/www.facebook.com\/Goricainfo-106005144489262","article_published_time":"2026-01-05T10:05:55+00:00","article_modified_time":"2026-01-05T12:15:29+00:00","og_image":[{"width":1200,"height":799,"url":"https:\/\/gorica.info\/wp-content\/uploads\/2026\/01\/policija-vozac-foto-ai.jpg","type":"image\/jpeg"}],"author":"Gorica. info","twitter_card":"summary_large_image","twitter_creator":"@GoricaInfo","twitter_site":"@GoricaInfo","twitter_misc":{"Written by":"Gorica. info","Est. reading time":"2 minutes"},"schema":{"@context":"https:\/\/schema.org","@graph":[{"@type":"NewsArticle","@id":"https:\/\/gorica.info\/pijani-vozac-s-163-promila-alkohola-zavrsio-u-remetincu-na-deset-dana\/#article","isPartOf":{"@id":"https:\/\/gorica.info\/pijani-vozac-s-163-promila-alkohola-zavrsio-u-remetincu-na-deset-dana\/"},"author":{"name":"Gorica. info","@id":"https:\/\/gorica.info\/#\/schema\/person\/4499af1f22f322670b9b5977ccc2e3de"},"headline":"Pijani voza\u010d s 1,63 promila alkohola zavr\u0161io u Remetincu na deset dana","datePublished":"2026-01-05T10:05:55+00:00","dateModified":"2026-01-05T12:15:29+00:00","mainEntityOfPage":{"@id":"https:\/\/gorica.info\/pijani-vozac-s-163-promila-alkohola-zavrsio-u-remetincu-na-deset-dana\/"},"wordCount":225,"publisher":{"@id":"https:\/\/gorica.info\/#organization"},"image":{"@id":"https:\/\/gorica.info\/pijani-vozac-s-163-promila-alkohola-zavrsio-u-remetincu-na-deset-dana\/#primaryimage"},"thumbnailUrl":"https:\/\/gorica.info\/wp-content\/uploads\/2026\/01\/policija-vozac-foto-ai.jpg","keywords":["alkohol u prometu","novo \u010di\u010de","pijani voza\u010d","policijska kontrola","prometni prekr\u0161aji","remetinec","Velika Gorica","vg vijesti","zabrana vo\u017enje"],"articleSection":["VIJESTI"],"inLanguage":"en-US","copyrightYear":"2026","copyrightHolder":{"@id":"https:\/\/gorica.info\/en\/#organization"}},{"@type":"WebPage","@id":"https:\/\/gorica.info\/pijani-vozac-s-163-promila-alkohola-zavrsio-u-remetincu-na-deset-dana\/","url":"https:\/\/gorica.info\/pijani-vozac-s-163-promila-alkohola-zavrsio-u-remetincu-na-deset-dana\/","name":"Pijani voza\u010d s 1,63 promila alkohola zavr\u0161io u Remetincu na deset dana - Gorica Info","isPartOf":{"@id":"https:\/\/gorica.info\/#website"},"primaryImageOfPage":{"@id":"https:\/\/gorica.info\/pijani-vozac-s-163-promila-alkohola-zavrsio-u-remetincu-na-deset-dana\/#primaryimage"},"image":{"@id":"https:\/\/gorica.info\/pijani-vozac-s-163-promila-alkohola-zavrsio-u-remetincu-na-deset-dana\/#primaryimage"},"thumbnailUrl":"https:\/\/gorica.info\/wp-content\/uploads\/2026\/01\/policija-vozac-foto-ai.jpg","datePublished":"2026-01-05T10:05:55+00:00","dateModified":"2026-01-05T12:15:29+00:00","description":"Policija je u Novom \u010ci\u010du zaustavila 56-godi\u0161njeg voza\u010da s 1,63 promila alkohola i zabranom vo\u017enje. U Remetincu \u0107e provesti 10 dana.","breadcrumb":{"@id":"https:\/\/gorica.info\/pijani-vozac-s-163-promila-alkohola-zavrsio-u-remetincu-na-deset-dana\/#breadcrumb"},"inLanguage":"en-US","potentialAction":[{"@type":"ReadAction","target":["https:\/\/gorica.info\/pijani-vozac-s-163-promila-alkohola-zavrsio-u-remetincu-na-deset-dana\/"]}]},{"@type":"ImageObject","inLanguage":"en-US","@id":"https:\/\/gorica.info\/pijani-vozac-s-163-promila-alkohola-zavrsio-u-remetincu-na-deset-dana\/#primaryimage","url":"https:\/\/gorica.info\/wp-content\/uploads\/2026\/01\/policija-vozac-foto-ai.jpg","contentUrl":"https:\/\/gorica.info\/wp-content\/uploads\/2026\/01\/policija-vozac-foto-ai.jpg","width":1200,"height":799,"caption":"Ilustracija: AI"},{"@type":"BreadcrumbList","@id":"https:\/\/gorica.info\/pijani-vozac-s-163-promila-alkohola-zavrsio-u-remetincu-na-deset-dana\/#breadcrumb","itemListElement":[{"@type":"ListItem","position":1,"name":"Po\u010detna stranica","item":"https:\/\/gorica.info\/"},{"@type":"ListItem","position":2,"name":"Pijani voza\u010d s 1,63 promila alkohola zavr\u0161io u Remetincu na deset dana"}]},{"@type":"WebSite","@id":"https:\/\/gorica.info\/#website","url":"https:\/\/gorica.info\/","name":"Gorica Info","description":"Vijesti iz Velike Gorice i okolice.","publisher":{"@id":"https:\/\/gorica.info\/#organization"},"potentialAction":[{"@type":"SearchAction","target":{"@type":"EntryPoint","urlTemplate":"https:\/\/gorica.info\/?s={search_term_string}"},"query-input":{"@type":"PropertyValueSpecification","valueRequired":true,"valueName":"search_term_string"}}],"inLanguage":"en-US"},{"@type":["Organization","Place","NewsMediaOrganization"],"@id":"https:\/\/gorica.info\/#organization","name":"Gorica Info","url":"https:\/\/gorica.info\/","logo":{"@id":"https:\/\/gorica.info\/pijani-vozac-s-163-promila-alkohola-zavrsio-u-remetincu-na-deset-dana\/#local-main-organization-logo"},"image":{"@id":"https:\/\/gorica.info\/pijani-vozac-s-163-promila-alkohola-zavrsio-u-remetincu-na-deset-dana\/#local-main-organization-logo"},"sameAs":["https:\/\/www.facebook.com\/Goricainfo-106005144489262","https:\/\/x.com\/GoricaInfo","https:\/\/www.instagram.com\/gorica.info\/"],"address":{"@id":"https:\/\/gorica.info\/pijani-vozac-s-163-promila-alkohola-zavrsio-u-remetincu-na-deset-dana\/#local-main-place-address"},"telephone":[],"openingHoursSpecification":[{"@type":"OpeningHoursSpecification","dayOfWeek":["Monday","Tuesday","Wednesday","Thursday","Friday","Saturday","Sunday"],"opens":"09:00","closes":"17:00"}],"email":"redakcija@gorica.info"},{"@type":"Person","@id":"https:\/\/gorica.info\/#\/schema\/person\/4499af1f22f322670b9b5977ccc2e3de","name":"Gorica. info","description":"Gorica.info je lokalni portal koji prati Veliku Goricu i okolici, svakodnevno donosi najnovije vijesti i pri\u010de, kulturna doga\u0111anja i aktualnosti koje oblikuju \u017eivot gra\u0111ana.","url":"https:\/\/gorica.info\/en\/author\/gorica-info\/"},{"@type":"PostalAddress","@id":"https:\/\/gorica.info\/pijani-vozac-s-163-promila-alkohola-zavrsio-u-remetincu-na-deset-dana\/#local-main-place-address","streetAddress":"Horvatova 97","addressLocality":"Velika Gorica","postalCode":"10410","addressRegion":"Croatia","addressCountry":"HR"},{"@type":"ImageObject","inLanguage":"en-US","@id":"https:\/\/gorica.info\/pijani-vozac-s-163-promila-alkohola-zavrsio-u-remetincu-na-deset-dana\/#local-main-organization-logo","url":"https:\/\/gorica.info\/wp-content\/uploads\/2024\/07\/Gorica-Info-Logo-mali.png","contentUrl":"https:\/\/gorica.info\/wp-content\/uploads\/2024\/07\/Gorica-Info-Logo-mali.png","width":450,"height":85,"caption":"Gorica Info"}]},"geo.placename":"Velika Gorica","geo.region":"Croatia"},"_links":{"self":[{"href":"https:\/\/gorica.info\/en\/wp-json\/wp\/v2\/posts\/100216","targetHints":{"allow":["GET"]}}],"collection":[{"href":"https:\/\/gorica.info\/en\/wp-json\/wp\/v2\/posts"}],"about":[{"href":"https:\/\/gorica.info\/en\/wp-json\/wp\/v2\/types\/post"}],"author":[{"embeddable":true,"href":"https:\/\/gorica.info\/en\/wp-json\/wp\/v2\/users\/23"}],"replies":[{"embeddable":true,"href":"https:\/\/gorica.info\/en\/wp-json\/wp\/v2\/comments?post=100216"}],"version-history":[{"count":1,"href":"https:\/\/gorica.info\/en\/wp-json\/wp\/v2\/posts\/100216\/revisions"}],"predecessor-version":[{"id":100218,"href":"https:\/\/gorica.info\/en\/wp-json\/wp\/v2\/posts\/100216\/revisions\/100218"}],"wp:featuredmedia":[{"embeddable":true,"href":"https:\/\/gorica.info\/en\/wp-json\/wp\/v2\/media\/100217"}],"wp:attachment":[{"href":"https:\/\/gorica.info\/en\/wp-json\/wp\/v2\/media?parent=100216"}],"wp:term":[{"taxonomy":"category","embeddable":true,"href":"https:\/\/gorica.info\/en\/wp-json\/wp\/v2\/categories?post=100216"},{"taxonomy":"post_tag","embeddable":true,"href":"https:\/\/gorica.info\/en\/wp-json\/wp\/v2\/tags?post=100216"}],"curies":[{"name":"wp","href":"https:\/\/api.w.org\/{rel}","templated":true}]}}