{"id":100567,"date":"2026-01-15T08:03:38","date_gmt":"2026-01-15T07:03:38","guid":{"rendered":"https:\/\/gorica.info\/?p=100567"},"modified":"2026-01-15T09:00:50","modified_gmt":"2026-01-15T08:00:50","slug":"hitna-sanacija-kolnika-u-cetvrtak-pocinju-radovi-na-frekventnoj-prometnici-u-zagrebu","status":"publish","type":"post","link":"https:\/\/gorica.info\/en\/hitna-sanacija-kolnika-u-cetvrtak-pocinju-radovi-na-frekventnoj-prometnici-u-zagrebu\/","title":{"rendered":"Hitna sanacija kolnika: U \u010detvrtak po\u010dinju radovi na frekventnoj prometnici u Zagrebu"},"content":{"rendered":"<p><span style=\"font-size: 20px\"><strong>Iz Grada Zagreba<\/strong> najavili su da od <strong>\u010detvrtka, 15. sije\u010dnja<\/strong> u 9:00 sati, zapo\u010dinje hitna sanacija kolnika na <strong>Aveniji Ve\u0107eslava Holjevca<\/strong>, na dionici od Ulice Damira Tomljanovi\u0107a Gavrana do Slavonske avenije.<\/span><\/p>\n<p><span style=\"font-size: 20px\">Sanirat \u0107e se <strong>udarna o\u0161te\u0107enja na kolniku<\/strong> nastala kao posljedica zimskih vremenskih uvjeta, a radovi \u0107e <strong>trajati do subote, 17. sije\u010dnja u 4:00 sata<\/strong>.<\/span><\/p>\n<p><span style=\"font-size: 20px\">Tijekom izvo\u0111enja radova, promet u smjeru centra grada <strong>odvijat \u0107e se jednim trakom<\/strong> (isto\u010dni trak), dok \u0107e se promet prema Novom Zagrebu <strong>odvijati nesmetano<\/strong>.<\/span><\/p>\n<p><span style=\"font-size: 20px\">Molimo gra\u0111ane da obrate pozornost na privremenu <a href=\"https:\/\/gorica.info\/en\/pocinju-radovi-na-rekonstrukciji-tramvajske-pruge-u-ulici-kneza-branimira\/\">prometnu signalizaciju<\/a> i za razumijevanje zbog mogu\u0107ih pote\u0161ko\u0107a u prometu, poru\u010dili su iz <a href=\"https:\/\/zagreb.hr\/zapocinju-radovi-hitne-sanacije-kolnika-na-aveniji\/216353\">zagreba\u010dke uprave<\/a>.<\/span><\/p>","protected":false},"excerpt":{"rendered":"<p>Iz Grada Zagreba najavili su da od \u010detvrtka, 15. sije\u010dnja u 9:00 sati, zapo\u010dinje hitna sanacija kolnika na Aveniji Ve\u0107eslava Holjevca, na dionici od Ulice Damira Tomljanovi\u0107a Gavrana do Slavonske avenije. Sanirat \u0107e se udarna o\u0161te\u0107enja na kolniku nastala kao posljedica zimskih vremenskih uvjeta, a radovi \u0107e trajati do subote, 17. sije\u010dnja u 4:00 sata. [&hellip;]<\/p>\n","protected":false},"author":24,"featured_media":100571,"comment_status":"closed","ping_status":"closed","sticky":false,"template":"","format":"standard","meta":{"limit_modified_date":"1","last_modified_date":"","jnews-multi-image_gallery":[],"jnews_single_post":{"subtitle":"Sanirat \u0107e se udarna o\u0161te\u0107enja na kolniku nastala kao posljedica zimskih vremenskih uvjeta, a radovi \u0107e trajati do subote, 17. sije\u010dnja u 4:00 sata","format":"standard","override":[{"template":"3","parallax":"1","fullscreen":"1","layout":"right-sidebar","sidebar":"default-sidebar","second_sidebar":"default-sidebar","sticky_sidebar":"1","share_position":"top","share_float_style":"share-monocrhome","show_featured":"1","show_post_meta":"1","show_post_author":"1","show_post_author_image":"1","show_post_date":"1","post_date_format":"default","post_date_format_custom":"Y\/m\/d","show_post_category":"1","show_post_reading_time":"1","post_reading_time_wpm":"300","post_calculate_word_method":"str_word_count","zoom_button_out_step":"2","zoom_button_in_step":"3","show_post_tag":"1","show_popup_post":"1","show_comment_section":"1","number_popup_post":"1","show_post_related":"1"}],"image_override":[{"single_post_thumbnail_size":"crop-500","single_post_gallery_size":"crop-500"}],"trending_post_position":"meta","trending_post_label":"Trending","sponsored_post_label":"Sponsored by","disable_ad":"0"},"jnews_primary_category":[],"jnews_override_counter":{"view_counter_number":"0","share_counter_number":"0","like_counter_number":"0","dislike_counter_number":"0"},"footnotes":""},"categories":[107],"tags":[11488,311,22480,392,153,22481,4516],"class_list":["post-100567","post","type-post","status-publish","format-standard","has-post-thumbnail","hentry","category-zagreb","tag-avenija-veceslava-holjevca","tag-grad-zagreb","tag-hitna-sanacija-kolnika","tag-promet","tag-radovi","tag-sanacija-prometnice","tag-upozorenje-vozacima"],"yoast_head":"<!-- This site is optimized with the Yoast SEO Premium plugin v27.4 (Yoast SEO v27.4) - https:\/\/yoast.com\/product\/yoast-seo-premium-wordpress\/ -->\n<title>Hitna sanacija kolnika: U \u010detvrtak po\u010dinju radovi na frekventnoj prometnici u Zagrebu - Gorica Info<\/title>\n<meta name=\"description\" content=\"Iz Grada Zagreba najavili su da od \u010detvrtka, 15. sije\u010dnja u 9:00 sati, zapo\u010dinje hitna sanacija kolnika na Aveniji Ve\u0107eslava Holjevca.\" \/>\n<meta name=\"robots\" content=\"index, follow, max-snippet:-1, max-image-preview:large, max-video-preview:-1\" \/>\n<link rel=\"canonical\" href=\"https:\/\/gorica.info\/en\/hitna-sanacija-kolnika-u-cetvrtak-pocinju-radovi-na-frekventnoj-prometnici-u-zagrebu\/\" \/>\n<meta property=\"og:locale\" content=\"en_US\" \/>\n<meta property=\"og:type\" content=\"article\" \/>\n<meta property=\"og:title\" content=\"Hitna sanacija kolnika: U \u010detvrtak po\u010dinju radovi na frekventnoj prometnici u Zagrebu\" \/>\n<meta property=\"og:description\" content=\"Iz Grada Zagreba najavili su da od \u010detvrtka, 15. sije\u010dnja u 9:00 sati, zapo\u010dinje hitna sanacija kolnika na Aveniji Ve\u0107eslava Holjevca.\" \/>\n<meta property=\"og:url\" content=\"https:\/\/gorica.info\/en\/hitna-sanacija-kolnika-u-cetvrtak-pocinju-radovi-na-frekventnoj-prometnici-u-zagrebu\/\" \/>\n<meta property=\"og:site_name\" content=\"Gorica Info\" \/>\n<meta property=\"article:publisher\" content=\"https:\/\/www.facebook.com\/Goricainfo-106005144489262\" \/>\n<meta property=\"article:published_time\" content=\"2026-01-15T07:03:38+00:00\" \/>\n<meta property=\"article:modified_time\" content=\"2026-01-15T08:00:50+00:00\" \/>\n<meta property=\"og:image\" content=\"https:\/\/gorica.info\/wp-content\/uploads\/2026\/01\/radovi-nadvoznjak-mlaka3-e1768416438271.jpg\" \/>\n\t<meta property=\"og:image:width\" content=\"1487\" \/>\n\t<meta property=\"og:image:height\" content=\"597\" \/>\n\t<meta property=\"og:image:type\" content=\"image\/jpeg\" \/>\n<meta name=\"author\" content=\"Marija Stip\u010di\u0107\" \/>\n<meta name=\"twitter:card\" content=\"summary_large_image\" \/>\n<meta name=\"twitter:creator\" content=\"@GoricaInfo\" \/>\n<meta name=\"twitter:site\" content=\"@GoricaInfo\" \/>\n<meta name=\"twitter:label1\" content=\"Written by\" \/>\n\t<meta name=\"twitter:data1\" content=\"Marija Stip\u010di\u0107\" \/>\n\t<meta name=\"twitter:label2\" content=\"Est. reading time\" \/>\n\t<meta name=\"twitter:data2\" content=\"1 minute\" \/>\n<meta name=\"geo.placename\" content=\"Velika Gorica\" \/>\n<meta name=\"geo.region\" content=\"Croatia\" \/>\n<!-- \/ Yoast SEO Premium plugin. -->","yoast_head_json":{"title":"Hitna sanacija kolnika: U \u010detvrtak po\u010dinju radovi na frekventnoj prometnici u Zagrebu - Gorica Info","description":"Iz Grada Zagreba najavili su da od \u010detvrtka, 15. sije\u010dnja u 9:00 sati, zapo\u010dinje hitna sanacija kolnika na Aveniji Ve\u0107eslava Holjevca.","robots":{"index":"index","follow":"follow","max-snippet":"max-snippet:-1","max-image-preview":"max-image-preview:large","max-video-preview":"max-video-preview:-1"},"canonical":"https:\/\/gorica.info\/en\/hitna-sanacija-kolnika-u-cetvrtak-pocinju-radovi-na-frekventnoj-prometnici-u-zagrebu\/","og_locale":"en_US","og_type":"article","og_title":"Hitna sanacija kolnika: U \u010detvrtak po\u010dinju radovi na frekventnoj prometnici u Zagrebu","og_description":"Iz Grada Zagreba najavili su da od \u010detvrtka, 15. sije\u010dnja u 9:00 sati, zapo\u010dinje hitna sanacija kolnika na Aveniji Ve\u0107eslava Holjevca.","og_url":"https:\/\/gorica.info\/en\/hitna-sanacija-kolnika-u-cetvrtak-pocinju-radovi-na-frekventnoj-prometnici-u-zagrebu\/","og_site_name":"Gorica Info","article_publisher":"https:\/\/www.facebook.com\/Goricainfo-106005144489262","article_published_time":"2026-01-15T07:03:38+00:00","article_modified_time":"2026-01-15T08:00:50+00:00","og_image":[{"width":1487,"height":597,"url":"https:\/\/gorica.info\/wp-content\/uploads\/2026\/01\/radovi-nadvoznjak-mlaka3-e1768416438271.jpg","type":"image\/jpeg"}],"author":"Marija Stip\u010di\u0107","twitter_card":"summary_large_image","twitter_creator":"@GoricaInfo","twitter_site":"@GoricaInfo","twitter_misc":{"Written by":"Marija Stip\u010di\u0107","Est. reading time":"1 minute"},"schema":{"@context":"https:\/\/schema.org","@graph":[{"@type":"NewsArticle","@id":"https:\/\/gorica.info\/hitna-sanacija-kolnika-u-cetvrtak-pocinju-radovi-na-frekventnoj-prometnici-u-zagrebu\/#article","isPartOf":{"@id":"https:\/\/gorica.info\/hitna-sanacija-kolnika-u-cetvrtak-pocinju-radovi-na-frekventnoj-prometnici-u-zagrebu\/"},"author":{"name":"Marija Stip\u010di\u0107","@id":"https:\/\/gorica.info\/#\/schema\/person\/9333bbb1dc58fe60ed05834f4e88dc63"},"headline":"Hitna sanacija kolnika: U \u010detvrtak po\u010dinju radovi na frekventnoj prometnici u Zagrebu","datePublished":"2026-01-15T07:03:38+00:00","dateModified":"2026-01-15T08:00:50+00:00","mainEntityOfPage":{"@id":"https:\/\/gorica.info\/hitna-sanacija-kolnika-u-cetvrtak-pocinju-radovi-na-frekventnoj-prometnici-u-zagrebu\/"},"wordCount":125,"publisher":{"@id":"https:\/\/gorica.info\/#organization"},"image":{"@id":"https:\/\/gorica.info\/hitna-sanacija-kolnika-u-cetvrtak-pocinju-radovi-na-frekventnoj-prometnici-u-zagrebu\/#primaryimage"},"thumbnailUrl":"https:\/\/gorica.info\/wp-content\/uploads\/2026\/01\/radovi-nadvoznjak-mlaka3-e1768416438271.jpg","keywords":["avenija ve\u0107eslava holjevca","Grad Zagreb","Hitna sanacija kolnika","promet","radovi","sanacija prometnice","upozorenje voza\u010dima"],"articleSection":["ZAGREB"],"inLanguage":"en-US","copyrightYear":"2026","copyrightHolder":{"@id":"https:\/\/gorica.info\/en\/#organization"}},{"@type":"WebPage","@id":"https:\/\/gorica.info\/hitna-sanacija-kolnika-u-cetvrtak-pocinju-radovi-na-frekventnoj-prometnici-u-zagrebu\/","url":"https:\/\/gorica.info\/hitna-sanacija-kolnika-u-cetvrtak-pocinju-radovi-na-frekventnoj-prometnici-u-zagrebu\/","name":"Hitna sanacija kolnika: U \u010detvrtak po\u010dinju radovi na frekventnoj prometnici u Zagrebu - Gorica Info","isPartOf":{"@id":"https:\/\/gorica.info\/#website"},"primaryImageOfPage":{"@id":"https:\/\/gorica.info\/hitna-sanacija-kolnika-u-cetvrtak-pocinju-radovi-na-frekventnoj-prometnici-u-zagrebu\/#primaryimage"},"image":{"@id":"https:\/\/gorica.info\/hitna-sanacija-kolnika-u-cetvrtak-pocinju-radovi-na-frekventnoj-prometnici-u-zagrebu\/#primaryimage"},"thumbnailUrl":"https:\/\/gorica.info\/wp-content\/uploads\/2026\/01\/radovi-nadvoznjak-mlaka3-e1768416438271.jpg","datePublished":"2026-01-15T07:03:38+00:00","dateModified":"2026-01-15T08:00:50+00:00","description":"Iz Grada Zagreba najavili su da od \u010detvrtka, 15. sije\u010dnja u 9:00 sati, zapo\u010dinje hitna sanacija kolnika na Aveniji Ve\u0107eslava Holjevca.","breadcrumb":{"@id":"https:\/\/gorica.info\/hitna-sanacija-kolnika-u-cetvrtak-pocinju-radovi-na-frekventnoj-prometnici-u-zagrebu\/#breadcrumb"},"inLanguage":"en-US","potentialAction":[{"@type":"ReadAction","target":["https:\/\/gorica.info\/hitna-sanacija-kolnika-u-cetvrtak-pocinju-radovi-na-frekventnoj-prometnici-u-zagrebu\/"]}]},{"@type":"ImageObject","inLanguage":"en-US","@id":"https:\/\/gorica.info\/hitna-sanacija-kolnika-u-cetvrtak-pocinju-radovi-na-frekventnoj-prometnici-u-zagrebu\/#primaryimage","url":"https:\/\/gorica.info\/wp-content\/uploads\/2026\/01\/radovi-nadvoznjak-mlaka3-e1768416438271.jpg","contentUrl":"https:\/\/gorica.info\/wp-content\/uploads\/2026\/01\/radovi-nadvoznjak-mlaka3-e1768416438271.jpg","width":1487,"height":597,"caption":"Arhivska fotografija. Gorica.info"},{"@type":"BreadcrumbList","@id":"https:\/\/gorica.info\/hitna-sanacija-kolnika-u-cetvrtak-pocinju-radovi-na-frekventnoj-prometnici-u-zagrebu\/#breadcrumb","itemListElement":[{"@type":"ListItem","position":1,"name":"Po\u010detna stranica","item":"https:\/\/gorica.info\/"},{"@type":"ListItem","position":2,"name":"Hitna sanacija kolnika: U \u010detvrtak po\u010dinju radovi na frekventnoj prometnici u Zagrebu"}]},{"@type":"WebSite","@id":"https:\/\/gorica.info\/#website","url":"https:\/\/gorica.info\/","name":"Gorica Info","description":"Vijesti iz Velike Gorice i okolice.","publisher":{"@id":"https:\/\/gorica.info\/#organization"},"potentialAction":[{"@type":"SearchAction","target":{"@type":"EntryPoint","urlTemplate":"https:\/\/gorica.info\/?s={search_term_string}"},"query-input":{"@type":"PropertyValueSpecification","valueRequired":true,"valueName":"search_term_string"}}],"inLanguage":"en-US"},{"@type":["Organization","Place","NewsMediaOrganization"],"@id":"https:\/\/gorica.info\/#organization","name":"Gorica Info","url":"https:\/\/gorica.info\/","logo":{"@id":"https:\/\/gorica.info\/hitna-sanacija-kolnika-u-cetvrtak-pocinju-radovi-na-frekventnoj-prometnici-u-zagrebu\/#local-main-organization-logo"},"image":{"@id":"https:\/\/gorica.info\/hitna-sanacija-kolnika-u-cetvrtak-pocinju-radovi-na-frekventnoj-prometnici-u-zagrebu\/#local-main-organization-logo"},"sameAs":["https:\/\/www.facebook.com\/Goricainfo-106005144489262","https:\/\/x.com\/GoricaInfo","https:\/\/www.instagram.com\/gorica.info\/"],"address":{"@id":"https:\/\/gorica.info\/hitna-sanacija-kolnika-u-cetvrtak-pocinju-radovi-na-frekventnoj-prometnici-u-zagrebu\/#local-main-place-address"},"telephone":[],"openingHoursSpecification":[{"@type":"OpeningHoursSpecification","dayOfWeek":["Monday","Tuesday","Wednesday","Thursday","Friday","Saturday","Sunday"],"opens":"09:00","closes":"17:00"}],"email":"redakcija@gorica.info"},{"@type":"Person","@id":"https:\/\/gorica.info\/#\/schema\/person\/9333bbb1dc58fe60ed05834f4e88dc63","name":"Marija Stip\u010di\u0107","description":"Marija Stip\u010di\u0107 novinarske vje\u0161tine brusila je na portalu Gorica.info. Redovito pi\u0161e za rubrike Info, Gorica, \u017divot, Danas kuham.","url":"https:\/\/gorica.info\/en\/author\/marija-stipcic\/"},{"@type":"PostalAddress","@id":"https:\/\/gorica.info\/hitna-sanacija-kolnika-u-cetvrtak-pocinju-radovi-na-frekventnoj-prometnici-u-zagrebu\/#local-main-place-address","streetAddress":"Horvatova 97","addressLocality":"Velika Gorica","postalCode":"10410","addressRegion":"Croatia","addressCountry":"HR"},{"@type":"ImageObject","inLanguage":"en-US","@id":"https:\/\/gorica.info\/hitna-sanacija-kolnika-u-cetvrtak-pocinju-radovi-na-frekventnoj-prometnici-u-zagrebu\/#local-main-organization-logo","url":"https:\/\/gorica.info\/wp-content\/uploads\/2024\/07\/Gorica-Info-Logo-mali.png","contentUrl":"https:\/\/gorica.info\/wp-content\/uploads\/2024\/07\/Gorica-Info-Logo-mali.png","width":450,"height":85,"caption":"Gorica Info"}]},"geo.placename":"Velika Gorica","geo.region":"Croatia"},"_links":{"self":[{"href":"https:\/\/gorica.info\/en\/wp-json\/wp\/v2\/posts\/100567","targetHints":{"allow":["GET"]}}],"collection":[{"href":"https:\/\/gorica.info\/en\/wp-json\/wp\/v2\/posts"}],"about":[{"href":"https:\/\/gorica.info\/en\/wp-json\/wp\/v2\/types\/post"}],"author":[{"embeddable":true,"href":"https:\/\/gorica.info\/en\/wp-json\/wp\/v2\/users\/24"}],"replies":[{"embeddable":true,"href":"https:\/\/gorica.info\/en\/wp-json\/wp\/v2\/comments?post=100567"}],"version-history":[{"count":1,"href":"https:\/\/gorica.info\/en\/wp-json\/wp\/v2\/posts\/100567\/revisions"}],"predecessor-version":[{"id":100569,"href":"https:\/\/gorica.info\/en\/wp-json\/wp\/v2\/posts\/100567\/revisions\/100569"}],"wp:featuredmedia":[{"embeddable":true,"href":"https:\/\/gorica.info\/en\/wp-json\/wp\/v2\/media\/100571"}],"wp:attachment":[{"href":"https:\/\/gorica.info\/en\/wp-json\/wp\/v2\/media?parent=100567"}],"wp:term":[{"taxonomy":"category","embeddable":true,"href":"https:\/\/gorica.info\/en\/wp-json\/wp\/v2\/categories?post=100567"},{"taxonomy":"post_tag","embeddable":true,"href":"https:\/\/gorica.info\/en\/wp-json\/wp\/v2\/tags?post=100567"}],"curies":[{"name":"wp","href":"https:\/\/api.w.org\/{rel}","templated":true}]}}