{"id":100822,"date":"2026-01-22T12:04:53","date_gmt":"2026-01-22T11:04:53","guid":{"rendered":"https:\/\/gorica.info\/?p=100822"},"modified":"2026-01-25T10:33:25","modified_gmt":"2026-01-25T09:33:25","slug":"za-promociju-vina-i-kulturne-bastine-otvoren-interwine-prostor-u-velikoj-gorici","status":"publish","type":"post","link":"https:\/\/gorica.info\/en\/za-promociju-vina-i-kulturne-bastine-otvoren-interwine-prostor-u-velikoj-gorici\/","title":{"rendered":"Za promociju vina i kulturne ba\u0161tine: Otvoren InterWine prostor u Velikoj Gorici"},"content":{"rendered":"<p><span style=\"font-size: 20px\">Simboli\u010dno, na najpoznatiji vinogradarski <strong>blagdan svetog Vinka<\/strong>, Velika Gorica dobila je <strong>InterWine prostor.<\/strong><\/span><\/p>\n<p><img fetchpriority=\"high\" decoding=\"async\" class=\"alignnone wp-image-100825 size-full\" src=\"https:\/\/gorica.info\/wp-content\/uploads\/2026\/01\/InterWine-otvorenje-prostorija-6.jpeg\" alt=\"InterWine\" width=\"1600\" height=\"1067\" srcset=\"https:\/\/gorica.info\/wp-content\/uploads\/2026\/01\/InterWine-otvorenje-prostorija-6.jpeg 1600w, https:\/\/gorica.info\/wp-content\/uploads\/2026\/01\/InterWine-otvorenje-prostorija-6-300x200.jpeg 300w, https:\/\/gorica.info\/wp-content\/uploads\/2026\/01\/InterWine-otvorenje-prostorija-6-1024x683.jpeg 1024w, https:\/\/gorica.info\/wp-content\/uploads\/2026\/01\/InterWine-otvorenje-prostorija-6-768x512.jpeg 768w, https:\/\/gorica.info\/wp-content\/uploads\/2026\/01\/InterWine-otvorenje-prostorija-6-1536x1024.jpeg 1536w, https:\/\/gorica.info\/wp-content\/uploads\/2026\/01\/InterWine-otvorenje-prostorija-6-18x12.jpeg 18w, https:\/\/gorica.info\/wp-content\/uploads\/2026\/01\/InterWine-otvorenje-prostorija-6-750x500.jpeg 750w, https:\/\/gorica.info\/wp-content\/uploads\/2026\/01\/InterWine-otvorenje-prostorija-6-1140x760.jpeg 1140w\" sizes=\"(max-width: 1600px) 100vw, 1600px\" \/><\/p>\n<p><span style=\"font-size: 20px\">Rije\u010d je o projektu <strong>ukupne vrijednosti 1,38 milijuna eura<\/strong> koji provodi <a href=\"https:\/\/visitzagrebcounty.hr\/\"><strong>Turisti\u010dka zajednica Zagreba\u010dke \u017eupanije<\/strong><\/a> u suradnji s partnerima s ciljem razvoja novog turisti\u010dkog proizvoda koji povezuje kulturnu ba\u0161tinu i tradiciju vinarstva.<\/span><\/p>\n<h3>InterWine povezao hrvatske i slovenske partnere<\/h3>\n<p><span style=\"font-size: 20px\">Radi se o <a href=\"https:\/\/gorica.info\/en\/predstavljen-projekt-interwine-cilj-je-razvoj-vinske-destinacije-u-hrvatskoj-i-sloveniji\/\">Interreg projektu<\/a> InterWine \u2013 Spajanjem kulturne ba\u0161tine i eno-turizma do stvaranja odr\u017eive prekograni\u010dne destinacije, sufinanciranog sredstvima Europske unije.<\/span><\/p>\n<p><img decoding=\"async\" class=\"alignnone wp-image-100824 size-full\" src=\"https:\/\/gorica.info\/wp-content\/uploads\/2026\/01\/InterWine-otvorenje-prostorija-5.jpeg\" alt=\"\" width=\"1600\" height=\"1067\" srcset=\"https:\/\/gorica.info\/wp-content\/uploads\/2026\/01\/InterWine-otvorenje-prostorija-5.jpeg 1600w, https:\/\/gorica.info\/wp-content\/uploads\/2026\/01\/InterWine-otvorenje-prostorija-5-300x200.jpeg 300w, https:\/\/gorica.info\/wp-content\/uploads\/2026\/01\/InterWine-otvorenje-prostorija-5-1024x683.jpeg 1024w, https:\/\/gorica.info\/wp-content\/uploads\/2026\/01\/InterWine-otvorenje-prostorija-5-768x512.jpeg 768w, https:\/\/gorica.info\/wp-content\/uploads\/2026\/01\/InterWine-otvorenje-prostorija-5-1536x1024.jpeg 1536w, https:\/\/gorica.info\/wp-content\/uploads\/2026\/01\/InterWine-otvorenje-prostorija-5-18x12.jpeg 18w, https:\/\/gorica.info\/wp-content\/uploads\/2026\/01\/InterWine-otvorenje-prostorija-5-750x500.jpeg 750w, https:\/\/gorica.info\/wp-content\/uploads\/2026\/01\/InterWine-otvorenje-prostorija-5-1140x760.jpeg 1140w\" sizes=\"(max-width: 1600px) 100vw, 1600px\" \/><\/p>\n<p><span style=\"font-size: 20px\">Projektom se stvara odr\u017eiva prekograni\u010dna turisti\u010dka destinacija koja obuhva\u0107a podru\u010dja <strong>Op\u0107ine Bre\u017eice, Op\u0107ine Pu\u0161\u0107a i Grada Velike Gorice<\/strong>.<\/span><\/p>\n<p><span style=\"font-size: 20px\">&#8211; Izuzetno mi je drago \u0161to danas, na blagdan svetog Vinka, otvaramo jedan prekrasan, novoure\u0111eni prostor u na\u0161em gradu \u2013 prostor koji odi\u0161e turopoljskom tradicijom te spaja povijest i sada\u0161njost. <\/span><\/p>\n<p><span style=\"font-size: 20px\">Dobili smo reprezentativan prostor za susrete, edukacije i dru\u017eenja, a na\u0161i vinari i vinogradari iz <strong>Udruge Grozd<\/strong> prostor za svoje djelovanje. Ovim projektom nastavljamo obnovu i ure\u0111enje povijesnog sredi\u0161ta Velike Gorice. <\/span><\/p>\n<p><span style=\"font-size: 20px\">U neposrednoj blizini izgra\u0111en je Interpretacijski centar Muzeja Turopolja, obnovljen je zvonik Crkve Navje\u0161tenja Bla\u017eene Djevice Marije, a zavr\u0161ili smo i obnovu ove zgrade u kojoj se danas nalazimo, a koja je nekada bila rodili\u0161te, potom galerija. Uskoro zapo\u010dinju i radovi na obnovi Muzeja Turopolja. \u017delim ovdje naglasiti i uspje\u0161no povla\u010denje sredstava iz fondova Europske unije za sve ove projekte, kao i vrlo dobru suradnju s Vladom Republike Hrvatske i nadle\u017enim ministarstvima &#8211; izjavio je gradona\u010delnik <strong>Kre\u0161imir A\u010dkar<\/strong>.<\/span><\/p>\n<p><span style=\"font-size: 20px\">Projekt InterWine, koji Grad Velika Gorica podr\u017eava kao strate\u0161ki va\u017ean za lokalni <strong>turizam i kulturnu ba\u0161tinu<\/strong>, sada dobiva konkretnu izvedbu kroz otvorenje prostora u sredi\u0161tu grada.<\/span><\/p>\n<p><span style=\"font-size: 20px\">O va\u017enosti ovog projekta i njegovoj dugoro\u010dnoj vrijednosti za cijelu regiju govorila je i <strong>Ivana Alilovi\u0107<\/strong>, direktorica Turisti\u010dke zajednice Zagreba\u010dke \u017eupanije.<\/span><\/p>\n<p><img decoding=\"async\" class=\"alignnone wp-image-100832 size-full\" src=\"https:\/\/gorica.info\/wp-content\/uploads\/2026\/01\/ivana-alilovic-interwine-vg.jpg\" alt=\"InterWine\" width=\"1500\" height=\"1125\" srcset=\"https:\/\/gorica.info\/wp-content\/uploads\/2026\/01\/ivana-alilovic-interwine-vg.jpg 1500w, https:\/\/gorica.info\/wp-content\/uploads\/2026\/01\/ivana-alilovic-interwine-vg-300x225.jpg 300w, https:\/\/gorica.info\/wp-content\/uploads\/2026\/01\/ivana-alilovic-interwine-vg-1024x768.jpg 1024w, https:\/\/gorica.info\/wp-content\/uploads\/2026\/01\/ivana-alilovic-interwine-vg-768x576.jpg 768w, https:\/\/gorica.info\/wp-content\/uploads\/2026\/01\/ivana-alilovic-interwine-vg-16x12.jpg 16w, https:\/\/gorica.info\/wp-content\/uploads\/2026\/01\/ivana-alilovic-interwine-vg-750x563.jpg 750w, https:\/\/gorica.info\/wp-content\/uploads\/2026\/01\/ivana-alilovic-interwine-vg-1140x855.jpg 1140w\" sizes=\"(max-width: 1500px) 100vw, 1500px\" \/><\/p>\n<p><span style=\"font-size: 20px\">&#8211; Kao vode\u0107i partner projekta InterWine s posebnim zadovoljstvom otvaramo InterWine prostor u Velikoj Gorici, prostor koji na suvremen, elegantan i sadr\u017eajan na\u010din povezuje vino, kulturnu ba\u0161tinu i pogled prema budu\u0107nosti. InterWine ovdje dobiva svoju punu i opipljivu dimenziju te postaje mjesto susreta ljudi, ideja i iskustava, mjesto na kojem se tradicija ne \u010duva samo kao naslije\u0111e, ve\u0107 se \u017eivi, interpretira i komunicira na na\u010din blizak dana\u0161njem posjetitelju. <\/span><\/p>\n<p><span style=\"font-size: 20px\">Upravo takav pristup daje stvarnu vrijednost europskim projektima. Posebno me raduje \u0161to se ovaj prostor otvara upravo u mom gradu, Velikoj Gorici, gradu sna\u017enog identiteta, otvorenosti i razvojne energije, koji ovim projektom dobiva novu suvremenu to\u010dku do\u017eivljaja i interpretacije vlastite ba\u0161tine. Ponosni smo \u0161to InterWine ostaje trajno prisutan upravo ovdje kao prostor povezivanja, inspiracije i budu\u0107eg razvoja &#8211; istaknula je Alilovi\u0107.<\/span><\/p>\n<h3>InterWine prostor koristit \u0107e udruga Grozd<\/h3>\n<p><span style=\"font-size: 20px\">Novoure\u0111ene prostorije slu\u017eit \u0107e<strong> promociji zajedni\u010dke destinacije<\/strong> i novog turisti\u010dkog proizvoda, prezentaciji kulturne ba\u0161tine te promociji vinske ponude lokalnih vinara i vinogradara.<\/span><\/p>\n<p><img loading=\"lazy\" decoding=\"async\" class=\"alignnone wp-image-100831 size-full\" src=\"https:\/\/gorica.info\/wp-content\/uploads\/2026\/01\/vlado-mikulcic-udruga-grozd-foto-goricainfo.jpg\" alt=\"InterWine\" width=\"1500\" height=\"1125\" srcset=\"https:\/\/gorica.info\/wp-content\/uploads\/2026\/01\/vlado-mikulcic-udruga-grozd-foto-goricainfo.jpg 1500w, https:\/\/gorica.info\/wp-content\/uploads\/2026\/01\/vlado-mikulcic-udruga-grozd-foto-goricainfo-300x225.jpg 300w, https:\/\/gorica.info\/wp-content\/uploads\/2026\/01\/vlado-mikulcic-udruga-grozd-foto-goricainfo-1024x768.jpg 1024w, https:\/\/gorica.info\/wp-content\/uploads\/2026\/01\/vlado-mikulcic-udruga-grozd-foto-goricainfo-768x576.jpg 768w, https:\/\/gorica.info\/wp-content\/uploads\/2026\/01\/vlado-mikulcic-udruga-grozd-foto-goricainfo-16x12.jpg 16w, https:\/\/gorica.info\/wp-content\/uploads\/2026\/01\/vlado-mikulcic-udruga-grozd-foto-goricainfo-750x563.jpg 750w, https:\/\/gorica.info\/wp-content\/uploads\/2026\/01\/vlado-mikulcic-udruga-grozd-foto-goricainfo-1140x855.jpg 1140w\" sizes=\"(max-width: 1500px) 100vw, 1500px\" \/><\/p>\n<p><span style=\"font-size: 20px\">Stoga \u0107e upravo korisnik InterWine prostora biti <a href=\"https:\/\/gorica.info\/en\/vincekovo-u-vukomerickim-goricama-tradicionalni-blagoslov-vinograda-u-kostanjevcu\/\">Udruga vinara i vinogradara Grozd<\/a>, koja \u010dini sna\u017ean temelj razvoja vinogradarstva i vinarstva ovoga kraja te stvara potencijal za daljnje \u0161irenje znanja, vje\u0161tina i iskustava.<\/span><\/p>\n<p><span style=\"font-size: 20px\">&#8211; Prije svega \u017eelim zahvaliti Gradu i gradona\u010delniku A\u010dkaru, Turisti\u010dkoj zajednici Zagreba\u010dke \u017eupanije i direktorici Alilovi\u0107 \u0161to su nas uklju\u010dili u ovaj hvalevrijedan projekt. <\/span><\/p>\n<p><span style=\"font-size: 20px\">Nadam se da \u0107e ovaj moderno ure\u0111en i reprezentativan prostor doprinijeti razvoju vinogradarstva i vinarstva na\u0161eg prekrasnog Turopolja te podi\u0107i ga na jednu vi\u0161u razinu. <\/span><\/p>\n<p><span style=\"font-size: 20px\">Udruga ove godine obilje\u017eava 25. obljetnicu uspje\u0161nog rada i djelovanja, a okuplja oko 70 \u010dlanova, prvenstveno vikend-vinogradara. Iako nemamo komercijalne proizvo\u0111a\u010de, posve\u0107eni smo o\u010duvanju tradicije i proizvodnji kvalitetnih vina. <\/span><\/p>\n<p><span style=\"font-size: 20px\">Posebno smo ponosni na turopoljski \u0161krlet, autohtonu sortu, koja je srce na\u0161ih vinograda i vina. Nadamo se da \u0107emo u budu\u0107nosti iznjedriti i nekoliko profesionalnih vinara koji \u0107e nastaviti ovu lijepu tradiciju &#8211; naglasio je predsjednik Udruge, <strong>Vlado Mikul\u010di\u0107<\/strong>.<\/span><\/p>\n<p><img loading=\"lazy\" decoding=\"async\" class=\"alignnone wp-image-100826 size-full\" src=\"https:\/\/gorica.info\/wp-content\/uploads\/2026\/01\/InterWine-otvorenje-prostorija-8.jpeg\" alt=\"InterWine\" width=\"1600\" height=\"1067\" srcset=\"https:\/\/gorica.info\/wp-content\/uploads\/2026\/01\/InterWine-otvorenje-prostorija-8.jpeg 1600w, https:\/\/gorica.info\/wp-content\/uploads\/2026\/01\/InterWine-otvorenje-prostorija-8-300x200.jpeg 300w, https:\/\/gorica.info\/wp-content\/uploads\/2026\/01\/InterWine-otvorenje-prostorija-8-1024x683.jpeg 1024w, https:\/\/gorica.info\/wp-content\/uploads\/2026\/01\/InterWine-otvorenje-prostorija-8-768x512.jpeg 768w, https:\/\/gorica.info\/wp-content\/uploads\/2026\/01\/InterWine-otvorenje-prostorija-8-1536x1024.jpeg 1536w, https:\/\/gorica.info\/wp-content\/uploads\/2026\/01\/InterWine-otvorenje-prostorija-8-18x12.jpeg 18w, https:\/\/gorica.info\/wp-content\/uploads\/2026\/01\/InterWine-otvorenje-prostorija-8-750x500.jpeg 750w, https:\/\/gorica.info\/wp-content\/uploads\/2026\/01\/InterWine-otvorenje-prostorija-8-1140x760.jpeg 1140w\" sizes=\"(max-width: 1600px) 100vw, 1600px\" \/><\/p>\n<p><span style=\"font-size: 20px\">Ina\u010de, prostor je zami\u0161ljen i kao mjesto susreta dionika tijekom i nakon zavr\u0161etka projekta, a planirano je i odr\u017eavanje tematskih dru\u017eenja, izlo\u017ebi, edukacija za ciljane skupine i \u0161iru javnost te drugih promotivnih aktivnosti.<\/span><\/p>\n<p><img loading=\"lazy\" decoding=\"async\" class=\"alignnone wp-image-100830 size-full\" src=\"https:\/\/gorica.info\/wp-content\/uploads\/2026\/01\/InterWine-otvorenje-prostorija-12.jpeg\" alt=\"InterWine\" width=\"1600\" height=\"1085\" srcset=\"https:\/\/gorica.info\/wp-content\/uploads\/2026\/01\/InterWine-otvorenje-prostorija-12.jpeg 1600w, https:\/\/gorica.info\/wp-content\/uploads\/2026\/01\/InterWine-otvorenje-prostorija-12-300x203.jpeg 300w, https:\/\/gorica.info\/wp-content\/uploads\/2026\/01\/InterWine-otvorenje-prostorija-12-1024x694.jpeg 1024w, https:\/\/gorica.info\/wp-content\/uploads\/2026\/01\/InterWine-otvorenje-prostorija-12-768x521.jpeg 768w, https:\/\/gorica.info\/wp-content\/uploads\/2026\/01\/InterWine-otvorenje-prostorija-12-1536x1042.jpeg 1536w, https:\/\/gorica.info\/wp-content\/uploads\/2026\/01\/InterWine-otvorenje-prostorija-12-18x12.jpeg 18w, https:\/\/gorica.info\/wp-content\/uploads\/2026\/01\/InterWine-otvorenje-prostorija-12-750x509.jpeg 750w, https:\/\/gorica.info\/wp-content\/uploads\/2026\/01\/InterWine-otvorenje-prostorija-12-1140x773.jpeg 1140w\" sizes=\"(max-width: 1600px) 100vw, 1600px\" \/><img loading=\"lazy\" decoding=\"async\" class=\"alignnone wp-image-100827 size-full\" src=\"https:\/\/gorica.info\/wp-content\/uploads\/2026\/01\/InterWine-otvorenje-prostorija-9.jpeg\" alt=\"\" width=\"1600\" height=\"1048\" srcset=\"https:\/\/gorica.info\/wp-content\/uploads\/2026\/01\/InterWine-otvorenje-prostorija-9.jpeg 1600w, https:\/\/gorica.info\/wp-content\/uploads\/2026\/01\/InterWine-otvorenje-prostorija-9-300x197.jpeg 300w, https:\/\/gorica.info\/wp-content\/uploads\/2026\/01\/InterWine-otvorenje-prostorija-9-1024x671.jpeg 1024w, https:\/\/gorica.info\/wp-content\/uploads\/2026\/01\/InterWine-otvorenje-prostorija-9-768x503.jpeg 768w, https:\/\/gorica.info\/wp-content\/uploads\/2026\/01\/InterWine-otvorenje-prostorija-9-1536x1006.jpeg 1536w, https:\/\/gorica.info\/wp-content\/uploads\/2026\/01\/InterWine-otvorenje-prostorija-9-18x12.jpeg 18w, https:\/\/gorica.info\/wp-content\/uploads\/2026\/01\/InterWine-otvorenje-prostorija-9-750x491.jpeg 750w, https:\/\/gorica.info\/wp-content\/uploads\/2026\/01\/InterWine-otvorenje-prostorija-9-1140x747.jpeg 1140w\" sizes=\"(max-width: 1600px) 100vw, 1600px\" \/> <img loading=\"lazy\" decoding=\"async\" class=\"alignnone wp-image-100828 size-full\" src=\"https:\/\/gorica.info\/wp-content\/uploads\/2026\/01\/InterWine-otvorenje-prostorija-10.jpeg\" alt=\"InterWine\" width=\"934\" height=\"1200\" srcset=\"https:\/\/gorica.info\/wp-content\/uploads\/2026\/01\/InterWine-otvorenje-prostorija-10.jpeg 934w, https:\/\/gorica.info\/wp-content\/uploads\/2026\/01\/InterWine-otvorenje-prostorija-10-234x300.jpeg 234w, https:\/\/gorica.info\/wp-content\/uploads\/2026\/01\/InterWine-otvorenje-prostorija-10-797x1024.jpeg 797w, https:\/\/gorica.info\/wp-content\/uploads\/2026\/01\/InterWine-otvorenje-prostorija-10-768x987.jpeg 768w, https:\/\/gorica.info\/wp-content\/uploads\/2026\/01\/InterWine-otvorenje-prostorija-10-9x12.jpeg 9w, https:\/\/gorica.info\/wp-content\/uploads\/2026\/01\/InterWine-otvorenje-prostorija-10-750x964.jpeg 750w\" sizes=\"(max-width: 934px) 100vw, 934px\" \/> <img loading=\"lazy\" decoding=\"async\" class=\"alignnone wp-image-100829 size-full\" src=\"https:\/\/gorica.info\/wp-content\/uploads\/2026\/01\/InterWine-otvorenje-prostorija-11.jpeg\" alt=\"\" width=\"1600\" height=\"1067\" srcset=\"https:\/\/gorica.info\/wp-content\/uploads\/2026\/01\/InterWine-otvorenje-prostorija-11.jpeg 1600w, https:\/\/gorica.info\/wp-content\/uploads\/2026\/01\/InterWine-otvorenje-prostorija-11-300x200.jpeg 300w, https:\/\/gorica.info\/wp-content\/uploads\/2026\/01\/InterWine-otvorenje-prostorija-11-1024x683.jpeg 1024w, https:\/\/gorica.info\/wp-content\/uploads\/2026\/01\/InterWine-otvorenje-prostorija-11-768x512.jpeg 768w, https:\/\/gorica.info\/wp-content\/uploads\/2026\/01\/InterWine-otvorenje-prostorija-11-1536x1024.jpeg 1536w, https:\/\/gorica.info\/wp-content\/uploads\/2026\/01\/InterWine-otvorenje-prostorija-11-18x12.jpeg 18w, https:\/\/gorica.info\/wp-content\/uploads\/2026\/01\/InterWine-otvorenje-prostorija-11-750x500.jpeg 750w, https:\/\/gorica.info\/wp-content\/uploads\/2026\/01\/InterWine-otvorenje-prostorija-11-1140x760.jpeg 1140w\" sizes=\"(max-width: 1600px) 100vw, 1600px\" \/><\/p>","protected":false},"excerpt":{"rendered":"<p>Simboli\u010dno, na najpoznatiji vinogradarski blagdan svetog Vinka, Velika Gorica dobila je InterWine prostor. Rije\u010d je o projektu ukupne vrijednosti 1,38 milijuna eura koji provodi Turisti\u010dka zajednica Zagreba\u010dke \u017eupanije u suradnji s partnerima s ciljem razvoja novog turisti\u010dkog proizvoda koji povezuje kulturnu ba\u0161tinu i tradiciju vinarstva. InterWine povezao hrvatske i slovenske partnere Radi se o Interreg [&hellip;]<\/p>\n","protected":false},"author":25,"featured_media":100823,"comment_status":"closed","ping_status":"closed","sticky":false,"template":"","format":"standard","meta":{"limit_modified_date":"1","last_modified_date":"","jnews-multi-image_gallery":[],"jnews_single_post":{"format":"standard","override":[{"template":"3","parallax":"1","fullscreen":"1","layout":"right-sidebar","sidebar":"default-sidebar","second_sidebar":"default-sidebar","sticky_sidebar":"1","share_position":"top","share_float_style":"share-monocrhome","show_featured":"1","show_post_meta":"1","show_post_author":"1","show_post_author_image":"1","show_post_date":"1","post_date_format":"default","post_date_format_custom":"Y\/m\/d","show_post_category":"1","show_post_reading_time":"1","post_reading_time_wpm":"300","post_calculate_word_method":"str_word_count","zoom_button_out_step":"2","zoom_button_in_step":"3","show_post_tag":"1","show_popup_post":"1","show_comment_section":"1","number_popup_post":"1","show_post_related":"1"}],"image_override":[{"single_post_thumbnail_size":"crop-500","single_post_gallery_size":"crop-500"}],"trending_post_position":"meta","trending_post_label":"Trending","sponsored_post_label":"Sponsored by","disable_ad":"0","subtitle":"Novoure\u0111ene prostorije slu\u017eit \u0107e promociji zajedni\u010dke destinacije i novog turisti\u010dkog proizvoda, prezentaciji kulturne ba\u0161tine te promociji vinske ponude lokalnih vinara i vinogradara"},"jnews_primary_category":[],"jnews_override_counter":{"view_counter_number":"0","share_counter_number":"0","like_counter_number":"0","dislike_counter_number":"0"},"footnotes":""},"categories":[87],"tags":[2275,14388,2276,253,7503,7802,122,22686,15554,649,273],"class_list":["post-100822","post","type-post","status-publish","format-standard","has-post-thumbnail","hentry","category-gorica","tag-destinacija","tag-interwine","tag-ivana-alilovic","tag-kresimir-ackar","tag-turopoljska-bastina","tag-udruga-grozd","tag-velika-gorica","tag-vg-info","tag-vg-vijesti","tag-vinari","tag-vinogradari"],"yoast_head":"<!-- This site is optimized with the Yoast SEO Premium plugin v27.4 (Yoast SEO v27.4) - https:\/\/yoast.com\/product\/yoast-seo-premium-wordpress\/ -->\n<title>Za promociju vina i kulturne ba\u0161tine: Otvoren InterWine prostor u Velikoj Gorici - Gorica Info<\/title>\n<meta name=\"description\" content=\"Simboli\u010dno, na najpoznatiji vinogradarski blagdan svetog Vinka, Velika Gorica dobila je InterWine prostor.\" \/>\n<meta name=\"robots\" content=\"index, follow, max-snippet:-1, max-image-preview:large, max-video-preview:-1\" \/>\n<link rel=\"canonical\" href=\"https:\/\/gorica.info\/en\/za-promociju-vina-i-kulturne-bastine-otvoren-interwine-prostor-u-velikoj-gorici\/\" \/>\n<meta property=\"og:locale\" content=\"en_US\" \/>\n<meta property=\"og:type\" content=\"article\" \/>\n<meta property=\"og:title\" content=\"Za promociju vina i kulturne ba\u0161tine: Otvoren InterWine prostor u Velikoj Gorici\" \/>\n<meta property=\"og:description\" content=\"Simboli\u010dno, na najpoznatiji vinogradarski blagdan svetog Vinka, Velika Gorica dobila je InterWine prostor.\" \/>\n<meta property=\"og:url\" content=\"https:\/\/gorica.info\/en\/za-promociju-vina-i-kulturne-bastine-otvoren-interwine-prostor-u-velikoj-gorici\/\" \/>\n<meta property=\"og:site_name\" content=\"Gorica Info\" \/>\n<meta property=\"article:publisher\" content=\"https:\/\/www.facebook.com\/Goricainfo-106005144489262\" \/>\n<meta property=\"article:published_time\" content=\"2026-01-22T11:04:53+00:00\" \/>\n<meta property=\"article:modified_time\" content=\"2026-01-25T09:33:25+00:00\" \/>\n<meta property=\"og:image\" content=\"https:\/\/gorica.info\/wp-content\/uploads\/2026\/01\/InterWine-otvorenje-prostorija-3.jpeg\" \/>\n\t<meta property=\"og:image:width\" content=\"1600\" \/>\n\t<meta property=\"og:image:height\" content=\"1016\" \/>\n\t<meta property=\"og:image:type\" content=\"image\/jpeg\" \/>\n<meta name=\"author\" content=\"Marta Horvat\" \/>\n<meta name=\"twitter:card\" content=\"summary_large_image\" \/>\n<meta name=\"twitter:creator\" content=\"@GoricaInfo\" \/>\n<meta name=\"twitter:site\" content=\"@GoricaInfo\" \/>\n<meta name=\"twitter:label1\" content=\"Written by\" \/>\n\t<meta name=\"twitter:data1\" content=\"Marta Horvat\" \/>\n\t<meta name=\"twitter:label2\" content=\"Est. reading time\" \/>\n\t<meta name=\"twitter:data2\" content=\"6 minutes\" \/>\n<meta name=\"geo.placename\" content=\"Velika Gorica\" \/>\n<meta name=\"geo.region\" content=\"Croatia\" \/>\n<!-- \/ Yoast SEO Premium plugin. -->","yoast_head_json":{"title":"Za promociju vina i kulturne ba\u0161tine: Otvoren InterWine prostor u Velikoj Gorici - Gorica Info","description":"Simboli\u010dno, na najpoznatiji vinogradarski blagdan svetog Vinka, Velika Gorica dobila je InterWine prostor.","robots":{"index":"index","follow":"follow","max-snippet":"max-snippet:-1","max-image-preview":"max-image-preview:large","max-video-preview":"max-video-preview:-1"},"canonical":"https:\/\/gorica.info\/en\/za-promociju-vina-i-kulturne-bastine-otvoren-interwine-prostor-u-velikoj-gorici\/","og_locale":"en_US","og_type":"article","og_title":"Za promociju vina i kulturne ba\u0161tine: Otvoren InterWine prostor u Velikoj Gorici","og_description":"Simboli\u010dno, na najpoznatiji vinogradarski blagdan svetog Vinka, Velika Gorica dobila je InterWine prostor.","og_url":"https:\/\/gorica.info\/en\/za-promociju-vina-i-kulturne-bastine-otvoren-interwine-prostor-u-velikoj-gorici\/","og_site_name":"Gorica Info","article_publisher":"https:\/\/www.facebook.com\/Goricainfo-106005144489262","article_published_time":"2026-01-22T11:04:53+00:00","article_modified_time":"2026-01-25T09:33:25+00:00","og_image":[{"width":1600,"height":1016,"url":"https:\/\/gorica.info\/wp-content\/uploads\/2026\/01\/InterWine-otvorenje-prostorija-3.jpeg","type":"image\/jpeg"}],"author":"Marta Horvat","twitter_card":"summary_large_image","twitter_creator":"@GoricaInfo","twitter_site":"@GoricaInfo","twitter_misc":{"Written by":"Marta Horvat","Est. reading time":"6 minutes"},"schema":{"@context":"https:\/\/schema.org","@graph":[{"@type":"NewsArticle","@id":"https:\/\/gorica.info\/za-promociju-vina-i-kulturne-bastine-otvoren-interwine-prostor-u-velikoj-gorici\/#article","isPartOf":{"@id":"https:\/\/gorica.info\/za-promociju-vina-i-kulturne-bastine-otvoren-interwine-prostor-u-velikoj-gorici\/"},"author":{"name":"Marta Horvat","@id":"https:\/\/gorica.info\/#\/schema\/person\/b2df2f6fb2a9073c0fa5af2672befd52"},"headline":"Za promociju vina i kulturne ba\u0161tine: Otvoren InterWine prostor u Velikoj Gorici","datePublished":"2026-01-22T11:04:53+00:00","dateModified":"2026-01-25T09:33:25+00:00","mainEntityOfPage":{"@id":"https:\/\/gorica.info\/za-promociju-vina-i-kulturne-bastine-otvoren-interwine-prostor-u-velikoj-gorici\/"},"wordCount":713,"publisher":{"@id":"https:\/\/gorica.info\/#organization"},"image":{"@id":"https:\/\/gorica.info\/za-promociju-vina-i-kulturne-bastine-otvoren-interwine-prostor-u-velikoj-gorici\/#primaryimage"},"thumbnailUrl":"https:\/\/gorica.info\/wp-content\/uploads\/2026\/01\/InterWine-otvorenje-prostorija-3.jpeg","keywords":["destinacija","interWine","ivana alilovi\u0107","Kre\u0161imir A\u010dkar","turopoljska ba\u0161tina","udruga grozd","Velika Gorica","vg info","vg vijesti","vinari","vinogradari"],"articleSection":["GORICA"],"inLanguage":"en-US","copyrightYear":"2026","copyrightHolder":{"@id":"https:\/\/gorica.info\/en\/#organization"}},{"@type":"WebPage","@id":"https:\/\/gorica.info\/za-promociju-vina-i-kulturne-bastine-otvoren-interwine-prostor-u-velikoj-gorici\/","url":"https:\/\/gorica.info\/za-promociju-vina-i-kulturne-bastine-otvoren-interwine-prostor-u-velikoj-gorici\/","name":"Za promociju vina i kulturne ba\u0161tine: Otvoren InterWine prostor u Velikoj Gorici - Gorica Info","isPartOf":{"@id":"https:\/\/gorica.info\/#website"},"primaryImageOfPage":{"@id":"https:\/\/gorica.info\/za-promociju-vina-i-kulturne-bastine-otvoren-interwine-prostor-u-velikoj-gorici\/#primaryimage"},"image":{"@id":"https:\/\/gorica.info\/za-promociju-vina-i-kulturne-bastine-otvoren-interwine-prostor-u-velikoj-gorici\/#primaryimage"},"thumbnailUrl":"https:\/\/gorica.info\/wp-content\/uploads\/2026\/01\/InterWine-otvorenje-prostorija-3.jpeg","datePublished":"2026-01-22T11:04:53+00:00","dateModified":"2026-01-25T09:33:25+00:00","description":"Simboli\u010dno, na najpoznatiji vinogradarski blagdan svetog Vinka, Velika Gorica dobila je InterWine prostor.","breadcrumb":{"@id":"https:\/\/gorica.info\/za-promociju-vina-i-kulturne-bastine-otvoren-interwine-prostor-u-velikoj-gorici\/#breadcrumb"},"inLanguage":"en-US","potentialAction":[{"@type":"ReadAction","target":["https:\/\/gorica.info\/za-promociju-vina-i-kulturne-bastine-otvoren-interwine-prostor-u-velikoj-gorici\/"]}]},{"@type":"ImageObject","inLanguage":"en-US","@id":"https:\/\/gorica.info\/za-promociju-vina-i-kulturne-bastine-otvoren-interwine-prostor-u-velikoj-gorici\/#primaryimage","url":"https:\/\/gorica.info\/wp-content\/uploads\/2026\/01\/InterWine-otvorenje-prostorija-3.jpeg","contentUrl":"https:\/\/gorica.info\/wp-content\/uploads\/2026\/01\/InterWine-otvorenje-prostorija-3.jpeg","width":1600,"height":1016,"caption":"InterWine"},{"@type":"BreadcrumbList","@id":"https:\/\/gorica.info\/za-promociju-vina-i-kulturne-bastine-otvoren-interwine-prostor-u-velikoj-gorici\/#breadcrumb","itemListElement":[{"@type":"ListItem","position":1,"name":"Po\u010detna stranica","item":"https:\/\/gorica.info\/"},{"@type":"ListItem","position":2,"name":"Za promociju vina i kulturne ba\u0161tine: Otvoren InterWine prostor u Velikoj Gorici"}]},{"@type":"WebSite","@id":"https:\/\/gorica.info\/#website","url":"https:\/\/gorica.info\/","name":"Gorica Info","description":"Vijesti iz Velike Gorice i okolice.","publisher":{"@id":"https:\/\/gorica.info\/#organization"},"potentialAction":[{"@type":"SearchAction","target":{"@type":"EntryPoint","urlTemplate":"https:\/\/gorica.info\/?s={search_term_string}"},"query-input":{"@type":"PropertyValueSpecification","valueRequired":true,"valueName":"search_term_string"}}],"inLanguage":"en-US"},{"@type":["Organization","Place","NewsMediaOrganization"],"@id":"https:\/\/gorica.info\/#organization","name":"Gorica Info","url":"https:\/\/gorica.info\/","logo":{"@id":"https:\/\/gorica.info\/za-promociju-vina-i-kulturne-bastine-otvoren-interwine-prostor-u-velikoj-gorici\/#local-main-organization-logo"},"image":{"@id":"https:\/\/gorica.info\/za-promociju-vina-i-kulturne-bastine-otvoren-interwine-prostor-u-velikoj-gorici\/#local-main-organization-logo"},"sameAs":["https:\/\/www.facebook.com\/Goricainfo-106005144489262","https:\/\/x.com\/GoricaInfo","https:\/\/www.instagram.com\/gorica.info\/"],"address":{"@id":"https:\/\/gorica.info\/za-promociju-vina-i-kulturne-bastine-otvoren-interwine-prostor-u-velikoj-gorici\/#local-main-place-address"},"telephone":[],"openingHoursSpecification":[{"@type":"OpeningHoursSpecification","dayOfWeek":["Monday","Tuesday","Wednesday","Thursday","Friday","Saturday","Sunday"],"opens":"09:00","closes":"17:00"}],"email":"redakcija@gorica.info"},{"@type":"Person","@id":"https:\/\/gorica.info\/#\/schema\/person\/b2df2f6fb2a9073c0fa5af2672befd52","name":"Marta Horvat","description":"Marta Horvat je studentica koja redovito pi\u0161e za portal, prati sva gradska doga\u0111anja i u\u017eiva isprobavati nove recept koje dijeli s na\u0161im \u010ditateljima.","url":"https:\/\/gorica.info\/en\/author\/marta-horvat\/"},{"@type":"PostalAddress","@id":"https:\/\/gorica.info\/za-promociju-vina-i-kulturne-bastine-otvoren-interwine-prostor-u-velikoj-gorici\/#local-main-place-address","streetAddress":"Horvatova 97","addressLocality":"Velika Gorica","postalCode":"10410","addressRegion":"Croatia","addressCountry":"HR"},{"@type":"ImageObject","inLanguage":"en-US","@id":"https:\/\/gorica.info\/za-promociju-vina-i-kulturne-bastine-otvoren-interwine-prostor-u-velikoj-gorici\/#local-main-organization-logo","url":"https:\/\/gorica.info\/wp-content\/uploads\/2024\/07\/Gorica-Info-Logo-mali.png","contentUrl":"https:\/\/gorica.info\/wp-content\/uploads\/2024\/07\/Gorica-Info-Logo-mali.png","width":450,"height":85,"caption":"Gorica Info"}]},"geo.placename":"Velika Gorica","geo.region":"Croatia"},"_links":{"self":[{"href":"https:\/\/gorica.info\/en\/wp-json\/wp\/v2\/posts\/100822","targetHints":{"allow":["GET"]}}],"collection":[{"href":"https:\/\/gorica.info\/en\/wp-json\/wp\/v2\/posts"}],"about":[{"href":"https:\/\/gorica.info\/en\/wp-json\/wp\/v2\/types\/post"}],"author":[{"embeddable":true,"href":"https:\/\/gorica.info\/en\/wp-json\/wp\/v2\/users\/25"}],"replies":[{"embeddable":true,"href":"https:\/\/gorica.info\/en\/wp-json\/wp\/v2\/comments?post=100822"}],"version-history":[{"count":1,"href":"https:\/\/gorica.info\/en\/wp-json\/wp\/v2\/posts\/100822\/revisions"}],"predecessor-version":[{"id":100833,"href":"https:\/\/gorica.info\/en\/wp-json\/wp\/v2\/posts\/100822\/revisions\/100833"}],"wp:featuredmedia":[{"embeddable":true,"href":"https:\/\/gorica.info\/en\/wp-json\/wp\/v2\/media\/100823"}],"wp:attachment":[{"href":"https:\/\/gorica.info\/en\/wp-json\/wp\/v2\/media?parent=100822"}],"wp:term":[{"taxonomy":"category","embeddable":true,"href":"https:\/\/gorica.info\/en\/wp-json\/wp\/v2\/categories?post=100822"},{"taxonomy":"post_tag","embeddable":true,"href":"https:\/\/gorica.info\/en\/wp-json\/wp\/v2\/tags?post=100822"}],"curies":[{"name":"wp","href":"https:\/\/api.w.org\/{rel}","templated":true}]}}