{"id":101578,"date":"2026-02-10T08:16:29","date_gmt":"2026-02-10T07:16:29","guid":{"rendered":"https:\/\/gorica.info\/?p=101578"},"modified":"2026-02-10T08:18:05","modified_gmt":"2026-02-10T07:18:05","slug":"otezan-odvoz-komunalnog-otpada-u-ulici-franje-lucica-zbog-radova","status":"publish","type":"post","link":"https:\/\/gorica.info\/en\/otezan-odvoz-komunalnog-otpada-u-ulici-franje-lucica-zbog-radova\/","title":{"rendered":"Ote\u017ean odvoz komunalnog otpada u Ulici Franje Lu\u010di\u0107a zbog radova"},"content":{"rendered":"<p data-start=\"684\" data-end=\"981\"><span style=\"font-size: 20px\"><strong>VG \u010cisto\u0107a<\/strong> uputila je va\u017enu <strong>obavijest korisnicima<\/strong> koji \u017eive u <strong data-start=\"746\" data-end=\"784\"><a href=\"https:\/\/gorica.info\/en\/poceli-radovi-na-obnovi-i-rekonstrukciji-ulice-franje-lucica-u-kucama\/\">Ulici Franje Lu\u010di\u0107a<\/a> u naselju Ku\u010de<\/strong>, vezano uz promjene u organizaciji <strong>odvoza komunalnog otpada.<\/strong> Naime, u toj je ulici zapo\u010dela <strong data-start=\"877\" data-end=\"906\">rekonstrukcija prometnice<\/strong>, a prema dostupnim informacijama radovi \u0107e trajati pribli\u017eno <strong data-start=\"968\" data-end=\"980\">210 dana<\/strong>.<\/span><\/p>\n<p data-start=\"983\" data-end=\"1290\"><span style=\"font-size: 20px\">Tijekom izvo\u0111enja radova o\u010dekuju se <strong data-start=\"1019\" data-end=\"1071\">povremene pote\u0161ko\u0107e u pristupu vozila <a href=\"https:\/\/www.vgcistoca.hr\/novosti\/obavijest-o-otezanom-sakupljanju-komunalnog-otpada-ulica-franje-lucica-kuce\/\">VG \u010cisto\u0107e<\/a><\/strong>, \u0161to mo\u017ee uzrokovati ote\u017eano ili privremeno prilago\u0111eno sakupljanje komunalnog otpada na pojedinim dijelovima ulice. Iz tog razloga mole se korisnici za <strong data-start=\"1225\" data-end=\"1265\">razumijevanje, strpljenje i suradnju<\/strong> tijekom trajanja radova.<\/span><\/p>\n<p data-start=\"1292\" data-end=\"1574\"><span style=\"font-size: 20px\">Iz VG \u010cisto\u0107e poru\u010duju kako \u0107e njihovi djelatnici ulo\u017eiti <strong data-start=\"1350\" data-end=\"1371\">maksimalne napore<\/strong> kako bi se odvoz otpada odvijao \u0161to je mogu\u0107e <strong data-start=\"1418\" data-end=\"1447\">redovitije i u\u010dinkovitije<\/strong>, unato\u010d ote\u017eanim uvjetima na terenu. U slu\u010daju potrebe, odvoz \u0107e se prilago\u0111avati aktualnoj situaciji i mogu\u0107nostima pristupa.<\/span><\/p>\n<p data-start=\"1576\" data-end=\"1788\"><span style=\"font-size: 20px\">Stanovnicima Ulice Franje Lu\u010di\u0107a zahvaljuje se na <strong data-start=\"1626\" data-end=\"1656\">strpljenju i razumijevanju<\/strong>, uz napomenu da su ovakvi infrastrukturni radovi nu\u017eni za dugoro\u010dno pobolj\u0161anje prometne i komunalne infrastrukture u naselju Ku\u010de.<\/span><\/p>","protected":false},"excerpt":{"rendered":"<p>VG \u010cisto\u0107a uputila je va\u017enu obavijest korisnicima koji \u017eive u Ulici Franje Lu\u010di\u0107a u naselju Ku\u010de, vezano uz promjene u organizaciji odvoza komunalnog otpada. Naime, u toj je ulici zapo\u010dela rekonstrukcija prometnice, a prema dostupnim informacijama radovi \u0107e trajati pribli\u017eno 210 dana. Tijekom izvo\u0111enja radova o\u010dekuju se povremene pote\u0161ko\u0107e u pristupu vozila VG \u010cisto\u0107e, \u0161to [&hellip;]<\/p>\n","protected":false},"author":32,"featured_media":101579,"comment_status":"closed","ping_status":"closed","sticky":false,"template":"","format":"standard","meta":{"limit_modified_date":"1","last_modified_date":"","jnews-multi-image_gallery":[],"jnews_single_post":{"format":"standard","override":[{"template":"3","parallax":"1","fullscreen":"1","layout":"right-sidebar","sidebar":"default-sidebar","second_sidebar":"default-sidebar","sticky_sidebar":"1","share_position":"top","share_float_style":"share-monocrhome","show_featured":"1","show_post_meta":"1","show_post_author":"1","show_post_author_image":"1","show_post_date":"1","post_date_format":"default","post_date_format_custom":"Y\/m\/d","show_post_category":"1","show_post_reading_time":"1","post_reading_time_wpm":"300","post_calculate_word_method":"str_word_count","zoom_button_out_step":"2","zoom_button_in_step":"3","show_post_tag":"1","show_popup_post":"1","show_comment_section":"1","number_popup_post":"1","show_post_related":"1"}],"image_override":[{"single_post_thumbnail_size":"crop-500","single_post_gallery_size":"crop-500"}],"trending_post_position":"meta","trending_post_label":"Trending","sponsored_post_label":"Sponsored by","disable_ad":"0","subtitle":"Tijekom izvo\u0111enja radova o\u010dekuju se povremene pote\u0161ko\u0107e u pristupu vozila VG \u010cisto\u0107e, \u0161to mo\u017ee uzrokovati ote\u017eano ili privremeno prilago\u0111eno sakupljanje komunalnog otpada na pojedinim dijelovima ulice"},"jnews_primary_category":[],"jnews_override_counter":{"view_counter_number":"0","share_counter_number":"0","like_counter_number":"0","dislike_counter_number":"0"},"footnotes":""},"categories":[87],"tags":[1629,412,4218,332,23089,22980,122,321,22686,15554],"class_list":["post-101578","post","type-post","status-publish","format-standard","has-post-thumbnail","hentry","category-gorica","tag-komunalni-otpad","tag-kuce","tag-obavijest-gradanima","tag-odvoz-otpada","tag-rekonstrukcija-prometnice","tag-ulica-franje-lucica","tag-velika-gorica","tag-vg-cistoca","tag-vg-info","tag-vg-vijesti"],"yoast_head":"<!-- This site is optimized with the Yoast SEO Premium plugin v27.4 (Yoast SEO v27.4) - https:\/\/yoast.com\/product\/yoast-seo-premium-wordpress\/ -->\n<title>Ote\u017ean odvoz komunalnog otpada u Ulici Franje Lu\u010di\u0107a zbog radova - Gorica Info<\/title>\n<meta name=\"description\" content=\"Zbog rekonstrukcije prometnice u Ulici Franje Lu\u010di\u0107a u Ku\u010dama, VG \u010cisto\u0107a upozorava na mogu\u0107e pote\u0161ko\u0107e u odvozu komunalnog otpada.\" \/>\n<meta name=\"robots\" content=\"index, follow, max-snippet:-1, max-image-preview:large, max-video-preview:-1\" \/>\n<link rel=\"canonical\" href=\"https:\/\/gorica.info\/en\/otezan-odvoz-komunalnog-otpada-u-ulici-franje-lucica-zbog-radova\/\" \/>\n<meta property=\"og:locale\" content=\"en_US\" \/>\n<meta property=\"og:type\" content=\"article\" \/>\n<meta property=\"og:title\" content=\"Ote\u017ean odvoz komunalnog otpada u Ulici Franje Lu\u010di\u0107a zbog radova\" \/>\n<meta property=\"og:description\" content=\"Zbog rekonstrukcije prometnice u Ulici Franje Lu\u010di\u0107a u Ku\u010dama, VG \u010cisto\u0107a upozorava na mogu\u0107e pote\u0161ko\u0107e u odvozu komunalnog otpada.\" \/>\n<meta property=\"og:url\" content=\"https:\/\/gorica.info\/en\/otezan-odvoz-komunalnog-otpada-u-ulici-franje-lucica-zbog-radova\/\" \/>\n<meta property=\"og:site_name\" content=\"Gorica Info\" \/>\n<meta property=\"article:publisher\" content=\"https:\/\/www.facebook.com\/Goricainfo-106005144489262\" \/>\n<meta property=\"article:published_time\" content=\"2026-02-10T07:16:29+00:00\" \/>\n<meta property=\"article:modified_time\" content=\"2026-02-10T07:18:05+00:00\" \/>\n<meta property=\"og:image\" content=\"https:\/\/gorica.info\/wp-content\/uploads\/2026\/02\/kuce-radovi-2.jpg\" \/>\n\t<meta property=\"og:image:width\" content=\"1500\" \/>\n\t<meta property=\"og:image:height\" content=\"1125\" \/>\n\t<meta property=\"og:image:type\" content=\"image\/jpeg\" \/>\n<meta name=\"author\" content=\"Marta Ivanu\u0161\" \/>\n<meta name=\"twitter:card\" content=\"summary_large_image\" \/>\n<meta name=\"twitter:creator\" content=\"@GoricaInfo\" \/>\n<meta name=\"twitter:site\" content=\"@GoricaInfo\" \/>\n<meta name=\"twitter:label1\" content=\"Written by\" \/>\n\t<meta name=\"twitter:data1\" content=\"Marta Ivanu\u0161\" \/>\n\t<meta name=\"twitter:label2\" content=\"Est. reading time\" \/>\n\t<meta name=\"twitter:data2\" content=\"2 minutes\" \/>\n<meta name=\"geo.placename\" content=\"Velika Gorica\" \/>\n<meta name=\"geo.region\" content=\"Croatia\" \/>\n<!-- \/ Yoast SEO Premium plugin. -->","yoast_head_json":{"title":"Ote\u017ean odvoz komunalnog otpada u Ulici Franje Lu\u010di\u0107a zbog radova - Gorica Info","description":"Zbog rekonstrukcije prometnice u Ulici Franje Lu\u010di\u0107a u Ku\u010dama, VG \u010cisto\u0107a upozorava na mogu\u0107e pote\u0161ko\u0107e u odvozu komunalnog otpada.","robots":{"index":"index","follow":"follow","max-snippet":"max-snippet:-1","max-image-preview":"max-image-preview:large","max-video-preview":"max-video-preview:-1"},"canonical":"https:\/\/gorica.info\/en\/otezan-odvoz-komunalnog-otpada-u-ulici-franje-lucica-zbog-radova\/","og_locale":"en_US","og_type":"article","og_title":"Ote\u017ean odvoz komunalnog otpada u Ulici Franje Lu\u010di\u0107a zbog radova","og_description":"Zbog rekonstrukcije prometnice u Ulici Franje Lu\u010di\u0107a u Ku\u010dama, VG \u010cisto\u0107a upozorava na mogu\u0107e pote\u0161ko\u0107e u odvozu komunalnog otpada.","og_url":"https:\/\/gorica.info\/en\/otezan-odvoz-komunalnog-otpada-u-ulici-franje-lucica-zbog-radova\/","og_site_name":"Gorica Info","article_publisher":"https:\/\/www.facebook.com\/Goricainfo-106005144489262","article_published_time":"2026-02-10T07:16:29+00:00","article_modified_time":"2026-02-10T07:18:05+00:00","og_image":[{"width":1500,"height":1125,"url":"https:\/\/gorica.info\/wp-content\/uploads\/2026\/02\/kuce-radovi-2.jpg","type":"image\/jpeg"}],"author":"Marta Ivanu\u0161","twitter_card":"summary_large_image","twitter_creator":"@GoricaInfo","twitter_site":"@GoricaInfo","twitter_misc":{"Written by":"Marta Ivanu\u0161","Est. reading time":"2 minutes"},"schema":{"@context":"https:\/\/schema.org","@graph":[{"@type":"NewsArticle","@id":"https:\/\/gorica.info\/otezan-odvoz-komunalnog-otpada-u-ulici-franje-lucica-zbog-radova\/#article","isPartOf":{"@id":"https:\/\/gorica.info\/otezan-odvoz-komunalnog-otpada-u-ulici-franje-lucica-zbog-radova\/"},"author":{"name":"Marta Ivanu\u0161","@id":"https:\/\/gorica.info\/#\/schema\/person\/e2053d495fcf159805e1a9aa5692ef15"},"headline":"Ote\u017ean odvoz komunalnog otpada u Ulici Franje Lu\u010di\u0107a zbog radova","datePublished":"2026-02-10T07:16:29+00:00","dateModified":"2026-02-10T07:18:05+00:00","mainEntityOfPage":{"@id":"https:\/\/gorica.info\/otezan-odvoz-komunalnog-otpada-u-ulici-franje-lucica-zbog-radova\/"},"wordCount":192,"publisher":{"@id":"https:\/\/gorica.info\/#organization"},"image":{"@id":"https:\/\/gorica.info\/otezan-odvoz-komunalnog-otpada-u-ulici-franje-lucica-zbog-radova\/#primaryimage"},"thumbnailUrl":"https:\/\/gorica.info\/wp-content\/uploads\/2026\/02\/kuce-radovi-2.jpg","keywords":["komunalni otpad","ku\u0107e","obavijest gra\u0111anima","odvoz otpada","rekonstrukcija prometnice","Ulica Franje Lu\u010di\u0107a","Velika Gorica","VG \u010cisto\u0107a","vg info","vg vijesti"],"articleSection":["GORICA"],"inLanguage":"en-US","copyrightYear":"2026","copyrightHolder":{"@id":"https:\/\/gorica.info\/en\/#organization"}},{"@type":"WebPage","@id":"https:\/\/gorica.info\/otezan-odvoz-komunalnog-otpada-u-ulici-franje-lucica-zbog-radova\/","url":"https:\/\/gorica.info\/otezan-odvoz-komunalnog-otpada-u-ulici-franje-lucica-zbog-radova\/","name":"Ote\u017ean odvoz komunalnog otpada u Ulici Franje Lu\u010di\u0107a zbog radova - Gorica Info","isPartOf":{"@id":"https:\/\/gorica.info\/#website"},"primaryImageOfPage":{"@id":"https:\/\/gorica.info\/otezan-odvoz-komunalnog-otpada-u-ulici-franje-lucica-zbog-radova\/#primaryimage"},"image":{"@id":"https:\/\/gorica.info\/otezan-odvoz-komunalnog-otpada-u-ulici-franje-lucica-zbog-radova\/#primaryimage"},"thumbnailUrl":"https:\/\/gorica.info\/wp-content\/uploads\/2026\/02\/kuce-radovi-2.jpg","datePublished":"2026-02-10T07:16:29+00:00","dateModified":"2026-02-10T07:18:05+00:00","description":"Zbog rekonstrukcije prometnice u Ulici Franje Lu\u010di\u0107a u Ku\u010dama, VG \u010cisto\u0107a upozorava na mogu\u0107e pote\u0161ko\u0107e u odvozu komunalnog otpada.","breadcrumb":{"@id":"https:\/\/gorica.info\/otezan-odvoz-komunalnog-otpada-u-ulici-franje-lucica-zbog-radova\/#breadcrumb"},"inLanguage":"en-US","potentialAction":[{"@type":"ReadAction","target":["https:\/\/gorica.info\/otezan-odvoz-komunalnog-otpada-u-ulici-franje-lucica-zbog-radova\/"]}]},{"@type":"ImageObject","inLanguage":"en-US","@id":"https:\/\/gorica.info\/otezan-odvoz-komunalnog-otpada-u-ulici-franje-lucica-zbog-radova\/#primaryimage","url":"https:\/\/gorica.info\/wp-content\/uploads\/2026\/02\/kuce-radovi-2.jpg","contentUrl":"https:\/\/gorica.info\/wp-content\/uploads\/2026\/02\/kuce-radovi-2.jpg","width":1500,"height":1125,"caption":"Foto: Grad Velika Gorica"},{"@type":"BreadcrumbList","@id":"https:\/\/gorica.info\/otezan-odvoz-komunalnog-otpada-u-ulici-franje-lucica-zbog-radova\/#breadcrumb","itemListElement":[{"@type":"ListItem","position":1,"name":"Po\u010detna stranica","item":"https:\/\/gorica.info\/"},{"@type":"ListItem","position":2,"name":"Ote\u017ean odvoz komunalnog otpada u Ulici Franje Lu\u010di\u0107a zbog radova"}]},{"@type":"WebSite","@id":"https:\/\/gorica.info\/#website","url":"https:\/\/gorica.info\/","name":"Gorica Info","description":"Vijesti iz Velike Gorice i okolice.","publisher":{"@id":"https:\/\/gorica.info\/#organization"},"potentialAction":[{"@type":"SearchAction","target":{"@type":"EntryPoint","urlTemplate":"https:\/\/gorica.info\/?s={search_term_string}"},"query-input":{"@type":"PropertyValueSpecification","valueRequired":true,"valueName":"search_term_string"}}],"inLanguage":"en-US"},{"@type":["Organization","Place","NewsMediaOrganization"],"@id":"https:\/\/gorica.info\/#organization","name":"Gorica Info","url":"https:\/\/gorica.info\/","logo":{"@id":"https:\/\/gorica.info\/otezan-odvoz-komunalnog-otpada-u-ulici-franje-lucica-zbog-radova\/#local-main-organization-logo"},"image":{"@id":"https:\/\/gorica.info\/otezan-odvoz-komunalnog-otpada-u-ulici-franje-lucica-zbog-radova\/#local-main-organization-logo"},"sameAs":["https:\/\/www.facebook.com\/Goricainfo-106005144489262","https:\/\/x.com\/GoricaInfo","https:\/\/www.instagram.com\/gorica.info\/"],"address":{"@id":"https:\/\/gorica.info\/otezan-odvoz-komunalnog-otpada-u-ulici-franje-lucica-zbog-radova\/#local-main-place-address"},"telephone":[],"openingHoursSpecification":[{"@type":"OpeningHoursSpecification","dayOfWeek":["Monday","Tuesday","Wednesday","Thursday","Friday","Saturday","Sunday"],"opens":"09:00","closes":"17:00"}],"email":"redakcija@gorica.info"},{"@type":"Person","@id":"https:\/\/gorica.info\/#\/schema\/person\/e2053d495fcf159805e1a9aa5692ef15","name":"Marta Ivanu\u0161","description":"Marta Ivanu\u0161 je studentica novinarstva, voli dru\u0161tvene mre\u017ee i digitalni marketing. Osim pisanja tekstova, zadu\u017eena je i za objave na dru\u0161tvenim mre\u017eama Gorice.info.","url":"https:\/\/gorica.info\/en\/author\/marta-ivanus\/"},{"@type":"PostalAddress","@id":"https:\/\/gorica.info\/otezan-odvoz-komunalnog-otpada-u-ulici-franje-lucica-zbog-radova\/#local-main-place-address","streetAddress":"Horvatova 97","addressLocality":"Velika Gorica","postalCode":"10410","addressRegion":"Croatia","addressCountry":"HR"},{"@type":"ImageObject","inLanguage":"en-US","@id":"https:\/\/gorica.info\/otezan-odvoz-komunalnog-otpada-u-ulici-franje-lucica-zbog-radova\/#local-main-organization-logo","url":"https:\/\/gorica.info\/wp-content\/uploads\/2024\/07\/Gorica-Info-Logo-mali.png","contentUrl":"https:\/\/gorica.info\/wp-content\/uploads\/2024\/07\/Gorica-Info-Logo-mali.png","width":450,"height":85,"caption":"Gorica Info"}]},"geo.placename":"Velika Gorica","geo.region":"Croatia"},"_links":{"self":[{"href":"https:\/\/gorica.info\/en\/wp-json\/wp\/v2\/posts\/101578","targetHints":{"allow":["GET"]}}],"collection":[{"href":"https:\/\/gorica.info\/en\/wp-json\/wp\/v2\/posts"}],"about":[{"href":"https:\/\/gorica.info\/en\/wp-json\/wp\/v2\/types\/post"}],"author":[{"embeddable":true,"href":"https:\/\/gorica.info\/en\/wp-json\/wp\/v2\/users\/32"}],"replies":[{"embeddable":true,"href":"https:\/\/gorica.info\/en\/wp-json\/wp\/v2\/comments?post=101578"}],"version-history":[{"count":2,"href":"https:\/\/gorica.info\/en\/wp-json\/wp\/v2\/posts\/101578\/revisions"}],"predecessor-version":[{"id":101581,"href":"https:\/\/gorica.info\/en\/wp-json\/wp\/v2\/posts\/101578\/revisions\/101581"}],"wp:featuredmedia":[{"embeddable":true,"href":"https:\/\/gorica.info\/en\/wp-json\/wp\/v2\/media\/101579"}],"wp:attachment":[{"href":"https:\/\/gorica.info\/en\/wp-json\/wp\/v2\/media?parent=101578"}],"wp:term":[{"taxonomy":"category","embeddable":true,"href":"https:\/\/gorica.info\/en\/wp-json\/wp\/v2\/categories?post=101578"},{"taxonomy":"post_tag","embeddable":true,"href":"https:\/\/gorica.info\/en\/wp-json\/wp\/v2\/tags?post=101578"}],"curies":[{"name":"wp","href":"https:\/\/api.w.org\/{rel}","templated":true}]}}