{"id":101901,"date":"2026-02-18T11:26:45","date_gmt":"2026-02-18T10:26:45","guid":{"rendered":"https:\/\/gorica.info\/?p=101901"},"modified":"2026-02-18T11:49:20","modified_gmt":"2026-02-18T10:49:20","slug":"svecano-otvoren-zabac-u-velikoj-gorici-zaposleno-12-osoba-dvije-s-invaliditetom","status":"publish","type":"post","link":"https:\/\/gorica.info\/en\/svecano-otvoren-zabac-u-velikoj-gorici-zaposleno-12-osoba-dvije-s-invaliditetom\/","title":{"rendered":"Sve\u010dano otvoren \u017dabac u Velikoj Gorici: Zaposleno 12 osoba, dvije s invaliditetom"},"content":{"rendered":"<p><span style=\"font-size: 20px\">Sve\u010dano je otvorena \u017dabac Food Outlet trgovina u <a href=\"https:\/\/gorica.info\/en\/povoljna-kupnja-otvorena-zabac-trgovina-u-velikoj-gorici\/\">Velikoj Gorici<\/a> na <strong>Trgu Grada Vukovara 8. <\/strong><\/span><\/p>\n<p><span style=\"font-size: 20px\">Po prvi puta \u017dabac izlazi izvan granica Zagreba te je otvorio svoj prvi du\u0107an na <strong>695 kvadrata prodajnog prostora<\/strong> u Velikoj Gorici, u kojem \u0107e ukupno biti <strong>12 zaposlenih<\/strong>. Me\u0111u njima su i dvije osobe s invaliditetom, Alen i Martin, koji su zaposleni preko Centra za inkluzivne radne aktivnosti CIRA.<\/span><\/p>\n<p><img fetchpriority=\"high\" decoding=\"async\" class=\"alignnone wp-image-101908 size-full\" src=\"https:\/\/gorica.info\/wp-content\/uploads\/2026\/02\/zabac-otvorenje-vg.jpg\" alt=\"\" width=\"1200\" height=\"800\" srcset=\"https:\/\/gorica.info\/wp-content\/uploads\/2026\/02\/zabac-otvorenje-vg.jpg 1200w, https:\/\/gorica.info\/wp-content\/uploads\/2026\/02\/zabac-otvorenje-vg-300x200.jpg 300w, https:\/\/gorica.info\/wp-content\/uploads\/2026\/02\/zabac-otvorenje-vg-1024x683.jpg 1024w, https:\/\/gorica.info\/wp-content\/uploads\/2026\/02\/zabac-otvorenje-vg-768x512.jpg 768w, https:\/\/gorica.info\/wp-content\/uploads\/2026\/02\/zabac-otvorenje-vg-18x12.jpg 18w, https:\/\/gorica.info\/wp-content\/uploads\/2026\/02\/zabac-otvorenje-vg-750x500.jpg 750w, https:\/\/gorica.info\/wp-content\/uploads\/2026\/02\/zabac-otvorenje-vg-1140x760.jpg 1140w\" sizes=\"(max-width: 1200px) 100vw, 1200px\" \/><img decoding=\"async\" class=\"alignnone wp-image-101903 size-full\" src=\"https:\/\/gorica.info\/wp-content\/uploads\/2026\/02\/zabac-otvorenje-2.jpg\" alt=\"\" width=\"1500\" height=\"1125\" srcset=\"https:\/\/gorica.info\/wp-content\/uploads\/2026\/02\/zabac-otvorenje-2.jpg 1500w, https:\/\/gorica.info\/wp-content\/uploads\/2026\/02\/zabac-otvorenje-2-300x225.jpg 300w, https:\/\/gorica.info\/wp-content\/uploads\/2026\/02\/zabac-otvorenje-2-1024x768.jpg 1024w, https:\/\/gorica.info\/wp-content\/uploads\/2026\/02\/zabac-otvorenje-2-768x576.jpg 768w, https:\/\/gorica.info\/wp-content\/uploads\/2026\/02\/zabac-otvorenje-2-16x12.jpg 16w, https:\/\/gorica.info\/wp-content\/uploads\/2026\/02\/zabac-otvorenje-2-750x563.jpg 750w, https:\/\/gorica.info\/wp-content\/uploads\/2026\/02\/zabac-otvorenje-2-1140x855.jpg 1140w\" sizes=\"(max-width: 1500px) 100vw, 1500px\" \/><\/p>\n<p><span style=\"font-size: 20px\">\u017dabac ve\u0107 punih sedam godina zapo\u0161ljava osobe s invaliditetom.\u00a0<\/span><\/p>\n<p><img decoding=\"async\" class=\"alignnone wp-image-101904 size-full\" src=\"https:\/\/gorica.info\/wp-content\/uploads\/2026\/02\/zabac-otvorenje-3.jpg\" alt=\"\" width=\"1500\" height=\"1125\" srcset=\"https:\/\/gorica.info\/wp-content\/uploads\/2026\/02\/zabac-otvorenje-3.jpg 1500w, https:\/\/gorica.info\/wp-content\/uploads\/2026\/02\/zabac-otvorenje-3-300x225.jpg 300w, https:\/\/gorica.info\/wp-content\/uploads\/2026\/02\/zabac-otvorenje-3-1024x768.jpg 1024w, https:\/\/gorica.info\/wp-content\/uploads\/2026\/02\/zabac-otvorenje-3-768x576.jpg 768w, https:\/\/gorica.info\/wp-content\/uploads\/2026\/02\/zabac-otvorenje-3-16x12.jpg 16w, https:\/\/gorica.info\/wp-content\/uploads\/2026\/02\/zabac-otvorenje-3-750x563.jpg 750w, https:\/\/gorica.info\/wp-content\/uploads\/2026\/02\/zabac-otvorenje-3-1140x855.jpg 1140w\" sizes=\"(max-width: 1500px) 100vw, 1500px\" \/><\/p>\n<p><span style=\"font-size: 20px\"><strong>Domagoj Ile\u010di\u0107,<\/strong> pro\u010delnik za gospodarski razvoj, poljoprivredu i fondove EU, sve\u010dano je otvorio devetu po redu trgovinu u Velikoj Gorici.<\/span><\/p>\n<p><span style=\"font-size: 20px\">&#8211; Kupovinom i otkupom vi\u0161ak o\u0161te\u0107enih proizvoda koji bi ina\u010de zavr\u0161ili kao otpad, jedni smo od vode\u0107ih primjera o\u010duvanja okoli\u0161a i smanjenju otpada. Na\u0161i proizvodi jednake su kvalitete samo uz najpovoljnije cijene zbog na\u0161eg koncepta &#8211; izjavio je <strong>Mario \u017damboki,<\/strong> koji zajedno sa suprugom Majom osmislio koncept povoljnije kupnje.\u00a0<\/span><\/p>\n<div class=\"jeg_video_container jeg_video_content\"><iframe title=\"Otvoren \u017dabac Food Outlet u Velikoj Gorici\" width=\"422\" height=\"750\" src=\"https:\/\/www.youtube.com\/embed\/D8uB6kWkle8?feature=oembed&#038;enablejsapi=1&#038;origin=https:\/\/gorica.info\" frameborder=\"0\" allow=\"accelerometer; autoplay; clipboard-write; encrypted-media; gyroscope; picture-in-picture; web-share\" referrerpolicy=\"strict-origin-when-cross-origin\" allowfullscreen><\/iframe><\/div>\n<p><span style=\"font-size: 20px\">Ovo je deveta trgovina, a nadamo se da \u0107e se povodom 10. ro\u0111endana u ovoj godini otvoriti jo\u0161 jedna, re\u010deno je na otvorenju.<\/span><\/p>\n<p><span style=\"font-size: 20px\">\u017dabac slavi 10. godina od otvaranja prvog nacionalnog koncepta koji prodaje \u0161tok proizvode (vi\u0161ak razli\u010dite robe prehrambenih proizvoda proizvo\u0111a\u010da visoke kvalitete sa skladi\u0161ta), lom proizvode (one proizvode koji su o\u0161te\u0107eni u proizvodnji ili im je o\u0161te\u0107ena ambala\u017ea), rok proizvode (proizvode kojima uskoro isti\u010de rok trajanja).<\/span><\/p>\n<p><img loading=\"lazy\" decoding=\"async\" class=\"alignnone wp-image-101907 size-full\" src=\"https:\/\/gorica.info\/wp-content\/uploads\/2026\/02\/zabac-otvorenje-6.jpg\" alt=\"\" width=\"1500\" height=\"1125\" srcset=\"https:\/\/gorica.info\/wp-content\/uploads\/2026\/02\/zabac-otvorenje-6.jpg 1500w, https:\/\/gorica.info\/wp-content\/uploads\/2026\/02\/zabac-otvorenje-6-300x225.jpg 300w, https:\/\/gorica.info\/wp-content\/uploads\/2026\/02\/zabac-otvorenje-6-1024x768.jpg 1024w, https:\/\/gorica.info\/wp-content\/uploads\/2026\/02\/zabac-otvorenje-6-768x576.jpg 768w, https:\/\/gorica.info\/wp-content\/uploads\/2026\/02\/zabac-otvorenje-6-16x12.jpg 16w, https:\/\/gorica.info\/wp-content\/uploads\/2026\/02\/zabac-otvorenje-6-750x563.jpg 750w, https:\/\/gorica.info\/wp-content\/uploads\/2026\/02\/zabac-otvorenje-6-1140x855.jpg 1140w\" sizes=\"(max-width: 1500px) 100vw, 1500px\" \/><img loading=\"lazy\" decoding=\"async\" class=\"alignnone wp-image-101902 size-full\" src=\"https:\/\/gorica.info\/wp-content\/uploads\/2026\/02\/zabac-otvorenje-1.jpg\" alt=\"\" width=\"1200\" height=\"800\" srcset=\"https:\/\/gorica.info\/wp-content\/uploads\/2026\/02\/zabac-otvorenje-1.jpg 1200w, https:\/\/gorica.info\/wp-content\/uploads\/2026\/02\/zabac-otvorenje-1-300x200.jpg 300w, https:\/\/gorica.info\/wp-content\/uploads\/2026\/02\/zabac-otvorenje-1-1024x683.jpg 1024w, https:\/\/gorica.info\/wp-content\/uploads\/2026\/02\/zabac-otvorenje-1-768x512.jpg 768w, https:\/\/gorica.info\/wp-content\/uploads\/2026\/02\/zabac-otvorenje-1-18x12.jpg 18w, https:\/\/gorica.info\/wp-content\/uploads\/2026\/02\/zabac-otvorenje-1-750x500.jpg 750w, https:\/\/gorica.info\/wp-content\/uploads\/2026\/02\/zabac-otvorenje-1-1140x760.jpg 1140w\" sizes=\"(max-width: 1200px) 100vw, 1200px\" \/>\u00a0<img loading=\"lazy\" decoding=\"async\" class=\"alignnone wp-image-101905 size-full\" src=\"https:\/\/gorica.info\/wp-content\/uploads\/2026\/02\/zabac-otvorenje-4.jpg\" alt=\"\" width=\"1500\" height=\"1125\" srcset=\"https:\/\/gorica.info\/wp-content\/uploads\/2026\/02\/zabac-otvorenje-4.jpg 1500w, https:\/\/gorica.info\/wp-content\/uploads\/2026\/02\/zabac-otvorenje-4-300x225.jpg 300w, https:\/\/gorica.info\/wp-content\/uploads\/2026\/02\/zabac-otvorenje-4-1024x768.jpg 1024w, https:\/\/gorica.info\/wp-content\/uploads\/2026\/02\/zabac-otvorenje-4-768x576.jpg 768w, https:\/\/gorica.info\/wp-content\/uploads\/2026\/02\/zabac-otvorenje-4-16x12.jpg 16w, https:\/\/gorica.info\/wp-content\/uploads\/2026\/02\/zabac-otvorenje-4-750x563.jpg 750w, https:\/\/gorica.info\/wp-content\/uploads\/2026\/02\/zabac-otvorenje-4-1140x855.jpg 1140w\" sizes=\"(max-width: 1500px) 100vw, 1500px\" \/> <img loading=\"lazy\" decoding=\"async\" class=\"alignnone wp-image-101906 size-full\" src=\"https:\/\/gorica.info\/wp-content\/uploads\/2026\/02\/zabac-otvorenje-5.jpg\" alt=\"\" width=\"1500\" height=\"1125\" srcset=\"https:\/\/gorica.info\/wp-content\/uploads\/2026\/02\/zabac-otvorenje-5.jpg 1500w, https:\/\/gorica.info\/wp-content\/uploads\/2026\/02\/zabac-otvorenje-5-300x225.jpg 300w, https:\/\/gorica.info\/wp-content\/uploads\/2026\/02\/zabac-otvorenje-5-1024x768.jpg 1024w, https:\/\/gorica.info\/wp-content\/uploads\/2026\/02\/zabac-otvorenje-5-768x576.jpg 768w, https:\/\/gorica.info\/wp-content\/uploads\/2026\/02\/zabac-otvorenje-5-16x12.jpg 16w, https:\/\/gorica.info\/wp-content\/uploads\/2026\/02\/zabac-otvorenje-5-750x563.jpg 750w, https:\/\/gorica.info\/wp-content\/uploads\/2026\/02\/zabac-otvorenje-5-1140x855.jpg 1140w\" sizes=\"(max-width: 1500px) 100vw, 1500px\" \/><\/p>","protected":false},"excerpt":{"rendered":"<p>Sve\u010dano je otvorena \u017dabac Food Outlet trgovina u Velikoj Gorici na Trgu Grada Vukovara 8. Po prvi puta \u017dabac izlazi izvan granica Zagreba te je otvorio svoj prvi du\u0107an na 695 kvadrata prodajnog prostora u Velikoj Gorici, u kojem \u0107e ukupno biti 12 zaposlenih. Me\u0111u njima su i dvije osobe s invaliditetom, Alen i Martin, [&hellip;]<\/p>\n","protected":false},"author":32,"featured_media":101909,"comment_status":"closed","ping_status":"closed","sticky":false,"template":"","format":"standard","meta":{"limit_modified_date":"1","last_modified_date":"","jnews-multi-image_gallery":[],"jnews_single_post":{"format":"standard","override":[{"template":"3","parallax":"1","fullscreen":"1","layout":"right-sidebar","sidebar":"default-sidebar","second_sidebar":"default-sidebar","sticky_sidebar":"1","share_position":"top","share_float_style":"share-monocrhome","show_featured":"1","show_post_meta":"1","show_post_author":"1","show_post_author_image":"1","show_post_date":"1","post_date_format":"default","post_date_format_custom":"Y\/m\/d","show_post_category":"1","show_post_reading_time":"1","post_reading_time_wpm":"300","post_calculate_word_method":"str_word_count","zoom_button_out_step":"2","zoom_button_in_step":"3","show_post_tag":"1","show_popup_post":"1","show_comment_section":"1","number_popup_post":"1","show_post_related":"1"}],"image_override":[{"single_post_thumbnail_size":"crop-500","single_post_gallery_size":"crop-500"}],"trending_post_position":"meta","trending_post_label":"Trending","sponsored_post_label":"Sponsored by","disable_ad":"0","subtitle":"Na\u0161i proizvodi jednake su kvalitete samo uz najpovoljnije cijene zbog na\u0161eg koncepta - izjavio je Mario \u017damboki, koji je zajedno sa suprugom Majom osmislio koncept povoljnije kupnje\u00a0"},"jnews_primary_category":[],"jnews_override_counter":{"view_counter_number":"0","share_counter_number":"0","like_counter_number":"0","dislike_counter_number":"0"},"footnotes":""},"categories":[87],"tags":[2384,3106,23300,1241,1565,5859,22686,15554,20224],"class_list":["post-101901","post","type-post","status-publish","format-standard","has-post-thumbnail","hentry","category-gorica","tag-domagoj-ilecic","tag-kupci","tag-mario-zamboki","tag-povoljne-cijene","tag-trgovina","tag-velika-groica","tag-vg-info","tag-vg-vijesti","tag-zabac"],"yoast_head":"<!-- This site is optimized with the Yoast SEO Premium plugin v27.4 (Yoast SEO v27.4) - https:\/\/yoast.com\/product\/yoast-seo-premium-wordpress\/ -->\n<title>Sve\u010dano otvoren \u017dabac u Velikoj Gorici: Zaposleno 12 osoba, dvije s invaliditetom - Gorica Info<\/title>\n<meta name=\"description\" content=\"U Velikoj Gorici u srijedu je sve\u010dano otvorena deveta trgovina \u017dabac Food Outlet koja nudi proizvode po povoljnim cijenama.\" \/>\n<meta name=\"robots\" content=\"index, follow, max-snippet:-1, max-image-preview:large, max-video-preview:-1\" \/>\n<link rel=\"canonical\" href=\"https:\/\/gorica.info\/en\/svecano-otvoren-zabac-u-velikoj-gorici-zaposleno-12-osoba-dvije-s-invaliditetom\/\" \/>\n<meta property=\"og:locale\" content=\"en_US\" \/>\n<meta property=\"og:type\" content=\"article\" \/>\n<meta property=\"og:title\" content=\"Sve\u010dano otvoren \u017dabac u Velikoj Gorici: Zaposleno 12 osoba, dvije s invaliditetom\" \/>\n<meta property=\"og:description\" content=\"U Velikoj Gorici u srijedu je sve\u010dano otvorena deveta trgovina \u017dabac Food Outlet koja nudi proizvode po povoljnim cijenama.\" \/>\n<meta property=\"og:url\" content=\"https:\/\/gorica.info\/en\/svecano-otvoren-zabac-u-velikoj-gorici-zaposleno-12-osoba-dvije-s-invaliditetom\/\" \/>\n<meta property=\"og:site_name\" content=\"Gorica Info\" \/>\n<meta property=\"article:publisher\" content=\"https:\/\/www.facebook.com\/Goricainfo-106005144489262\" \/>\n<meta property=\"article:published_time\" content=\"2026-02-18T10:26:45+00:00\" \/>\n<meta property=\"article:modified_time\" content=\"2026-02-18T10:49:20+00:00\" \/>\n<meta property=\"og:image\" content=\"https:\/\/gorica.info\/wp-content\/uploads\/2026\/02\/zabac-otvorenje-velika-gorica.jpg\" \/>\n\t<meta property=\"og:image:width\" content=\"1200\" \/>\n\t<meta property=\"og:image:height\" content=\"634\" \/>\n\t<meta property=\"og:image:type\" content=\"image\/jpeg\" \/>\n<meta name=\"author\" content=\"Marta Ivanu\u0161\" \/>\n<meta name=\"twitter:card\" content=\"summary_large_image\" \/>\n<meta name=\"twitter:creator\" content=\"@GoricaInfo\" \/>\n<meta name=\"twitter:site\" content=\"@GoricaInfo\" \/>\n<meta name=\"twitter:label1\" content=\"Written by\" \/>\n\t<meta name=\"twitter:data1\" content=\"Marta Ivanu\u0161\" \/>\n\t<meta name=\"twitter:label2\" content=\"Est. reading time\" \/>\n\t<meta name=\"twitter:data2\" content=\"3 minutes\" \/>\n<meta name=\"geo.placename\" content=\"Velika Gorica\" \/>\n<meta name=\"geo.region\" content=\"Croatia\" \/>\n<!-- \/ Yoast SEO Premium plugin. -->","yoast_head_json":{"title":"Sve\u010dano otvoren \u017dabac u Velikoj Gorici: Zaposleno 12 osoba, dvije s invaliditetom - Gorica Info","description":"U Velikoj Gorici u srijedu je sve\u010dano otvorena deveta trgovina \u017dabac Food Outlet koja nudi proizvode po povoljnim cijenama.","robots":{"index":"index","follow":"follow","max-snippet":"max-snippet:-1","max-image-preview":"max-image-preview:large","max-video-preview":"max-video-preview:-1"},"canonical":"https:\/\/gorica.info\/en\/svecano-otvoren-zabac-u-velikoj-gorici-zaposleno-12-osoba-dvije-s-invaliditetom\/","og_locale":"en_US","og_type":"article","og_title":"Sve\u010dano otvoren \u017dabac u Velikoj Gorici: Zaposleno 12 osoba, dvije s invaliditetom","og_description":"U Velikoj Gorici u srijedu je sve\u010dano otvorena deveta trgovina \u017dabac Food Outlet koja nudi proizvode po povoljnim cijenama.","og_url":"https:\/\/gorica.info\/en\/svecano-otvoren-zabac-u-velikoj-gorici-zaposleno-12-osoba-dvije-s-invaliditetom\/","og_site_name":"Gorica Info","article_publisher":"https:\/\/www.facebook.com\/Goricainfo-106005144489262","article_published_time":"2026-02-18T10:26:45+00:00","article_modified_time":"2026-02-18T10:49:20+00:00","og_image":[{"width":1200,"height":634,"url":"https:\/\/gorica.info\/wp-content\/uploads\/2026\/02\/zabac-otvorenje-velika-gorica.jpg","type":"image\/jpeg"}],"author":"Marta Ivanu\u0161","twitter_card":"summary_large_image","twitter_creator":"@GoricaInfo","twitter_site":"@GoricaInfo","twitter_misc":{"Written by":"Marta Ivanu\u0161","Est. reading time":"3 minutes"},"schema":{"@context":"https:\/\/schema.org","@graph":[{"@type":"NewsArticle","@id":"https:\/\/gorica.info\/svecano-otvoren-zabac-u-velikoj-gorici-zaposleno-12-osoba-dvije-s-invaliditetom\/#article","isPartOf":{"@id":"https:\/\/gorica.info\/svecano-otvoren-zabac-u-velikoj-gorici-zaposleno-12-osoba-dvije-s-invaliditetom\/"},"author":{"name":"Marta Ivanu\u0161","@id":"https:\/\/gorica.info\/#\/schema\/person\/e2053d495fcf159805e1a9aa5692ef15"},"headline":"Sve\u010dano otvoren \u017dabac u Velikoj Gorici: Zaposleno 12 osoba, dvije s invaliditetom","datePublished":"2026-02-18T10:26:45+00:00","dateModified":"2026-02-18T10:49:20+00:00","mainEntityOfPage":{"@id":"https:\/\/gorica.info\/svecano-otvoren-zabac-u-velikoj-gorici-zaposleno-12-osoba-dvije-s-invaliditetom\/"},"wordCount":256,"publisher":{"@id":"https:\/\/gorica.info\/#organization"},"image":{"@id":"https:\/\/gorica.info\/svecano-otvoren-zabac-u-velikoj-gorici-zaposleno-12-osoba-dvije-s-invaliditetom\/#primaryimage"},"thumbnailUrl":"https:\/\/gorica.info\/wp-content\/uploads\/2026\/02\/zabac-otvorenje-velika-gorica.jpg","keywords":["domagoj ile\u010di\u0107","kupci","mario \u017eamboki","povoljne cijene","trgovina","velika groica","vg info","vg vijesti","\u017eabac"],"articleSection":["GORICA"],"inLanguage":"en-US","copyrightYear":"2026","copyrightHolder":{"@id":"https:\/\/gorica.info\/en\/#organization"}},{"@type":"WebPage","@id":"https:\/\/gorica.info\/svecano-otvoren-zabac-u-velikoj-gorici-zaposleno-12-osoba-dvije-s-invaliditetom\/","url":"https:\/\/gorica.info\/svecano-otvoren-zabac-u-velikoj-gorici-zaposleno-12-osoba-dvije-s-invaliditetom\/","name":"Sve\u010dano otvoren \u017dabac u Velikoj Gorici: Zaposleno 12 osoba, dvije s invaliditetom - Gorica Info","isPartOf":{"@id":"https:\/\/gorica.info\/#website"},"primaryImageOfPage":{"@id":"https:\/\/gorica.info\/svecano-otvoren-zabac-u-velikoj-gorici-zaposleno-12-osoba-dvije-s-invaliditetom\/#primaryimage"},"image":{"@id":"https:\/\/gorica.info\/svecano-otvoren-zabac-u-velikoj-gorici-zaposleno-12-osoba-dvije-s-invaliditetom\/#primaryimage"},"thumbnailUrl":"https:\/\/gorica.info\/wp-content\/uploads\/2026\/02\/zabac-otvorenje-velika-gorica.jpg","datePublished":"2026-02-18T10:26:45+00:00","dateModified":"2026-02-18T10:49:20+00:00","description":"U Velikoj Gorici u srijedu je sve\u010dano otvorena deveta trgovina \u017dabac Food Outlet koja nudi proizvode po povoljnim cijenama.","breadcrumb":{"@id":"https:\/\/gorica.info\/svecano-otvoren-zabac-u-velikoj-gorici-zaposleno-12-osoba-dvije-s-invaliditetom\/#breadcrumb"},"inLanguage":"en-US","potentialAction":[{"@type":"ReadAction","target":["https:\/\/gorica.info\/svecano-otvoren-zabac-u-velikoj-gorici-zaposleno-12-osoba-dvije-s-invaliditetom\/"]}]},{"@type":"ImageObject","inLanguage":"en-US","@id":"https:\/\/gorica.info\/svecano-otvoren-zabac-u-velikoj-gorici-zaposleno-12-osoba-dvije-s-invaliditetom\/#primaryimage","url":"https:\/\/gorica.info\/wp-content\/uploads\/2026\/02\/zabac-otvorenje-velika-gorica.jpg","contentUrl":"https:\/\/gorica.info\/wp-content\/uploads\/2026\/02\/zabac-otvorenje-velika-gorica.jpg","width":1200,"height":634},{"@type":"BreadcrumbList","@id":"https:\/\/gorica.info\/svecano-otvoren-zabac-u-velikoj-gorici-zaposleno-12-osoba-dvije-s-invaliditetom\/#breadcrumb","itemListElement":[{"@type":"ListItem","position":1,"name":"Po\u010detna stranica","item":"https:\/\/gorica.info\/"},{"@type":"ListItem","position":2,"name":"Sve\u010dano otvoren \u017dabac u Velikoj Gorici: Zaposleno 12 osoba, dvije s invaliditetom"}]},{"@type":"WebSite","@id":"https:\/\/gorica.info\/#website","url":"https:\/\/gorica.info\/","name":"Gorica Info","description":"Vijesti iz Velike Gorice i okolice.","publisher":{"@id":"https:\/\/gorica.info\/#organization"},"potentialAction":[{"@type":"SearchAction","target":{"@type":"EntryPoint","urlTemplate":"https:\/\/gorica.info\/?s={search_term_string}"},"query-input":{"@type":"PropertyValueSpecification","valueRequired":true,"valueName":"search_term_string"}}],"inLanguage":"en-US"},{"@type":["Organization","Place","NewsMediaOrganization"],"@id":"https:\/\/gorica.info\/#organization","name":"Gorica Info","url":"https:\/\/gorica.info\/","logo":{"@id":"https:\/\/gorica.info\/svecano-otvoren-zabac-u-velikoj-gorici-zaposleno-12-osoba-dvije-s-invaliditetom\/#local-main-organization-logo"},"image":{"@id":"https:\/\/gorica.info\/svecano-otvoren-zabac-u-velikoj-gorici-zaposleno-12-osoba-dvije-s-invaliditetom\/#local-main-organization-logo"},"sameAs":["https:\/\/www.facebook.com\/Goricainfo-106005144489262","https:\/\/x.com\/GoricaInfo","https:\/\/www.instagram.com\/gorica.info\/"],"address":{"@id":"https:\/\/gorica.info\/svecano-otvoren-zabac-u-velikoj-gorici-zaposleno-12-osoba-dvije-s-invaliditetom\/#local-main-place-address"},"telephone":[],"openingHoursSpecification":[{"@type":"OpeningHoursSpecification","dayOfWeek":["Monday","Tuesday","Wednesday","Thursday","Friday","Saturday","Sunday"],"opens":"09:00","closes":"17:00"}],"email":"redakcija@gorica.info"},{"@type":"Person","@id":"https:\/\/gorica.info\/#\/schema\/person\/e2053d495fcf159805e1a9aa5692ef15","name":"Marta Ivanu\u0161","description":"Marta Ivanu\u0161 je studentica novinarstva, voli dru\u0161tvene mre\u017ee i digitalni marketing. Osim pisanja tekstova, zadu\u017eena je i za objave na dru\u0161tvenim mre\u017eama Gorice.info.","url":"https:\/\/gorica.info\/en\/author\/marta-ivanus\/"},{"@type":"PostalAddress","@id":"https:\/\/gorica.info\/svecano-otvoren-zabac-u-velikoj-gorici-zaposleno-12-osoba-dvije-s-invaliditetom\/#local-main-place-address","streetAddress":"Horvatova 97","addressLocality":"Velika Gorica","postalCode":"10410","addressRegion":"Croatia","addressCountry":"HR"},{"@type":"ImageObject","inLanguage":"en-US","@id":"https:\/\/gorica.info\/svecano-otvoren-zabac-u-velikoj-gorici-zaposleno-12-osoba-dvije-s-invaliditetom\/#local-main-organization-logo","url":"https:\/\/gorica.info\/wp-content\/uploads\/2024\/07\/Gorica-Info-Logo-mali.png","contentUrl":"https:\/\/gorica.info\/wp-content\/uploads\/2024\/07\/Gorica-Info-Logo-mali.png","width":450,"height":85,"caption":"Gorica Info"}]},"geo.placename":"Velika Gorica","geo.region":"Croatia"},"_links":{"self":[{"href":"https:\/\/gorica.info\/en\/wp-json\/wp\/v2\/posts\/101901","targetHints":{"allow":["GET"]}}],"collection":[{"href":"https:\/\/gorica.info\/en\/wp-json\/wp\/v2\/posts"}],"about":[{"href":"https:\/\/gorica.info\/en\/wp-json\/wp\/v2\/types\/post"}],"author":[{"embeddable":true,"href":"https:\/\/gorica.info\/en\/wp-json\/wp\/v2\/users\/32"}],"replies":[{"embeddable":true,"href":"https:\/\/gorica.info\/en\/wp-json\/wp\/v2\/comments?post=101901"}],"version-history":[{"count":2,"href":"https:\/\/gorica.info\/en\/wp-json\/wp\/v2\/posts\/101901\/revisions"}],"predecessor-version":[{"id":101911,"href":"https:\/\/gorica.info\/en\/wp-json\/wp\/v2\/posts\/101901\/revisions\/101911"}],"wp:featuredmedia":[{"embeddable":true,"href":"https:\/\/gorica.info\/en\/wp-json\/wp\/v2\/media\/101909"}],"wp:attachment":[{"href":"https:\/\/gorica.info\/en\/wp-json\/wp\/v2\/media?parent=101901"}],"wp:term":[{"taxonomy":"category","embeddable":true,"href":"https:\/\/gorica.info\/en\/wp-json\/wp\/v2\/categories?post=101901"},{"taxonomy":"post_tag","embeddable":true,"href":"https:\/\/gorica.info\/en\/wp-json\/wp\/v2\/tags?post=101901"}],"curies":[{"name":"wp","href":"https:\/\/api.w.org\/{rel}","templated":true}]}}