{"id":101955,"date":"2026-02-21T10:43:07","date_gmt":"2026-02-21T09:43:07","guid":{"rendered":"https:\/\/gorica.info\/?p=101955"},"modified":"2026-02-22T14:56:37","modified_gmt":"2026-02-22T13:56:37","slug":"drugu-godinu-zaredom-survivor-ce-voditi-vlado-boban","status":"publish","type":"post","link":"https:\/\/gorica.info\/en\/drugu-godinu-zaredom-survivor-ce-voditi-vlado-boban\/","title":{"rendered":"Drugu godinu zaredom \u201eSurvivor\u201c \u0107e voditi Vlado Boban"},"content":{"rendered":"<p><span style=\"font-size: 20px\"><strong>Nakon \u010detiri uspje\u0161ne sezone<\/strong> koje su obilje\u017eili napeti izazovi, sna\u017ene emocije i neo\u010dekivani raspleti, zabavno-natjecateljski show <strong>&#8220;Survivor&#8221;<\/strong> na Novu TV uskoro dolazi s petom sezonom.<\/span><\/p>\n<p><span style=\"font-size: 20px\">Nova skupina odva\u017enih natjecatelja suo\u010dit \u0107e se sa zahtjevnim preprekama u <strong>Dominikanskoj Republici<\/strong>, a upravo \u0107e taktika, snala\u017eljivost i mentalna snaga igrati klju\u010dnu ulogu u napetoj pustolovini i borbi za opstanak.<\/span><\/p>\n<p><span style=\"font-size: 20px\">Kandidate nove sezone do\u010dekat \u0107e niz novih izazova, osmi\u0161ljenih kako bi pomaknuli njihove granice i stavili na ku\u0161nju timski duh, ali i individualnu snagu. Podijeljeni u dva suparni\u010dka tima, natjecatelji \u0107e morati prona\u0107i ravnote\u017eu izme\u0111u suradnje i strategije, a svaka \u0107e odluka imati posljedice na tijek igre.<\/span><\/p>\n<figure id=\"attachment_101960\" aria-describedby=\"caption-attachment-101960\" style=\"width: 950px\" class=\"wp-caption alignnone\"><img fetchpriority=\"high\" decoding=\"async\" class=\"wp-image-101960 size-full\" src=\"https:\/\/gorica.info\/wp-content\/uploads\/2026\/02\/vlado-boban-nova-tv.jpg\" alt=\"survivor\" width=\"950\" height=\"712\" srcset=\"https:\/\/gorica.info\/wp-content\/uploads\/2026\/02\/vlado-boban-nova-tv.jpg 950w, https:\/\/gorica.info\/wp-content\/uploads\/2026\/02\/vlado-boban-nova-tv-300x225.jpg 300w, https:\/\/gorica.info\/wp-content\/uploads\/2026\/02\/vlado-boban-nova-tv-768x576.jpg 768w, https:\/\/gorica.info\/wp-content\/uploads\/2026\/02\/vlado-boban-nova-tv-16x12.jpg 16w, https:\/\/gorica.info\/wp-content\/uploads\/2026\/02\/vlado-boban-nova-tv-750x562.jpg 750w\" sizes=\"(max-width: 950px) 100vw, 950px\" \/><figcaption id=\"caption-attachment-101960\" class=\"wp-caption-text\">Vlado Boban \/ Foto: Promo \/ Nova TV<\/figcaption><\/figure>\n<p><span style=\"font-size: 20px\">Kroz intenzivne dvoboje, takti\u010dke poteze i dramati\u010dne trenutke gledatelje \u0107e drugu godinu zaredom voditi <strong>Vlado Boban. <\/strong><\/span><\/p>\n<p><span style=\"font-size: 20px\">&#8211; Uskoro nam kre\u0107e<a href=\"https:\/\/gorica.info\/en\/otkrijte-tko-su-kandidati-nove-sezone-survivora-koji-uskoro-pocinje\/\"> sezona<\/a> u kojoj \u0107emo gledati najbolje poligone do sada! Osim toga, imamo potpuno razli\u010dit karakterni dijapazon likova, od nekih koji su stajlinzima \u201edojahali\u201c iz srednjeg vijeka do nekih showmana kakvi se do sada u showu nisu pojavili. Postoji nekoliko noviteta u odnosu <a href=\"https:\/\/gorica.info\/en\/goricki-sportski-novinar-vlado-boban-novi-je-voditelj-survivora\/\">pro\u0161lu sezonu<\/a> koji \u0107e donijeti ozbiljne obrate. Pratite, gledamo se &#8211; poru\u010duje Vlado kojemu \u0107e se kao voditeljski kolega u novoj sezoni na setu pridru\u017eiti glumac <strong>Ammar Me\u0161i\u0107<\/strong>, doma\u0107oj publici poznat po ulozi Ka\u0161mira Mira Sri\u0107e u popularnoj seriji &#8220;U dobru i zlu&#8221;.<\/span><\/p>\n<p><span style=\"font-size: 20px\">Sve je spremno za po\u010detak nove Survivor avanture, a tko \u0107e se u petoj sezoni istaknuti u napetim natjecanjima i pridru\u017eiti se dosada\u0161njim pobjednicima \u2013 <strong>Neveni Blanu\u0161i, Antoniji Ivi\u0107, Luki Rimcu <\/strong>i<strong> Lucianu Plazibatu<\/strong> \u2013 doznat \u0107emo uskoro na <a href=\"https:\/\/novatv.dnevnik.hr\/zabavni\/survivor\/clanak\/zanimljivosti\/survivor-peta-sezona-survivora-stize-na-novu-tv---963487.html\">Novoj TV<\/a>!<\/span><\/p>","protected":false},"excerpt":{"rendered":"<p>Nakon \u010detiri uspje\u0161ne sezone koje su obilje\u017eili napeti izazovi, sna\u017ene emocije i neo\u010dekivani raspleti, zabavno-natjecateljski show &#8220;Survivor&#8221; na Novu TV uskoro dolazi s petom sezonom. Nova skupina odva\u017enih natjecatelja suo\u010dit \u0107e se sa zahtjevnim preprekama u Dominikanskoj Republici, a upravo \u0107e taktika, snala\u017eljivost i mentalna snaga igrati klju\u010dnu ulogu u napetoj pustolovini i borbi za [&hellip;]<\/p>\n","protected":false},"author":25,"featured_media":101956,"comment_status":"closed","ping_status":"closed","sticky":false,"template":"","format":"standard","meta":{"limit_modified_date":"1","last_modified_date":"","jnews-multi-image_gallery":[],"jnews_single_post":{"format":"standard","override":[{"template":"3","parallax":"1","fullscreen":"1","layout":"right-sidebar","sidebar":"default-sidebar","second_sidebar":"default-sidebar","sticky_sidebar":"1","share_position":"top","share_float_style":"share-monocrhome","show_featured":"1","show_post_meta":"1","show_post_author":"1","show_post_author_image":"1","show_post_date":"1","post_date_format":"default","post_date_format_custom":"Y\/m\/d","show_post_category":"1","show_post_reading_time":"1","post_reading_time_wpm":"300","post_calculate_word_method":"str_word_count","zoom_button_out_step":"2","zoom_button_in_step":"3","show_post_tag":"1","show_popup_post":"1","show_comment_section":"1","number_popup_post":"1","show_post_related":"1"}],"image_override":[{"single_post_thumbnail_size":"crop-500","single_post_gallery_size":"crop-500"}],"trending_post_position":"meta","trending_post_label":"Trending","sponsored_post_label":"Sponsored by","disable_ad":"0","subtitle":"Kandidate nove sezone do\u010dekat \u0107e niz novih izazova, osmi\u0161ljenih kako bi pomaknuli njihove granice i stavili na ku\u0161nju timski duh, ali i individualnu snagu."},"jnews_primary_category":[],"jnews_override_counter":{"view_counter_number":"0","share_counter_number":"0","like_counter_number":"0","dislike_counter_number":"0"},"footnotes":""},"categories":[115],"tags":[130,2207,3029,4154,3044,23345,22686,15554,23344],"class_list":["post-101955","post","type-post","status-publish","format-standard","has-post-thumbnail","hentry","category-scena","tag-gledatelji","tag-natjecanje","tag-nova-tv","tag-show","tag-survivor","tag-televizijski-program","tag-vg-info","tag-vg-vijesti","tag-vlado-boban-voditelj"],"yoast_head":"<!-- This site is optimized with the Yoast SEO Premium plugin v27.4 (Yoast SEO v27.4) - https:\/\/yoast.com\/product\/yoast-seo-premium-wordpress\/ -->\n<title>Drugu godinu zaredom \u201eSurvivor\u201c \u0107e voditi Vlado Boban - Gorica Info<\/title>\n<meta name=\"description\" content=\"Nakon \u010detiri uspje\u0161ne sezone koje su obilje\u017eili napeti izazovi i neo\u010dekivani raspleti, show &quot;Survivor&quot; uskoro dolazi s petom sezonom.\" \/>\n<meta name=\"robots\" content=\"index, follow, max-snippet:-1, max-image-preview:large, max-video-preview:-1\" \/>\n<link rel=\"canonical\" href=\"https:\/\/gorica.info\/en\/drugu-godinu-zaredom-survivor-ce-voditi-vlado-boban\/\" \/>\n<meta property=\"og:locale\" content=\"en_US\" \/>\n<meta property=\"og:type\" content=\"article\" \/>\n<meta property=\"og:title\" content=\"Drugu godinu zaredom \u201eSurvivor\u201c \u0107e voditi Vlado Boban\" \/>\n<meta property=\"og:description\" content=\"Nakon \u010detiri uspje\u0161ne sezone koje su obilje\u017eili napeti izazovi i neo\u010dekivani raspleti, show &quot;Survivor&quot; uskoro dolazi s petom sezonom.\" \/>\n<meta property=\"og:url\" content=\"https:\/\/gorica.info\/en\/drugu-godinu-zaredom-survivor-ce-voditi-vlado-boban\/\" \/>\n<meta property=\"og:site_name\" content=\"Gorica Info\" \/>\n<meta property=\"article:publisher\" content=\"https:\/\/www.facebook.com\/Goricainfo-106005144489262\" \/>\n<meta property=\"article:published_time\" content=\"2026-02-21T09:43:07+00:00\" \/>\n<meta property=\"article:modified_time\" content=\"2026-02-22T13:56:37+00:00\" \/>\n<meta property=\"og:image\" content=\"https:\/\/gorica.info\/wp-content\/uploads\/2026\/02\/vlado-boban-survivor-sezona-5.webp\" \/>\n\t<meta property=\"og:image:width\" content=\"600\" \/>\n\t<meta property=\"og:image:height\" content=\"376\" \/>\n\t<meta property=\"og:image:type\" content=\"image\/webp\" \/>\n<meta name=\"author\" content=\"Marta Horvat\" \/>\n<meta name=\"twitter:card\" content=\"summary_large_image\" \/>\n<meta name=\"twitter:creator\" content=\"@GoricaInfo\" \/>\n<meta name=\"twitter:site\" content=\"@GoricaInfo\" \/>\n<meta name=\"twitter:label1\" content=\"Written by\" \/>\n\t<meta name=\"twitter:data1\" content=\"Marta Horvat\" \/>\n\t<meta name=\"twitter:label2\" content=\"Est. reading time\" \/>\n\t<meta name=\"twitter:data2\" content=\"2 minutes\" \/>\n<meta name=\"geo.placename\" content=\"Velika Gorica\" \/>\n<meta name=\"geo.region\" content=\"Croatia\" \/>\n<!-- \/ Yoast SEO Premium plugin. -->","yoast_head_json":{"title":"Drugu godinu zaredom \u201eSurvivor\u201c \u0107e voditi Vlado Boban - Gorica Info","description":"Nakon \u010detiri uspje\u0161ne sezone koje su obilje\u017eili napeti izazovi i neo\u010dekivani raspleti, show \"Survivor\" uskoro dolazi s petom sezonom.","robots":{"index":"index","follow":"follow","max-snippet":"max-snippet:-1","max-image-preview":"max-image-preview:large","max-video-preview":"max-video-preview:-1"},"canonical":"https:\/\/gorica.info\/en\/drugu-godinu-zaredom-survivor-ce-voditi-vlado-boban\/","og_locale":"en_US","og_type":"article","og_title":"Drugu godinu zaredom \u201eSurvivor\u201c \u0107e voditi Vlado Boban","og_description":"Nakon \u010detiri uspje\u0161ne sezone koje su obilje\u017eili napeti izazovi i neo\u010dekivani raspleti, show \"Survivor\" uskoro dolazi s petom sezonom.","og_url":"https:\/\/gorica.info\/en\/drugu-godinu-zaredom-survivor-ce-voditi-vlado-boban\/","og_site_name":"Gorica Info","article_publisher":"https:\/\/www.facebook.com\/Goricainfo-106005144489262","article_published_time":"2026-02-21T09:43:07+00:00","article_modified_time":"2026-02-22T13:56:37+00:00","og_image":[{"width":600,"height":376,"url":"https:\/\/gorica.info\/wp-content\/uploads\/2026\/02\/vlado-boban-survivor-sezona-5.webp","type":"image\/webp"}],"author":"Marta Horvat","twitter_card":"summary_large_image","twitter_creator":"@GoricaInfo","twitter_site":"@GoricaInfo","twitter_misc":{"Written by":"Marta Horvat","Est. reading time":"2 minutes"},"schema":{"@context":"https:\/\/schema.org","@graph":[{"@type":"NewsArticle","@id":"https:\/\/gorica.info\/drugu-godinu-zaredom-survivor-ce-voditi-vlado-boban\/#article","isPartOf":{"@id":"https:\/\/gorica.info\/drugu-godinu-zaredom-survivor-ce-voditi-vlado-boban\/"},"author":{"name":"Marta Horvat","@id":"https:\/\/gorica.info\/#\/schema\/person\/b2df2f6fb2a9073c0fa5af2672befd52"},"headline":"Drugu godinu zaredom \u201eSurvivor\u201c \u0107e voditi Vlado Boban","datePublished":"2026-02-21T09:43:07+00:00","dateModified":"2026-02-22T13:56:37+00:00","mainEntityOfPage":{"@id":"https:\/\/gorica.info\/drugu-godinu-zaredom-survivor-ce-voditi-vlado-boban\/"},"wordCount":298,"publisher":{"@id":"https:\/\/gorica.info\/#organization"},"image":{"@id":"https:\/\/gorica.info\/drugu-godinu-zaredom-survivor-ce-voditi-vlado-boban\/#primaryimage"},"thumbnailUrl":"https:\/\/gorica.info\/wp-content\/uploads\/2026\/02\/vlado-boban-survivor-sezona-5.webp","keywords":["gledatelji","natjecanje","nova tv","show","survivor","televizijski program","vg info","vg vijesti","vlado boban. voditelj"],"articleSection":["SCENA"],"inLanguage":"en-US","copyrightYear":"2026","copyrightHolder":{"@id":"https:\/\/gorica.info\/en\/#organization"}},{"@type":"WebPage","@id":"https:\/\/gorica.info\/drugu-godinu-zaredom-survivor-ce-voditi-vlado-boban\/","url":"https:\/\/gorica.info\/drugu-godinu-zaredom-survivor-ce-voditi-vlado-boban\/","name":"Drugu godinu zaredom \u201eSurvivor\u201c \u0107e voditi Vlado Boban - Gorica Info","isPartOf":{"@id":"https:\/\/gorica.info\/#website"},"primaryImageOfPage":{"@id":"https:\/\/gorica.info\/drugu-godinu-zaredom-survivor-ce-voditi-vlado-boban\/#primaryimage"},"image":{"@id":"https:\/\/gorica.info\/drugu-godinu-zaredom-survivor-ce-voditi-vlado-boban\/#primaryimage"},"thumbnailUrl":"https:\/\/gorica.info\/wp-content\/uploads\/2026\/02\/vlado-boban-survivor-sezona-5.webp","datePublished":"2026-02-21T09:43:07+00:00","dateModified":"2026-02-22T13:56:37+00:00","description":"Nakon \u010detiri uspje\u0161ne sezone koje su obilje\u017eili napeti izazovi i neo\u010dekivani raspleti, show \"Survivor\" uskoro dolazi s petom sezonom.","breadcrumb":{"@id":"https:\/\/gorica.info\/drugu-godinu-zaredom-survivor-ce-voditi-vlado-boban\/#breadcrumb"},"inLanguage":"en-US","potentialAction":[{"@type":"ReadAction","target":["https:\/\/gorica.info\/drugu-godinu-zaredom-survivor-ce-voditi-vlado-boban\/"]}]},{"@type":"ImageObject","inLanguage":"en-US","@id":"https:\/\/gorica.info\/drugu-godinu-zaredom-survivor-ce-voditi-vlado-boban\/#primaryimage","url":"https:\/\/gorica.info\/wp-content\/uploads\/2026\/02\/vlado-boban-survivor-sezona-5.webp","contentUrl":"https:\/\/gorica.info\/wp-content\/uploads\/2026\/02\/vlado-boban-survivor-sezona-5.webp","width":600,"height":376,"caption":"Foto: Promo \/ Nova TV"},{"@type":"BreadcrumbList","@id":"https:\/\/gorica.info\/drugu-godinu-zaredom-survivor-ce-voditi-vlado-boban\/#breadcrumb","itemListElement":[{"@type":"ListItem","position":1,"name":"Po\u010detna stranica","item":"https:\/\/gorica.info\/"},{"@type":"ListItem","position":2,"name":"Drugu godinu zaredom \u201eSurvivor\u201c \u0107e voditi Vlado Boban"}]},{"@type":"WebSite","@id":"https:\/\/gorica.info\/#website","url":"https:\/\/gorica.info\/","name":"Gorica Info","description":"Vijesti iz Velike Gorice i okolice.","publisher":{"@id":"https:\/\/gorica.info\/#organization"},"potentialAction":[{"@type":"SearchAction","target":{"@type":"EntryPoint","urlTemplate":"https:\/\/gorica.info\/?s={search_term_string}"},"query-input":{"@type":"PropertyValueSpecification","valueRequired":true,"valueName":"search_term_string"}}],"inLanguage":"en-US"},{"@type":["Organization","Place","NewsMediaOrganization"],"@id":"https:\/\/gorica.info\/#organization","name":"Gorica Info","url":"https:\/\/gorica.info\/","logo":{"@id":"https:\/\/gorica.info\/drugu-godinu-zaredom-survivor-ce-voditi-vlado-boban\/#local-main-organization-logo"},"image":{"@id":"https:\/\/gorica.info\/drugu-godinu-zaredom-survivor-ce-voditi-vlado-boban\/#local-main-organization-logo"},"sameAs":["https:\/\/www.facebook.com\/Goricainfo-106005144489262","https:\/\/x.com\/GoricaInfo","https:\/\/www.instagram.com\/gorica.info\/"],"address":{"@id":"https:\/\/gorica.info\/drugu-godinu-zaredom-survivor-ce-voditi-vlado-boban\/#local-main-place-address"},"telephone":[],"openingHoursSpecification":[{"@type":"OpeningHoursSpecification","dayOfWeek":["Monday","Tuesday","Wednesday","Thursday","Friday","Saturday","Sunday"],"opens":"09:00","closes":"17:00"}],"email":"redakcija@gorica.info"},{"@type":"Person","@id":"https:\/\/gorica.info\/#\/schema\/person\/b2df2f6fb2a9073c0fa5af2672befd52","name":"Marta Horvat","description":"Marta Horvat je studentica koja redovito pi\u0161e za portal, prati sva gradska doga\u0111anja i u\u017eiva isprobavati nove recept koje dijeli s na\u0161im \u010ditateljima.","url":"https:\/\/gorica.info\/en\/author\/marta-horvat\/"},{"@type":"PostalAddress","@id":"https:\/\/gorica.info\/drugu-godinu-zaredom-survivor-ce-voditi-vlado-boban\/#local-main-place-address","streetAddress":"Horvatova 97","addressLocality":"Velika Gorica","postalCode":"10410","addressRegion":"Croatia","addressCountry":"HR"},{"@type":"ImageObject","inLanguage":"en-US","@id":"https:\/\/gorica.info\/drugu-godinu-zaredom-survivor-ce-voditi-vlado-boban\/#local-main-organization-logo","url":"https:\/\/gorica.info\/wp-content\/uploads\/2024\/07\/Gorica-Info-Logo-mali.png","contentUrl":"https:\/\/gorica.info\/wp-content\/uploads\/2024\/07\/Gorica-Info-Logo-mali.png","width":450,"height":85,"caption":"Gorica Info"}]},"geo.placename":"Velika Gorica","geo.region":"Croatia"},"_links":{"self":[{"href":"https:\/\/gorica.info\/en\/wp-json\/wp\/v2\/posts\/101955","targetHints":{"allow":["GET"]}}],"collection":[{"href":"https:\/\/gorica.info\/en\/wp-json\/wp\/v2\/posts"}],"about":[{"href":"https:\/\/gorica.info\/en\/wp-json\/wp\/v2\/types\/post"}],"author":[{"embeddable":true,"href":"https:\/\/gorica.info\/en\/wp-json\/wp\/v2\/users\/25"}],"replies":[{"embeddable":true,"href":"https:\/\/gorica.info\/en\/wp-json\/wp\/v2\/comments?post=101955"}],"version-history":[{"count":4,"href":"https:\/\/gorica.info\/en\/wp-json\/wp\/v2\/posts\/101955\/revisions"}],"predecessor-version":[{"id":101961,"href":"https:\/\/gorica.info\/en\/wp-json\/wp\/v2\/posts\/101955\/revisions\/101961"}],"wp:featuredmedia":[{"embeddable":true,"href":"https:\/\/gorica.info\/en\/wp-json\/wp\/v2\/media\/101956"}],"wp:attachment":[{"href":"https:\/\/gorica.info\/en\/wp-json\/wp\/v2\/media?parent=101955"}],"wp:term":[{"taxonomy":"category","embeddable":true,"href":"https:\/\/gorica.info\/en\/wp-json\/wp\/v2\/categories?post=101955"},{"taxonomy":"post_tag","embeddable":true,"href":"https:\/\/gorica.info\/en\/wp-json\/wp\/v2\/tags?post=101955"}],"curies":[{"name":"wp","href":"https:\/\/api.w.org\/{rel}","templated":true}]}}