{"id":102403,"date":"2026-03-02T13:21:26","date_gmt":"2026-03-02T12:21:26","guid":{"rendered":"https:\/\/gorica.info\/?p=102403"},"modified":"2026-03-03T12:46:43","modified_gmt":"2026-03-03T11:46:43","slug":"ozlijedeni-prsti-nisu-ga-zaustavili-mladi-penjac-mihael-pal-osvojio-prvo-mjesto","status":"publish","type":"post","link":"https:\/\/gorica.info\/en\/ozlijedeni-prsti-nisu-ga-zaustavili-mladi-penjac-mihael-pal-osvojio-prvo-mjesto\/","title":{"rendered":"Ozlije\u0111eni prsti nisu ga zaustavili: Mladi penja\u010d Mihael Pal osvojio prvo mjesto"},"content":{"rendered":"<p><span style=\"font-size: 20px\">Iza mladog penja\u010da <strong>Mihaela Pala<\/strong> jo\u0161 je jedan iznimno uspje\u0161an nastup. U drugom kolu<a href=\"https:\/\/www.facebook.com\/blikkids?locale=hr_HR\"> BLIK Kids lige 2026<\/a>, odr\u017eanom u nedjelju u Rijeci, Mihael je <strong>osvojio prvo mjesto<\/strong> u svojoj kategoriji i jo\u0161 jednom potvrdio status jednog od najperspektivnijih <a href=\"https:\/\/gorica.info\/en\/sjajan-start-penjacke-sezone-talentirani-penjac-mihael-pal-osvojio-prvo-mjesto\/\"><strong>mladih sportskih penja\u010da<\/strong><\/a>.<\/span><\/p>\n<p><span style=\"font-size: 20px\">U kategoriji mla\u0111ih juniora Mihael je bio najbolji me\u0111u sna\u017enom konkurencijom. Drugo mjesto pripalo je<strong> Maliku Matiki<\/strong> iz SPK Hiperaktiv, dok je tre\u0107e osvojio <strong>Lovre \u0160panjol Pandelo<\/strong> iz SPK Tuhobi\u0107.<\/span><\/p>\n<p><img fetchpriority=\"high\" decoding=\"async\" class=\"aligncenter wp-image-102404 size-full\" src=\"https:\/\/gorica.info\/wp-content\/uploads\/2026\/03\/mihael-pal-rijeka.jpg\" alt=\"prvo mjesto\" width=\"1200\" height=\"634\" srcset=\"https:\/\/gorica.info\/wp-content\/uploads\/2026\/03\/mihael-pal-rijeka.jpg 1200w, https:\/\/gorica.info\/wp-content\/uploads\/2026\/03\/mihael-pal-rijeka-300x159.jpg 300w, https:\/\/gorica.info\/wp-content\/uploads\/2026\/03\/mihael-pal-rijeka-1024x541.jpg 1024w, https:\/\/gorica.info\/wp-content\/uploads\/2026\/03\/mihael-pal-rijeka-768x406.jpg 768w, https:\/\/gorica.info\/wp-content\/uploads\/2026\/03\/mihael-pal-rijeka-18x10.jpg 18w, https:\/\/gorica.info\/wp-content\/uploads\/2026\/03\/mihael-pal-rijeka-750x396.jpg 750w, https:\/\/gorica.info\/wp-content\/uploads\/2026\/03\/mihael-pal-rijeka-1140x602.jpg 1140w\" sizes=\"(max-width: 1200px) 100vw, 1200px\" \/><\/p>\n<h3><strong><span style=\"font-size: 20px\">Natjecanje okupilo oko 150 mladih penja\u010da<\/span><\/strong><\/h3>\n<p><span style=\"font-size: 20px\">Drugo kolo BLIK Kids lige okupilo je<strong> oko 150 mladih sporta\u0161a<\/strong> koji su se natjecali u <strong>Boulder disciplini<\/strong> sportskog penjanja. Rije\u010d je o penjanju na <strong>niskim stijenama<\/strong> visine izme\u0111u 2 i 5 metara, pri \u010demu se ispod penja\u010da nalazi strunja\u010da koja ubla\u017eava eventualni pad.<\/span><\/p>\n<p><span style=\"font-size: 20px\">BLIK Kids liga, kao dio Boulder lige Istre i Kvarnera, okuplja natjecatelje razli\u010ditih razina iskustva \u2013 od po\u010detnika pa sve do reprezentativaca. Upravo takva raznolikost \u010dini natjecanje posebno zanimljivim i izazovnim za sve sudionike.<\/span><\/p>\n<h3><strong><span style=\"font-size: 20px\">Sedam smjerova iz prvog poku\u0161aja unato\u010d ozljedi<\/span><\/strong><\/h3>\n<p><span style=\"font-size: 20px\">Mihael se natjecao u <strong>kategoriji mla\u0111ih juniora<\/strong> i ostvario impresivan rezultat. Od ukupno osam smjerova, \u010dak <strong>sedam je popeo iz prvog poku\u0161aja<\/strong> (flash), dok je jedan uspje\u0161no savladao iz drugog poku\u0161aja.<\/span><\/p>\n<p><img decoding=\"async\" class=\"alignnone wp-image-102405 size-full\" src=\"https:\/\/gorica.info\/wp-content\/uploads\/2026\/03\/mihael-pal-rijeka-1.jpg\" alt=\"prvo mjesto\" width=\"1386\" height=\"1200\" srcset=\"https:\/\/gorica.info\/wp-content\/uploads\/2026\/03\/mihael-pal-rijeka-1.jpg 1386w, https:\/\/gorica.info\/wp-content\/uploads\/2026\/03\/mihael-pal-rijeka-1-300x260.jpg 300w, https:\/\/gorica.info\/wp-content\/uploads\/2026\/03\/mihael-pal-rijeka-1-1024x887.jpg 1024w, https:\/\/gorica.info\/wp-content\/uploads\/2026\/03\/mihael-pal-rijeka-1-768x665.jpg 768w, https:\/\/gorica.info\/wp-content\/uploads\/2026\/03\/mihael-pal-rijeka-1-14x12.jpg 14w, https:\/\/gorica.info\/wp-content\/uploads\/2026\/03\/mihael-pal-rijeka-1-750x649.jpg 750w, https:\/\/gorica.info\/wp-content\/uploads\/2026\/03\/mihael-pal-rijeka-1-1140x987.jpg 1140w\" sizes=\"(max-width: 1386px) 100vw, 1386px\" \/><\/p>\n<p><span style=\"font-size: 20px\">Njegov nastup dobiva dodatnu te\u017einu s obzirom na to da je natjecanje odradio s <strong>ozlije\u0111enim prstima desne ruke<\/strong>, koji su nakon natjecanja postali jo\u0161 bolniji i ote\u010deni.<\/span><\/p>\n<p><span style=\"font-size: 20px\">&#8211; Bilo je jako zanimljivo natjecanje na kojem nisam o\u010dekivao ni\u0161ta. Trenuta\u010dno su mi <strong>dva prsta desne ruke ozlije\u0111ena<\/strong> od prije, a sada su nakon natjecanja jo\u0161 malo otekli i postali bolniji. Bio sam dosta iznena\u0111en, jer sam dva smjera \u2013 broj 7 i broj 8 \u2013 jedini popeo u svojoj kategoriji. U kategoriji iznad, juniori, samo je reprezentativac <strong>David Radov\u010di\u0107 <\/strong>iz SPK OnSight uspio popeti smjer broj 8 i to kao i ja iz drugog poku\u0161aja. Smjer je bio na snagu. Veselim se tre\u0107em kolu i nadam se da \u0107u biti koji mjesec bez ozljeda i bolova te osvojiti jo\u0161 koju <strong>medalju<\/strong> &#8211; rekao je Mihael.<\/span><\/p>\n<h3><strong><span style=\"font-size: 20px\">Veliko finale slijedi u Pazinu<\/span><\/strong><\/h3>\n<p><span style=\"font-size: 20px\">Tre\u0107e i ujedno zavr\u0161no kolo BLIK Kids lige 2026 odr\u017eat \u0107e se<strong> 22. o\u017eujka u Pazinu<\/strong>. Upravo na tom natjecanju bit \u0107e podijeljene medalje i ostale vrijedne nagrade najboljim penja\u010dima u ukupnom poretku.<\/span><\/p>\n<p><span style=\"font-size: 20px\">Nakon sjajnog nastupa u Rijeci, Mihael Pal s velikim optimizmom o\u010dekuje zavr\u0161nicu lige, nadaju\u0107i se novim vrhunskim rezultatima, ovaj put, kako i sam ka\u017ee, bez ozljeda i bolova.<\/span><\/p>","protected":false},"excerpt":{"rendered":"<p>Iza mladog penja\u010da Mihaela Pala jo\u0161 je jedan iznimno uspje\u0161an nastup. U drugom kolu BLIK Kids lige 2026, odr\u017eanom u nedjelju u Rijeci, Mihael je osvojio prvo mjesto u svojoj kategoriji i jo\u0161 jednom potvrdio status jednog od najperspektivnijih mladih sportskih penja\u010da. U kategoriji mla\u0111ih juniora Mihael je bio najbolji me\u0111u sna\u017enom konkurencijom. Drugo mjesto [&hellip;]<\/p>\n","protected":false},"author":33,"featured_media":102409,"comment_status":"closed","ping_status":"closed","sticky":false,"template":"","format":"standard","meta":{"limit_modified_date":"1","last_modified_date":"","jnews-multi-image_gallery":[],"jnews_single_post":{"format":"standard","override":[{"template":"3","parallax":"1","fullscreen":"1","layout":"right-sidebar","sidebar":"default-sidebar","second_sidebar":"default-sidebar","sticky_sidebar":"1","share_position":"top","share_float_style":"share-monocrhome","show_featured":"1","show_post_meta":"1","show_post_author":"1","show_post_author_image":"1","show_post_date":"1","post_date_format":"default","post_date_format_custom":"Y\/m\/d","show_post_category":"1","show_post_reading_time":"1","post_reading_time_wpm":"300","post_calculate_word_method":"str_word_count","zoom_button_out_step":"2","zoom_button_in_step":"3","show_post_tag":"1","show_popup_post":"1","show_comment_section":"1","number_popup_post":"1","show_post_related":"1"}],"image_override":[{"single_post_thumbnail_size":"crop-500","single_post_gallery_size":"crop-500"}],"trending_post_position":"meta","trending_post_label":"Trending","sponsored_post_label":"Sponsored by","disable_ad":"0","subtitle":"Drugo kolo BLIK Kids lige okupilo je oko 150 natjecatelja koji su se natjecali u Boulder disciplini sportskog penjanja"},"jnews_primary_category":[],"jnews_override_counter":{"view_counter_number":"0","share_counter_number":"0","like_counter_number":"0","dislike_counter_number":"0"},"footnotes":""},"categories":[99],"tags":[22693,22694,23577,23572,23574,23578,2698,17637,23575,23576,23573,122,22686,15554],"class_list":["post-102403","post","type-post","status-publish","format-standard","has-post-thumbnail","hentry","category-sport","tag-blik-kids-liga-2026","tag-boulder-penjanje","tag-david-radovcic","tag-mihael-pala","tag-mladi-juniori-penjanje","tag-penjacka-liga-istre-i-kvarnera","tag-prvo-mjesto","tag-prvo-mjesto-world-skills","tag-rezultati-penjackog-natjecanja","tag-spk-onsight","tag-sportsko-penjanje-rijeka","tag-velika-gorica","tag-vg-info","tag-vg-vijesti"],"yoast_head":"<!-- This site is optimized with the Yoast SEO Premium plugin v27.4 (Yoast SEO v27.4) - https:\/\/yoast.com\/product\/yoast-seo-premium-wordpress\/ -->\n<title>Ozlije\u0111eni prsti nisu ga zaustavili: Mladi penja\u010d Mihael Pal osvojio prvo mjesto - Gorica Info<\/title>\n<meta name=\"description\" content=\"Mladi penja\u010d Mihael Pal briljirao je u drugom kolu u Rijeci i osvojio prvo mjesto iako je imao ozlije\u0111ene prste desne ruke.\" \/>\n<meta name=\"robots\" content=\"index, follow, max-snippet:-1, max-image-preview:large, max-video-preview:-1\" \/>\n<link rel=\"canonical\" href=\"https:\/\/gorica.info\/en\/ozlijedeni-prsti-nisu-ga-zaustavili-mladi-penjac-mihael-pal-osvojio-prvo-mjesto\/\" \/>\n<meta property=\"og:locale\" content=\"en_US\" \/>\n<meta property=\"og:type\" content=\"article\" \/>\n<meta property=\"og:title\" content=\"Ozlije\u0111eni prsti nisu ga zaustavili: Mladi penja\u010d Mihael Pal osvojio prvo mjesto\" \/>\n<meta property=\"og:description\" content=\"Mladi penja\u010d Mihael Pal briljirao je u drugom kolu u Rijeci i osvojio prvo mjesto iako je imao ozlije\u0111ene prste desne ruke.\" \/>\n<meta property=\"og:url\" content=\"https:\/\/gorica.info\/en\/ozlijedeni-prsti-nisu-ga-zaustavili-mladi-penjac-mihael-pal-osvojio-prvo-mjesto\/\" \/>\n<meta property=\"og:site_name\" content=\"Gorica Info\" \/>\n<meta property=\"article:publisher\" content=\"https:\/\/www.facebook.com\/Goricainfo-106005144489262\" \/>\n<meta property=\"article:published_time\" content=\"2026-03-02T12:21:26+00:00\" \/>\n<meta property=\"article:modified_time\" content=\"2026-03-03T11:46:43+00:00\" \/>\n<meta property=\"og:image\" content=\"https:\/\/gorica.info\/wp-content\/uploads\/2026\/03\/mihael-pal-rijeka-2.jpg\" \/>\n\t<meta property=\"og:image:width\" content=\"1200\" \/>\n\t<meta property=\"og:image:height\" content=\"634\" \/>\n\t<meta property=\"og:image:type\" content=\"image\/jpeg\" \/>\n<meta name=\"author\" content=\"Ivan Bo\u017ei\u0107\" \/>\n<meta name=\"twitter:card\" content=\"summary_large_image\" \/>\n<meta name=\"twitter:creator\" content=\"@GoricaInfo\" \/>\n<meta name=\"twitter:site\" content=\"@GoricaInfo\" \/>\n<meta name=\"twitter:label1\" content=\"Written by\" \/>\n\t<meta name=\"twitter:data1\" content=\"Ivan Bo\u017ei\u0107\" \/>\n\t<meta name=\"twitter:label2\" content=\"Est. reading time\" \/>\n\t<meta name=\"twitter:data2\" content=\"3 minutes\" \/>\n<meta name=\"geo.placename\" content=\"Velika Gorica\" \/>\n<meta name=\"geo.region\" content=\"Croatia\" \/>\n<!-- \/ Yoast SEO Premium plugin. -->","yoast_head_json":{"title":"Ozlije\u0111eni prsti nisu ga zaustavili: Mladi penja\u010d Mihael Pal osvojio prvo mjesto - Gorica Info","description":"Mladi penja\u010d Mihael Pal briljirao je u drugom kolu u Rijeci i osvojio prvo mjesto iako je imao ozlije\u0111ene prste desne ruke.","robots":{"index":"index","follow":"follow","max-snippet":"max-snippet:-1","max-image-preview":"max-image-preview:large","max-video-preview":"max-video-preview:-1"},"canonical":"https:\/\/gorica.info\/en\/ozlijedeni-prsti-nisu-ga-zaustavili-mladi-penjac-mihael-pal-osvojio-prvo-mjesto\/","og_locale":"en_US","og_type":"article","og_title":"Ozlije\u0111eni prsti nisu ga zaustavili: Mladi penja\u010d Mihael Pal osvojio prvo mjesto","og_description":"Mladi penja\u010d Mihael Pal briljirao je u drugom kolu u Rijeci i osvojio prvo mjesto iako je imao ozlije\u0111ene prste desne ruke.","og_url":"https:\/\/gorica.info\/en\/ozlijedeni-prsti-nisu-ga-zaustavili-mladi-penjac-mihael-pal-osvojio-prvo-mjesto\/","og_site_name":"Gorica Info","article_publisher":"https:\/\/www.facebook.com\/Goricainfo-106005144489262","article_published_time":"2026-03-02T12:21:26+00:00","article_modified_time":"2026-03-03T11:46:43+00:00","og_image":[{"width":1200,"height":634,"url":"https:\/\/gorica.info\/wp-content\/uploads\/2026\/03\/mihael-pal-rijeka-2.jpg","type":"image\/jpeg"}],"author":"Ivan Bo\u017ei\u0107","twitter_card":"summary_large_image","twitter_creator":"@GoricaInfo","twitter_site":"@GoricaInfo","twitter_misc":{"Written by":"Ivan Bo\u017ei\u0107","Est. reading time":"3 minutes"},"schema":{"@context":"https:\/\/schema.org","@graph":[{"@type":"NewsArticle","@id":"https:\/\/gorica.info\/ozlijedeni-prsti-nisu-ga-zaustavili-mladi-penjac-mihael-pal-osvojio-prvo-mjesto\/#article","isPartOf":{"@id":"https:\/\/gorica.info\/ozlijedeni-prsti-nisu-ga-zaustavili-mladi-penjac-mihael-pal-osvojio-prvo-mjesto\/"},"author":{"name":"Ivan Bo\u017ei\u0107","@id":"https:\/\/gorica.info\/#\/schema\/person\/34dd90d017db8157b1cdf424f6e42474"},"headline":"Ozlije\u0111eni prsti nisu ga zaustavili: Mladi penja\u010d Mihael Pal osvojio prvo mjesto","datePublished":"2026-03-02T12:21:26+00:00","dateModified":"2026-03-03T11:46:43+00:00","mainEntityOfPage":{"@id":"https:\/\/gorica.info\/ozlijedeni-prsti-nisu-ga-zaustavili-mladi-penjac-mihael-pal-osvojio-prvo-mjesto\/"},"wordCount":435,"publisher":{"@id":"https:\/\/gorica.info\/#organization"},"image":{"@id":"https:\/\/gorica.info\/ozlijedeni-prsti-nisu-ga-zaustavili-mladi-penjac-mihael-pal-osvojio-prvo-mjesto\/#primaryimage"},"thumbnailUrl":"https:\/\/gorica.info\/wp-content\/uploads\/2026\/03\/mihael-pal-rijeka-2.jpg","keywords":["BLIK Kids liga 2026","boulder penjanje","David Radov\u010di\u0107","Mihael Pala","mla\u0111i juniori penjanje","penja\u010dka liga Istre i Kvarnera","prvo mjesto","prvo mjesto world skills","rezultati penja\u010dkog natjecanja","SPK OnSight","sportsko penjanje Rijeka","Velika Gorica","vg info","vg vijesti"],"articleSection":["SPORT"],"inLanguage":"en-US","copyrightYear":"2026","copyrightHolder":{"@id":"https:\/\/gorica.info\/en\/#organization"}},{"@type":"WebPage","@id":"https:\/\/gorica.info\/ozlijedeni-prsti-nisu-ga-zaustavili-mladi-penjac-mihael-pal-osvojio-prvo-mjesto\/","url":"https:\/\/gorica.info\/ozlijedeni-prsti-nisu-ga-zaustavili-mladi-penjac-mihael-pal-osvojio-prvo-mjesto\/","name":"Ozlije\u0111eni prsti nisu ga zaustavili: Mladi penja\u010d Mihael Pal osvojio prvo mjesto - Gorica Info","isPartOf":{"@id":"https:\/\/gorica.info\/#website"},"primaryImageOfPage":{"@id":"https:\/\/gorica.info\/ozlijedeni-prsti-nisu-ga-zaustavili-mladi-penjac-mihael-pal-osvojio-prvo-mjesto\/#primaryimage"},"image":{"@id":"https:\/\/gorica.info\/ozlijedeni-prsti-nisu-ga-zaustavili-mladi-penjac-mihael-pal-osvojio-prvo-mjesto\/#primaryimage"},"thumbnailUrl":"https:\/\/gorica.info\/wp-content\/uploads\/2026\/03\/mihael-pal-rijeka-2.jpg","datePublished":"2026-03-02T12:21:26+00:00","dateModified":"2026-03-03T11:46:43+00:00","description":"Mladi penja\u010d Mihael Pal briljirao je u drugom kolu u Rijeci i osvojio prvo mjesto iako je imao ozlije\u0111ene prste desne ruke.","breadcrumb":{"@id":"https:\/\/gorica.info\/ozlijedeni-prsti-nisu-ga-zaustavili-mladi-penjac-mihael-pal-osvojio-prvo-mjesto\/#breadcrumb"},"inLanguage":"en-US","potentialAction":[{"@type":"ReadAction","target":["https:\/\/gorica.info\/ozlijedeni-prsti-nisu-ga-zaustavili-mladi-penjac-mihael-pal-osvojio-prvo-mjesto\/"]}]},{"@type":"ImageObject","inLanguage":"en-US","@id":"https:\/\/gorica.info\/ozlijedeni-prsti-nisu-ga-zaustavili-mladi-penjac-mihael-pal-osvojio-prvo-mjesto\/#primaryimage","url":"https:\/\/gorica.info\/wp-content\/uploads\/2026\/03\/mihael-pal-rijeka-2.jpg","contentUrl":"https:\/\/gorica.info\/wp-content\/uploads\/2026\/03\/mihael-pal-rijeka-2.jpg","width":1200,"height":634,"caption":"Foto: Privatna arhiva"},{"@type":"BreadcrumbList","@id":"https:\/\/gorica.info\/ozlijedeni-prsti-nisu-ga-zaustavili-mladi-penjac-mihael-pal-osvojio-prvo-mjesto\/#breadcrumb","itemListElement":[{"@type":"ListItem","position":1,"name":"Po\u010detna stranica","item":"https:\/\/gorica.info\/"},{"@type":"ListItem","position":2,"name":"Ozlije\u0111eni prsti nisu ga zaustavili: Mladi penja\u010d Mihael Pal osvojio prvo mjesto"}]},{"@type":"WebSite","@id":"https:\/\/gorica.info\/#website","url":"https:\/\/gorica.info\/","name":"Gorica Info","description":"Vijesti iz Velike Gorice i okolice.","publisher":{"@id":"https:\/\/gorica.info\/#organization"},"potentialAction":[{"@type":"SearchAction","target":{"@type":"EntryPoint","urlTemplate":"https:\/\/gorica.info\/?s={search_term_string}"},"query-input":{"@type":"PropertyValueSpecification","valueRequired":true,"valueName":"search_term_string"}}],"inLanguage":"en-US"},{"@type":["Organization","Place","NewsMediaOrganization"],"@id":"https:\/\/gorica.info\/#organization","name":"Gorica Info","url":"https:\/\/gorica.info\/","logo":{"@id":"https:\/\/gorica.info\/ozlijedeni-prsti-nisu-ga-zaustavili-mladi-penjac-mihael-pal-osvojio-prvo-mjesto\/#local-main-organization-logo"},"image":{"@id":"https:\/\/gorica.info\/ozlijedeni-prsti-nisu-ga-zaustavili-mladi-penjac-mihael-pal-osvojio-prvo-mjesto\/#local-main-organization-logo"},"sameAs":["https:\/\/www.facebook.com\/Goricainfo-106005144489262","https:\/\/x.com\/GoricaInfo","https:\/\/www.instagram.com\/gorica.info\/"],"address":{"@id":"https:\/\/gorica.info\/ozlijedeni-prsti-nisu-ga-zaustavili-mladi-penjac-mihael-pal-osvojio-prvo-mjesto\/#local-main-place-address"},"telephone":[],"openingHoursSpecification":[{"@type":"OpeningHoursSpecification","dayOfWeek":["Monday","Tuesday","Wednesday","Thursday","Friday","Saturday","Sunday"],"opens":"09:00","closes":"17:00"}],"email":"redakcija@gorica.info"},{"@type":"Person","@id":"https:\/\/gorica.info\/#\/schema\/person\/34dd90d017db8157b1cdf424f6e42474","name":"Ivan Bo\u017ei\u0107","url":"https:\/\/gorica.info\/en\/author\/ivan-bozic\/"},{"@type":"PostalAddress","@id":"https:\/\/gorica.info\/ozlijedeni-prsti-nisu-ga-zaustavili-mladi-penjac-mihael-pal-osvojio-prvo-mjesto\/#local-main-place-address","streetAddress":"Horvatova 97","addressLocality":"Velika Gorica","postalCode":"10410","addressRegion":"Croatia","addressCountry":"HR"},{"@type":"ImageObject","inLanguage":"en-US","@id":"https:\/\/gorica.info\/ozlijedeni-prsti-nisu-ga-zaustavili-mladi-penjac-mihael-pal-osvojio-prvo-mjesto\/#local-main-organization-logo","url":"https:\/\/gorica.info\/wp-content\/uploads\/2024\/07\/Gorica-Info-Logo-mali.png","contentUrl":"https:\/\/gorica.info\/wp-content\/uploads\/2024\/07\/Gorica-Info-Logo-mali.png","width":450,"height":85,"caption":"Gorica Info"}]},"geo.placename":"Velika Gorica","geo.region":"Croatia"},"_links":{"self":[{"href":"https:\/\/gorica.info\/en\/wp-json\/wp\/v2\/posts\/102403","targetHints":{"allow":["GET"]}}],"collection":[{"href":"https:\/\/gorica.info\/en\/wp-json\/wp\/v2\/posts"}],"about":[{"href":"https:\/\/gorica.info\/en\/wp-json\/wp\/v2\/types\/post"}],"author":[{"embeddable":true,"href":"https:\/\/gorica.info\/en\/wp-json\/wp\/v2\/users\/33"}],"replies":[{"embeddable":true,"href":"https:\/\/gorica.info\/en\/wp-json\/wp\/v2\/comments?post=102403"}],"version-history":[{"count":6,"href":"https:\/\/gorica.info\/en\/wp-json\/wp\/v2\/posts\/102403\/revisions"}],"predecessor-version":[{"id":102412,"href":"https:\/\/gorica.info\/en\/wp-json\/wp\/v2\/posts\/102403\/revisions\/102412"}],"wp:featuredmedia":[{"embeddable":true,"href":"https:\/\/gorica.info\/en\/wp-json\/wp\/v2\/media\/102409"}],"wp:attachment":[{"href":"https:\/\/gorica.info\/en\/wp-json\/wp\/v2\/media?parent=102403"}],"wp:term":[{"taxonomy":"category","embeddable":true,"href":"https:\/\/gorica.info\/en\/wp-json\/wp\/v2\/categories?post=102403"},{"taxonomy":"post_tag","embeddable":true,"href":"https:\/\/gorica.info\/en\/wp-json\/wp\/v2\/tags?post=102403"}],"curies":[{"name":"wp","href":"https:\/\/api.w.org\/{rel}","templated":true}]}}