{"id":102842,"date":"2026-03-12T15:33:35","date_gmt":"2026-03-12T14:33:35","guid":{"rendered":"https:\/\/gorica.info\/?p=102842"},"modified":"2026-04-11T16:35:55","modified_gmt":"2026-04-11T14:35:55","slug":"u-76-godini-zivota-preminuo-sime-gudeljevic-osnivac-fero-terma","status":"publish","type":"post","link":"https:\/\/gorica.info\/en\/u-76-godini-zivota-preminuo-sime-gudeljevic-osnivac-fero-terma\/","title":{"rendered":"U 76. godini \u017eivota: Preminuo \u0160ime Gudeljevi\u0107, osniva\u010d Fero-Terma"},"content":{"rendered":"<p><span style=\"font-size: 20px\"><strong>U 76. godini \u017eivota<\/strong> preminuo je<strong> \u0160ime Gudeljevi\u0107<\/strong>, osniva\u010d i vlasnik tvrtke <strong>Fero-Term<\/strong>. Tu\u017enu vijest objavila je sama tvrtka preko slu\u017ebenog <a href=\"https:\/\/www.facebook.com\/FeroTerm.hr?locale=hr_HR\">Facebook profila<\/a>, gdje su se zaposlenici i suradnici emotivnom porukom oprostili od \u010dovjeka koji je prije vi\u0161e od tri desetlje\u0107a postavio temelje uspje\u0161ne poslovne pri\u010de.<\/span><\/p>\n<p><span style=\"font-size: 20px\">Iz Fero-Terma su poru\u010dili kako se s <a href=\"https:\/\/gorica.info\/en\/preminuo-mladi-lijecnik-daren-lucinger-32-radio-je-u-bolnici-u-krapinskim-toplicama\/\">dubokom tugom opra\u0161taju<\/a> od svog osniva\u010da, \u010dija je vizija obilje\u017eila razvoj tvrtke i utjecala na generacije zaposlenika.<\/span><\/p>\n<p><span style=\"font-size: 20px\">S dubokom tugom opra\u0161tamo se od \u0160ime Gudeljevi\u0107a, osniva\u010da Fero-Terma. Godine 1991. osnovao je Fero-Term s vizijom koja je oblikovala na\u0161 put i postavila temelje onoga \u0161to smo danas, stoji u objavi tvrtke.<\/span><\/p>\n<h3><strong><span style=\"font-size: 20px\">Vizija koja je izgradila sna\u017enu tvrtku<\/span><\/strong><\/h3>\n<p><span style=\"font-size: 20px\">\u0160ime Gudeljevi\u0107 osnovao je Fero-Term 1991. godine, u razdoblju velikih dru\u0161tvenih i gospodarskih promjena u Hrvatskoj. Unato\u010d izazovima tog vremena, njegova poduzetni\u010dka hrabrost i jasna poslovna vizija omogu\u0107ili su stvaranje tvrtke koja je tijekom godina izrasla u jednog od zna\u010dajnih <strong>distributera opreme za grijanje, vodu i instalacije.<\/strong><\/span><\/p>\n<p><span style=\"font-size: 20px\">U objavi tvrtke nagla\u0161ava se kako su njegova predanost poslu, ali i odnos prema ljudima, ostavili sna\u017ean trag me\u0111u zaposlenicima, partnerima i svima koji su ga poznavali.<\/span><\/p>\n<p><span style=\"font-size: 20px\">Njegova predanost, hrabrost i vizionarstvo ostat \u0107e trajna inspiracija svima nama, a dobrota i ljudskost kojih \u0107emo se uvijek sje\u0107ati ostavili su dubok trag me\u0111u svima koji su ga poznavali, poru\u010dili su iz Fero-Terma.<\/span><\/p>\n<h3><strong><span style=\"font-size: 20px\">Naslje\u0111e koje ostaje<\/span><\/strong><\/h3>\n<p><span style=\"font-size: 20px\">U tvrtki isti\u010du kako \u0107e Gudeljevi\u0107eva vizija i vrijednosti nastaviti \u017eivjeti kroz rad i razvoj Fero-Terma. Njegovo naslje\u0111e, kako navode, utkano je u svaki segment poslovanja i u ljude koji su godinama gradili tvrtku zajedno s njim.<\/span><\/p>\n<p><span style=\"font-size: 20px\">Njegovo naslje\u0111e \u017eivi u svakom dijelu Fero-Terma. U vjeri i zahvalnosti \u010duvamo uspomenu na njega. Po\u010divao u miru Bo\u017ejem, zaklju\u010dili su u opro\u0161tajnoj poruci. <\/span><\/p>\n<p><span style=\"font-size: 20px\">Smrt \u0160ime Gudeljevi\u0107a predstavlja veliki gubitak za njegovu obitelj, prijatelje i poslovnu zajednicu, ali i za tvrtku koju je osnovao i vodio s velikom stra\u0161\u0107u. Njegov doprinos hrvatskom poduzetni\u0161tvu ostat \u0107e trajno zapam\u0107en. <\/span><\/p>","protected":false},"excerpt":{"rendered":"<p>U 76. godini \u017eivota preminuo je \u0160ime Gudeljevi\u0107, osniva\u010d i vlasnik tvrtke Fero-Term. Tu\u017enu vijest objavila je sama tvrtka preko slu\u017ebenog Facebook profila, gdje su se zaposlenici i suradnici emotivnom porukom oprostili od \u010dovjeka koji je prije vi\u0161e od tri desetlje\u0107a postavio temelje uspje\u0161ne poslovne pri\u010de. Iz Fero-Terma su poru\u010dili kako se s dubokom tugom [&hellip;]<\/p>\n","protected":false},"author":25,"featured_media":102843,"comment_status":"closed","ping_status":"closed","sticky":false,"template":"","format":"standard","meta":{"limit_modified_date":"1","last_modified_date":"","jnews-multi-image_gallery":[],"jnews_single_post":{"format":"standard","override":[{"template":"3","parallax":"1","fullscreen":"1","layout":"right-sidebar","sidebar":"default-sidebar","second_sidebar":"default-sidebar","sticky_sidebar":"1","share_position":"top","share_float_style":"share-monocrhome","show_featured":"1","show_post_meta":"1","show_post_author":"1","show_post_author_image":"1","show_post_date":"1","post_date_format":"default","post_date_format_custom":"Y\/m\/d","show_post_category":"1","show_post_reading_time":"1","post_reading_time_wpm":"300","post_calculate_word_method":"str_word_count","zoom_button_out_step":"2","zoom_button_in_step":"3","show_post_tag":"1","show_popup_post":"1","show_comment_section":"1","number_popup_post":"1","show_post_related":"1"}],"image_override":[{"single_post_thumbnail_size":"crop-500","single_post_gallery_size":"crop-500"}],"trending_post_position":"meta","trending_post_label":"Trending","sponsored_post_label":"Sponsored by","disable_ad":"0","subtitle":"Iz Fero-Terma su poru\u010dili kako se s dubokom tugom opra\u0161taju od svog osniva\u010da, \u010dija je vizija obilje\u017eila razvoj tvrtke i utjecala na generacije zaposlenika"},"jnews_primary_category":[],"jnews_override_counter":{"view_counter_number":"0","share_counter_number":"0","like_counter_number":"0","dislike_counter_number":"0"},"footnotes":""},"categories":[92],"tags":[8160,23855,23856,23854,23853,23852,23851,23857,122,22686,15554],"class_list":["post-102842","post","type-post","status-publish","format-standard","has-post-thumbnail","hentry","category-info","tag-fero-term","tag-fero-term-vijesti","tag-gospodarstvo-hrvatska","tag-hrvatsko-poduzetnistvo","tag-osnivac-fero-terma","tag-preminuo-sime-gudeljevic","tag-sime-gudeljevic","tag-smrt-sime-gudeljevica","tag-velika-gorica","tag-vg-info","tag-vg-vijesti"],"yoast_head":"<!-- This site is optimized with the Yoast SEO Premium plugin v27.4 (Yoast SEO v27.4) - https:\/\/yoast.com\/product\/yoast-seo-premium-wordpress\/ -->\n<title>U 76. godini \u017eivota: Preminuo \u0160ime Gudeljevi\u0107, osniva\u010d Fero-Terma - Gorica Info<\/title>\n<meta name=\"description\" content=\"U 76. godini \u017eivota preminuo je \u0160ime Gudeljevi\u0107, osniva\u010d i vlasnik tvrtke Fero-Term. Tvrtka se emotivnom porukom oprostila vlasnika.\" \/>\n<meta name=\"robots\" content=\"index, follow, max-snippet:-1, max-image-preview:large, max-video-preview:-1\" \/>\n<link rel=\"canonical\" href=\"https:\/\/gorica.info\/en\/u-76-godini-zivota-preminuo-sime-gudeljevic-osnivac-fero-terma\/\" \/>\n<meta property=\"og:locale\" content=\"en_US\" \/>\n<meta property=\"og:type\" content=\"article\" \/>\n<meta property=\"og:title\" content=\"U 76. godini \u017eivota: Preminuo \u0160ime Gudeljevi\u0107, osniva\u010d Fero-Terma\" \/>\n<meta property=\"og:description\" content=\"U 76. godini \u017eivota preminuo je \u0160ime Gudeljevi\u0107, osniva\u010d i vlasnik tvrtke Fero-Term. Tvrtka se emotivnom porukom oprostila vlasnika.\" \/>\n<meta property=\"og:url\" content=\"https:\/\/gorica.info\/en\/u-76-godini-zivota-preminuo-sime-gudeljevic-osnivac-fero-terma\/\" \/>\n<meta property=\"og:site_name\" content=\"Gorica Info\" \/>\n<meta property=\"article:publisher\" content=\"https:\/\/www.facebook.com\/Goricainfo-106005144489262\" \/>\n<meta property=\"article:published_time\" content=\"2026-03-12T14:33:35+00:00\" \/>\n<meta property=\"article:modified_time\" content=\"2026-04-11T14:35:55+00:00\" \/>\n<meta property=\"og:image\" content=\"https:\/\/gorica.info\/wp-content\/uploads\/2026\/03\/sime-gudeljevic-fero-term.jpg\" \/>\n\t<meta property=\"og:image:width\" content=\"1200\" \/>\n\t<meta property=\"og:image:height\" content=\"634\" \/>\n\t<meta property=\"og:image:type\" content=\"image\/jpeg\" \/>\n<meta name=\"author\" content=\"Marta Horvat\" \/>\n<meta name=\"twitter:card\" content=\"summary_large_image\" \/>\n<meta name=\"twitter:creator\" content=\"@GoricaInfo\" \/>\n<meta name=\"twitter:site\" content=\"@GoricaInfo\" \/>\n<meta name=\"twitter:label1\" content=\"Written by\" \/>\n\t<meta name=\"twitter:data1\" content=\"Marta Horvat\" \/>\n\t<meta name=\"twitter:label2\" content=\"Est. reading time\" \/>\n\t<meta name=\"twitter:data2\" content=\"2 minutes\" \/>\n<meta name=\"geo.placename\" content=\"Velika Gorica\" \/>\n<meta name=\"geo.region\" content=\"Croatia\" \/>\n<!-- \/ Yoast SEO Premium plugin. -->","yoast_head_json":{"title":"U 76. godini \u017eivota: Preminuo \u0160ime Gudeljevi\u0107, osniva\u010d Fero-Terma - Gorica Info","description":"U 76. godini \u017eivota preminuo je \u0160ime Gudeljevi\u0107, osniva\u010d i vlasnik tvrtke Fero-Term. Tvrtka se emotivnom porukom oprostila vlasnika.","robots":{"index":"index","follow":"follow","max-snippet":"max-snippet:-1","max-image-preview":"max-image-preview:large","max-video-preview":"max-video-preview:-1"},"canonical":"https:\/\/gorica.info\/en\/u-76-godini-zivota-preminuo-sime-gudeljevic-osnivac-fero-terma\/","og_locale":"en_US","og_type":"article","og_title":"U 76. godini \u017eivota: Preminuo \u0160ime Gudeljevi\u0107, osniva\u010d Fero-Terma","og_description":"U 76. godini \u017eivota preminuo je \u0160ime Gudeljevi\u0107, osniva\u010d i vlasnik tvrtke Fero-Term. Tvrtka se emotivnom porukom oprostila vlasnika.","og_url":"https:\/\/gorica.info\/en\/u-76-godini-zivota-preminuo-sime-gudeljevic-osnivac-fero-terma\/","og_site_name":"Gorica Info","article_publisher":"https:\/\/www.facebook.com\/Goricainfo-106005144489262","article_published_time":"2026-03-12T14:33:35+00:00","article_modified_time":"2026-04-11T14:35:55+00:00","og_image":[{"width":1200,"height":634,"url":"https:\/\/gorica.info\/wp-content\/uploads\/2026\/03\/sime-gudeljevic-fero-term.jpg","type":"image\/jpeg"}],"author":"Marta Horvat","twitter_card":"summary_large_image","twitter_creator":"@GoricaInfo","twitter_site":"@GoricaInfo","twitter_misc":{"Written by":"Marta Horvat","Est. reading time":"2 minutes"},"schema":{"@context":"https:\/\/schema.org","@graph":[{"@type":"NewsArticle","@id":"https:\/\/gorica.info\/u-76-godini-zivota-preminuo-sime-gudeljevic-osnivac-fero-terma\/#article","isPartOf":{"@id":"https:\/\/gorica.info\/u-76-godini-zivota-preminuo-sime-gudeljevic-osnivac-fero-terma\/"},"author":{"name":"Marta Horvat","@id":"https:\/\/gorica.info\/#\/schema\/person\/b2df2f6fb2a9073c0fa5af2672befd52"},"headline":"U 76. godini \u017eivota: Preminuo \u0160ime Gudeljevi\u0107, osniva\u010d Fero-Terma","datePublished":"2026-03-12T14:33:35+00:00","dateModified":"2026-04-11T14:35:55+00:00","mainEntityOfPage":{"@id":"https:\/\/gorica.info\/u-76-godini-zivota-preminuo-sime-gudeljevic-osnivac-fero-terma\/"},"wordCount":356,"publisher":{"@id":"https:\/\/gorica.info\/#organization"},"image":{"@id":"https:\/\/gorica.info\/u-76-godini-zivota-preminuo-sime-gudeljevic-osnivac-fero-terma\/#primaryimage"},"thumbnailUrl":"https:\/\/gorica.info\/wp-content\/uploads\/2026\/03\/sime-gudeljevic-fero-term.jpg","keywords":["fero-term","Fero-Term vijesti","gospodarstvo Hrvatska","hrvatsko poduzetni\u0161tvo","osniva\u010d Fero-Terma","preminuo \u0160ime Gudeljevi\u0107","\u0160ime Gudeljevi\u0107","smrt \u0160ime Gudeljevi\u0107a","Velika Gorica","vg info","vg vijesti"],"articleSection":["INFO"],"inLanguage":"en-US","copyrightYear":"2026","copyrightHolder":{"@id":"https:\/\/gorica.info\/en\/#organization"}},{"@type":"WebPage","@id":"https:\/\/gorica.info\/u-76-godini-zivota-preminuo-sime-gudeljevic-osnivac-fero-terma\/","url":"https:\/\/gorica.info\/u-76-godini-zivota-preminuo-sime-gudeljevic-osnivac-fero-terma\/","name":"U 76. godini \u017eivota: Preminuo \u0160ime Gudeljevi\u0107, osniva\u010d Fero-Terma - Gorica Info","isPartOf":{"@id":"https:\/\/gorica.info\/#website"},"primaryImageOfPage":{"@id":"https:\/\/gorica.info\/u-76-godini-zivota-preminuo-sime-gudeljevic-osnivac-fero-terma\/#primaryimage"},"image":{"@id":"https:\/\/gorica.info\/u-76-godini-zivota-preminuo-sime-gudeljevic-osnivac-fero-terma\/#primaryimage"},"thumbnailUrl":"https:\/\/gorica.info\/wp-content\/uploads\/2026\/03\/sime-gudeljevic-fero-term.jpg","datePublished":"2026-03-12T14:33:35+00:00","dateModified":"2026-04-11T14:35:55+00:00","description":"U 76. godini \u017eivota preminuo je \u0160ime Gudeljevi\u0107, osniva\u010d i vlasnik tvrtke Fero-Term. Tvrtka se emotivnom porukom oprostila vlasnika.","breadcrumb":{"@id":"https:\/\/gorica.info\/u-76-godini-zivota-preminuo-sime-gudeljevic-osnivac-fero-terma\/#breadcrumb"},"inLanguage":"en-US","potentialAction":[{"@type":"ReadAction","target":["https:\/\/gorica.info\/u-76-godini-zivota-preminuo-sime-gudeljevic-osnivac-fero-terma\/"]}]},{"@type":"ImageObject","inLanguage":"en-US","@id":"https:\/\/gorica.info\/u-76-godini-zivota-preminuo-sime-gudeljevic-osnivac-fero-terma\/#primaryimage","url":"https:\/\/gorica.info\/wp-content\/uploads\/2026\/03\/sime-gudeljevic-fero-term.jpg","contentUrl":"https:\/\/gorica.info\/wp-content\/uploads\/2026\/03\/sime-gudeljevic-fero-term.jpg","width":1200,"height":634,"caption":"\u0161ime gudeljevi\u0107"},{"@type":"BreadcrumbList","@id":"https:\/\/gorica.info\/u-76-godini-zivota-preminuo-sime-gudeljevic-osnivac-fero-terma\/#breadcrumb","itemListElement":[{"@type":"ListItem","position":1,"name":"Po\u010detna stranica","item":"https:\/\/gorica.info\/"},{"@type":"ListItem","position":2,"name":"U 76. godini \u017eivota: Preminuo \u0160ime Gudeljevi\u0107, osniva\u010d Fero-Terma"}]},{"@type":"WebSite","@id":"https:\/\/gorica.info\/#website","url":"https:\/\/gorica.info\/","name":"Gorica Info","description":"Vijesti iz Velike Gorice i okolice.","publisher":{"@id":"https:\/\/gorica.info\/#organization"},"potentialAction":[{"@type":"SearchAction","target":{"@type":"EntryPoint","urlTemplate":"https:\/\/gorica.info\/?s={search_term_string}"},"query-input":{"@type":"PropertyValueSpecification","valueRequired":true,"valueName":"search_term_string"}}],"inLanguage":"en-US"},{"@type":["Organization","Place","NewsMediaOrganization"],"@id":"https:\/\/gorica.info\/#organization","name":"Gorica Info","url":"https:\/\/gorica.info\/","logo":{"@id":"https:\/\/gorica.info\/u-76-godini-zivota-preminuo-sime-gudeljevic-osnivac-fero-terma\/#local-main-organization-logo"},"image":{"@id":"https:\/\/gorica.info\/u-76-godini-zivota-preminuo-sime-gudeljevic-osnivac-fero-terma\/#local-main-organization-logo"},"sameAs":["https:\/\/www.facebook.com\/Goricainfo-106005144489262","https:\/\/x.com\/GoricaInfo","https:\/\/www.instagram.com\/gorica.info\/"],"address":{"@id":"https:\/\/gorica.info\/u-76-godini-zivota-preminuo-sime-gudeljevic-osnivac-fero-terma\/#local-main-place-address"},"telephone":[],"openingHoursSpecification":[{"@type":"OpeningHoursSpecification","dayOfWeek":["Monday","Tuesday","Wednesday","Thursday","Friday","Saturday","Sunday"],"opens":"09:00","closes":"17:00"}],"email":"redakcija@gorica.info"},{"@type":"Person","@id":"https:\/\/gorica.info\/#\/schema\/person\/b2df2f6fb2a9073c0fa5af2672befd52","name":"Marta Horvat","description":"Marta Horvat je studentica koja redovito pi\u0161e za portal, prati sva gradska doga\u0111anja i u\u017eiva isprobavati nove recept koje dijeli s na\u0161im \u010ditateljima.","url":"https:\/\/gorica.info\/en\/author\/marta-horvat\/"},{"@type":"PostalAddress","@id":"https:\/\/gorica.info\/u-76-godini-zivota-preminuo-sime-gudeljevic-osnivac-fero-terma\/#local-main-place-address","streetAddress":"Horvatova 97","addressLocality":"Velika Gorica","postalCode":"10410","addressRegion":"Croatia","addressCountry":"HR"},{"@type":"ImageObject","inLanguage":"en-US","@id":"https:\/\/gorica.info\/u-76-godini-zivota-preminuo-sime-gudeljevic-osnivac-fero-terma\/#local-main-organization-logo","url":"https:\/\/gorica.info\/wp-content\/uploads\/2024\/07\/Gorica-Info-Logo-mali.png","contentUrl":"https:\/\/gorica.info\/wp-content\/uploads\/2024\/07\/Gorica-Info-Logo-mali.png","width":450,"height":85,"caption":"Gorica Info"}]},"geo.placename":"Velika Gorica","geo.region":"Croatia"},"_links":{"self":[{"href":"https:\/\/gorica.info\/en\/wp-json\/wp\/v2\/posts\/102842","targetHints":{"allow":["GET"]}}],"collection":[{"href":"https:\/\/gorica.info\/en\/wp-json\/wp\/v2\/posts"}],"about":[{"href":"https:\/\/gorica.info\/en\/wp-json\/wp\/v2\/types\/post"}],"author":[{"embeddable":true,"href":"https:\/\/gorica.info\/en\/wp-json\/wp\/v2\/users\/25"}],"replies":[{"embeddable":true,"href":"https:\/\/gorica.info\/en\/wp-json\/wp\/v2\/comments?post=102842"}],"version-history":[{"count":3,"href":"https:\/\/gorica.info\/en\/wp-json\/wp\/v2\/posts\/102842\/revisions"}],"predecessor-version":[{"id":102846,"href":"https:\/\/gorica.info\/en\/wp-json\/wp\/v2\/posts\/102842\/revisions\/102846"}],"wp:featuredmedia":[{"embeddable":true,"href":"https:\/\/gorica.info\/en\/wp-json\/wp\/v2\/media\/102843"}],"wp:attachment":[{"href":"https:\/\/gorica.info\/en\/wp-json\/wp\/v2\/media?parent=102842"}],"wp:term":[{"taxonomy":"category","embeddable":true,"href":"https:\/\/gorica.info\/en\/wp-json\/wp\/v2\/categories?post=102842"},{"taxonomy":"post_tag","embeddable":true,"href":"https:\/\/gorica.info\/en\/wp-json\/wp\/v2\/tags?post=102842"}],"curies":[{"name":"wp","href":"https:\/\/api.w.org\/{rel}","templated":true}]}}