{"id":105843,"date":"2026-03-26T08:57:02","date_gmt":"2026-03-26T07:57:02","guid":{"rendered":"https:\/\/gorica.info\/?p=105843"},"modified":"2026-03-26T08:57:00","modified_gmt":"2026-03-26T07:57:00","slug":"zrakoplovna-tehnicka-skole-rudolfa-peresina-proslavila-50-godina-postojanja","status":"publish","type":"post","link":"https:\/\/gorica.info\/en\/zrakoplovna-tehnicka-skole-rudolfa-peresina-proslavila-50-godina-postojanja\/","title":{"rendered":"Zrakoplovna tehni\u010dka \u0161kole Rudolfa Pere\u0161ina proslavila 50 godina postojanja"},"content":{"rendered":"<p><span style=\"font-size: 20px;\"><strong>Zrakoplovna tehni\u010dka \u0161kola Rudolfa Pere\u0161ina<\/strong> proslavila je <strong>50 godina rada<\/strong>. Ova zna\u010dajna obljetnica okupila je brojne uzvanike, biv\u0161e i sada\u0161nje u\u010denike, profesore, predstavnike zrakoplovne industrije, predstavnike dr\u017eavnih institucija. Proslava je organizirana na ro\u0111endan ratnog heroja \u010dije ime \u0161kola nosi, a me\u0111u uzvanicima je bila i udovica Rudolfa <strong>Pere\u0161ina Ljerka Pere\u0161in<\/strong>.\u00a0<\/span><\/p>\n<p><span style=\"font-size: 20px;\">Prigodnim programom u Pu\u010dkom u\u010dili\u0161tu, koji su vodili u\u010denici tre\u0107ih razreda <strong>Lara Kne\u017eevi\u0107<\/strong>, <strong>Arman Osmani<\/strong> i <strong>Nika Pavlovi\u0107<\/strong>, podsjetili su za\u0161to je Zrakoplovna \u0161kola jedna od najva\u017enijih o<strong>brazovnih institucija u podru\u010dju zrakoplovstva<\/strong> u Hrvatskoj.<\/span><\/p>\n<p><img fetchpriority=\"high\" decoding=\"async\" class=\"alignnone wp-image-105850 size-full\" src=\"https:\/\/gorica.info\/wp-content\/uploads\/2026\/03\/zrakoplovna-skola-uzvanici.jpg\" alt=\"\" width=\"1500\" height=\"1125\" srcset=\"https:\/\/gorica.info\/wp-content\/uploads\/2026\/03\/zrakoplovna-skola-uzvanici.jpg 1500w, https:\/\/gorica.info\/wp-content\/uploads\/2026\/03\/zrakoplovna-skola-uzvanici-300x225.jpg 300w, https:\/\/gorica.info\/wp-content\/uploads\/2026\/03\/zrakoplovna-skola-uzvanici-1024x768.jpg 1024w, https:\/\/gorica.info\/wp-content\/uploads\/2026\/03\/zrakoplovna-skola-uzvanici-768x576.jpg 768w, https:\/\/gorica.info\/wp-content\/uploads\/2026\/03\/zrakoplovna-skola-uzvanici-16x12.jpg 16w, https:\/\/gorica.info\/wp-content\/uploads\/2026\/03\/zrakoplovna-skola-uzvanici-750x563.jpg 750w, https:\/\/gorica.info\/wp-content\/uploads\/2026\/03\/zrakoplovna-skola-uzvanici-1140x855.jpg 1140w\" sizes=\"(max-width: 1500px) 100vw, 1500px\" \/><\/p>\n<p><span style=\"font-size: 20px;\">U pozdravnom govoru ravnatelj \u0161kole<strong> Vedran \u0160arac<\/strong> istaknuo je va\u017enost \u0161kole za hrvatsko zrakoplovstvo jer obrazuje stru\u010dni kadar s kojim se svi mogu ponositi.<\/span><\/p>\n<p><img decoding=\"async\" class=\"alignnone wp-image-105851 size-full\" src=\"https:\/\/gorica.info\/wp-content\/uploads\/2026\/03\/zrakoplovna-skola-rodendan-ravnatelj.jpg\" alt=\"\" width=\"1077\" height=\"720\" srcset=\"https:\/\/gorica.info\/wp-content\/uploads\/2026\/03\/zrakoplovna-skola-rodendan-ravnatelj.jpg 1077w, https:\/\/gorica.info\/wp-content\/uploads\/2026\/03\/zrakoplovna-skola-rodendan-ravnatelj-300x201.jpg 300w, https:\/\/gorica.info\/wp-content\/uploads\/2026\/03\/zrakoplovna-skola-rodendan-ravnatelj-1024x685.jpg 1024w, https:\/\/gorica.info\/wp-content\/uploads\/2026\/03\/zrakoplovna-skola-rodendan-ravnatelj-768x513.jpg 768w, https:\/\/gorica.info\/wp-content\/uploads\/2026\/03\/zrakoplovna-skola-rodendan-ravnatelj-18x12.jpg 18w, https:\/\/gorica.info\/wp-content\/uploads\/2026\/03\/zrakoplovna-skola-rodendan-ravnatelj-750x501.jpg 750w\" sizes=\"(max-width: 1077px) 100vw, 1077px\" \/><\/p>\n<p><span style=\"font-size: 20px;\">&#8211; Na\u0161a \u0161kola jedan je od <strong>stupova hrvatskog \u0161kolstva<\/strong> u podru\u010dju zrakoplovstva, tehni\u010dkog obrazovanja i stru\u010dnog kadra s kakvim se Hrvatska mo\u017ee ponositi. Danas slavimo uspjehe generacije koje su pro\u0161le kroz na\u0161u \u0161kolu, ali i one koje sjede danas u na\u0161im klupama. Slavimo va\u0161e uspjehe, va\u0161e snove, budu\u0107e letove, bilo u zrakoplovstvu, tehnici ili bilo kojem pozivu koji \u0107ete odabrati. Jer ono \u0161to vas povezuje s na\u0161om \u0161kolom i Rudolfom Pere\u0161inom jest hrabrost da se u\u010di, raste i ide naprijed \u2013 rekao je \u0160arac.<\/span><\/p>\n<p><span style=\"font-size: 20px;\">U ovoj \u0161kolskoj godini Zrakoplovnu \u0161kolu <strong>polazi 316 u\u010denika<\/strong> uz stalan porast interesa u\u010denika. U prosjeku svake \u0161kolske godine na jedno upisno mjesto natje\u010de se\u00a0 pet do \u0161est u\u010denika.<\/span><\/p>\n<p><span style=\"font-size: 20px;\">Takvi rezultati, rekao je ravnatelj, obvezuje sve profesore i vodstvo \u0161kole da nastave tim pravcem kako bi bili mjesto sigurnog i kvalitetnog u\u010denja i odgoja budu\u0107ih generacija. Istaknuo je i uspjehe u\u010denika i djelatnika koji redovito ostvaruje odli\u010dne rezultate na razli\u010ditim natjecanjima, smotrama i projektima \u0161irom Hrvatske.<\/span><\/p>\n<p><span style=\"font-size: 20px;\">Od 2019. godine \u0161kola sudjeluje na Erasmus projektima i tako pru\u017ea u\u010denicima priliku da odu u inozemstvo i stje\u010du dragocjena znanja i iskustva. Posebno je istaknuto mobilnost u Austriji, \u0160panjolskoj, Ma\u0111arskoj\u2026<\/span><\/p>\n<div class=\"jeg_video_container jeg_video_content\"><iframe title=\"Zrakoplovna \u0161kola slavi 50 godina\" width=\"422\" height=\"750\" src=\"https:\/\/www.youtube.com\/embed\/XlGtJT2sjds?feature=oembed\" frameborder=\"0\" allow=\"accelerometer; autoplay; clipboard-write; encrypted-media; gyroscope; picture-in-picture; web-share\" referrerpolicy=\"strict-origin-when-cross-origin\" allowfullscreen><\/iframe><\/div>\n<p><span style=\"font-size: 20px;\"><a href=\"https:\/\/ss-zrakoplovna-rperesina-vg.skole.hr\/\">\u0160kola<\/a> se dugi niz godina suo\u010dava s problemom <strong>nedostatka adekvatnog prostora.<\/strong> \u0160kola je i danas na istoj lokaciji u sredi\u0161tu Zra\u010dne luke gdje je po\u010dela s radom prije 50 godina.<\/span><\/p>\n<p><span style=\"font-size: 20px;\">&#8211; Biti <strong>\u0161kola pored aerodroma<\/strong> je privilegija koju malo tko ima, ali istodobno izazov koji tra\u017ei viziju i hrabrost i potporu. Od samih po\u010detaka te davne 1976. godine bili smo osmi\u0161ljeni da \u017eivimo sa zrakoplovstvom. Na\u017ealost, i danas se nalazimo u identi\u010dnim prostornim uvjetima koji <strong>ne prate u potpunosti potrebe struke<\/strong> i nisu se zna\u010dajno promijenili u odnosu na 1976. \u2013 istaknuo je ravnatelj.<\/span><\/p>\n<p><img decoding=\"async\" class=\"alignnone wp-image-105845 size-full\" src=\"https:\/\/gorica.info\/wp-content\/uploads\/2026\/03\/zrakoplovna-skola-rodendan-5.jpg\" alt=\"\" width=\"1500\" height=\"1125\" srcset=\"https:\/\/gorica.info\/wp-content\/uploads\/2026\/03\/zrakoplovna-skola-rodendan-5.jpg 1500w, https:\/\/gorica.info\/wp-content\/uploads\/2026\/03\/zrakoplovna-skola-rodendan-5-300x225.jpg 300w, https:\/\/gorica.info\/wp-content\/uploads\/2026\/03\/zrakoplovna-skola-rodendan-5-1024x768.jpg 1024w, https:\/\/gorica.info\/wp-content\/uploads\/2026\/03\/zrakoplovna-skola-rodendan-5-768x576.jpg 768w, https:\/\/gorica.info\/wp-content\/uploads\/2026\/03\/zrakoplovna-skola-rodendan-5-16x12.jpg 16w, https:\/\/gorica.info\/wp-content\/uploads\/2026\/03\/zrakoplovna-skola-rodendan-5-750x563.jpg 750w, https:\/\/gorica.info\/wp-content\/uploads\/2026\/03\/zrakoplovna-skola-rodendan-5-1140x855.jpg 1140w\" sizes=\"(max-width: 1500px) 100vw, 1500px\" \/><\/p>\n<p><span style=\"font-size: 20px;\">Zahvalni su osniva\u010du,<strong> Zagreba\u010dkoj \u017eupaniji<\/strong>, na svemu \u0161to je dosad ulo\u017eeno u \u0161kolu, ali dobre prilike za kori\u0161tenje namjenskih europskih sredstava prolaze pored nas, kazao je \u0160arac.<\/span><\/p>\n<p><span style=\"font-size: 20px;\"> Ne zato \u0161to mi ne bismo bili spremni ih iskoristiti ve\u0107 zato \u0161to p<strong>redugo \u010dekamo klju\u010dne odluke<\/strong>. Puno stvari smo odradili u proteklim godinama, ali su procesi dugotrajni spori i administrativno slo\u017eeni, rekao je ravnatelj.<\/span><\/p>\n<p><span style=\"font-size: 20px;\">Ravnatelj se nada da \u0107e se stvari promijeniti na bolje i da \u0107e se Vlada i koncesionar zra\u010dne luke dogovoriti i omogu\u0107iti izgradnju \u0161kole na postoje\u0107oj lokaciji jer je to svima \u017eelja. <\/span><\/p>\n<p><span style=\"font-size: 20px;\">Nadamo se da \u0107e<strong> 60-obljetnica \u0161kole<\/strong> biti obilje\u017eena u novom modernom prostoru na sada\u0161njoj lokaciji gdje smo i danas. Zahvalio je partnerima kod kojih u\u010denici odra\u0111uju stru\u010dnu praksu, a to su ZTC, Croatia Airlines, Hrvatsko ratno zrakoplovstvo, Me\u0111unarodna zra\u010dna luka Zagreb, ECOS pilotskoj \u0161koli, FPZ-u, Zrakoplovnoj jedinice MUP-a Lu\u010dko.<\/span><\/p>\n<p><img loading=\"lazy\" decoding=\"async\" class=\"alignnone wp-image-105844 size-full\" src=\"https:\/\/gorica.info\/wp-content\/uploads\/2026\/03\/zrakoplovna-skola-rodendan-4.jpg\" alt=\"\" width=\"1500\" height=\"1125\" srcset=\"https:\/\/gorica.info\/wp-content\/uploads\/2026\/03\/zrakoplovna-skola-rodendan-4.jpg 1500w, https:\/\/gorica.info\/wp-content\/uploads\/2026\/03\/zrakoplovna-skola-rodendan-4-300x225.jpg 300w, https:\/\/gorica.info\/wp-content\/uploads\/2026\/03\/zrakoplovna-skola-rodendan-4-1024x768.jpg 1024w, https:\/\/gorica.info\/wp-content\/uploads\/2026\/03\/zrakoplovna-skola-rodendan-4-768x576.jpg 768w, https:\/\/gorica.info\/wp-content\/uploads\/2026\/03\/zrakoplovna-skola-rodendan-4-16x12.jpg 16w, https:\/\/gorica.info\/wp-content\/uploads\/2026\/03\/zrakoplovna-skola-rodendan-4-750x563.jpg 750w, https:\/\/gorica.info\/wp-content\/uploads\/2026\/03\/zrakoplovna-skola-rodendan-4-1140x855.jpg 1140w\" sizes=\"(max-width: 1500px) 100vw, 1500px\" \/><\/p>\n<h3><strong><span style=\"font-size: 20px;\">Pola stolje\u0107a tradicije i znanja<\/span><\/strong><\/h3>\n<p><span style=\"font-size: 20px;\">Osnovana prije 50 godina, Zrakoplovna tehni\u010dka \u0161kola Rudolfa Pere\u0161ina izrasla je u <strong>sredi\u0161nje mjesto obrazovanja stru\u010dnjaka<\/strong> koji danas \u010dine okosnicu hrvatskog zrakoplovstva. Kroz njezine u\u010dionice i radionice pro\u0161le su generacije tehni\u010dara, mehani\u010dara i stru\u010dnjaka koji danas rade u zra\u010dnim lukama, zrakoplovnim kompanijama, servisnim centrima i vojnim postrojbama.<\/span><\/p>\n<p><span style=\"font-size: 20px;\"><strong>Momir Karin<\/strong> iz Ministarstva znanosti, obrazovanja i mladih govorio je o radu \u0161kole te istaknuo njezinu specifi\u010dna jer obrazuje kadrove koji su vrlo bitni za civilni i vojni sektor, oni koji imaju specifi\u010dna znanja i sposobnosti. Zapreka za izgradnju nove \u0161kole nije nedostatak sredstava nego neke druge okolnosti, nadamo se da \u0107e se osniva\u010d i \u0161kola zajedno raditi da dobiju suvremene prostore jer kadrove ve\u0107 ima, rekao je Karin.<\/span><\/p>\n<p><img loading=\"lazy\" decoding=\"async\" class=\"alignnone wp-image-105846 size-full\" src=\"https:\/\/gorica.info\/wp-content\/uploads\/2026\/03\/zrakoplovna-skola-rodendan-6.jpg\" alt=\"\" width=\"1500\" height=\"1125\" srcset=\"https:\/\/gorica.info\/wp-content\/uploads\/2026\/03\/zrakoplovna-skola-rodendan-6.jpg 1500w, https:\/\/gorica.info\/wp-content\/uploads\/2026\/03\/zrakoplovna-skola-rodendan-6-300x225.jpg 300w, https:\/\/gorica.info\/wp-content\/uploads\/2026\/03\/zrakoplovna-skola-rodendan-6-1024x768.jpg 1024w, https:\/\/gorica.info\/wp-content\/uploads\/2026\/03\/zrakoplovna-skola-rodendan-6-768x576.jpg 768w, https:\/\/gorica.info\/wp-content\/uploads\/2026\/03\/zrakoplovna-skola-rodendan-6-16x12.jpg 16w, https:\/\/gorica.info\/wp-content\/uploads\/2026\/03\/zrakoplovna-skola-rodendan-6-750x563.jpg 750w, https:\/\/gorica.info\/wp-content\/uploads\/2026\/03\/zrakoplovna-skola-rodendan-6-1140x855.jpg 1140w\" sizes=\"(max-width: 1500px) 100vw, 1500px\" \/><\/p>\n<p><span style=\"font-size: 20px;\">\u0160kola ima iznimno va\u017enu ulogu u razvoju civilnog zrakoplovstva u Hrvatskoj. Upravo iz ove \u0161kole dolaze stru\u010dnjaci koji osiguravaju sigurnost i funkcionalnost zrakoplova, od odr\u017eavanja do tehni\u010dkih pregleda.<\/span><\/p>\n<p><span style=\"font-size: 20px;\">U vremenu kada zra\u010dni promet bilje\u017ei stalni rast, potreba za kvalificiranim kadrom postaje sve ve\u0107a. \u0160kola svojim programima odgovara na te izazove, pru\u017eaju\u0107i u\u010denicima prakti\u010dna znanja i vje\u0161tine koje su odmah primjenjive u industriji.<\/span><\/p>\n<h3><strong><span style=\"font-size: 20px;\">Neizostavan stup vojnog zrakoplovstva<\/span><\/strong><\/h3>\n<p><span style=\"font-size: 20px;\">Osim civilnog sektora, \u0161kola ima i klju\u010dnu ulogu u razvoju vojnog zrakoplovstva. Mnogi njezini biv\u0161i u\u010denici danas su dio tehni\u010dkog osoblja koje odr\u017eava i servisira vojne zrakoplove, \u010dime izravno doprinose sigurnosti i obrambenim sposobnostima Hrvatske, rekao je dr\u017eavni tajnik Ministarstva obrane <strong>Branko Hrg.<\/strong><\/span><\/p>\n<p><span style=\"font-size: 20px;\">Suradnja s vojnim institucijama dodatno osna\u017euje obrazovni program i omogu\u0107uje u\u010denicima uvid u specifi\u010dne zahtjeve vojne industrije.<\/span><\/p>\n<p><img loading=\"lazy\" decoding=\"async\" class=\"alignnone wp-image-105847 size-full\" src=\"https:\/\/gorica.info\/wp-content\/uploads\/2026\/03\/zrakoplovna-skola-rodendan-7.jpg\" alt=\"\" width=\"1500\" height=\"1125\" srcset=\"https:\/\/gorica.info\/wp-content\/uploads\/2026\/03\/zrakoplovna-skola-rodendan-7.jpg 1500w, https:\/\/gorica.info\/wp-content\/uploads\/2026\/03\/zrakoplovna-skola-rodendan-7-300x225.jpg 300w, https:\/\/gorica.info\/wp-content\/uploads\/2026\/03\/zrakoplovna-skola-rodendan-7-1024x768.jpg 1024w, https:\/\/gorica.info\/wp-content\/uploads\/2026\/03\/zrakoplovna-skola-rodendan-7-768x576.jpg 768w, https:\/\/gorica.info\/wp-content\/uploads\/2026\/03\/zrakoplovna-skola-rodendan-7-16x12.jpg 16w, https:\/\/gorica.info\/wp-content\/uploads\/2026\/03\/zrakoplovna-skola-rodendan-7-750x563.jpg 750w, https:\/\/gorica.info\/wp-content\/uploads\/2026\/03\/zrakoplovna-skola-rodendan-7-1140x855.jpg 1140w\" sizes=\"(max-width: 1500px) 100vw, 1500px\" \/><\/p>\n<h3><strong><span style=\"font-size: 20px;\">\u0160kola koja stvara budu\u0107nost zrakoplovstva<\/span><\/strong><\/h3>\n<p><span style=\"font-size: 20px;\">Na sve\u010danosti su dodijeljene stipendije 10. generaciji stipendista Hrvatskog ratnog zrakoplovstva. To su ove godine <strong>Luka Bano\u017ei\u0107<\/strong>, <strong>Tvrtko Bari\u0161i\u0107<\/strong>, <strong>Kira Doroti\u0107<\/strong>, <strong>Filip Hodak<\/strong>, <strong>Julija Ze\u010devi\u0107<\/strong>, <strong>Lukas Bari\u0107<\/strong>, <strong>David Jelove\u010dki<\/strong>, <strong>Nino Komu\u0161ar<\/strong> i <strong>Filip Sara\u010devi\u0107.<\/strong><\/span><\/p>\n<p><img loading=\"lazy\" decoding=\"async\" class=\"alignnone wp-image-105849 size-full\" src=\"https:\/\/gorica.info\/wp-content\/uploads\/2026\/03\/zrakoplovna-skola-stipendisti.jpg\" alt=\"zrakoplovna\" width=\"1500\" height=\"1125\" srcset=\"https:\/\/gorica.info\/wp-content\/uploads\/2026\/03\/zrakoplovna-skola-stipendisti.jpg 1500w, https:\/\/gorica.info\/wp-content\/uploads\/2026\/03\/zrakoplovna-skola-stipendisti-300x225.jpg 300w, https:\/\/gorica.info\/wp-content\/uploads\/2026\/03\/zrakoplovna-skola-stipendisti-1024x768.jpg 1024w, https:\/\/gorica.info\/wp-content\/uploads\/2026\/03\/zrakoplovna-skola-stipendisti-768x576.jpg 768w, https:\/\/gorica.info\/wp-content\/uploads\/2026\/03\/zrakoplovna-skola-stipendisti-16x12.jpg 16w, https:\/\/gorica.info\/wp-content\/uploads\/2026\/03\/zrakoplovna-skola-stipendisti-750x563.jpg 750w, https:\/\/gorica.info\/wp-content\/uploads\/2026\/03\/zrakoplovna-skola-stipendisti-1140x855.jpg 1140w\" sizes=\"(max-width: 1500px) 100vw, 1500px\" \/><\/p>\n<p><span style=\"font-size: 20px;\">U umjetni\u010dkom dijelu programu u\u010denici su pokazali koliko su vje\u0161ti i u scenskom nastupu, a glavna zvijezda bio je <strong>Martin Kosovec<\/strong>, biv\u0161i u\u010denik i pobjednik <a href=\"https:\/\/gorica.info\/en\/goricki-maturant-martin-kosovec-pobjednik-je-cetvrte-sezone-the-voicea-dobio-je-vise-od-88-tisuca-glasova-publike\/\">The Voicea.<\/a><\/span><\/p>\n<p><img loading=\"lazy\" decoding=\"async\" class=\"alignnone wp-image-105852 size-full\" src=\"https:\/\/gorica.info\/wp-content\/uploads\/2026\/03\/zrakoplovna-skola-martin-kosovec.jpg\" alt=\"\" width=\"1500\" height=\"1125\" srcset=\"https:\/\/gorica.info\/wp-content\/uploads\/2026\/03\/zrakoplovna-skola-martin-kosovec.jpg 1500w, https:\/\/gorica.info\/wp-content\/uploads\/2026\/03\/zrakoplovna-skola-martin-kosovec-300x225.jpg 300w, https:\/\/gorica.info\/wp-content\/uploads\/2026\/03\/zrakoplovna-skola-martin-kosovec-1024x768.jpg 1024w, https:\/\/gorica.info\/wp-content\/uploads\/2026\/03\/zrakoplovna-skola-martin-kosovec-768x576.jpg 768w, https:\/\/gorica.info\/wp-content\/uploads\/2026\/03\/zrakoplovna-skola-martin-kosovec-16x12.jpg 16w, https:\/\/gorica.info\/wp-content\/uploads\/2026\/03\/zrakoplovna-skola-martin-kosovec-750x563.jpg 750w, https:\/\/gorica.info\/wp-content\/uploads\/2026\/03\/zrakoplovna-skola-martin-kosovec-1140x855.jpg 1140w\" sizes=\"(max-width: 1500px) 100vw, 1500px\" \/><\/p>\n<p><span style=\"font-size: 20px;\">Posjetitelji su ispred Pu\u010dkog u\u010dili\u0161ta i u predvorju mogli razgledati modele razli\u010ditih letjelica.<\/span><\/p>\n<p><img loading=\"lazy\" decoding=\"async\" class=\"alignnone wp-image-105848 size-full\" src=\"https:\/\/gorica.info\/wp-content\/uploads\/2026\/03\/zrakoplovna-skola-rodendan-8.jpg\" alt=\"zrakoplovna\" width=\"1500\" height=\"1125\" srcset=\"https:\/\/gorica.info\/wp-content\/uploads\/2026\/03\/zrakoplovna-skola-rodendan-8.jpg 1500w, https:\/\/gorica.info\/wp-content\/uploads\/2026\/03\/zrakoplovna-skola-rodendan-8-300x225.jpg 300w, https:\/\/gorica.info\/wp-content\/uploads\/2026\/03\/zrakoplovna-skola-rodendan-8-1024x768.jpg 1024w, https:\/\/gorica.info\/wp-content\/uploads\/2026\/03\/zrakoplovna-skola-rodendan-8-768x576.jpg 768w, https:\/\/gorica.info\/wp-content\/uploads\/2026\/03\/zrakoplovna-skola-rodendan-8-16x12.jpg 16w, https:\/\/gorica.info\/wp-content\/uploads\/2026\/03\/zrakoplovna-skola-rodendan-8-750x563.jpg 750w, https:\/\/gorica.info\/wp-content\/uploads\/2026\/03\/zrakoplovna-skola-rodendan-8-1140x855.jpg 1140w\" sizes=\"(max-width: 1500px) 100vw, 1500px\" \/><\/p>\n<p><span style=\"font-size: 20px;\">Zrakoplovna tehni\u010dka \u0161kola Rudolfa Pere\u0161ina tijekom pola stolje\u0107a postala je sinonim za kvalitetno tehni\u010dko obrazovanje i pouzdan izvor stru\u010dnog kadra. Njezina uloga u razvoju civilnog i vojnog zrakoplovstva u Hrvatskoj neprocjenjiva je, a obljetnica je jo\u0161 jednom potvrdila njezin zna\u010daj.<\/span><\/p>\n<p><span style=\"font-size: 20px;\"><em>Programski sadr\u017eaj nastao u suradnji sa Zagreba\u010dkom \u017eupanijom<\/em><\/span><\/p>","protected":false},"excerpt":{"rendered":"<p>Zrakoplovna tehni\u010dka \u0161kola Rudolfa Pere\u0161ina proslavila je 50 godina rada. Ova zna\u010dajna obljetnica okupila je brojne uzvanike, biv\u0161e i sada\u0161nje u\u010denike, profesore, predstavnike zrakoplovne industrije, predstavnike dr\u017eavnih institucija. Proslava je organizirana na ro\u0111endan ratnog heroja \u010dije ime \u0161kola nosi, a me\u0111u uzvanicima je bila i udovica Rudolfa Pere\u0161ina Ljerka Pere\u0161in.\u00a0 Prigodnim programom u Pu\u010dkom u\u010dili\u0161tu, [&hellip;]<\/p>\n","protected":false},"author":23,"featured_media":105853,"comment_status":"closed","ping_status":"closed","sticky":false,"template":"","format":"standard","meta":{"limit_modified_date":"1","last_modified_date":"","jnews-multi-image_gallery":[],"jnews_single_post":{"format":"standard","override":[{"template":"3","parallax":"1","fullscreen":"1","layout":"right-sidebar","sidebar":"default-sidebar","second_sidebar":"default-sidebar","sticky_sidebar":"1","share_position":"top","share_float_style":"share-monocrhome","show_featured":"1","show_post_meta":"1","show_post_author":"1","show_post_author_image":"1","show_post_date":"1","post_date_format":"default","post_date_format_custom":"Y\/m\/d","show_post_category":"1","show_post_reading_time":"1","post_reading_time_wpm":"300","post_calculate_word_method":"str_word_count","zoom_button_out_step":"2","zoom_button_in_step":"3","show_post_tag":"1","show_popup_post":"1","show_comment_section":"1","number_popup_post":"1","show_post_related":"1"}],"image_override":[{"single_post_thumbnail_size":"crop-500","single_post_gallery_size":"crop-500"}],"trending_post_position":"meta","trending_post_label":"Trending","sponsored_post_label":"Sponsored by","disable_ad":"0","subtitle":"U ovoj \u0161kolskoj godini \u0161kolu polazi 316 u\u010denika uz stalan porast interesa \/\/\/ U prosjeku svake \u0161kolske godine na jedno upisno mjesto natje\u010de se\u00a0pet do \u0161est u\u010denika \/\/\/"},"jnews_primary_category":[],"jnews_override_counter":{"view_counter_number":"0","share_counter_number":"0","like_counter_number":"0","dislike_counter_number":"0"},"footnotes":""},"categories":[87],"tags":[24219,8147,24224,24222,122,22686,15554,24221,24218,24223,24220],"class_list":["post-105843","post","type-post","status-publish","format-standard","has-post-thumbnail","hentry","category-gorica","tag-50-godina-skole","tag-civilno-zrakoplovstvo","tag-obljetnica-skole","tag-obrazovanje-tehnicara","tag-velika-gorica","tag-vg-info","tag-vg-vijesti","tag-vojno-zrakoplovstvo","tag-zrakoplovna-tehnicka-skola-rudolf-peresin","tag-zrakoplovni-mehanicari","tag-zrakoplovstvo-hrvatska"],"yoast_head":"<!-- This site is optimized with the Yoast SEO Premium plugin v27.4 (Yoast SEO v27.4) - https:\/\/yoast.com\/product\/yoast-seo-premium-wordpress\/ -->\n<title>Zrakoplovna tehni\u010dka \u0161kole Rudolfa Pere\u0161ina proslavila 50 godina postojanja - Gorica Info<\/title>\n<meta name=\"description\" content=\"Obilje\u017eena je 50. obljetnica Zrakoplovne tehni\u010dke \u0161kole Rudolfa Pere\u0161ina, koja obrazuje stru\u010dnajke za civilno i vojno zrakoplovstvo.\" \/>\n<meta name=\"robots\" content=\"index, follow, max-snippet:-1, max-image-preview:large, max-video-preview:-1\" \/>\n<link rel=\"canonical\" href=\"https:\/\/gorica.info\/en\/zrakoplovna-tehnicka-skole-rudolfa-peresina-proslavila-50-godina-postojanja\/\" \/>\n<meta property=\"og:locale\" content=\"en_US\" \/>\n<meta property=\"og:type\" content=\"article\" \/>\n<meta property=\"og:title\" content=\"Zrakoplovna tehni\u010dka \u0161kole Rudolfa Pere\u0161ina proslavila 50 godina postojanja\" \/>\n<meta property=\"og:description\" content=\"Obilje\u017eena je 50. obljetnica Zrakoplovne tehni\u010dke \u0161kole Rudolfa Pere\u0161ina, koja obrazuje stru\u010dnajke za civilno i vojno zrakoplovstvo.\" \/>\n<meta property=\"og:url\" content=\"https:\/\/gorica.info\/en\/zrakoplovna-tehnicka-skole-rudolfa-peresina-proslavila-50-godina-postojanja\/\" \/>\n<meta property=\"og:site_name\" content=\"Gorica Info\" \/>\n<meta property=\"article:publisher\" content=\"https:\/\/www.facebook.com\/Goricainfo-106005144489262\" \/>\n<meta property=\"article:published_time\" content=\"2026-03-26T07:57:02+00:00\" \/>\n<meta property=\"og:image\" content=\"https:\/\/gorica.info\/wp-content\/uploads\/2026\/03\/zrakoplovna-skola-proslava.jpg\" \/>\n\t<meta property=\"og:image:width\" content=\"1200\" \/>\n\t<meta property=\"og:image:height\" content=\"634\" \/>\n\t<meta property=\"og:image:type\" content=\"image\/jpeg\" \/>\n<meta name=\"author\" content=\"Gorica. info\" \/>\n<meta name=\"twitter:card\" content=\"summary_large_image\" \/>\n<meta name=\"twitter:creator\" content=\"@GoricaInfo\" \/>\n<meta name=\"twitter:site\" content=\"@GoricaInfo\" \/>\n<meta name=\"twitter:label1\" content=\"Written by\" \/>\n\t<meta name=\"twitter:data1\" content=\"Gorica. info\" \/>\n\t<meta name=\"twitter:label2\" content=\"Est. reading time\" \/>\n\t<meta name=\"twitter:data2\" content=\"7 minutes\" \/>\n<meta name=\"geo.placename\" content=\"Velika Gorica\" \/>\n<meta name=\"geo.region\" content=\"Croatia\" \/>\n<!-- \/ Yoast SEO Premium plugin. -->","yoast_head_json":{"title":"Zrakoplovna tehni\u010dka \u0161kole Rudolfa Pere\u0161ina proslavila 50 godina postojanja - Gorica Info","description":"Obilje\u017eena je 50. obljetnica Zrakoplovne tehni\u010dke \u0161kole Rudolfa Pere\u0161ina, koja obrazuje stru\u010dnajke za civilno i vojno zrakoplovstvo.","robots":{"index":"index","follow":"follow","max-snippet":"max-snippet:-1","max-image-preview":"max-image-preview:large","max-video-preview":"max-video-preview:-1"},"canonical":"https:\/\/gorica.info\/en\/zrakoplovna-tehnicka-skole-rudolfa-peresina-proslavila-50-godina-postojanja\/","og_locale":"en_US","og_type":"article","og_title":"Zrakoplovna tehni\u010dka \u0161kole Rudolfa Pere\u0161ina proslavila 50 godina postojanja","og_description":"Obilje\u017eena je 50. obljetnica Zrakoplovne tehni\u010dke \u0161kole Rudolfa Pere\u0161ina, koja obrazuje stru\u010dnajke za civilno i vojno zrakoplovstvo.","og_url":"https:\/\/gorica.info\/en\/zrakoplovna-tehnicka-skole-rudolfa-peresina-proslavila-50-godina-postojanja\/","og_site_name":"Gorica Info","article_publisher":"https:\/\/www.facebook.com\/Goricainfo-106005144489262","article_published_time":"2026-03-26T07:57:02+00:00","og_image":[{"width":1200,"height":634,"url":"https:\/\/gorica.info\/wp-content\/uploads\/2026\/03\/zrakoplovna-skola-proslava.jpg","type":"image\/jpeg"}],"author":"Gorica. info","twitter_card":"summary_large_image","twitter_creator":"@GoricaInfo","twitter_site":"@GoricaInfo","twitter_misc":{"Written by":"Gorica. info","Est. reading time":"7 minutes"},"schema":{"@context":"https:\/\/schema.org","@graph":[{"@type":"NewsArticle","@id":"https:\/\/gorica.info\/zrakoplovna-tehnicka-skole-rudolfa-peresina-proslavila-50-godina-postojanja\/#article","isPartOf":{"@id":"https:\/\/gorica.info\/zrakoplovna-tehnicka-skole-rudolfa-peresina-proslavila-50-godina-postojanja\/"},"author":{"name":"Gorica. info","@id":"https:\/\/gorica.info\/#\/schema\/person\/4499af1f22f322670b9b5977ccc2e3de"},"headline":"Zrakoplovna tehni\u010dka \u0161kole Rudolfa Pere\u0161ina proslavila 50 godina postojanja","datePublished":"2026-03-26T07:57:02+00:00","mainEntityOfPage":{"@id":"https:\/\/gorica.info\/zrakoplovna-tehnicka-skole-rudolfa-peresina-proslavila-50-godina-postojanja\/"},"wordCount":1053,"publisher":{"@id":"https:\/\/gorica.info\/#organization"},"image":{"@id":"https:\/\/gorica.info\/zrakoplovna-tehnicka-skole-rudolfa-peresina-proslavila-50-godina-postojanja\/#primaryimage"},"thumbnailUrl":"https:\/\/gorica.info\/wp-content\/uploads\/2026\/03\/zrakoplovna-skola-proslava.jpg","keywords":["50 godina \u0161kole","civilno zrakoplovstvo","obljetnica \u0161kole","obrazovanje tehni\u010dara","Velika Gorica","vg info","vg vijesti","vojno zrakoplovstvo","Zrakoplovna tehni\u010dka \u0161kola Rudolf Pere\u0161in","zrakoplovni mehani\u010dari","zrakoplovstvo Hrvatska"],"articleSection":["GORICA"],"inLanguage":"en-US","copyrightYear":"2026","copyrightHolder":{"@id":"https:\/\/gorica.info\/en\/#organization"}},{"@type":"WebPage","@id":"https:\/\/gorica.info\/zrakoplovna-tehnicka-skole-rudolfa-peresina-proslavila-50-godina-postojanja\/","url":"https:\/\/gorica.info\/zrakoplovna-tehnicka-skole-rudolfa-peresina-proslavila-50-godina-postojanja\/","name":"Zrakoplovna tehni\u010dka \u0161kole Rudolfa Pere\u0161ina proslavila 50 godina postojanja - Gorica Info","isPartOf":{"@id":"https:\/\/gorica.info\/#website"},"primaryImageOfPage":{"@id":"https:\/\/gorica.info\/zrakoplovna-tehnicka-skole-rudolfa-peresina-proslavila-50-godina-postojanja\/#primaryimage"},"image":{"@id":"https:\/\/gorica.info\/zrakoplovna-tehnicka-skole-rudolfa-peresina-proslavila-50-godina-postojanja\/#primaryimage"},"thumbnailUrl":"https:\/\/gorica.info\/wp-content\/uploads\/2026\/03\/zrakoplovna-skola-proslava.jpg","datePublished":"2026-03-26T07:57:02+00:00","description":"Obilje\u017eena je 50. obljetnica Zrakoplovne tehni\u010dke \u0161kole Rudolfa Pere\u0161ina, koja obrazuje stru\u010dnajke za civilno i vojno zrakoplovstvo.","breadcrumb":{"@id":"https:\/\/gorica.info\/zrakoplovna-tehnicka-skole-rudolfa-peresina-proslavila-50-godina-postojanja\/#breadcrumb"},"inLanguage":"en-US","potentialAction":[{"@type":"ReadAction","target":["https:\/\/gorica.info\/zrakoplovna-tehnicka-skole-rudolfa-peresina-proslavila-50-godina-postojanja\/"]}]},{"@type":"ImageObject","inLanguage":"en-US","@id":"https:\/\/gorica.info\/zrakoplovna-tehnicka-skole-rudolfa-peresina-proslavila-50-godina-postojanja\/#primaryimage","url":"https:\/\/gorica.info\/wp-content\/uploads\/2026\/03\/zrakoplovna-skola-proslava.jpg","contentUrl":"https:\/\/gorica.info\/wp-content\/uploads\/2026\/03\/zrakoplovna-skola-proslava.jpg","width":1200,"height":634,"caption":"zrakoplovna"},{"@type":"BreadcrumbList","@id":"https:\/\/gorica.info\/zrakoplovna-tehnicka-skole-rudolfa-peresina-proslavila-50-godina-postojanja\/#breadcrumb","itemListElement":[{"@type":"ListItem","position":1,"name":"Po\u010detna stranica","item":"https:\/\/gorica.info\/"},{"@type":"ListItem","position":2,"name":"Zrakoplovna tehni\u010dka \u0161kole Rudolfa Pere\u0161ina proslavila 50 godina postojanja"}]},{"@type":"WebSite","@id":"https:\/\/gorica.info\/#website","url":"https:\/\/gorica.info\/","name":"Gorica Info","description":"Vijesti iz Velike Gorice i okolice.","publisher":{"@id":"https:\/\/gorica.info\/#organization"},"potentialAction":[{"@type":"SearchAction","target":{"@type":"EntryPoint","urlTemplate":"https:\/\/gorica.info\/?s={search_term_string}"},"query-input":{"@type":"PropertyValueSpecification","valueRequired":true,"valueName":"search_term_string"}}],"inLanguage":"en-US"},{"@type":["Organization","Place","NewsMediaOrganization"],"@id":"https:\/\/gorica.info\/#organization","name":"Gorica Info","url":"https:\/\/gorica.info\/","logo":{"@id":"https:\/\/gorica.info\/zrakoplovna-tehnicka-skole-rudolfa-peresina-proslavila-50-godina-postojanja\/#local-main-organization-logo"},"image":{"@id":"https:\/\/gorica.info\/zrakoplovna-tehnicka-skole-rudolfa-peresina-proslavila-50-godina-postojanja\/#local-main-organization-logo"},"sameAs":["https:\/\/www.facebook.com\/Goricainfo-106005144489262","https:\/\/x.com\/GoricaInfo","https:\/\/www.instagram.com\/gorica.info\/"],"address":{"@id":"https:\/\/gorica.info\/zrakoplovna-tehnicka-skole-rudolfa-peresina-proslavila-50-godina-postojanja\/#local-main-place-address"},"telephone":[],"openingHoursSpecification":[{"@type":"OpeningHoursSpecification","dayOfWeek":["Monday","Tuesday","Wednesday","Thursday","Friday","Saturday","Sunday"],"opens":"09:00","closes":"17:00"}],"email":"redakcija@gorica.info"},{"@type":"Person","@id":"https:\/\/gorica.info\/#\/schema\/person\/4499af1f22f322670b9b5977ccc2e3de","name":"Gorica. info","description":"Gorica.info je lokalni portal koji prati Veliku Goricu i okolici, svakodnevno donosi najnovije vijesti i pri\u010de, kulturna doga\u0111anja i aktualnosti koje oblikuju \u017eivot gra\u0111ana.","url":"https:\/\/gorica.info\/en\/author\/gorica-info\/"},{"@type":"PostalAddress","@id":"https:\/\/gorica.info\/zrakoplovna-tehnicka-skole-rudolfa-peresina-proslavila-50-godina-postojanja\/#local-main-place-address","streetAddress":"Horvatova 97","addressLocality":"Velika Gorica","postalCode":"10410","addressRegion":"Croatia","addressCountry":"HR"},{"@type":"ImageObject","inLanguage":"en-US","@id":"https:\/\/gorica.info\/zrakoplovna-tehnicka-skole-rudolfa-peresina-proslavila-50-godina-postojanja\/#local-main-organization-logo","url":"https:\/\/gorica.info\/wp-content\/uploads\/2024\/07\/Gorica-Info-Logo-mali.png","contentUrl":"https:\/\/gorica.info\/wp-content\/uploads\/2024\/07\/Gorica-Info-Logo-mali.png","width":450,"height":85,"caption":"Gorica Info"}]},"geo.placename":"Velika Gorica","geo.region":"Croatia"},"_links":{"self":[{"href":"https:\/\/gorica.info\/en\/wp-json\/wp\/v2\/posts\/105843","targetHints":{"allow":["GET"]}}],"collection":[{"href":"https:\/\/gorica.info\/en\/wp-json\/wp\/v2\/posts"}],"about":[{"href":"https:\/\/gorica.info\/en\/wp-json\/wp\/v2\/types\/post"}],"author":[{"embeddable":true,"href":"https:\/\/gorica.info\/en\/wp-json\/wp\/v2\/users\/23"}],"replies":[{"embeddable":true,"href":"https:\/\/gorica.info\/en\/wp-json\/wp\/v2\/comments?post=105843"}],"version-history":[{"count":5,"href":"https:\/\/gorica.info\/en\/wp-json\/wp\/v2\/posts\/105843\/revisions"}],"predecessor-version":[{"id":105878,"href":"https:\/\/gorica.info\/en\/wp-json\/wp\/v2\/posts\/105843\/revisions\/105878"}],"wp:featuredmedia":[{"embeddable":true,"href":"https:\/\/gorica.info\/en\/wp-json\/wp\/v2\/media\/105853"}],"wp:attachment":[{"href":"https:\/\/gorica.info\/en\/wp-json\/wp\/v2\/media?parent=105843"}],"wp:term":[{"taxonomy":"category","embeddable":true,"href":"https:\/\/gorica.info\/en\/wp-json\/wp\/v2\/categories?post=105843"},{"taxonomy":"post_tag","embeddable":true,"href":"https:\/\/gorica.info\/en\/wp-json\/wp\/v2\/tags?post=105843"}],"curies":[{"name":"wp","href":"https:\/\/api.w.org\/{rel}","templated":true}]}}