{"id":106411,"date":"2026-04-08T08:04:31","date_gmt":"2026-04-08T06:04:31","guid":{"rendered":"https:\/\/gorica.info\/?p=106411"},"modified":"2026-04-08T08:39:48","modified_gmt":"2026-04-08T06:39:48","slug":"odrzan-mlijecni-dan-ucenici-ucili-o-vaznosti-konzumacije-mlijeka-i-mlijecnih-proizvoda","status":"publish","type":"post","link":"https:\/\/gorica.info\/en\/odrzan-mlijecni-dan-ucenici-ucili-o-vaznosti-konzumacije-mlijeka-i-mlijecnih-proizvoda\/","title":{"rendered":"Odr\u017ean Mlije\u010dni dan: U\u010denici u\u010dili o va\u017enosti konzumacije mlijeka i mlije\u010dnih proizvoda"},"content":{"rendered":"<p><span style=\"font-size: 20px\"><strong>Hrvatska mljekarska udruga<\/strong> i Zagreba\u010dka \u017eupanija na <a href=\"https:\/\/gorica.info\/en\/svjetski-dan-zdravlja-besplatno-provjerite-tlak-i-secer-u-domu-zdravlja\/\"><strong>Svjetski dan zdravlja<\/strong><\/a> organizirali su <strong>Mlije\u010dni dan u Kri\u017eu<\/strong>, stavljaju\u0107i naglasak na va\u017enost pravilne prehrane djece i svakodnevnu konzumaciju mlijeka i mlije\u010dnih proizvoda.<\/span><\/p>\n<p><span style=\"font-size: 20px\">Odr\u017eavanjem edukativnoga Mlije\u010dnog dana <a href=\"https:\/\/hmu.hr\/\">Hrvatska mljekarska udruga<\/a> je u suradnji sa Zagreba\u010dkom \u017eupanijom poslala poruku o tome kako je svakodnevna konzumacija<strong> mlijeka i mlije\u010dnih proizvoda<\/strong> iznimno va\u017ena za ljude svih \u017eivotnih dobi, s posebnim naglaskom na najmla\u0111e, na djecu.<\/span><\/p>\n<p><img fetchpriority=\"high\" decoding=\"async\" class=\"alignnone wp-image-106415 size-full\" src=\"https:\/\/gorica.info\/wp-content\/uploads\/2026\/04\/mlijecni-dan-4.jpg\" alt=\"mlije\u010dni dan\" width=\"1280\" height=\"853\" srcset=\"https:\/\/gorica.info\/wp-content\/uploads\/2026\/04\/mlijecni-dan-4.jpg 1280w, https:\/\/gorica.info\/wp-content\/uploads\/2026\/04\/mlijecni-dan-4-300x200.jpg 300w, https:\/\/gorica.info\/wp-content\/uploads\/2026\/04\/mlijecni-dan-4-1024x682.jpg 1024w, https:\/\/gorica.info\/wp-content\/uploads\/2026\/04\/mlijecni-dan-4-768x512.jpg 768w, https:\/\/gorica.info\/wp-content\/uploads\/2026\/04\/mlijecni-dan-4-18x12.jpg 18w, https:\/\/gorica.info\/wp-content\/uploads\/2026\/04\/mlijecni-dan-4-750x500.jpg 750w, https:\/\/gorica.info\/wp-content\/uploads\/2026\/04\/mlijecni-dan-4-1140x760.jpg 1140w\" sizes=\"(max-width: 1280px) 100vw, 1280px\" \/><\/p>\n<p><span style=\"font-size: 20px\">Mlije\u010dni dan kojim se u\u010denike nastoji educirati o <strong>va\u017enosti konzumacije mlijeka i mlije\u010dnih proizvoda<\/strong> okupio je predstavnike vi\u0161e institucija.<\/span><\/p>\n<p><img decoding=\"async\" class=\"alignnone wp-image-106416 size-full\" src=\"https:\/\/gorica.info\/wp-content\/uploads\/2026\/04\/mlijecni-dan-7.jpg\" alt=\"mlije\u010dni dan\" width=\"1174\" height=\"823\" srcset=\"https:\/\/gorica.info\/wp-content\/uploads\/2026\/04\/mlijecni-dan-7.jpg 1174w, https:\/\/gorica.info\/wp-content\/uploads\/2026\/04\/mlijecni-dan-7-300x210.jpg 300w, https:\/\/gorica.info\/wp-content\/uploads\/2026\/04\/mlijecni-dan-7-1024x718.jpg 1024w, https:\/\/gorica.info\/wp-content\/uploads\/2026\/04\/mlijecni-dan-7-768x538.jpg 768w, https:\/\/gorica.info\/wp-content\/uploads\/2026\/04\/mlijecni-dan-7-18x12.jpg 18w, https:\/\/gorica.info\/wp-content\/uploads\/2026\/04\/mlijecni-dan-7-750x526.jpg 750w, https:\/\/gorica.info\/wp-content\/uploads\/2026\/04\/mlijecni-dan-7-1140x799.jpg 1140w\" sizes=\"(max-width: 1174px) 100vw, 1174px\" \/><\/p>\n<p><span style=\"font-size: 20px\">\u00a0Od iznimne je va\u017enosti sustavno raditi na usvajanju zdravih \u017eivotnih navika od najranije dobi, poru\u010dio je doc. dr. sc. Zdravko Bara\u0107, predsjednik Hrvatske mljekarske udruge, podsjetiv\u0161i da je mlijeko najkompletnija hrana, da uklju\u010duje visokovrijedne bjelan\u010devine, mlije\u010dnu mast, vi\u0161e od 40 minerala, vitamine\u2026 Istaknuo je i da su u obilje\u017eavanju Svjetskog dana zdravlja na ovaj na\u010din omogu\u0107ili u\u010denicima sudjelovanje u edukativnim i interaktivnim sadr\u017eajima koji promi\u010du zdrave \u017eivotne navike kroz dru\u017eenje, kviz znanja i degustacije.<\/span><\/p>\n<p><span style=\"font-size: 20px\"><strong>Zdravko Tu\u0161ek<\/strong>, dr\u017eavni tajnik u Ministarstvu poljoprivrede, istaknuo je va\u017enost doma\u0107e proizvodnje mlijeka i mlije\u010dnih proizvoda, ali i njezin doprinos i poljoprivrednoj proizvodnji Republike Hrvatske, a isto tako i njezinu va\u017enost u o\u010duvanju zdravlja i razvoju dru\u0161tva, uz temeljnu poruku: \u201eBudite veseli, zdravi i redovito konzumirajte mlijeko i mlije\u010dne proizvode\u201c.<\/span><\/p>\n<p><span style=\"font-size: 20px\">Ravnateljica Osnovne \u0161kole Milke Trnine u Kri\u017eu, koja je ugostila ovogodi\u0161nje odr\u017eavanje Mlije\u010dnog dana, istaknula je da se u \u0161koli svakodnevno posve\u0107uje pa\u017enja zdravoj prehrani, promicanju zdravih prehrambenih navika, te da su mlijeko i mlije\u010dni proizvodi neizostavan segment \u0161kolske u\u010deni\u010dke prehrane.<\/span><\/p>\n<p><span style=\"font-size: 20px\"><strong>Mr. sc Katarina Milkovi\u0107<\/strong>, ravnateljica Agencije za odgoj i obrazovanje, u svom je obra\u0107anju nazo\u010dnima poseban naglasak stavila na podr\u0161ku svim inicijativama koje pridonose razvoju zdravih \u017eivotnih navika i me\u0111upredmetnih tema vezanih uza zdravlje.<\/span><\/p>\n<p><img decoding=\"async\" class=\"alignnone wp-image-106414 size-full\" src=\"https:\/\/gorica.info\/wp-content\/uploads\/2026\/04\/mlijecni-dan-3.jpg\" alt=\"\" width=\"1280\" height=\"853\" srcset=\"https:\/\/gorica.info\/wp-content\/uploads\/2026\/04\/mlijecni-dan-3.jpg 1280w, https:\/\/gorica.info\/wp-content\/uploads\/2026\/04\/mlijecni-dan-3-300x200.jpg 300w, https:\/\/gorica.info\/wp-content\/uploads\/2026\/04\/mlijecni-dan-3-1024x682.jpg 1024w, https:\/\/gorica.info\/wp-content\/uploads\/2026\/04\/mlijecni-dan-3-768x512.jpg 768w, https:\/\/gorica.info\/wp-content\/uploads\/2026\/04\/mlijecni-dan-3-18x12.jpg 18w, https:\/\/gorica.info\/wp-content\/uploads\/2026\/04\/mlijecni-dan-3-750x500.jpg 750w, https:\/\/gorica.info\/wp-content\/uploads\/2026\/04\/mlijecni-dan-3-1140x760.jpg 1140w\" sizes=\"(max-width: 1280px) 100vw, 1280px\" \/><\/p>\n<p><span style=\"font-size: 20px\"><strong>Damir Tomljenovi\u0107<\/strong>, zamjenik \u017eupana Zagreba\u010dke \u017eupanije, istaknuo je da proizvodnja mlijeka zahtijeva velik trud, znanje i svakodnevan rad, te da je va\u017eno razumjeti koliko je zahtjevno proizvesti kvalitetan prehrambeni proizvod koji pridonosi na\u0161em zdravlju, uz poruku: \u201eVa\u017eno je razvijati svijest o o\u010duvanju vlastita zdravlja. Budite zdravi i dugovje\u010dni!\u201c<\/span><\/p>\n<p><span style=\"font-size: 20px\">Iznimno sadr\u017eajan program za djecu obuhvatio je<strong> glazbeni nastup u\u010denika<\/strong> te edukativno predavanje <strong>prof. dr. sc. Milne Tudor Kalit<\/strong> s Agronomskog fakulteta Sveu\u010dili\u0161ta u Zagrebu o prehrambenoj i zdravstvenoj vrijednosti mlijeka u dje\u010djoj prehrani.<\/span><\/p>\n<p><img loading=\"lazy\" decoding=\"async\" class=\"alignnone wp-image-106413 size-full\" src=\"https:\/\/gorica.info\/wp-content\/uploads\/2026\/04\/mlijecni-dan-2.jpg\" alt=\"\" width=\"1280\" height=\"853\" srcset=\"https:\/\/gorica.info\/wp-content\/uploads\/2026\/04\/mlijecni-dan-2.jpg 1280w, https:\/\/gorica.info\/wp-content\/uploads\/2026\/04\/mlijecni-dan-2-300x200.jpg 300w, https:\/\/gorica.info\/wp-content\/uploads\/2026\/04\/mlijecni-dan-2-1024x682.jpg 1024w, https:\/\/gorica.info\/wp-content\/uploads\/2026\/04\/mlijecni-dan-2-768x512.jpg 768w, https:\/\/gorica.info\/wp-content\/uploads\/2026\/04\/mlijecni-dan-2-18x12.jpg 18w, https:\/\/gorica.info\/wp-content\/uploads\/2026\/04\/mlijecni-dan-2-750x500.jpg 750w, https:\/\/gorica.info\/wp-content\/uploads\/2026\/04\/mlijecni-dan-2-1140x760.jpg 1140w\" sizes=\"(max-width: 1280px) 100vw, 1280px\" \/><\/p>\n<p><span style=\"font-size: 20px\">&#8211; Mlijeko je vrijedan izvor hranjivih tvari potrebnih za rast, razvoj i o\u010duvanje zdravlja. Sadr\u017eava visokokvalitetne bjelan\u010devine, vitamine B skupine i vitamin D te minerale, osobito kalcij, klju\u010dan za zdravlje kostiju i zubi. Redovita konzumacija mlijeka osobito je va\u017ena u djetinjstvu i adolescenciji, ali i u odrasloj dobi, kada mo\u017ee pridonijeti smanjenju rizika od bolesti poput osteoporoze. <\/span><\/p>\n<p><span style=\"font-size: 20px\">Osim toga, mlijeko poma\u017ee u odr\u017eavanju mi\u0161i\u0107ne mase i oporavku organizma nakon tjelesne aktivnosti. Uklju\u010divanje mlijeka i mlije\u010dnih proizvoda u uravnote\u017eenu prehranu predstavlja jednostavan, ali u\u010dinkovit korak prema o\u010duvanju zdravlja i kvalitete \u017eivota &#8211; istaknula je Tudor Kalit.<\/span><\/p>\n<p><img loading=\"lazy\" decoding=\"async\" class=\"alignnone wp-image-106420 size-full\" src=\"https:\/\/gorica.info\/wp-content\/uploads\/2026\/04\/mlijecni-dann-5.jpg\" alt=\"\" width=\"1280\" height=\"853\" srcset=\"https:\/\/gorica.info\/wp-content\/uploads\/2026\/04\/mlijecni-dann-5.jpg 1280w, https:\/\/gorica.info\/wp-content\/uploads\/2026\/04\/mlijecni-dann-5-300x200.jpg 300w, https:\/\/gorica.info\/wp-content\/uploads\/2026\/04\/mlijecni-dann-5-1024x682.jpg 1024w, https:\/\/gorica.info\/wp-content\/uploads\/2026\/04\/mlijecni-dann-5-768x512.jpg 768w, https:\/\/gorica.info\/wp-content\/uploads\/2026\/04\/mlijecni-dann-5-18x12.jpg 18w, https:\/\/gorica.info\/wp-content\/uploads\/2026\/04\/mlijecni-dann-5-750x500.jpg 750w, https:\/\/gorica.info\/wp-content\/uploads\/2026\/04\/mlijecni-dann-5-1140x760.jpg 1140w\" sizes=\"(max-width: 1280px) 100vw, 1280px\" \/><\/p>\n<p><span style=\"font-size: 20px\">U preostalom dijelu programa odr\u017eani su<strong> edukativni kviz, likovna izlo\u017eba u\u010deni\u010dkih radova<\/strong> na temu \u201e\u010ca\u0161a mlijeka \u2013 \u010da\u0161a zdravlja\u201c, a istaknuta je i va\u017enost primarne, farmske proizvodnje mlijeka. <\/span><\/p>\n<p><span style=\"font-size: 20px\">O toj temi, predstaviv\u0161i aktivnosti i poslove na farmi mlije\u010dnih krava, govorio je <strong>Rafael Hubak s OPG-a Hubak<\/strong> iz obli\u017enjeg Oke\u0161inca, kojeg je 2024. godine Hrvatska mljekarska udruga proglasila <strong>najuzornijim mladim proizvo\u0111a\u010dem mlijeka<\/strong>.<\/span><\/p>\n<p><span style=\"font-size: 20px\">Program je zavr\u0161io ku\u0161anjem \u0161iroke palete mlije\u010dnih proizvoda, koju su za ovu priliku rado ustupile hrvatske mljekare, uza zavr\u0161nu zdravicu svih nazo\u010dnih:\u00a0\u201eNazdravimo zdravlju \u010da\u0161om mlijeka!\u201c<\/span><\/p>\n<p><img loading=\"lazy\" decoding=\"async\" class=\"alignnone wp-image-106418 size-full\" src=\"https:\/\/gorica.info\/wp-content\/uploads\/2026\/04\/mlijecni-dan-izlozba.jpg\" alt=\"mlije\u010dni dan\" width=\"1280\" height=\"853\" srcset=\"https:\/\/gorica.info\/wp-content\/uploads\/2026\/04\/mlijecni-dan-izlozba.jpg 1280w, https:\/\/gorica.info\/wp-content\/uploads\/2026\/04\/mlijecni-dan-izlozba-300x200.jpg 300w, https:\/\/gorica.info\/wp-content\/uploads\/2026\/04\/mlijecni-dan-izlozba-1024x682.jpg 1024w, https:\/\/gorica.info\/wp-content\/uploads\/2026\/04\/mlijecni-dan-izlozba-768x512.jpg 768w, https:\/\/gorica.info\/wp-content\/uploads\/2026\/04\/mlijecni-dan-izlozba-18x12.jpg 18w, https:\/\/gorica.info\/wp-content\/uploads\/2026\/04\/mlijecni-dan-izlozba-750x500.jpg 750w, https:\/\/gorica.info\/wp-content\/uploads\/2026\/04\/mlijecni-dan-izlozba-1140x760.jpg 1140w\" sizes=\"(max-width: 1280px) 100vw, 1280px\" \/><\/p>","protected":false},"excerpt":{"rendered":"<p>Hrvatska mljekarska udruga i Zagreba\u010dka \u017eupanija na Svjetski dan zdravlja organizirali su Mlije\u010dni dan u Kri\u017eu, stavljaju\u0107i naglasak na va\u017enost pravilne prehrane djece i svakodnevnu konzumaciju mlijeka i mlije\u010dnih proizvoda. Odr\u017eavanjem edukativnoga Mlije\u010dnog dana Hrvatska mljekarska udruga je u suradnji sa Zagreba\u010dkom \u017eupanijom poslala poruku o tome kako je svakodnevna konzumacija mlijeka i mlije\u010dnih proizvoda [&hellip;]<\/p>\n","protected":false},"author":24,"featured_media":106412,"comment_status":"closed","ping_status":"closed","sticky":false,"template":"","format":"standard","meta":{"limit_modified_date":"1","last_modified_date":"","jnews-multi-image_gallery":[],"jnews_single_post":{"format":"standard","override":[{"template":"3","parallax":"1","fullscreen":"1","layout":"right-sidebar","sidebar":"default-sidebar","second_sidebar":"default-sidebar","sticky_sidebar":"1","share_position":"top","share_float_style":"share-monocrhome","show_featured":"1","show_post_meta":"1","show_post_author":"1","show_post_author_image":"1","show_post_date":"1","post_date_format":"default","post_date_format_custom":"Y\/m\/d","show_post_category":"1","show_post_reading_time":"1","post_reading_time_wpm":"300","post_calculate_word_method":"str_word_count","zoom_button_out_step":"2","zoom_button_in_step":"3","show_post_tag":"1","show_popup_post":"1","show_comment_section":"1","number_popup_post":"1","show_post_related":"1"}],"image_override":[{"single_post_thumbnail_size":"crop-500","single_post_gallery_size":"crop-500"}],"trending_post_position":"meta","trending_post_label":"Trending","sponsored_post_label":"Sponsored by","disable_ad":"0","subtitle":"Manifestacija je u\u010denicima ponudila interaktivan sadr\u017eaj, od kvizova znanja i likovnih izlo\u017ebi do degustacija vrhunskih doma\u0107ih mlije\u010dnih proizvoda, promoviraju\u0107i zdrave \u017eivotne navike kroz dru\u017eenje i u\u010denje"},"jnews_primary_category":[],"jnews_override_counter":{"view_counter_number":"0","share_counter_number":"0","like_counter_number":"0","dislike_counter_number":"0"},"footnotes":""},"categories":[108],"tags":[157,24521,3334,24519,6307,7219,24520,149,1387],"class_list":["post-106411","post","type-post","status-publish","format-standard","has-post-thumbnail","hentry","category-zupanija","tag-djeca","tag-hrvatska-mljekarska-udruga","tag-kriz","tag-mlijecni-dan","tag-mlijecni-proizvodi","tag-mlijeko","tag-os-milke-trnine","tag-zagrebacka-zupanija","tag-zdravko-barac"],"yoast_head":"<!-- This site is optimized with the Yoast SEO Premium plugin v27.4 (Yoast SEO v27.4) - https:\/\/yoast.com\/product\/yoast-seo-premium-wordpress\/ -->\n<title>Odr\u017ean Mlije\u010dni dan: U\u010denici u\u010dili o va\u017enosti konzumacije mlijeka i mlije\u010dnih proizvoda - Gorica Info<\/title>\n<meta name=\"description\" content=\"Hrvatska mljekarska udruga i Zagreba\u010dka \u017eupanija na Svjetski dan zdravlja organizirali su Mlije\u010dni dan u Kri\u017eu.\" \/>\n<meta name=\"robots\" content=\"index, follow, max-snippet:-1, max-image-preview:large, max-video-preview:-1\" \/>\n<link rel=\"canonical\" href=\"https:\/\/gorica.info\/en\/odrzan-mlijecni-dan-ucenici-ucili-o-vaznosti-konzumacije-mlijeka-i-mlijecnih-proizvoda\/\" \/>\n<meta property=\"og:locale\" content=\"en_US\" \/>\n<meta property=\"og:type\" content=\"article\" \/>\n<meta property=\"og:title\" content=\"Odr\u017ean Mlije\u010dni dan: U\u010denici u\u010dili o va\u017enosti konzumacije mlijeka i mlije\u010dnih proizvoda\" \/>\n<meta property=\"og:description\" content=\"Hrvatska mljekarska udruga i Zagreba\u010dka \u017eupanija na Svjetski dan zdravlja organizirali su Mlije\u010dni dan u Kri\u017eu.\" \/>\n<meta property=\"og:url\" content=\"https:\/\/gorica.info\/en\/odrzan-mlijecni-dan-ucenici-ucili-o-vaznosti-konzumacije-mlijeka-i-mlijecnih-proizvoda\/\" \/>\n<meta property=\"og:site_name\" content=\"Gorica Info\" \/>\n<meta property=\"article:publisher\" content=\"https:\/\/www.facebook.com\/Goricainfo-106005144489262\" \/>\n<meta property=\"article:published_time\" content=\"2026-04-08T06:04:31+00:00\" \/>\n<meta property=\"article:modified_time\" content=\"2026-04-08T06:39:48+00:00\" \/>\n<meta property=\"og:image\" content=\"https:\/\/gorica.info\/wp-content\/uploads\/2026\/04\/mlijecni-dan-kriz.jpg\" \/>\n\t<meta property=\"og:image:width\" content=\"1200\" \/>\n\t<meta property=\"og:image:height\" content=\"634\" \/>\n\t<meta property=\"og:image:type\" content=\"image\/jpeg\" \/>\n<meta name=\"author\" content=\"Marija Stip\u010di\u0107\" \/>\n<meta name=\"twitter:card\" content=\"summary_large_image\" \/>\n<meta name=\"twitter:creator\" content=\"@GoricaInfo\" \/>\n<meta name=\"twitter:site\" content=\"@GoricaInfo\" \/>\n<meta name=\"twitter:label1\" content=\"Written by\" \/>\n\t<meta name=\"twitter:data1\" content=\"Marija Stip\u010di\u0107\" \/>\n\t<meta name=\"twitter:label2\" content=\"Est. reading time\" \/>\n\t<meta name=\"twitter:data2\" content=\"5 minutes\" \/>\n<meta name=\"geo.placename\" content=\"Velika Gorica\" \/>\n<meta name=\"geo.region\" content=\"Croatia\" \/>\n<!-- \/ Yoast SEO Premium plugin. -->","yoast_head_json":{"title":"Odr\u017ean Mlije\u010dni dan: U\u010denici u\u010dili o va\u017enosti konzumacije mlijeka i mlije\u010dnih proizvoda - Gorica Info","description":"Hrvatska mljekarska udruga i Zagreba\u010dka \u017eupanija na Svjetski dan zdravlja organizirali su Mlije\u010dni dan u Kri\u017eu.","robots":{"index":"index","follow":"follow","max-snippet":"max-snippet:-1","max-image-preview":"max-image-preview:large","max-video-preview":"max-video-preview:-1"},"canonical":"https:\/\/gorica.info\/en\/odrzan-mlijecni-dan-ucenici-ucili-o-vaznosti-konzumacije-mlijeka-i-mlijecnih-proizvoda\/","og_locale":"en_US","og_type":"article","og_title":"Odr\u017ean Mlije\u010dni dan: U\u010denici u\u010dili o va\u017enosti konzumacije mlijeka i mlije\u010dnih proizvoda","og_description":"Hrvatska mljekarska udruga i Zagreba\u010dka \u017eupanija na Svjetski dan zdravlja organizirali su Mlije\u010dni dan u Kri\u017eu.","og_url":"https:\/\/gorica.info\/en\/odrzan-mlijecni-dan-ucenici-ucili-o-vaznosti-konzumacije-mlijeka-i-mlijecnih-proizvoda\/","og_site_name":"Gorica Info","article_publisher":"https:\/\/www.facebook.com\/Goricainfo-106005144489262","article_published_time":"2026-04-08T06:04:31+00:00","article_modified_time":"2026-04-08T06:39:48+00:00","og_image":[{"width":1200,"height":634,"url":"https:\/\/gorica.info\/wp-content\/uploads\/2026\/04\/mlijecni-dan-kriz.jpg","type":"image\/jpeg"}],"author":"Marija Stip\u010di\u0107","twitter_card":"summary_large_image","twitter_creator":"@GoricaInfo","twitter_site":"@GoricaInfo","twitter_misc":{"Written by":"Marija Stip\u010di\u0107","Est. reading time":"5 minutes"},"schema":{"@context":"https:\/\/schema.org","@graph":[{"@type":"NewsArticle","@id":"https:\/\/gorica.info\/odrzan-mlijecni-dan-ucenici-ucili-o-vaznosti-konzumacije-mlijeka-i-mlijecnih-proizvoda\/#article","isPartOf":{"@id":"https:\/\/gorica.info\/odrzan-mlijecni-dan-ucenici-ucili-o-vaznosti-konzumacije-mlijeka-i-mlijecnih-proizvoda\/"},"author":{"name":"Marija Stip\u010di\u0107","@id":"https:\/\/gorica.info\/#\/schema\/person\/9333bbb1dc58fe60ed05834f4e88dc63"},"headline":"Odr\u017ean Mlije\u010dni dan: U\u010denici u\u010dili o va\u017enosti konzumacije mlijeka i mlije\u010dnih proizvoda","datePublished":"2026-04-08T06:04:31+00:00","dateModified":"2026-04-08T06:39:48+00:00","mainEntityOfPage":{"@id":"https:\/\/gorica.info\/odrzan-mlijecni-dan-ucenici-ucili-o-vaznosti-konzumacije-mlijeka-i-mlijecnih-proizvoda\/"},"wordCount":664,"publisher":{"@id":"https:\/\/gorica.info\/#organization"},"image":{"@id":"https:\/\/gorica.info\/odrzan-mlijecni-dan-ucenici-ucili-o-vaznosti-konzumacije-mlijeka-i-mlijecnih-proizvoda\/#primaryimage"},"thumbnailUrl":"https:\/\/gorica.info\/wp-content\/uploads\/2026\/04\/mlijecni-dan-kriz.jpg","keywords":["djeca","hrvatska mljekarska udruga","kri\u017e","mlije\u010dni dan","mlije\u010dni proizvodi","mlijeko","o\u0161 milke trnine","Zagreba\u010dka \u017eupanija","zdravko bara\u0107"],"articleSection":["\u017dUPANIJA"],"inLanguage":"en-US","copyrightYear":"2026","copyrightHolder":{"@id":"https:\/\/gorica.info\/en\/#organization"}},{"@type":"WebPage","@id":"https:\/\/gorica.info\/odrzan-mlijecni-dan-ucenici-ucili-o-vaznosti-konzumacije-mlijeka-i-mlijecnih-proizvoda\/","url":"https:\/\/gorica.info\/odrzan-mlijecni-dan-ucenici-ucili-o-vaznosti-konzumacije-mlijeka-i-mlijecnih-proizvoda\/","name":"Odr\u017ean Mlije\u010dni dan: U\u010denici u\u010dili o va\u017enosti konzumacije mlijeka i mlije\u010dnih proizvoda - Gorica Info","isPartOf":{"@id":"https:\/\/gorica.info\/#website"},"primaryImageOfPage":{"@id":"https:\/\/gorica.info\/odrzan-mlijecni-dan-ucenici-ucili-o-vaznosti-konzumacije-mlijeka-i-mlijecnih-proizvoda\/#primaryimage"},"image":{"@id":"https:\/\/gorica.info\/odrzan-mlijecni-dan-ucenici-ucili-o-vaznosti-konzumacije-mlijeka-i-mlijecnih-proizvoda\/#primaryimage"},"thumbnailUrl":"https:\/\/gorica.info\/wp-content\/uploads\/2026\/04\/mlijecni-dan-kriz.jpg","datePublished":"2026-04-08T06:04:31+00:00","dateModified":"2026-04-08T06:39:48+00:00","description":"Hrvatska mljekarska udruga i Zagreba\u010dka \u017eupanija na Svjetski dan zdravlja organizirali su Mlije\u010dni dan u Kri\u017eu.","breadcrumb":{"@id":"https:\/\/gorica.info\/odrzan-mlijecni-dan-ucenici-ucili-o-vaznosti-konzumacije-mlijeka-i-mlijecnih-proizvoda\/#breadcrumb"},"inLanguage":"en-US","potentialAction":[{"@type":"ReadAction","target":["https:\/\/gorica.info\/odrzan-mlijecni-dan-ucenici-ucili-o-vaznosti-konzumacije-mlijeka-i-mlijecnih-proizvoda\/"]}]},{"@type":"ImageObject","inLanguage":"en-US","@id":"https:\/\/gorica.info\/odrzan-mlijecni-dan-ucenici-ucili-o-vaznosti-konzumacije-mlijeka-i-mlijecnih-proizvoda\/#primaryimage","url":"https:\/\/gorica.info\/wp-content\/uploads\/2026\/04\/mlijecni-dan-kriz.jpg","contentUrl":"https:\/\/gorica.info\/wp-content\/uploads\/2026\/04\/mlijecni-dan-kriz.jpg","width":1200,"height":634,"caption":"mlije\u010dni dan"},{"@type":"BreadcrumbList","@id":"https:\/\/gorica.info\/odrzan-mlijecni-dan-ucenici-ucili-o-vaznosti-konzumacije-mlijeka-i-mlijecnih-proizvoda\/#breadcrumb","itemListElement":[{"@type":"ListItem","position":1,"name":"Po\u010detna stranica","item":"https:\/\/gorica.info\/"},{"@type":"ListItem","position":2,"name":"Odr\u017ean Mlije\u010dni dan: U\u010denici u\u010dili o va\u017enosti konzumacije mlijeka i mlije\u010dnih proizvoda"}]},{"@type":"WebSite","@id":"https:\/\/gorica.info\/#website","url":"https:\/\/gorica.info\/","name":"Gorica Info","description":"Vijesti iz Velike Gorice i okolice.","publisher":{"@id":"https:\/\/gorica.info\/#organization"},"potentialAction":[{"@type":"SearchAction","target":{"@type":"EntryPoint","urlTemplate":"https:\/\/gorica.info\/?s={search_term_string}"},"query-input":{"@type":"PropertyValueSpecification","valueRequired":true,"valueName":"search_term_string"}}],"inLanguage":"en-US"},{"@type":["Organization","Place","NewsMediaOrganization"],"@id":"https:\/\/gorica.info\/#organization","name":"Gorica Info","url":"https:\/\/gorica.info\/","logo":{"@id":"https:\/\/gorica.info\/odrzan-mlijecni-dan-ucenici-ucili-o-vaznosti-konzumacije-mlijeka-i-mlijecnih-proizvoda\/#local-main-organization-logo"},"image":{"@id":"https:\/\/gorica.info\/odrzan-mlijecni-dan-ucenici-ucili-o-vaznosti-konzumacije-mlijeka-i-mlijecnih-proizvoda\/#local-main-organization-logo"},"sameAs":["https:\/\/www.facebook.com\/Goricainfo-106005144489262","https:\/\/x.com\/GoricaInfo","https:\/\/www.instagram.com\/gorica.info\/"],"address":{"@id":"https:\/\/gorica.info\/odrzan-mlijecni-dan-ucenici-ucili-o-vaznosti-konzumacije-mlijeka-i-mlijecnih-proizvoda\/#local-main-place-address"},"telephone":[],"openingHoursSpecification":[{"@type":"OpeningHoursSpecification","dayOfWeek":["Monday","Tuesday","Wednesday","Thursday","Friday","Saturday","Sunday"],"opens":"09:00","closes":"17:00"}],"email":"redakcija@gorica.info"},{"@type":"Person","@id":"https:\/\/gorica.info\/#\/schema\/person\/9333bbb1dc58fe60ed05834f4e88dc63","name":"Marija Stip\u010di\u0107","description":"Marija Stip\u010di\u0107 novinarske vje\u0161tine brusila je na portalu Gorica.info. Redovito pi\u0161e za rubrike Info, Gorica, \u017divot, Danas kuham.","url":"https:\/\/gorica.info\/en\/author\/marija-stipcic\/"},{"@type":"PostalAddress","@id":"https:\/\/gorica.info\/odrzan-mlijecni-dan-ucenici-ucili-o-vaznosti-konzumacije-mlijeka-i-mlijecnih-proizvoda\/#local-main-place-address","streetAddress":"Horvatova 97","addressLocality":"Velika Gorica","postalCode":"10410","addressRegion":"Croatia","addressCountry":"HR"},{"@type":"ImageObject","inLanguage":"en-US","@id":"https:\/\/gorica.info\/odrzan-mlijecni-dan-ucenici-ucili-o-vaznosti-konzumacije-mlijeka-i-mlijecnih-proizvoda\/#local-main-organization-logo","url":"https:\/\/gorica.info\/wp-content\/uploads\/2024\/07\/Gorica-Info-Logo-mali.png","contentUrl":"https:\/\/gorica.info\/wp-content\/uploads\/2024\/07\/Gorica-Info-Logo-mali.png","width":450,"height":85,"caption":"Gorica Info"}]},"geo.placename":"Velika Gorica","geo.region":"Croatia"},"_links":{"self":[{"href":"https:\/\/gorica.info\/en\/wp-json\/wp\/v2\/posts\/106411","targetHints":{"allow":["GET"]}}],"collection":[{"href":"https:\/\/gorica.info\/en\/wp-json\/wp\/v2\/posts"}],"about":[{"href":"https:\/\/gorica.info\/en\/wp-json\/wp\/v2\/types\/post"}],"author":[{"embeddable":true,"href":"https:\/\/gorica.info\/en\/wp-json\/wp\/v2\/users\/24"}],"replies":[{"embeddable":true,"href":"https:\/\/gorica.info\/en\/wp-json\/wp\/v2\/comments?post=106411"}],"version-history":[{"count":1,"href":"https:\/\/gorica.info\/en\/wp-json\/wp\/v2\/posts\/106411\/revisions"}],"predecessor-version":[{"id":106421,"href":"https:\/\/gorica.info\/en\/wp-json\/wp\/v2\/posts\/106411\/revisions\/106421"}],"wp:featuredmedia":[{"embeddable":true,"href":"https:\/\/gorica.info\/en\/wp-json\/wp\/v2\/media\/106412"}],"wp:attachment":[{"href":"https:\/\/gorica.info\/en\/wp-json\/wp\/v2\/media?parent=106411"}],"wp:term":[{"taxonomy":"category","embeddable":true,"href":"https:\/\/gorica.info\/en\/wp-json\/wp\/v2\/categories?post=106411"},{"taxonomy":"post_tag","embeddable":true,"href":"https:\/\/gorica.info\/en\/wp-json\/wp\/v2\/tags?post=106411"}],"curies":[{"name":"wp","href":"https:\/\/api.w.org\/{rel}","templated":true}]}}