{"id":107099,"date":"2026-04-23T06:03:39","date_gmt":"2026-04-23T04:03:39","guid":{"rendered":"https:\/\/gorica.info\/?p=107099"},"modified":"2026-04-22T16:05:47","modified_gmt":"2026-04-22T14:05:47","slug":"velik-interes-za-vojni-rok-morh-siri-kapacitete-u-vojarnama","status":"publish","type":"post","link":"https:\/\/gorica.info\/en\/velik-interes-za-vojni-rok-morh-siri-kapacitete-u-vojarnama\/","title":{"rendered":"Velik interes za vojni rok: MORH \u0161iri kapacitete u vojarnama"},"content":{"rendered":"<p><span style=\"font-size: 20px\"><strong>Prvih 800 ro\u010dnika<\/strong>, koji slu\u017ee <strong>obvezni vojni rok u Kninu, Slunju i Po\u017eegi<\/strong>, pri kraju su <strong>dvomjese\u010dne obuke<\/strong>. Zbog velikog interesa mladi\u0107a i djevojaka za slu\u017eenje vojnog roka, u <strong>kninskoj vojarni<\/strong> pro\u0161iruju se smje\u0161tajni kapaciteti. <\/span><\/p>\n<p><span style=\"font-size: 20px\">Ve\u0107 od 18. svibnja u Knin dolazi sljede\u0107i nara\u0161taj ro\u010dnika, a kapacitet za obuku pove\u0107an je <strong>za jo\u0161 100 ro\u010dnika<\/strong>. To zna\u010di da \u0107e se u vojarni u Kninu ve\u0107 od idu\u0107eg mjeseca umjesto 200, obu\u010davati 300 ro\u010dnika. Tako \u0107e idu\u0107i nara\u0161taj \u2013 uz 400 ro\u010dnika i ro\u010dnica u Po\u017eegi te 200 u Slunju \u2013 \u010diniti ukupno 900 ro\u010dnika, doznajmo u <a href=\"https:\/\/www.morh.hr\/ministar-anusic-posjetio-rocnike-u-kninu-mladi-su-prepoznali-koliko-je-vazno-i-korisno-nauciti-vojnicke-vjestine\/\">Ministarstvu obrane<\/a>.<\/span><\/p>\n<p><img fetchpriority=\"high\" decoding=\"async\" class=\"alignnone wp-image-107108 size-full\" src=\"https:\/\/gorica.info\/wp-content\/uploads\/2026\/04\/vojni-rok-5.jpg\" alt=\"vojni rok\" width=\"1500\" height=\"1000\" srcset=\"https:\/\/gorica.info\/wp-content\/uploads\/2026\/04\/vojni-rok-5.jpg 1500w, https:\/\/gorica.info\/wp-content\/uploads\/2026\/04\/vojni-rok-5-300x200.jpg 300w, https:\/\/gorica.info\/wp-content\/uploads\/2026\/04\/vojni-rok-5-1024x683.jpg 1024w, https:\/\/gorica.info\/wp-content\/uploads\/2026\/04\/vojni-rok-5-768x512.jpg 768w, https:\/\/gorica.info\/wp-content\/uploads\/2026\/04\/vojni-rok-5-18x12.jpg 18w, https:\/\/gorica.info\/wp-content\/uploads\/2026\/04\/vojni-rok-5-750x500.jpg 750w, https:\/\/gorica.info\/wp-content\/uploads\/2026\/04\/vojni-rok-5-1140x760.jpg 1140w\" sizes=\"(max-width: 1500px) 100vw, 1500px\" \/><\/p>\n<p><span style=\"font-size: 20px\"><a href=\"https:\/\/gorica.info\/en\/poceli-zdravstveni-pregledi-za-vojni-rok\/\">Ro\u010dnike<\/a> u kninskoj vojarni posjetio je potpredsjednik Vlade i <strong>ministar obrane Ivan Anu\u0161i\u0107<\/strong>.<\/span><\/p>\n<figure id=\"attachment_107101\" aria-describedby=\"caption-attachment-107101\" style=\"width: 1500px\" class=\"wp-caption alignnone\"><img decoding=\"async\" class=\"wp-image-107101 size-full\" src=\"https:\/\/gorica.info\/wp-content\/uploads\/2026\/04\/vojni-rok-3.jpg\" alt=\"\" width=\"1500\" height=\"1000\" srcset=\"https:\/\/gorica.info\/wp-content\/uploads\/2026\/04\/vojni-rok-3.jpg 1500w, https:\/\/gorica.info\/wp-content\/uploads\/2026\/04\/vojni-rok-3-300x200.jpg 300w, https:\/\/gorica.info\/wp-content\/uploads\/2026\/04\/vojni-rok-3-1024x683.jpg 1024w, https:\/\/gorica.info\/wp-content\/uploads\/2026\/04\/vojni-rok-3-768x512.jpg 768w, https:\/\/gorica.info\/wp-content\/uploads\/2026\/04\/vojni-rok-3-18x12.jpg 18w, https:\/\/gorica.info\/wp-content\/uploads\/2026\/04\/vojni-rok-3-750x500.jpg 750w, https:\/\/gorica.info\/wp-content\/uploads\/2026\/04\/vojni-rok-3-1140x760.jpg 1140w\" sizes=\"(max-width: 1500px) 100vw, 1500px\" \/><figcaption id=\"caption-attachment-107101\" class=\"wp-caption-text\">Foto: MORH<\/figcaption><\/figure>\n<p><span style=\"font-size: 20px\">Ministar se tijekom obilaska vojarne \u201eGeneral Andrija Matija\u0161-Pauk\u201c, gdje se <strong>obu\u010dava 200 ro\u010dnika<\/strong>, upoznao s dosada\u0161njom provedbom obuke, \u0161to su sve ro\u010dnici dosad svladali te je imao priliku i osobno pratiti vojno uvje\u017ebavanje ro\u010dnika. Tijekom posjeta ministra Anu\u0161i\u0107a, \u00a0ro\u010dnici su vje\u017ebali upravljati dronovima kao i taktiku na poligonu, kretanje na boji\u0161tu te izvla\u010denje ranjenika.<\/span><\/p>\n<p><img decoding=\"async\" class=\"alignnone wp-image-107102 size-full\" src=\"https:\/\/gorica.info\/wp-content\/uploads\/2026\/04\/vojni-rok-knin-fotomorh.jpg\" alt=\"vojni rok\" width=\"1500\" height=\"999\" srcset=\"https:\/\/gorica.info\/wp-content\/uploads\/2026\/04\/vojni-rok-knin-fotomorh.jpg 1500w, https:\/\/gorica.info\/wp-content\/uploads\/2026\/04\/vojni-rok-knin-fotomorh-300x200.jpg 300w, https:\/\/gorica.info\/wp-content\/uploads\/2026\/04\/vojni-rok-knin-fotomorh-1024x682.jpg 1024w, https:\/\/gorica.info\/wp-content\/uploads\/2026\/04\/vojni-rok-knin-fotomorh-768x511.jpg 768w, https:\/\/gorica.info\/wp-content\/uploads\/2026\/04\/vojni-rok-knin-fotomorh-18x12.jpg 18w, https:\/\/gorica.info\/wp-content\/uploads\/2026\/04\/vojni-rok-knin-fotomorh-750x500.jpg 750w, https:\/\/gorica.info\/wp-content\/uploads\/2026\/04\/vojni-rok-knin-fotomorh-1140x759.jpg 1140w\" sizes=\"(max-width: 1500px) 100vw, 1500px\" \/><\/p>\n<p><span style=\"font-size: 20px\">Za tre\u0107i uputni rok u mjesecu kolovozu kapacitet TVO-a podi\u0107i \u0107e se za jo\u0161 dodatnih stotinu ro\u010dnika, i to u vojarni u Vinkovcima, pa \u0107e se tada na slu\u017eenje vojne obuke pozvati ukupno 1000 ro\u010dnika. <\/span><\/p>\n<p><span style=\"font-size: 20px\">Ministarstvo obrane i Oru\u017eane snage RH tako \u0107e u samo nekoliko mjeseci od uvo\u0111enja temeljne vojne obuke (TVO) kapacitet po nara\u0161taju <strong>podi\u0107i s 800 na 1000<\/strong>. <\/span><\/p>\n<p><span style=\"font-size: 20px\">Kapaciteti se pove\u0107avaju i zbog <strong>odli\u010dnog odaziva mladih ljudi<\/strong> na TVO jer se za prvi nara\u0161taj prijavilo \u010dak 446 dragovoljaca, odnosno vi\u0161e od 55 posto od ukupno 800 ro\u010dnika, a na 354 pozvanih mladi\u0107a koji podlije\u017eu obvezi slu\u017eenja bilo je samo 10 prigovora savjesti, isti\u010du iz Ministarstva obrane.<\/span><\/p>\n<p><span style=\"font-size: 20px\">Ministar Anu\u0161i\u0107 izrazio je zadovoljstvo kako protje\u010de temeljno vojno osposobljavanje te je jo\u0161 jednom zahvalio pripadnicima Oru\u017eanih snaga RH kao i na\u010delniku Glavnog sto\u017eera OSRH <strong>general-pukovniku Tihomiru Kundidu<\/strong> na uspje\u0161noj provedbi vojne obuke.<\/span><\/p>\n<p><img loading=\"lazy\" decoding=\"async\" class=\"alignnone wp-image-107100 size-full\" src=\"https:\/\/gorica.info\/wp-content\/uploads\/2026\/04\/vojni-rok-2.jpg\" alt=\"\" width=\"1500\" height=\"1000\" srcset=\"https:\/\/gorica.info\/wp-content\/uploads\/2026\/04\/vojni-rok-2.jpg 1500w, https:\/\/gorica.info\/wp-content\/uploads\/2026\/04\/vojni-rok-2-300x200.jpg 300w, https:\/\/gorica.info\/wp-content\/uploads\/2026\/04\/vojni-rok-2-1024x683.jpg 1024w, https:\/\/gorica.info\/wp-content\/uploads\/2026\/04\/vojni-rok-2-768x512.jpg 768w, https:\/\/gorica.info\/wp-content\/uploads\/2026\/04\/vojni-rok-2-18x12.jpg 18w, https:\/\/gorica.info\/wp-content\/uploads\/2026\/04\/vojni-rok-2-750x500.jpg 750w, https:\/\/gorica.info\/wp-content\/uploads\/2026\/04\/vojni-rok-2-1140x760.jpg 1140w\" sizes=\"(max-width: 1500px) 100vw, 1500px\" \/><\/p>\n<p><span style=\"font-size: 20px\">&#8211; Jo\u0161 jednom sam se uvjerio da su mladi ljudi u Hrvatskoj itekako prepoznali va\u017enost slu\u017eenja svojoj domovini kao i koliko je va\u017eno i korisno nau\u010diti osnovne vojni\u010dke vje\u0161tine. Samo u vojsci mogu se nau\u010diti odre\u0111ene vje\u0161tine i taktike, ali i kako ostati smiren i hladne glave kada je najte\u017ee, a sve to u kriznoj situaciji spa\u0161ava \u017eivot. Sve \u0161to sam danas imao priliku vidjeti jo\u0161 je jedna potvrda koliko smo uspje\u0161no proveli projekt povratka obveznog vojnog osposobljavanja. Hrvatska na to mo\u017ee biti ponosna jer je vojnu obuku uspje\u0161no i u relativno kratkom roku vratila prije mnogih \u010dlanica NATO-a i Europske unije &#8211; poru\u010dio je ministar Anu\u0161i\u0107.<\/span><\/p>\n<p><img loading=\"lazy\" decoding=\"async\" class=\"alignnone wp-image-107103 size-full\" src=\"https:\/\/gorica.info\/wp-content\/uploads\/2026\/04\/vojni-rok-ministar-anusic.jpg\" alt=\"\" width=\"1500\" height=\"1000\" srcset=\"https:\/\/gorica.info\/wp-content\/uploads\/2026\/04\/vojni-rok-ministar-anusic.jpg 1500w, https:\/\/gorica.info\/wp-content\/uploads\/2026\/04\/vojni-rok-ministar-anusic-300x200.jpg 300w, https:\/\/gorica.info\/wp-content\/uploads\/2026\/04\/vojni-rok-ministar-anusic-1024x683.jpg 1024w, https:\/\/gorica.info\/wp-content\/uploads\/2026\/04\/vojni-rok-ministar-anusic-768x512.jpg 768w, https:\/\/gorica.info\/wp-content\/uploads\/2026\/04\/vojni-rok-ministar-anusic-18x12.jpg 18w, https:\/\/gorica.info\/wp-content\/uploads\/2026\/04\/vojni-rok-ministar-anusic-750x500.jpg 750w, https:\/\/gorica.info\/wp-content\/uploads\/2026\/04\/vojni-rok-ministar-anusic-1140x760.jpg 1140w\" sizes=\"(max-width: 1500px) 100vw, 1500px\" \/><\/p>\n<p>&nbsp;<\/p>","protected":false},"excerpt":{"rendered":"<p>Prvih 800 ro\u010dnika, koji slu\u017ee obvezni vojni rok u Kninu, Slunju i Po\u017eegi, pri kraju su dvomjese\u010dne obuke. Zbog velikog interesa mladi\u0107a i djevojaka za slu\u017eenje vojnog roka, u kninskoj vojarni pro\u0161iruju se smje\u0161tajni kapaciteti. Ve\u0107 od 18. svibnja u Knin dolazi sljede\u0107i nara\u0161taj ro\u010dnika, a kapacitet za obuku pove\u0107an je za jo\u0161 100 ro\u010dnika. [&hellip;]<\/p>\n","protected":false},"author":23,"featured_media":107104,"comment_status":"closed","ping_status":"closed","sticky":false,"template":"","format":"standard","meta":{"limit_modified_date":"1","last_modified_date":"","jnews-multi-image_gallery":[],"jnews_single_post":{"subtitle":"Ministarstvo obrane i Oru\u017eane snage RH tako \u0107e u samo nekoliko mjeseci od uvo\u0111enja temeljne vojne obuke kapacitet po nara\u0161taju podi\u0107i s 800 na 1000 ro\u010dnika","format":"standard","override":[{"template":"3","parallax":"1","fullscreen":"1","layout":"right-sidebar","sidebar":"default-sidebar","second_sidebar":"default-sidebar","sticky_sidebar":"1","share_position":"top","share_float_style":"share-monocrhome","show_featured":"1","show_post_meta":"1","show_post_author":"1","show_post_author_image":"1","show_post_date":"1","post_date_format":"default","post_date_format_custom":"Y\/m\/d","show_post_category":"1","show_post_reading_time":"1","post_reading_time_wpm":"300","post_calculate_word_method":"str_word_count","zoom_button_out_step":"2","zoom_button_in_step":"3","show_post_tag":"1","show_popup_post":"1","show_comment_section":"1","number_popup_post":"1","show_post_related":"1"}],"image_override":[{"single_post_thumbnail_size":"crop-500","single_post_gallery_size":"crop-500"}],"trending_post_position":"meta","trending_post_label":"Trending","sponsored_post_label":"Sponsored by","disable_ad":"0"},"jnews_primary_category":[],"jnews_override_counter":{"view_counter_number":"0","share_counter_number":"0","like_counter_number":"0","dislike_counter_number":"0"},"footnotes":""},"categories":[83],"tags":[24892,4790,3742,24887,871,24891,24894,24890,24888,24889,24886,24893,22542,24895],"class_list":["post-107099","post","type-post","status-publish","format-standard","has-post-thumbnail","hentry","category-drustvo","tag-dragovoljno-sluzenje-vojnog-roka","tag-hrvatska-vojska","tag-ivan-anusic","tag-knin-vojarna","tag-morh","tag-obuka-rocnika","tag-oruzane-snage-rh","tag-povecanje-kapaciteta-vojske","tag-pozega-vojska","tag-slunj-rocnici","tag-temeljno-vojno-osposobljavanje","tag-vojna-obuka-2026","tag-vojni-rok-hrvatska","tag-vojni-rok-mladi"],"yoast_head":"<!-- This site is optimized with the Yoast SEO Premium plugin v27.4 (Yoast SEO v27.4) - https:\/\/yoast.com\/product\/yoast-seo-premium-wordpress\/ -->\n<title>Velik interes za vojni rok: MORH \u0161iri kapacitete u vojarnama - Gorica Info<\/title>\n<meta name=\"description\" content=\"Prvih 800 ro\u010dnika privodi kraj vojni rok, a u svibnju sti\u017ee novi nara\u0161taj. Zbog velikog interesa mladih, MORH dodatno \u0161iri vojne kapacitete.\" \/>\n<meta name=\"robots\" content=\"index, follow, max-snippet:-1, max-image-preview:large, max-video-preview:-1\" \/>\n<link rel=\"canonical\" href=\"https:\/\/gorica.info\/en\/velik-interes-za-vojni-rok-morh-siri-kapacitete-u-vojarnama\/\" \/>\n<meta property=\"og:locale\" content=\"en_US\" \/>\n<meta property=\"og:type\" content=\"article\" \/>\n<meta property=\"og:title\" content=\"Velik interes za vojni rok: MORH \u0161iri kapacitete u vojarnama\" \/>\n<meta property=\"og:description\" content=\"Prvih 800 ro\u010dnika privodi kraj vojni rok, a u svibnju sti\u017ee novi nara\u0161taj. Zbog velikog interesa mladih, MORH dodatno \u0161iri vojne kapacitete.\" \/>\n<meta property=\"og:url\" content=\"https:\/\/gorica.info\/en\/velik-interes-za-vojni-rok-morh-siri-kapacitete-u-vojarnama\/\" \/>\n<meta property=\"og:site_name\" content=\"Gorica Info\" \/>\n<meta property=\"article:publisher\" content=\"https:\/\/www.facebook.com\/Goricainfo-106005144489262\" \/>\n<meta property=\"article:published_time\" content=\"2026-04-23T04:03:39+00:00\" \/>\n<meta property=\"og:image\" content=\"https:\/\/gorica.info\/wp-content\/uploads\/2026\/04\/vojni-rok-knin.jpg\" \/>\n\t<meta property=\"og:image:width\" content=\"1200\" \/>\n\t<meta property=\"og:image:height\" content=\"634\" \/>\n\t<meta property=\"og:image:type\" content=\"image\/jpeg\" \/>\n<meta name=\"author\" content=\"Gorica. info\" \/>\n<meta name=\"twitter:card\" content=\"summary_large_image\" \/>\n<meta name=\"twitter:creator\" content=\"@GoricaInfo\" \/>\n<meta name=\"twitter:site\" content=\"@GoricaInfo\" \/>\n<meta name=\"twitter:label1\" content=\"Written by\" \/>\n\t<meta name=\"twitter:data1\" content=\"Gorica. info\" \/>\n\t<meta name=\"twitter:label2\" content=\"Est. reading time\" \/>\n\t<meta name=\"twitter:data2\" content=\"4 minutes\" \/>\n<meta name=\"geo.placename\" content=\"Velika Gorica\" \/>\n<meta name=\"geo.region\" content=\"Croatia\" \/>\n<!-- \/ Yoast SEO Premium plugin. -->","yoast_head_json":{"title":"Velik interes za vojni rok: MORH \u0161iri kapacitete u vojarnama - Gorica Info","description":"Prvih 800 ro\u010dnika privodi kraj vojni rok, a u svibnju sti\u017ee novi nara\u0161taj. Zbog velikog interesa mladih, MORH dodatno \u0161iri vojne kapacitete.","robots":{"index":"index","follow":"follow","max-snippet":"max-snippet:-1","max-image-preview":"max-image-preview:large","max-video-preview":"max-video-preview:-1"},"canonical":"https:\/\/gorica.info\/en\/velik-interes-za-vojni-rok-morh-siri-kapacitete-u-vojarnama\/","og_locale":"en_US","og_type":"article","og_title":"Velik interes za vojni rok: MORH \u0161iri kapacitete u vojarnama","og_description":"Prvih 800 ro\u010dnika privodi kraj vojni rok, a u svibnju sti\u017ee novi nara\u0161taj. Zbog velikog interesa mladih, MORH dodatno \u0161iri vojne kapacitete.","og_url":"https:\/\/gorica.info\/en\/velik-interes-za-vojni-rok-morh-siri-kapacitete-u-vojarnama\/","og_site_name":"Gorica Info","article_publisher":"https:\/\/www.facebook.com\/Goricainfo-106005144489262","article_published_time":"2026-04-23T04:03:39+00:00","og_image":[{"width":1200,"height":634,"url":"https:\/\/gorica.info\/wp-content\/uploads\/2026\/04\/vojni-rok-knin.jpg","type":"image\/jpeg"}],"author":"Gorica. info","twitter_card":"summary_large_image","twitter_creator":"@GoricaInfo","twitter_site":"@GoricaInfo","twitter_misc":{"Written by":"Gorica. info","Est. reading time":"4 minutes"},"schema":{"@context":"https:\/\/schema.org","@graph":[{"@type":"NewsArticle","@id":"https:\/\/gorica.info\/velik-interes-za-vojni-rok-morh-siri-kapacitete-u-vojarnama\/#article","isPartOf":{"@id":"https:\/\/gorica.info\/velik-interes-za-vojni-rok-morh-siri-kapacitete-u-vojarnama\/"},"author":{"name":"Gorica. info","@id":"https:\/\/gorica.info\/#\/schema\/person\/4499af1f22f322670b9b5977ccc2e3de"},"headline":"Velik interes za vojni rok: MORH \u0161iri kapacitete u vojarnama","datePublished":"2026-04-23T04:03:39+00:00","mainEntityOfPage":{"@id":"https:\/\/gorica.info\/velik-interes-za-vojni-rok-morh-siri-kapacitete-u-vojarnama\/"},"wordCount":493,"publisher":{"@id":"https:\/\/gorica.info\/#organization"},"image":{"@id":"https:\/\/gorica.info\/velik-interes-za-vojni-rok-morh-siri-kapacitete-u-vojarnama\/#primaryimage"},"thumbnailUrl":"https:\/\/gorica.info\/wp-content\/uploads\/2026\/04\/vojni-rok-knin.jpg","keywords":["dragovoljno slu\u017eenje vojnog roka","hrvatska vojska","ivan anu\u0161i\u0107","Knin vojarna","morh","obuka ro\u010dnika","Oru\u017eane snage RH","pove\u0107anje kapaciteta vojske","Po\u017eega vojska","Slunj ro\u010dnici","temeljno vojno osposobljavanje","vojna obuka 2026","vojni rok Hrvatska","vojni rok mladi"],"articleSection":["DRU\u0160TVO"],"inLanguage":"en-US","copyrightYear":"2026","copyrightHolder":{"@id":"https:\/\/gorica.info\/en\/#organization"}},{"@type":"WebPage","@id":"https:\/\/gorica.info\/velik-interes-za-vojni-rok-morh-siri-kapacitete-u-vojarnama\/","url":"https:\/\/gorica.info\/velik-interes-za-vojni-rok-morh-siri-kapacitete-u-vojarnama\/","name":"Velik interes za vojni rok: MORH \u0161iri kapacitete u vojarnama - Gorica Info","isPartOf":{"@id":"https:\/\/gorica.info\/#website"},"primaryImageOfPage":{"@id":"https:\/\/gorica.info\/velik-interes-za-vojni-rok-morh-siri-kapacitete-u-vojarnama\/#primaryimage"},"image":{"@id":"https:\/\/gorica.info\/velik-interes-za-vojni-rok-morh-siri-kapacitete-u-vojarnama\/#primaryimage"},"thumbnailUrl":"https:\/\/gorica.info\/wp-content\/uploads\/2026\/04\/vojni-rok-knin.jpg","datePublished":"2026-04-23T04:03:39+00:00","description":"Prvih 800 ro\u010dnika privodi kraj vojni rok, a u svibnju sti\u017ee novi nara\u0161taj. Zbog velikog interesa mladih, MORH dodatno \u0161iri vojne kapacitete.","breadcrumb":{"@id":"https:\/\/gorica.info\/velik-interes-za-vojni-rok-morh-siri-kapacitete-u-vojarnama\/#breadcrumb"},"inLanguage":"en-US","potentialAction":[{"@type":"ReadAction","target":["https:\/\/gorica.info\/velik-interes-za-vojni-rok-morh-siri-kapacitete-u-vojarnama\/"]}]},{"@type":"ImageObject","inLanguage":"en-US","@id":"https:\/\/gorica.info\/velik-interes-za-vojni-rok-morh-siri-kapacitete-u-vojarnama\/#primaryimage","url":"https:\/\/gorica.info\/wp-content\/uploads\/2026\/04\/vojni-rok-knin.jpg","contentUrl":"https:\/\/gorica.info\/wp-content\/uploads\/2026\/04\/vojni-rok-knin.jpg","width":1200,"height":634,"caption":"Foto: MORH"},{"@type":"BreadcrumbList","@id":"https:\/\/gorica.info\/velik-interes-za-vojni-rok-morh-siri-kapacitete-u-vojarnama\/#breadcrumb","itemListElement":[{"@type":"ListItem","position":1,"name":"Po\u010detna stranica","item":"https:\/\/gorica.info\/"},{"@type":"ListItem","position":2,"name":"Velik interes za vojni rok: MORH \u0161iri kapacitete u vojarnama"}]},{"@type":"WebSite","@id":"https:\/\/gorica.info\/#website","url":"https:\/\/gorica.info\/","name":"Gorica Info","description":"Vijesti iz Velike Gorice i okolice.","publisher":{"@id":"https:\/\/gorica.info\/#organization"},"potentialAction":[{"@type":"SearchAction","target":{"@type":"EntryPoint","urlTemplate":"https:\/\/gorica.info\/?s={search_term_string}"},"query-input":{"@type":"PropertyValueSpecification","valueRequired":true,"valueName":"search_term_string"}}],"inLanguage":"en-US"},{"@type":["Organization","Place","NewsMediaOrganization"],"@id":"https:\/\/gorica.info\/#organization","name":"Gorica Info","url":"https:\/\/gorica.info\/","logo":{"@id":"https:\/\/gorica.info\/velik-interes-za-vojni-rok-morh-siri-kapacitete-u-vojarnama\/#local-main-organization-logo"},"image":{"@id":"https:\/\/gorica.info\/velik-interes-za-vojni-rok-morh-siri-kapacitete-u-vojarnama\/#local-main-organization-logo"},"sameAs":["https:\/\/www.facebook.com\/Goricainfo-106005144489262","https:\/\/x.com\/GoricaInfo","https:\/\/www.instagram.com\/gorica.info\/"],"address":{"@id":"https:\/\/gorica.info\/velik-interes-za-vojni-rok-morh-siri-kapacitete-u-vojarnama\/#local-main-place-address"},"telephone":[],"openingHoursSpecification":[{"@type":"OpeningHoursSpecification","dayOfWeek":["Monday","Tuesday","Wednesday","Thursday","Friday","Saturday","Sunday"],"opens":"09:00","closes":"17:00"}],"email":"redakcija@gorica.info"},{"@type":"Person","@id":"https:\/\/gorica.info\/#\/schema\/person\/4499af1f22f322670b9b5977ccc2e3de","name":"Gorica. info","description":"Gorica.info je lokalni portal koji prati Veliku Goricu i okolici, svakodnevno donosi najnovije vijesti i pri\u010de, kulturna doga\u0111anja i aktualnosti koje oblikuju \u017eivot gra\u0111ana.","url":"https:\/\/gorica.info\/en\/author\/gorica-info\/"},{"@type":"PostalAddress","@id":"https:\/\/gorica.info\/velik-interes-za-vojni-rok-morh-siri-kapacitete-u-vojarnama\/#local-main-place-address","streetAddress":"Horvatova 97","addressLocality":"Velika Gorica","postalCode":"10410","addressRegion":"Croatia","addressCountry":"HR"},{"@type":"ImageObject","inLanguage":"en-US","@id":"https:\/\/gorica.info\/velik-interes-za-vojni-rok-morh-siri-kapacitete-u-vojarnama\/#local-main-organization-logo","url":"https:\/\/gorica.info\/wp-content\/uploads\/2024\/07\/Gorica-Info-Logo-mali.png","contentUrl":"https:\/\/gorica.info\/wp-content\/uploads\/2024\/07\/Gorica-Info-Logo-mali.png","width":450,"height":85,"caption":"Gorica Info"}]},"geo.placename":"Velika Gorica","geo.region":"Croatia"},"_links":{"self":[{"href":"https:\/\/gorica.info\/en\/wp-json\/wp\/v2\/posts\/107099","targetHints":{"allow":["GET"]}}],"collection":[{"href":"https:\/\/gorica.info\/en\/wp-json\/wp\/v2\/posts"}],"about":[{"href":"https:\/\/gorica.info\/en\/wp-json\/wp\/v2\/types\/post"}],"author":[{"embeddable":true,"href":"https:\/\/gorica.info\/en\/wp-json\/wp\/v2\/users\/23"}],"replies":[{"embeddable":true,"href":"https:\/\/gorica.info\/en\/wp-json\/wp\/v2\/comments?post=107099"}],"version-history":[{"count":3,"href":"https:\/\/gorica.info\/en\/wp-json\/wp\/v2\/posts\/107099\/revisions"}],"predecessor-version":[{"id":107109,"href":"https:\/\/gorica.info\/en\/wp-json\/wp\/v2\/posts\/107099\/revisions\/107109"}],"wp:featuredmedia":[{"embeddable":true,"href":"https:\/\/gorica.info\/en\/wp-json\/wp\/v2\/media\/107104"}],"wp:attachment":[{"href":"https:\/\/gorica.info\/en\/wp-json\/wp\/v2\/media?parent=107099"}],"wp:term":[{"taxonomy":"category","embeddable":true,"href":"https:\/\/gorica.info\/en\/wp-json\/wp\/v2\/categories?post=107099"},{"taxonomy":"post_tag","embeddable":true,"href":"https:\/\/gorica.info\/en\/wp-json\/wp\/v2\/tags?post=107099"}],"curies":[{"name":"wp","href":"https:\/\/api.w.org\/{rel}","templated":true}]}}