{"id":107210,"date":"2026-04-25T06:09:33","date_gmt":"2026-04-25T04:09:33","guid":{"rendered":"https:\/\/gorica.info\/?p=107210"},"modified":"2026-04-24T16:16:44","modified_gmt":"2026-04-24T14:16:44","slug":"sadnja-novih-stabala-u-ulici-matice-hrvatske-kod-doma-zdravlja","status":"publish","type":"post","link":"https:\/\/gorica.info\/en\/sadnja-novih-stabala-u-ulici-matice-hrvatske-kod-doma-zdravlja\/","title":{"rendered":"Sadnja novih stabala u Ulici Matice hrvatske kod doma zdravlja"},"content":{"rendered":"<p><span style=\"font-size: 20px\"><strong>U Ulici Matice hrvatske<\/strong>, nasuprot doma zdravlja, <strong>u ponedjeljak i utorak, 27. i 28. travnja<\/strong>, radnici VG Komunalca <strong>posadit \u0107e nova stabla<\/strong>. Postoje\u0107i drvored srebrnolisnog javora bit \u0107e <strong>oboga\u0107en dvjema novim vrstama<\/strong>. Ranije su uklonjena stara stabla za koja je postojala opasnost da padnu.<\/span><\/p>\n<p><span style=\"font-size: 20px\">Prije same sadnje, djelatnici VG Komunalca<strong> uklonit \u0107e stare panjeve<\/strong>, zbog \u010dega \u0107e dio parkirali\u0161nih mjesta privremeno biti nedostupan. Gra\u0111ane se moli da tijekom trajanja radova po\u0161tuju privremenu prometnu signalizaciju kako bi se radovi mogli odvijati sigurno i nesmetano, javili su iz <a href=\"https:\/\/gorica.hr\/2026\/04\/u-ponedjeljak-uklanjanje-panjeva-i-sadnja-stabala-u-ulici-matice-hrvatske\/\">Gradske uprave.<\/a><\/span><\/p>\n<p><span style=\"font-size: 20px\">Spomenimo kako je <a href=\"https:\/\/gorica.info\/en\/uredenje-zelenog-pojasa-u-zagrebackoj-ulici-sadi-se-213-novih-biljaka\/\">Grad Velika Gorica<\/a> dodatno unaprijedio komunikaciju s gra\u0111anima uvo\u0111enjem informativnih tabli koje prate projekte uklanjanja starih i sadnje novih stabala.<\/span><\/p>\n<p><span style=\"font-size: 20px\">Upravo, jedna takva tabla postavljena je i u Ulici Matice hrvatske, gdje gra\u0111ani skeniranjem QR koda mogu pristupiti slu\u017ebenoj gradskoj stranici i saznati vi\u0161e o odr\u017eavanju i planiranim aktivnostima.<\/span><\/p>\n<p><span style=\"font-size: 20px\">Podsjetimo, u proteklih mjesec dana obnovljen je <strong>drvored u Parku Plemenite op\u0107ine Turopoljske<\/strong>, a povodom Dana planeta Zemlje posa\u0111eno je <strong>40 stabala u dvori\u0161tima gori\u010dkih dje\u010djih vrti\u0107a i \u0161kola.<\/strong><\/span><\/p>\n<p><span style=\"font-size: 20px\">Nova stabla danas \u0107e se saditi u <strong>Ulici kralja Petra Sva\u010di\u0107a u Velikoj Gorici<\/strong> te u <strong>Lukavcu<\/strong> u neposrednoj blizini nogometnog igrali\u0161ta.<\/span><\/p>","protected":false},"excerpt":{"rendered":"<p>U Ulici Matice hrvatske, nasuprot doma zdravlja, u ponedjeljak i utorak, 27. i 28. travnja, radnici VG Komunalca posadit \u0107e nova stabla. Postoje\u0107i drvored srebrnolisnog javora bit \u0107e oboga\u0107en dvjema novim vrstama. Ranije su uklonjena stara stabla za koja je postojala opasnost da padnu. Prije same sadnje, djelatnici VG Komunalca uklonit \u0107e stare panjeve, zbog [&hellip;]<\/p>\n","protected":false},"author":25,"featured_media":107211,"comment_status":"closed","ping_status":"closed","sticky":false,"template":"","format":"standard","meta":{"limit_modified_date":"1","last_modified_date":"","jnews-multi-image_gallery":[],"jnews_single_post":{"format":"standard","override":[{"template":"3","parallax":"1","fullscreen":"1","layout":"right-sidebar","sidebar":"default-sidebar","second_sidebar":"default-sidebar","sticky_sidebar":"1","share_position":"top","share_float_style":"share-monocrhome","show_featured":"1","show_post_meta":"1","show_post_author":"1","show_post_author_image":"1","show_post_date":"1","post_date_format":"default","post_date_format_custom":"Y\/m\/d","show_post_category":"1","show_post_reading_time":"1","post_reading_time_wpm":"300","post_calculate_word_method":"str_word_count","zoom_button_out_step":"2","zoom_button_in_step":"3","show_post_tag":"1","show_popup_post":"1","show_comment_section":"1","number_popup_post":"1","show_post_related":"1"}],"image_override":[{"single_post_thumbnail_size":"crop-500","single_post_gallery_size":"crop-500"}],"trending_post_position":"meta","trending_post_label":"Trending","sponsored_post_label":"Sponsored by","disable_ad":"0","subtitle":"Nastavljaju se radovi na sadnji i ure\u0111enju zelenih povr\u0161ina na podru\u010dju grada"},"jnews_primary_category":[],"jnews_override_counter":{"view_counter_number":"0","share_counter_number":"0","like_counter_number":"0","dislike_counter_number":"0"},"footnotes":""},"categories":[87],"tags":[18103,1020,24945,24943,1214,9115,5667,8246,3394,1596,24944,2633,23580,122,22686,662,15554],"class_list":["post-107210","post","type-post","status-publish","format-standard","has-post-thumbnail","hentry","category-gorica","tag-drvored","tag-gradska-uprava","tag-gradski-radovi","tag-kod-doma-zdravlja","tag-lukavec","tag-nova-stabla","tag-okolis","tag-park-plemenite-opcine-turopoljske","tag-sadnja-drveca","tag-sadnja-stabala","tag-uklanjanje-stabala","tag-ulica-matice-hrvatske","tag-uredenje-zelenih-povrsina","tag-velika-gorica","tag-vg-info","tag-vg-komunalac","tag-vg-vijesti"],"yoast_head":"<!-- This site is optimized with the Yoast SEO Premium plugin v27.4 (Yoast SEO v27.4) - https:\/\/yoast.com\/product\/yoast-seo-premium-wordpress\/ -->\n<title>Sadnja novih stabala u Ulici Matice hrvatske kod doma zdravlja - Gorica Info<\/title>\n<meta name=\"description\" content=\"U Ulici Matice hrvatske 27. i 28. travnja sadi se novo drve\u0107e uz privremeno zatvaranje parkirali\u0161ta. Grad nastavlja ulagati u zelene povr\u0161ine\" \/>\n<meta name=\"robots\" content=\"index, follow, max-snippet:-1, max-image-preview:large, max-video-preview:-1\" \/>\n<link rel=\"canonical\" href=\"https:\/\/gorica.info\/en\/sadnja-novih-stabala-u-ulici-matice-hrvatske-kod-doma-zdravlja\/\" \/>\n<meta property=\"og:locale\" content=\"en_US\" \/>\n<meta property=\"og:type\" content=\"article\" \/>\n<meta property=\"og:title\" content=\"Sadnja novih stabala u Ulici Matice hrvatske kod doma zdravlja\" \/>\n<meta property=\"og:description\" content=\"U Ulici Matice hrvatske 27. i 28. travnja sadi se novo drve\u0107e uz privremeno zatvaranje parkirali\u0161ta. Grad nastavlja ulagati u zelene povr\u0161ine\" \/>\n<meta property=\"og:url\" content=\"https:\/\/gorica.info\/en\/sadnja-novih-stabala-u-ulici-matice-hrvatske-kod-doma-zdravlja\/\" \/>\n<meta property=\"og:site_name\" content=\"Gorica Info\" \/>\n<meta property=\"article:publisher\" content=\"https:\/\/www.facebook.com\/Goricainfo-106005144489262\" \/>\n<meta property=\"article:published_time\" content=\"2026-04-25T04:09:33+00:00\" \/>\n<meta property=\"og:image\" content=\"https:\/\/gorica.info\/wp-content\/uploads\/2026\/04\/Info-tabla.jpeg\" \/>\n\t<meta property=\"og:image:width\" content=\"1500\" \/>\n\t<meta property=\"og:image:height\" content=\"845\" \/>\n\t<meta property=\"og:image:type\" content=\"image\/jpeg\" \/>\n<meta name=\"author\" content=\"Marta Horvat\" \/>\n<meta name=\"twitter:card\" content=\"summary_large_image\" \/>\n<meta name=\"twitter:creator\" content=\"@GoricaInfo\" \/>\n<meta name=\"twitter:site\" content=\"@GoricaInfo\" \/>\n<meta name=\"twitter:label1\" content=\"Written by\" \/>\n\t<meta name=\"twitter:data1\" content=\"Marta Horvat\" \/>\n\t<meta name=\"twitter:label2\" content=\"Est. reading time\" \/>\n\t<meta name=\"twitter:data2\" content=\"2 minutes\" \/>\n<meta name=\"geo.placename\" content=\"Velika Gorica\" \/>\n<meta name=\"geo.region\" content=\"Croatia\" \/>\n<!-- \/ Yoast SEO Premium plugin. -->","yoast_head_json":{"title":"Sadnja novih stabala u Ulici Matice hrvatske kod doma zdravlja - Gorica Info","description":"U Ulici Matice hrvatske 27. i 28. travnja sadi se novo drve\u0107e uz privremeno zatvaranje parkirali\u0161ta. Grad nastavlja ulagati u zelene povr\u0161ine","robots":{"index":"index","follow":"follow","max-snippet":"max-snippet:-1","max-image-preview":"max-image-preview:large","max-video-preview":"max-video-preview:-1"},"canonical":"https:\/\/gorica.info\/en\/sadnja-novih-stabala-u-ulici-matice-hrvatske-kod-doma-zdravlja\/","og_locale":"en_US","og_type":"article","og_title":"Sadnja novih stabala u Ulici Matice hrvatske kod doma zdravlja","og_description":"U Ulici Matice hrvatske 27. i 28. travnja sadi se novo drve\u0107e uz privremeno zatvaranje parkirali\u0161ta. Grad nastavlja ulagati u zelene povr\u0161ine","og_url":"https:\/\/gorica.info\/en\/sadnja-novih-stabala-u-ulici-matice-hrvatske-kod-doma-zdravlja\/","og_site_name":"Gorica Info","article_publisher":"https:\/\/www.facebook.com\/Goricainfo-106005144489262","article_published_time":"2026-04-25T04:09:33+00:00","og_image":[{"width":1500,"height":845,"url":"https:\/\/gorica.info\/wp-content\/uploads\/2026\/04\/Info-tabla.jpeg","type":"image\/jpeg"}],"author":"Marta Horvat","twitter_card":"summary_large_image","twitter_creator":"@GoricaInfo","twitter_site":"@GoricaInfo","twitter_misc":{"Written by":"Marta Horvat","Est. reading time":"2 minutes"},"schema":{"@context":"https:\/\/schema.org","@graph":[{"@type":"NewsArticle","@id":"https:\/\/gorica.info\/sadnja-novih-stabala-u-ulici-matice-hrvatske-kod-doma-zdravlja\/#article","isPartOf":{"@id":"https:\/\/gorica.info\/sadnja-novih-stabala-u-ulici-matice-hrvatske-kod-doma-zdravlja\/"},"author":{"name":"Marta Horvat","@id":"https:\/\/gorica.info\/#\/schema\/person\/b2df2f6fb2a9073c0fa5af2672befd52"},"headline":"Sadnja novih stabala u Ulici Matice hrvatske kod doma zdravlja","datePublished":"2026-04-25T04:09:33+00:00","mainEntityOfPage":{"@id":"https:\/\/gorica.info\/sadnja-novih-stabala-u-ulici-matice-hrvatske-kod-doma-zdravlja\/"},"wordCount":218,"publisher":{"@id":"https:\/\/gorica.info\/#organization"},"image":{"@id":"https:\/\/gorica.info\/sadnja-novih-stabala-u-ulici-matice-hrvatske-kod-doma-zdravlja\/#primaryimage"},"thumbnailUrl":"https:\/\/gorica.info\/wp-content\/uploads\/2026\/04\/Info-tabla.jpeg","keywords":["drvored","gradska uprava","gradski radovi","kod doma zdravlja","lukavec","nova stabla","okoli\u0161","park plemenite op\u0107ine turopoljske","sadnja drve\u0107a","sadnja stabala","uklanjanje stabala","ulica matice hrvatske","ure\u0111enje zelenih povr\u0161ina","Velika Gorica","vg info","VG Komunalac","vg vijesti"],"articleSection":["GORICA"],"inLanguage":"en-US","copyrightYear":"2026","copyrightHolder":{"@id":"https:\/\/gorica.info\/en\/#organization"}},{"@type":"WebPage","@id":"https:\/\/gorica.info\/sadnja-novih-stabala-u-ulici-matice-hrvatske-kod-doma-zdravlja\/","url":"https:\/\/gorica.info\/sadnja-novih-stabala-u-ulici-matice-hrvatske-kod-doma-zdravlja\/","name":"Sadnja novih stabala u Ulici Matice hrvatske kod doma zdravlja - Gorica Info","isPartOf":{"@id":"https:\/\/gorica.info\/#website"},"primaryImageOfPage":{"@id":"https:\/\/gorica.info\/sadnja-novih-stabala-u-ulici-matice-hrvatske-kod-doma-zdravlja\/#primaryimage"},"image":{"@id":"https:\/\/gorica.info\/sadnja-novih-stabala-u-ulici-matice-hrvatske-kod-doma-zdravlja\/#primaryimage"},"thumbnailUrl":"https:\/\/gorica.info\/wp-content\/uploads\/2026\/04\/Info-tabla.jpeg","datePublished":"2026-04-25T04:09:33+00:00","description":"U Ulici Matice hrvatske 27. i 28. travnja sadi se novo drve\u0107e uz privremeno zatvaranje parkirali\u0161ta. Grad nastavlja ulagati u zelene povr\u0161ine","breadcrumb":{"@id":"https:\/\/gorica.info\/sadnja-novih-stabala-u-ulici-matice-hrvatske-kod-doma-zdravlja\/#breadcrumb"},"inLanguage":"en-US","potentialAction":[{"@type":"ReadAction","target":["https:\/\/gorica.info\/sadnja-novih-stabala-u-ulici-matice-hrvatske-kod-doma-zdravlja\/"]}]},{"@type":"ImageObject","inLanguage":"en-US","@id":"https:\/\/gorica.info\/sadnja-novih-stabala-u-ulici-matice-hrvatske-kod-doma-zdravlja\/#primaryimage","url":"https:\/\/gorica.info\/wp-content\/uploads\/2026\/04\/Info-tabla.jpeg","contentUrl":"https:\/\/gorica.info\/wp-content\/uploads\/2026\/04\/Info-tabla.jpeg","width":1500,"height":845,"caption":"Foto: Grad Velika Gorica"},{"@type":"BreadcrumbList","@id":"https:\/\/gorica.info\/sadnja-novih-stabala-u-ulici-matice-hrvatske-kod-doma-zdravlja\/#breadcrumb","itemListElement":[{"@type":"ListItem","position":1,"name":"Po\u010detna stranica","item":"https:\/\/gorica.info\/"},{"@type":"ListItem","position":2,"name":"Sadnja novih stabala u Ulici Matice hrvatske kod doma zdravlja"}]},{"@type":"WebSite","@id":"https:\/\/gorica.info\/#website","url":"https:\/\/gorica.info\/","name":"Gorica Info","description":"Vijesti iz Velike Gorice i okolice.","publisher":{"@id":"https:\/\/gorica.info\/#organization"},"potentialAction":[{"@type":"SearchAction","target":{"@type":"EntryPoint","urlTemplate":"https:\/\/gorica.info\/?s={search_term_string}"},"query-input":{"@type":"PropertyValueSpecification","valueRequired":true,"valueName":"search_term_string"}}],"inLanguage":"en-US"},{"@type":["Organization","Place","NewsMediaOrganization"],"@id":"https:\/\/gorica.info\/#organization","name":"Gorica Info","url":"https:\/\/gorica.info\/","logo":{"@id":"https:\/\/gorica.info\/sadnja-novih-stabala-u-ulici-matice-hrvatske-kod-doma-zdravlja\/#local-main-organization-logo"},"image":{"@id":"https:\/\/gorica.info\/sadnja-novih-stabala-u-ulici-matice-hrvatske-kod-doma-zdravlja\/#local-main-organization-logo"},"sameAs":["https:\/\/www.facebook.com\/Goricainfo-106005144489262","https:\/\/x.com\/GoricaInfo","https:\/\/www.instagram.com\/gorica.info\/"],"address":{"@id":"https:\/\/gorica.info\/sadnja-novih-stabala-u-ulici-matice-hrvatske-kod-doma-zdravlja\/#local-main-place-address"},"telephone":[],"openingHoursSpecification":[{"@type":"OpeningHoursSpecification","dayOfWeek":["Monday","Tuesday","Wednesday","Thursday","Friday","Saturday","Sunday"],"opens":"09:00","closes":"17:00"}],"email":"redakcija@gorica.info"},{"@type":"Person","@id":"https:\/\/gorica.info\/#\/schema\/person\/b2df2f6fb2a9073c0fa5af2672befd52","name":"Marta Horvat","description":"Marta Horvat je studentica koja redovito pi\u0161e za portal, prati sva gradska doga\u0111anja i u\u017eiva isprobavati nove recept koje dijeli s na\u0161im \u010ditateljima.","url":"https:\/\/gorica.info\/en\/author\/marta-horvat\/"},{"@type":"PostalAddress","@id":"https:\/\/gorica.info\/sadnja-novih-stabala-u-ulici-matice-hrvatske-kod-doma-zdravlja\/#local-main-place-address","streetAddress":"Horvatova 97","addressLocality":"Velika Gorica","postalCode":"10410","addressRegion":"Croatia","addressCountry":"HR"},{"@type":"ImageObject","inLanguage":"en-US","@id":"https:\/\/gorica.info\/sadnja-novih-stabala-u-ulici-matice-hrvatske-kod-doma-zdravlja\/#local-main-organization-logo","url":"https:\/\/gorica.info\/wp-content\/uploads\/2024\/07\/Gorica-Info-Logo-mali.png","contentUrl":"https:\/\/gorica.info\/wp-content\/uploads\/2024\/07\/Gorica-Info-Logo-mali.png","width":450,"height":85,"caption":"Gorica Info"}]},"geo.placename":"Velika Gorica","geo.region":"Croatia"},"_links":{"self":[{"href":"https:\/\/gorica.info\/en\/wp-json\/wp\/v2\/posts\/107210","targetHints":{"allow":["GET"]}}],"collection":[{"href":"https:\/\/gorica.info\/en\/wp-json\/wp\/v2\/posts"}],"about":[{"href":"https:\/\/gorica.info\/en\/wp-json\/wp\/v2\/types\/post"}],"author":[{"embeddable":true,"href":"https:\/\/gorica.info\/en\/wp-json\/wp\/v2\/users\/25"}],"replies":[{"embeddable":true,"href":"https:\/\/gorica.info\/en\/wp-json\/wp\/v2\/comments?post=107210"}],"version-history":[{"count":1,"href":"https:\/\/gorica.info\/en\/wp-json\/wp\/v2\/posts\/107210\/revisions"}],"predecessor-version":[{"id":107212,"href":"https:\/\/gorica.info\/en\/wp-json\/wp\/v2\/posts\/107210\/revisions\/107212"}],"wp:featuredmedia":[{"embeddable":true,"href":"https:\/\/gorica.info\/en\/wp-json\/wp\/v2\/media\/107211"}],"wp:attachment":[{"href":"https:\/\/gorica.info\/en\/wp-json\/wp\/v2\/media?parent=107210"}],"wp:term":[{"taxonomy":"category","embeddable":true,"href":"https:\/\/gorica.info\/en\/wp-json\/wp\/v2\/categories?post=107210"},{"taxonomy":"post_tag","embeddable":true,"href":"https:\/\/gorica.info\/en\/wp-json\/wp\/v2\/tags?post=107210"}],"curies":[{"name":"wp","href":"https:\/\/api.w.org\/{rel}","templated":true}]}}