{"id":107232,"date":"2026-04-26T07:44:42","date_gmt":"2026-04-26T05:44:42","guid":{"rendered":"https:\/\/gorica.info\/?p=107232"},"modified":"2026-04-26T08:21:53","modified_gmt":"2026-04-26T06:21:53","slug":"borba-za-zivot-u-sumi-na-muskarca-pale-klade-i-tesko-ga-ozlijedile","status":"publish","type":"post","link":"https:\/\/gorica.info\/en\/borba-za-zivot-u-sumi-na-muskarca-pale-klade-i-tesko-ga-ozlijedile\/","title":{"rendered":"Borba za \u017eivot u \u0161umi: Na mu\u0161karca pale klade i te\u0161ko ga ozlijedile"},"content":{"rendered":"<p><span style=\"font-size: 20px\"><strong>Mu\u0161karac<\/strong> koji je <strong>sjekao drva<\/strong> na nepristupa\u010dnom terenu <a href=\"https:\/\/gorica.info\/en\/kobna-sjeca-stabla-muskarac-smrtno-stradao-u-sumi\/\">u \u0161umi<\/a> te\u0161ko je ozlije\u0111en kada su se na njega <strong>sru\u0161ile klade<\/strong>. U akciju spa\u0161avanja na nepristupa\u010dnom terenu na podru\u010dju op\u0107ine Majur odmah su <strong>krenuli vatrogasci.<\/strong><\/span><\/p>\n<p><span style=\"font-size: 20px\">Na intervenciju su upu\u0107ene <strong>dvije ekipe DVD-a Hrvatska Kostajnica i ekipa hitne medicinske pomo\u0107i<\/strong>. Dolaskom na lokaciju, zbog izrazito te\u0161kog terena, napornog transporta i ozbiljnog stanja unesre\u0107ene osobe koja je bila bez svijesti, voditelj intervencije zatra\u017eio je dodatnu pomo\u0107.<\/span><\/p>\n<p><span style=\"font-size: 20px\">Zajedno s timom hitne medicinske slu\u017ebe zapo\u010deo je zahtjevan transport unesre\u0107ene osobe. Dodatno su aktivirani<strong> DVD Majur, DVD Sunja-Greda Sunja i HGSS<\/strong>, \u010diji je tim bio u dolasku.<\/span><\/p>\n<p><span style=\"font-size: 20px\">Zbog manjka mobilnog i TETRA signala na podru\u010dju intervencije, koordinacija svih uklju\u010denih slu\u017ebi bila je posebno kompleksna i zahtjevna. Preko zapovjednika DVD-a proslije\u0111ene su koordinate za slijetanje helikoptera hitne medicinske slu\u017ebe.<\/span><\/p>\n<p><span style=\"font-size: 20px\">Unesre\u0107enu osobu preuzeo je lije\u010dni\u010dki tim te je prevezena u Zagreb na daljnje zbrinjavanje.<\/span><\/p>\n<p><span style=\"font-size: 20px\">Na intervenciji su sudjelovali:<\/span><\/p>\n<ul>\n<li><span style=\"font-size: 20px\">9 vatrogasaca DVD-a Hrvatska Kostajnica<\/span><\/li>\n<li><span style=\"font-size: 20px\">4 vatrogasca DVD-a Sunja-Greda Sunja<\/span><\/li>\n<li><span style=\"font-size: 20px\">2 vatrogasca DVD-a Majur<\/span><\/li>\n<li><span style=\"font-size: 20px\">tim hitne medicinske slu\u017ebe Hrvatska Kostajnica<\/span><\/li>\n<li><span style=\"font-size: 20px\">tim helikopterske hitne medicinske slu\u017ebe<\/span><\/li>\n<li><span style=\"font-size: 20px\">HGSS, aktiviran i u dolasku<\/span><\/li>\n<\/ul>\n<p><span style=\"font-size: 20px\">Zahvaljujemo svim uklju\u010denim slu\u017ebama na brzoj reakciji, iznimnom naporu i profesionalnoj suradnji.<\/span><\/p>\n<p><span style=\"font-size: 20px\">Ovakve situacije jo\u0161 jednom pokazuju koliko su va\u017eni spremnost, koordinacija i zajedni\u010dko djelovanje \u017eurnih slu\u017ebi, osobito kada se intervencija odvija daleko od prometnica, u te\u0161kim uvjetima, poru\u010dili su iz <a href=\"https:\/\/www.facebook.com\/DVDHrvatskaKostajnica\">DVD-a Hrvatska Kostajnica.<\/a><\/span><\/p>","protected":false},"excerpt":{"rendered":"<p>Mu\u0161karac koji je sjekao drva na nepristupa\u010dnom terenu u \u0161umi te\u0161ko je ozlije\u0111en kada su se na njega sru\u0161ile klade. U akciju spa\u0161avanja na nepristupa\u010dnom terenu na podru\u010dju op\u0107ine Majur odmah su krenuli vatrogasci. Na intervenciju su upu\u0107ene dvije ekipe DVD-a Hrvatska Kostajnica i ekipa hitne medicinske pomo\u0107i. Dolaskom na lokaciju, zbog izrazito te\u0161kog terena, [&hellip;]<\/p>\n","protected":false},"author":24,"featured_media":107233,"comment_status":"closed","ping_status":"closed","sticky":false,"template":"","format":"standard","meta":{"limit_modified_date":"1","last_modified_date":"","jnews-multi-image_gallery":[],"jnews_single_post":{"format":"standard","override":[{"template":"3","parallax":"1","fullscreen":"1","layout":"right-sidebar","sidebar":"default-sidebar","second_sidebar":"default-sidebar","sticky_sidebar":"1","share_position":"top","share_float_style":"share-monocrhome","show_featured":"1","show_post_meta":"1","show_post_author":"1","show_post_author_image":"1","show_post_date":"1","post_date_format":"default","post_date_format_custom":"Y\/m\/d","show_post_category":"1","show_post_reading_time":"1","post_reading_time_wpm":"300","post_calculate_word_method":"str_word_count","zoom_button_out_step":"2","zoom_button_in_step":"3","show_post_tag":"1","show_popup_post":"1","show_comment_section":"1","number_popup_post":"1","show_post_related":"1"}],"image_override":[{"single_post_thumbnail_size":"crop-500","single_post_gallery_size":"crop-500"}],"trending_post_position":"meta","trending_post_label":"Trending","sponsored_post_label":"Sponsored by","disable_ad":"0","subtitle":"U akciji spa\u0161avanja sudjelovalo je 15 vatrogasca, dvije ekipe hitne medicinske pomo\u0107i i helikopter hitne slu\u017ebe"},"jnews_primary_category":[],"jnews_override_counter":{"view_counter_number":"0","share_counter_number":"0","like_counter_number":"0","dislike_counter_number":"0"},"footnotes":""},"categories":[96],"tags":[3906,24956,24957,24953,623,24955,3365,24950,18819,24954,519,4071,24952,553,24958,24951,3545,465],"class_list":["post-107232","post","type-post","status-publish","format-standard","has-post-thumbnail","hentry","category-vijesti","tag-dvd-hrvatska-kostajnica","tag-dvd-majur","tag-dvd-sunja","tag-helikopter-hitne-pomoci","tag-hgss","tag-hitna-medicinska-sluzba","tag-intervencija","tag-klade","tag-majur","tag-nepristupacan-teren","tag-nesreca","tag-nesreca-u-sumi","tag-pad-klada","tag-spasavanje","tag-sumska-nesreca","tag-teska-intervencija","tag-tesko-ozlijeden","tag-vatrogasci"],"yoast_head":"<!-- This site is optimized with the Yoast SEO Premium plugin v27.4 (Yoast SEO v27.4) - https:\/\/yoast.com\/product\/yoast-seo-premium-wordpress\/ -->\n<title>Borba za \u017eivot u \u0161umi: Na mu\u0161karca pale klade i te\u0161ko ga ozlijedile - Gorica Info<\/title>\n<meta name=\"description\" content=\"Mu\u0161karac te\u0161ko ozlije\u0111en u nepristupa\u010dnoj \u0161umi nakon \u0161to su se na njega sru\u0161ile klade. U akciji spa\u0161avanja sudjelovali vatrogasci.\" \/>\n<meta name=\"robots\" content=\"index, follow, max-snippet:-1, max-image-preview:large, max-video-preview:-1\" \/>\n<link rel=\"canonical\" href=\"https:\/\/gorica.info\/en\/borba-za-zivot-u-sumi-na-muskarca-pale-klade-i-tesko-ga-ozlijedile\/\" \/>\n<meta property=\"og:locale\" content=\"en_US\" \/>\n<meta property=\"og:type\" content=\"article\" \/>\n<meta property=\"og:title\" content=\"Borba za \u017eivot u \u0161umi: Na mu\u0161karca pale klade i te\u0161ko ga ozlijedile\" \/>\n<meta property=\"og:description\" content=\"Mu\u0161karac te\u0161ko ozlije\u0111en u nepristupa\u010dnoj \u0161umi nakon \u0161to su se na njega sru\u0161ile klade. U akciji spa\u0161avanja sudjelovali vatrogasci.\" \/>\n<meta property=\"og:url\" content=\"https:\/\/gorica.info\/en\/borba-za-zivot-u-sumi-na-muskarca-pale-klade-i-tesko-ga-ozlijedile\/\" \/>\n<meta property=\"og:site_name\" content=\"Gorica Info\" \/>\n<meta property=\"article:publisher\" content=\"https:\/\/www.facebook.com\/Goricainfo-106005144489262\" \/>\n<meta property=\"article:published_time\" content=\"2026-04-26T05:44:42+00:00\" \/>\n<meta property=\"article:modified_time\" content=\"2026-04-26T06:21:53+00:00\" \/>\n<meta property=\"og:image\" content=\"https:\/\/gorica.info\/wp-content\/uploads\/2026\/04\/suma-vatrogasci.jpg\" \/>\n\t<meta property=\"og:image:width\" content=\"1200\" \/>\n\t<meta property=\"og:image:height\" content=\"634\" \/>\n\t<meta property=\"og:image:type\" content=\"image\/jpeg\" \/>\n<meta name=\"author\" content=\"Marija Stip\u010di\u0107\" \/>\n<meta name=\"twitter:card\" content=\"summary_large_image\" \/>\n<meta name=\"twitter:creator\" content=\"@GoricaInfo\" \/>\n<meta name=\"twitter:site\" content=\"@GoricaInfo\" \/>\n<meta name=\"twitter:label1\" content=\"Written by\" \/>\n\t<meta name=\"twitter:data1\" content=\"Marija Stip\u010di\u0107\" \/>\n\t<meta name=\"twitter:label2\" content=\"Est. reading time\" \/>\n\t<meta name=\"twitter:data2\" content=\"2 minutes\" \/>\n<meta name=\"geo.placename\" content=\"Velika Gorica\" \/>\n<meta name=\"geo.region\" content=\"Croatia\" \/>\n<!-- \/ Yoast SEO Premium plugin. -->","yoast_head_json":{"title":"Borba za \u017eivot u \u0161umi: Na mu\u0161karca pale klade i te\u0161ko ga ozlijedile - Gorica Info","description":"Mu\u0161karac te\u0161ko ozlije\u0111en u nepristupa\u010dnoj \u0161umi nakon \u0161to su se na njega sru\u0161ile klade. U akciji spa\u0161avanja sudjelovali vatrogasci.","robots":{"index":"index","follow":"follow","max-snippet":"max-snippet:-1","max-image-preview":"max-image-preview:large","max-video-preview":"max-video-preview:-1"},"canonical":"https:\/\/gorica.info\/en\/borba-za-zivot-u-sumi-na-muskarca-pale-klade-i-tesko-ga-ozlijedile\/","og_locale":"en_US","og_type":"article","og_title":"Borba za \u017eivot u \u0161umi: Na mu\u0161karca pale klade i te\u0161ko ga ozlijedile","og_description":"Mu\u0161karac te\u0161ko ozlije\u0111en u nepristupa\u010dnoj \u0161umi nakon \u0161to su se na njega sru\u0161ile klade. U akciji spa\u0161avanja sudjelovali vatrogasci.","og_url":"https:\/\/gorica.info\/en\/borba-za-zivot-u-sumi-na-muskarca-pale-klade-i-tesko-ga-ozlijedile\/","og_site_name":"Gorica Info","article_publisher":"https:\/\/www.facebook.com\/Goricainfo-106005144489262","article_published_time":"2026-04-26T05:44:42+00:00","article_modified_time":"2026-04-26T06:21:53+00:00","og_image":[{"width":1200,"height":634,"url":"https:\/\/gorica.info\/wp-content\/uploads\/2026\/04\/suma-vatrogasci.jpg","type":"image\/jpeg"}],"author":"Marija Stip\u010di\u0107","twitter_card":"summary_large_image","twitter_creator":"@GoricaInfo","twitter_site":"@GoricaInfo","twitter_misc":{"Written by":"Marija Stip\u010di\u0107","Est. reading time":"2 minutes"},"schema":{"@context":"https:\/\/schema.org","@graph":[{"@type":"NewsArticle","@id":"https:\/\/gorica.info\/borba-za-zivot-u-sumi-na-muskarca-pale-klade-i-tesko-ga-ozlijedile\/#article","isPartOf":{"@id":"https:\/\/gorica.info\/borba-za-zivot-u-sumi-na-muskarca-pale-klade-i-tesko-ga-ozlijedile\/"},"author":{"name":"Marija Stip\u010di\u0107","@id":"https:\/\/gorica.info\/#\/schema\/person\/9333bbb1dc58fe60ed05834f4e88dc63"},"headline":"Borba za \u017eivot u \u0161umi: Na mu\u0161karca pale klade i te\u0161ko ga ozlijedile","datePublished":"2026-04-26T05:44:42+00:00","dateModified":"2026-04-26T06:21:53+00:00","mainEntityOfPage":{"@id":"https:\/\/gorica.info\/borba-za-zivot-u-sumi-na-muskarca-pale-klade-i-tesko-ga-ozlijedile\/"},"wordCount":270,"publisher":{"@id":"https:\/\/gorica.info\/#organization"},"image":{"@id":"https:\/\/gorica.info\/borba-za-zivot-u-sumi-na-muskarca-pale-klade-i-tesko-ga-ozlijedile\/#primaryimage"},"thumbnailUrl":"https:\/\/gorica.info\/wp-content\/uploads\/2026\/04\/suma-vatrogasci.jpg","keywords":["dvd hrvatska kostajnica","DVD Majur","DVD Sunja","helikopter hitne pomo\u0107i","hgss","hitna medicinska slu\u017eba","intervencija","klade","majur","nepristupa\u010dan teren","nesre\u0107a","nesre\u0107a u \u0161umi","pad klada","spa\u0161avanje","\u0161umska nesre\u0107a","te\u0161ka intervencija","te\u0161ko ozlije\u0111en","vatrogasci"],"articleSection":["VIJESTI"],"inLanguage":"en-US","copyrightYear":"2026","copyrightHolder":{"@id":"https:\/\/gorica.info\/en\/#organization"}},{"@type":"WebPage","@id":"https:\/\/gorica.info\/borba-za-zivot-u-sumi-na-muskarca-pale-klade-i-tesko-ga-ozlijedile\/","url":"https:\/\/gorica.info\/borba-za-zivot-u-sumi-na-muskarca-pale-klade-i-tesko-ga-ozlijedile\/","name":"Borba za \u017eivot u \u0161umi: Na mu\u0161karca pale klade i te\u0161ko ga ozlijedile - Gorica Info","isPartOf":{"@id":"https:\/\/gorica.info\/#website"},"primaryImageOfPage":{"@id":"https:\/\/gorica.info\/borba-za-zivot-u-sumi-na-muskarca-pale-klade-i-tesko-ga-ozlijedile\/#primaryimage"},"image":{"@id":"https:\/\/gorica.info\/borba-za-zivot-u-sumi-na-muskarca-pale-klade-i-tesko-ga-ozlijedile\/#primaryimage"},"thumbnailUrl":"https:\/\/gorica.info\/wp-content\/uploads\/2026\/04\/suma-vatrogasci.jpg","datePublished":"2026-04-26T05:44:42+00:00","dateModified":"2026-04-26T06:21:53+00:00","description":"Mu\u0161karac te\u0161ko ozlije\u0111en u nepristupa\u010dnoj \u0161umi nakon \u0161to su se na njega sru\u0161ile klade. U akciji spa\u0161avanja sudjelovali vatrogasci.","breadcrumb":{"@id":"https:\/\/gorica.info\/borba-za-zivot-u-sumi-na-muskarca-pale-klade-i-tesko-ga-ozlijedile\/#breadcrumb"},"inLanguage":"en-US","potentialAction":[{"@type":"ReadAction","target":["https:\/\/gorica.info\/borba-za-zivot-u-sumi-na-muskarca-pale-klade-i-tesko-ga-ozlijedile\/"]}]},{"@type":"ImageObject","inLanguage":"en-US","@id":"https:\/\/gorica.info\/borba-za-zivot-u-sumi-na-muskarca-pale-klade-i-tesko-ga-ozlijedile\/#primaryimage","url":"https:\/\/gorica.info\/wp-content\/uploads\/2026\/04\/suma-vatrogasci.jpg","contentUrl":"https:\/\/gorica.info\/wp-content\/uploads\/2026\/04\/suma-vatrogasci.jpg","width":1200,"height":634,"caption":"Foto: DVD Hrvatska Kostajnica"},{"@type":"BreadcrumbList","@id":"https:\/\/gorica.info\/borba-za-zivot-u-sumi-na-muskarca-pale-klade-i-tesko-ga-ozlijedile\/#breadcrumb","itemListElement":[{"@type":"ListItem","position":1,"name":"Po\u010detna stranica","item":"https:\/\/gorica.info\/"},{"@type":"ListItem","position":2,"name":"Borba za \u017eivot u \u0161umi: Na mu\u0161karca pale klade i te\u0161ko ga ozlijedile"}]},{"@type":"WebSite","@id":"https:\/\/gorica.info\/#website","url":"https:\/\/gorica.info\/","name":"Gorica Info","description":"Vijesti iz Velike Gorice i okolice.","publisher":{"@id":"https:\/\/gorica.info\/#organization"},"potentialAction":[{"@type":"SearchAction","target":{"@type":"EntryPoint","urlTemplate":"https:\/\/gorica.info\/?s={search_term_string}"},"query-input":{"@type":"PropertyValueSpecification","valueRequired":true,"valueName":"search_term_string"}}],"inLanguage":"en-US"},{"@type":["Organization","Place","NewsMediaOrganization"],"@id":"https:\/\/gorica.info\/#organization","name":"Gorica Info","url":"https:\/\/gorica.info\/","logo":{"@id":"https:\/\/gorica.info\/borba-za-zivot-u-sumi-na-muskarca-pale-klade-i-tesko-ga-ozlijedile\/#local-main-organization-logo"},"image":{"@id":"https:\/\/gorica.info\/borba-za-zivot-u-sumi-na-muskarca-pale-klade-i-tesko-ga-ozlijedile\/#local-main-organization-logo"},"sameAs":["https:\/\/www.facebook.com\/Goricainfo-106005144489262","https:\/\/x.com\/GoricaInfo","https:\/\/www.instagram.com\/gorica.info\/"],"address":{"@id":"https:\/\/gorica.info\/borba-za-zivot-u-sumi-na-muskarca-pale-klade-i-tesko-ga-ozlijedile\/#local-main-place-address"},"telephone":[],"openingHoursSpecification":[{"@type":"OpeningHoursSpecification","dayOfWeek":["Monday","Tuesday","Wednesday","Thursday","Friday","Saturday","Sunday"],"opens":"09:00","closes":"17:00"}],"email":"redakcija@gorica.info"},{"@type":"Person","@id":"https:\/\/gorica.info\/#\/schema\/person\/9333bbb1dc58fe60ed05834f4e88dc63","name":"Marija Stip\u010di\u0107","description":"Marija Stip\u010di\u0107 novinarske vje\u0161tine brusila je na portalu Gorica.info. Redovito pi\u0161e za rubrike Info, Gorica, \u017divot, Danas kuham.","url":"https:\/\/gorica.info\/en\/author\/marija-stipcic\/"},{"@type":"PostalAddress","@id":"https:\/\/gorica.info\/borba-za-zivot-u-sumi-na-muskarca-pale-klade-i-tesko-ga-ozlijedile\/#local-main-place-address","streetAddress":"Horvatova 97","addressLocality":"Velika Gorica","postalCode":"10410","addressRegion":"Croatia","addressCountry":"HR"},{"@type":"ImageObject","inLanguage":"en-US","@id":"https:\/\/gorica.info\/borba-za-zivot-u-sumi-na-muskarca-pale-klade-i-tesko-ga-ozlijedile\/#local-main-organization-logo","url":"https:\/\/gorica.info\/wp-content\/uploads\/2024\/07\/Gorica-Info-Logo-mali.png","contentUrl":"https:\/\/gorica.info\/wp-content\/uploads\/2024\/07\/Gorica-Info-Logo-mali.png","width":450,"height":85,"caption":"Gorica Info"}]},"geo.placename":"Velika Gorica","geo.region":"Croatia"},"_links":{"self":[{"href":"https:\/\/gorica.info\/en\/wp-json\/wp\/v2\/posts\/107232","targetHints":{"allow":["GET"]}}],"collection":[{"href":"https:\/\/gorica.info\/en\/wp-json\/wp\/v2\/posts"}],"about":[{"href":"https:\/\/gorica.info\/en\/wp-json\/wp\/v2\/types\/post"}],"author":[{"embeddable":true,"href":"https:\/\/gorica.info\/en\/wp-json\/wp\/v2\/users\/24"}],"replies":[{"embeddable":true,"href":"https:\/\/gorica.info\/en\/wp-json\/wp\/v2\/comments?post=107232"}],"version-history":[{"count":1,"href":"https:\/\/gorica.info\/en\/wp-json\/wp\/v2\/posts\/107232\/revisions"}],"predecessor-version":[{"id":107234,"href":"https:\/\/gorica.info\/en\/wp-json\/wp\/v2\/posts\/107232\/revisions\/107234"}],"wp:featuredmedia":[{"embeddable":true,"href":"https:\/\/gorica.info\/en\/wp-json\/wp\/v2\/media\/107233"}],"wp:attachment":[{"href":"https:\/\/gorica.info\/en\/wp-json\/wp\/v2\/media?parent=107232"}],"wp:term":[{"taxonomy":"category","embeddable":true,"href":"https:\/\/gorica.info\/en\/wp-json\/wp\/v2\/categories?post=107232"},{"taxonomy":"post_tag","embeddable":true,"href":"https:\/\/gorica.info\/en\/wp-json\/wp\/v2\/tags?post=107232"}],"curies":[{"name":"wp","href":"https:\/\/api.w.org\/{rel}","templated":true}]}}