{"id":107243,"date":"2026-04-26T13:29:21","date_gmt":"2026-04-26T11:29:21","guid":{"rendered":"https:\/\/gorica.info\/?p=107243"},"modified":"2026-04-26T13:29:21","modified_gmt":"2026-04-26T11:29:21","slug":"veseli-vozac-elektricnog-romobila-napuhao-13-promila-zavrsio-na-trijeznjenju-slijedi-kazna","status":"publish","type":"post","link":"https:\/\/gorica.info\/en\/veseli-vozac-elektricnog-romobila-napuhao-13-promila-zavrsio-na-trijeznjenju-slijedi-kazna\/","title":{"rendered":"\u201cVeseli\u201c voza\u010d elektri\u010dnog romobila: Napuhao 1,3 promila, zavr\u0161io na trije\u017enjenju, slijedi kazna"},"content":{"rendered":"<p><span style=\"font-size: 20px;\">Jedan \u0107e <strong>45-godi\u0161nji voza\u010d elektri\u010dnog romobila u Petrinji<\/strong> zasigurno zapamtiti pro\u0161li petak. Tada su ga <a href=\"https:\/\/gorica.info\/en\/pametni-znaju-cemu-sluzi-pojas-nevezana-vozila-uhicena-i-dobila-gotovo-3000-eura-kazne\/\"><strong>zaustavili policijski slu\u017ebenici<\/strong><\/a> i po\u010deli standardni postupak provjere.\u00a0<\/span><\/p>\n<h3><strong>Voza\u010d elektri\u010dnog romobila \u201cpod gasom\u201c<\/strong><\/h3>\n<p><span style=\"font-size: 20px;\">Utvrdili su da je voza\u010d elektri\u010dnog romobila solidno pod gasom i da <strong>u krvi ima 1,30 promila alkohola<\/strong>. <\/span><\/p>\n<p><span style=\"font-size: 20px;\">Uz to tijekom vo\u017enje, navodi se <a href=\"https:\/\/sisacko-moslavacka-policija.gov.hr\"><strong>u priop\u0107enju Policijske uprave sisa\u010dko-moslava\u010dke<\/strong><\/a>, nije koristio kacigu niti je imao reflektiraju\u0107i prsluk. <\/span><\/p>\n<p><span style=\"font-size: 20px;\">I na kraju &#8211; <strong>nije se kretao prometnom povr\u0161inom<\/strong> namijenjenom za kretanje osobnog prijevoznog sredstva. <\/span><\/p>\n<p><span style=\"font-size: 20px;\"><strong>Zavr\u0161io je na trije\u017enjenju<\/strong> u posebnoj prostoriji policijske postaje. Slijedi mu i prekr\u0161ajni nalog. <\/span><\/p>\n<h3><strong>Ovo su va\u017ena pravila!\u00a0<\/strong><\/h3>\n<p><span style=\"font-size: 20px;\">Iz PU sisa\u010dko-moslava\u010dke podsje\u0107aju na <strong>pravila za sigurnu vo\u017enju romobilom:<\/strong><\/span><\/p>\n<p><span style=\"font-size: 20px;\"><strong>&#8211; 14 godina<\/strong> je minimalna dob za samostalno upravljanje elektri\u010dnim romobilom.<\/span><br \/>\n<span style=\"font-size: 20px;\"><strong>&#8211; Kaciga je obavezna<\/strong> tijekom vo\u017enje.<\/span><br \/>\n<span style=\"font-size: 20px;\">&#8211; Voza\u010d tijekom vo\u017enje <strong>smije imati slu\u0161alicu samo u ili na jednom uhu<\/strong>, a ne u ili na oba.<\/span><br \/>\n<span style=\"font-size: 20px;\">&#8211; Na elektri\u010dnim romobilu <strong>smije se prevoziti samo osoba koja njime upravlja<\/strong> &#8211; nema\u00a0<em>sharinga<\/em>.<\/span><br \/>\n<span style=\"font-size: 20px;\">&#8211; <strong>25 km\/h je maksimalna dozvoljena brzina<\/strong> ovih vozila, ali je pritom potrebno brzinu prilagoditi povr\u0161inama kojima se kre\u0107u i voditi ra\u010duna o drugim sudionicima u prometu.<\/span><br \/>\n<span style=\"font-size: 20px;\">&#8211; <strong>Kretati se smije biciklisti\u010dkim stazama ili trakama<\/strong>, a ako ih nema onda povr\u0161inama za kretanje pje\u0161aka, vode\u0107i ra\u010duna o drugim sudionicima u prometu.<\/span><\/p>\n<p><span style=\"font-size: 20px;\">&#8211; Obavezno no\u0107u, a i danju u slu\u010daju smanjene vidljivosti, va\u017eno je biti uo\u010den: <strong>voza\u010d mora biti ozna\u010den reflektiraju\u0107im prslukom ili reflektiraju\u0107om odje\u0107om<\/strong>, a vozilo mora biti osvijetljeno.<\/span><br \/>\n<span style=\"font-size: 20px;\">&#8211; Voza\u010d mora <strong>upravljati romobilom tako da ne ugro\u017eava stabilnost ni druge sudionike<\/strong> te ne smije skidati obje ruke s upravlja\u010da, pridr\u017eavati se za vozila ni prevoziti predmete koji ometaju upravljanje.<\/span><br \/>\n<span style=\"font-size: 20px;\">&#8211; Pri <strong>prelasku kolnika voza\u010d romobila mora paziti<\/strong> na udaljenost i brzinu vozila te prije\u0107i tek kad je sigurno.<\/span><br \/>\n<span style=\"font-size: 20px;\">&#8211; Ako biciklisti\u010dka staza nije ozna\u010dena preko kolnika, <strong>voza\u010d mora si\u0107i s elektri\u010dnog romobila<\/strong> i gurati ga kao pje\u0161ak preko prijelaza ili kolnika.<\/span><\/p>","protected":false},"excerpt":{"rendered":"<p>Jedan \u0107e 45-godi\u0161nji voza\u010d elektri\u010dnog romobila u Petrinji zasigurno zapamtiti pro\u0161li petak. Tada su ga zaustavili policijski slu\u017ebenici i po\u010deli standardni postupak provjere.\u00a0 Voza\u010d elektri\u010dnog romobila \u201cpod gasom\u201c Utvrdili su da je voza\u010d elektri\u010dnog romobila solidno pod gasom i da u krvi ima 1,30 promila alkohola. Uz to tijekom vo\u017enje, navodi se u priop\u0107enju Policijske [&hellip;]<\/p>\n","protected":false},"author":33,"featured_media":107244,"comment_status":"closed","ping_status":"closed","sticky":false,"template":"","format":"standard","meta":{"limit_modified_date":"1","last_modified_date":"","jnews-multi-image_gallery":[],"jnews_single_post":{"format":"standard","override":[{"template":"3","parallax":"1","fullscreen":"1","layout":"right-sidebar","sidebar":"default-sidebar","second_sidebar":"default-sidebar","sticky_sidebar":"1","share_position":"top","share_float_style":"share-monocrhome","show_featured":"1","show_post_meta":"1","show_post_author":"1","show_post_author_image":"1","show_post_date":"1","post_date_format":"default","post_date_format_custom":"Y\/m\/d","show_post_category":"1","show_post_reading_time":"1","post_reading_time_wpm":"300","post_calculate_word_method":"str_word_count","zoom_button_out_step":"2","zoom_button_in_step":"3","show_post_tag":"1","show_popup_post":"1","show_comment_section":"1","number_popup_post":"1","show_post_related":"1"}],"image_override":[{"single_post_thumbnail_size":"crop-500","single_post_gallery_size":"crop-500"}],"trending_post_position":"meta","trending_post_label":"Trending","sponsored_post_label":"Sponsored by","disable_ad":"0","subtitle":"Osim alkohola u krvi, voza\u010d romobila nije imao kacigu ni prsluk, a nije se ni kretao dozvoljenom prometnom povr\u0161inom"},"jnews_primary_category":[],"jnews_override_counter":{"view_counter_number":"0","share_counter_number":"0","like_counter_number":"0","dislike_counter_number":"0"},"footnotes":""},"categories":[92],"tags":[896,2008,24959,24960,15810],"class_list":["post-107243","post","type-post","status-publish","format-standard","has-post-thumbnail","hentry","category-info","tag-kazna","tag-petrinja","tag-pijani-vozac-romobila","tag-pravila-za-vozace-romobila","tag-pu-sisacko-moslavacka"],"yoast_head":"<!-- This site is optimized with the Yoast SEO Premium plugin v27.4 (Yoast SEO v27.4) - https:\/\/yoast.com\/product\/yoast-seo-premium-wordpress\/ -->\n<title>\u201cVeseli\u201c voza\u010d elektri\u010dnog romobila: Napuhao 1,3 promila, zavr\u0161io na trije\u017enjenju, slijedi kazna - Gorica Info<\/title>\n<meta name=\"description\" content=\"Jedan \u0107e 45-godi\u0161nji voza\u010d elektri\u010dnog romobila u Petrinji zasigurno zapamtiti pro\u0161li petak. Tada su ga zaustavili policijski slu\u017ebenici...\" \/>\n<meta name=\"robots\" content=\"index, follow, max-snippet:-1, max-image-preview:large, max-video-preview:-1\" \/>\n<link rel=\"canonical\" href=\"https:\/\/gorica.info\/en\/veseli-vozac-elektricnog-romobila-napuhao-13-promila-zavrsio-na-trijeznjenju-slijedi-kazna\/\" \/>\n<meta property=\"og:locale\" content=\"en_US\" \/>\n<meta property=\"og:type\" content=\"article\" \/>\n<meta property=\"og:title\" content=\"\u201cVeseli\u201c voza\u010d elektri\u010dnog romobila: Napuhao 1,3 promila, zavr\u0161io na trije\u017enjenju, slijedi kazna\" \/>\n<meta property=\"og:description\" content=\"Jedan \u0107e 45-godi\u0161nji voza\u010d elektri\u010dnog romobila u Petrinji zasigurno zapamtiti pro\u0161li petak. Tada su ga zaustavili policijski slu\u017ebenici...\" \/>\n<meta property=\"og:url\" content=\"https:\/\/gorica.info\/en\/veseli-vozac-elektricnog-romobila-napuhao-13-promila-zavrsio-na-trijeznjenju-slijedi-kazna\/\" \/>\n<meta property=\"og:site_name\" content=\"Gorica Info\" \/>\n<meta property=\"article:publisher\" content=\"https:\/\/www.facebook.com\/Goricainfo-106005144489262\" \/>\n<meta property=\"article:published_time\" content=\"2026-04-26T11:29:21+00:00\" \/>\n<meta property=\"og:image\" content=\"https:\/\/gorica.info\/wp-content\/uploads\/2026\/04\/policija-kontrola-prometa.jpg\" \/>\n\t<meta property=\"og:image:width\" content=\"750\" \/>\n\t<meta property=\"og:image:height\" content=\"500\" \/>\n\t<meta property=\"og:image:type\" content=\"image\/jpeg\" \/>\n<meta name=\"author\" content=\"Ivan Bo\u017ei\u0107\" \/>\n<meta name=\"twitter:card\" content=\"summary_large_image\" \/>\n<meta name=\"twitter:creator\" content=\"@GoricaInfo\" \/>\n<meta name=\"twitter:site\" content=\"@GoricaInfo\" \/>\n<meta name=\"twitter:label1\" content=\"Written by\" \/>\n\t<meta name=\"twitter:data1\" content=\"Ivan Bo\u017ei\u0107\" \/>\n\t<meta name=\"twitter:label2\" content=\"Est. reading time\" \/>\n\t<meta name=\"twitter:data2\" content=\"2 minutes\" \/>\n<meta name=\"geo.placename\" content=\"Velika Gorica\" \/>\n<meta name=\"geo.region\" content=\"Croatia\" \/>\n<!-- \/ Yoast SEO Premium plugin. -->","yoast_head_json":{"title":"\u201cVeseli\u201c voza\u010d elektri\u010dnog romobila: Napuhao 1,3 promila, zavr\u0161io na trije\u017enjenju, slijedi kazna - Gorica Info","description":"Jedan \u0107e 45-godi\u0161nji voza\u010d elektri\u010dnog romobila u Petrinji zasigurno zapamtiti pro\u0161li petak. Tada su ga zaustavili policijski slu\u017ebenici...","robots":{"index":"index","follow":"follow","max-snippet":"max-snippet:-1","max-image-preview":"max-image-preview:large","max-video-preview":"max-video-preview:-1"},"canonical":"https:\/\/gorica.info\/en\/veseli-vozac-elektricnog-romobila-napuhao-13-promila-zavrsio-na-trijeznjenju-slijedi-kazna\/","og_locale":"en_US","og_type":"article","og_title":"\u201cVeseli\u201c voza\u010d elektri\u010dnog romobila: Napuhao 1,3 promila, zavr\u0161io na trije\u017enjenju, slijedi kazna","og_description":"Jedan \u0107e 45-godi\u0161nji voza\u010d elektri\u010dnog romobila u Petrinji zasigurno zapamtiti pro\u0161li petak. Tada su ga zaustavili policijski slu\u017ebenici...","og_url":"https:\/\/gorica.info\/en\/veseli-vozac-elektricnog-romobila-napuhao-13-promila-zavrsio-na-trijeznjenju-slijedi-kazna\/","og_site_name":"Gorica Info","article_publisher":"https:\/\/www.facebook.com\/Goricainfo-106005144489262","article_published_time":"2026-04-26T11:29:21+00:00","og_image":[{"width":750,"height":500,"url":"https:\/\/gorica.info\/wp-content\/uploads\/2026\/04\/policija-kontrola-prometa.jpg","type":"image\/jpeg"}],"author":"Ivan Bo\u017ei\u0107","twitter_card":"summary_large_image","twitter_creator":"@GoricaInfo","twitter_site":"@GoricaInfo","twitter_misc":{"Written by":"Ivan Bo\u017ei\u0107","Est. reading time":"2 minutes"},"schema":{"@context":"https:\/\/schema.org","@graph":[{"@type":"NewsArticle","@id":"https:\/\/gorica.info\/veseli-vozac-elektricnog-romobila-napuhao-13-promila-zavrsio-na-trijeznjenju-slijedi-kazna\/#article","isPartOf":{"@id":"https:\/\/gorica.info\/veseli-vozac-elektricnog-romobila-napuhao-13-promila-zavrsio-na-trijeznjenju-slijedi-kazna\/"},"author":{"name":"Ivan Bo\u017ei\u0107","@id":"https:\/\/gorica.info\/#\/schema\/person\/34dd90d017db8157b1cdf424f6e42474"},"headline":"\u201cVeseli\u201c voza\u010d elektri\u010dnog romobila: Napuhao 1,3 promila, zavr\u0161io na trije\u017enjenju, slijedi kazna","datePublished":"2026-04-26T11:29:21+00:00","mainEntityOfPage":{"@id":"https:\/\/gorica.info\/veseli-vozac-elektricnog-romobila-napuhao-13-promila-zavrsio-na-trijeznjenju-slijedi-kazna\/"},"wordCount":374,"publisher":{"@id":"https:\/\/gorica.info\/#organization"},"image":{"@id":"https:\/\/gorica.info\/veseli-vozac-elektricnog-romobila-napuhao-13-promila-zavrsio-na-trijeznjenju-slijedi-kazna\/#primaryimage"},"thumbnailUrl":"https:\/\/gorica.info\/wp-content\/uploads\/2026\/04\/policija-kontrola-prometa.jpg","keywords":["kazna","petrinja","pijani voza\u010d romobila","pravila za voza\u010de romobila","pu sisa\u010dko-moslava\u010dka"],"articleSection":["INFO"],"inLanguage":"en-US","copyrightYear":"2026","copyrightHolder":{"@id":"https:\/\/gorica.info\/en\/#organization"}},{"@type":"WebPage","@id":"https:\/\/gorica.info\/veseli-vozac-elektricnog-romobila-napuhao-13-promila-zavrsio-na-trijeznjenju-slijedi-kazna\/","url":"https:\/\/gorica.info\/veseli-vozac-elektricnog-romobila-napuhao-13-promila-zavrsio-na-trijeznjenju-slijedi-kazna\/","name":"\u201cVeseli\u201c voza\u010d elektri\u010dnog romobila: Napuhao 1,3 promila, zavr\u0161io na trije\u017enjenju, slijedi kazna - Gorica Info","isPartOf":{"@id":"https:\/\/gorica.info\/#website"},"primaryImageOfPage":{"@id":"https:\/\/gorica.info\/veseli-vozac-elektricnog-romobila-napuhao-13-promila-zavrsio-na-trijeznjenju-slijedi-kazna\/#primaryimage"},"image":{"@id":"https:\/\/gorica.info\/veseli-vozac-elektricnog-romobila-napuhao-13-promila-zavrsio-na-trijeznjenju-slijedi-kazna\/#primaryimage"},"thumbnailUrl":"https:\/\/gorica.info\/wp-content\/uploads\/2026\/04\/policija-kontrola-prometa.jpg","datePublished":"2026-04-26T11:29:21+00:00","description":"Jedan \u0107e 45-godi\u0161nji voza\u010d elektri\u010dnog romobila u Petrinji zasigurno zapamtiti pro\u0161li petak. Tada su ga zaustavili policijski slu\u017ebenici...","breadcrumb":{"@id":"https:\/\/gorica.info\/veseli-vozac-elektricnog-romobila-napuhao-13-promila-zavrsio-na-trijeznjenju-slijedi-kazna\/#breadcrumb"},"inLanguage":"en-US","potentialAction":[{"@type":"ReadAction","target":["https:\/\/gorica.info\/veseli-vozac-elektricnog-romobila-napuhao-13-promila-zavrsio-na-trijeznjenju-slijedi-kazna\/"]}]},{"@type":"ImageObject","inLanguage":"en-US","@id":"https:\/\/gorica.info\/veseli-vozac-elektricnog-romobila-napuhao-13-promila-zavrsio-na-trijeznjenju-slijedi-kazna\/#primaryimage","url":"https:\/\/gorica.info\/wp-content\/uploads\/2026\/04\/policija-kontrola-prometa.jpg","contentUrl":"https:\/\/gorica.info\/wp-content\/uploads\/2026\/04\/policija-kontrola-prometa.jpg","width":750,"height":500,"caption":"Ilustracija: Policija"},{"@type":"BreadcrumbList","@id":"https:\/\/gorica.info\/veseli-vozac-elektricnog-romobila-napuhao-13-promila-zavrsio-na-trijeznjenju-slijedi-kazna\/#breadcrumb","itemListElement":[{"@type":"ListItem","position":1,"name":"Po\u010detna stranica","item":"https:\/\/gorica.info\/"},{"@type":"ListItem","position":2,"name":"\u201cVeseli\u201c voza\u010d elektri\u010dnog romobila: Napuhao 1,3 promila, zavr\u0161io na trije\u017enjenju, slijedi kazna"}]},{"@type":"WebSite","@id":"https:\/\/gorica.info\/#website","url":"https:\/\/gorica.info\/","name":"Gorica Info","description":"Vijesti iz Velike Gorice i okolice.","publisher":{"@id":"https:\/\/gorica.info\/#organization"},"potentialAction":[{"@type":"SearchAction","target":{"@type":"EntryPoint","urlTemplate":"https:\/\/gorica.info\/?s={search_term_string}"},"query-input":{"@type":"PropertyValueSpecification","valueRequired":true,"valueName":"search_term_string"}}],"inLanguage":"en-US"},{"@type":["Organization","Place","NewsMediaOrganization"],"@id":"https:\/\/gorica.info\/#organization","name":"Gorica Info","url":"https:\/\/gorica.info\/","logo":{"@id":"https:\/\/gorica.info\/veseli-vozac-elektricnog-romobila-napuhao-13-promila-zavrsio-na-trijeznjenju-slijedi-kazna\/#local-main-organization-logo"},"image":{"@id":"https:\/\/gorica.info\/veseli-vozac-elektricnog-romobila-napuhao-13-promila-zavrsio-na-trijeznjenju-slijedi-kazna\/#local-main-organization-logo"},"sameAs":["https:\/\/www.facebook.com\/Goricainfo-106005144489262","https:\/\/x.com\/GoricaInfo","https:\/\/www.instagram.com\/gorica.info\/"],"address":{"@id":"https:\/\/gorica.info\/veseli-vozac-elektricnog-romobila-napuhao-13-promila-zavrsio-na-trijeznjenju-slijedi-kazna\/#local-main-place-address"},"telephone":[],"openingHoursSpecification":[{"@type":"OpeningHoursSpecification","dayOfWeek":["Monday","Tuesday","Wednesday","Thursday","Friday","Saturday","Sunday"],"opens":"09:00","closes":"17:00"}],"email":"redakcija@gorica.info"},{"@type":"Person","@id":"https:\/\/gorica.info\/#\/schema\/person\/34dd90d017db8157b1cdf424f6e42474","name":"Ivan Bo\u017ei\u0107","url":"https:\/\/gorica.info\/en\/author\/ivan-bozic\/"},{"@type":"PostalAddress","@id":"https:\/\/gorica.info\/veseli-vozac-elektricnog-romobila-napuhao-13-promila-zavrsio-na-trijeznjenju-slijedi-kazna\/#local-main-place-address","streetAddress":"Horvatova 97","addressLocality":"Velika Gorica","postalCode":"10410","addressRegion":"Croatia","addressCountry":"HR"},{"@type":"ImageObject","inLanguage":"en-US","@id":"https:\/\/gorica.info\/veseli-vozac-elektricnog-romobila-napuhao-13-promila-zavrsio-na-trijeznjenju-slijedi-kazna\/#local-main-organization-logo","url":"https:\/\/gorica.info\/wp-content\/uploads\/2024\/07\/Gorica-Info-Logo-mali.png","contentUrl":"https:\/\/gorica.info\/wp-content\/uploads\/2024\/07\/Gorica-Info-Logo-mali.png","width":450,"height":85,"caption":"Gorica Info"}]},"geo.placename":"Velika Gorica","geo.region":"Croatia"},"_links":{"self":[{"href":"https:\/\/gorica.info\/en\/wp-json\/wp\/v2\/posts\/107243","targetHints":{"allow":["GET"]}}],"collection":[{"href":"https:\/\/gorica.info\/en\/wp-json\/wp\/v2\/posts"}],"about":[{"href":"https:\/\/gorica.info\/en\/wp-json\/wp\/v2\/types\/post"}],"author":[{"embeddable":true,"href":"https:\/\/gorica.info\/en\/wp-json\/wp\/v2\/users\/33"}],"replies":[{"embeddable":true,"href":"https:\/\/gorica.info\/en\/wp-json\/wp\/v2\/comments?post=107243"}],"version-history":[{"count":3,"href":"https:\/\/gorica.info\/en\/wp-json\/wp\/v2\/posts\/107243\/revisions"}],"predecessor-version":[{"id":107247,"href":"https:\/\/gorica.info\/en\/wp-json\/wp\/v2\/posts\/107243\/revisions\/107247"}],"wp:featuredmedia":[{"embeddable":true,"href":"https:\/\/gorica.info\/en\/wp-json\/wp\/v2\/media\/107244"}],"wp:attachment":[{"href":"https:\/\/gorica.info\/en\/wp-json\/wp\/v2\/media?parent=107243"}],"wp:term":[{"taxonomy":"category","embeddable":true,"href":"https:\/\/gorica.info\/en\/wp-json\/wp\/v2\/categories?post=107243"},{"taxonomy":"post_tag","embeddable":true,"href":"https:\/\/gorica.info\/en\/wp-json\/wp\/v2\/tags?post=107243"}],"curies":[{"name":"wp","href":"https:\/\/api.w.org\/{rel}","templated":true}]}}