{"id":107248,"date":"2026-04-26T16:06:45","date_gmt":"2026-04-26T14:06:45","guid":{"rendered":"https:\/\/gorica.info\/?p=107248"},"modified":"2026-04-26T16:08:56","modified_gmt":"2026-04-26T14:08:56","slug":"sve-je-spremno-za-proslavu-jurjeva-nastupaju-kud-ovi-i-slavonske-lole","status":"publish","type":"post","link":"https:\/\/gorica.info\/en\/sve-je-spremno-za-proslavu-jurjeva-nastupaju-kud-ovi-i-slavonske-lole\/","title":{"rendered":"Sve je spremno za proslavu Jurjeva: Nastupaju KUD-ovi i Slavonske Lole"},"content":{"rendered":"<p><span style=\"font-size: 20px\">Zavr\u0161na proslava <strong>Turopoljskog Jurjeva<\/strong> odr\u017eat \u0107e se u nedjelju u ve\u010dernjim satima u Velikoj Gorici. Program u Parku Franje Tu\u0111mana po\u010dinje u 18:00 sati nastupom folklornih dru\u0161tava, a<strong> u 20:00 sati<\/strong> slijedi paljenje <strong>Jurjevskog krijesa<\/strong>, simbola dolaska prolje\u0107a i novog po\u010detka. Nakon toga, atmosferu \u0107e dodatno zagrijati koncert <strong>Slavonskih Lola.<\/strong><\/span><\/p>\n<p><img fetchpriority=\"high\" decoding=\"async\" class=\"alignnone wp-image-107249 size-full\" src=\"https:\/\/gorica.info\/wp-content\/uploads\/2026\/04\/jurjevo-pripreme.jpg\" alt=\"\" width=\"1000\" height=\"1022\" srcset=\"https:\/\/gorica.info\/wp-content\/uploads\/2026\/04\/jurjevo-pripreme.jpg 1000w, https:\/\/gorica.info\/wp-content\/uploads\/2026\/04\/jurjevo-pripreme-294x300.jpg 294w, https:\/\/gorica.info\/wp-content\/uploads\/2026\/04\/jurjevo-pripreme-768x785.jpg 768w, https:\/\/gorica.info\/wp-content\/uploads\/2026\/04\/jurjevo-pripreme-12x12.jpg 12w, https:\/\/gorica.info\/wp-content\/uploads\/2026\/04\/jurjevo-pripreme-750x767.jpg 750w\" sizes=\"(max-width: 1000px) 100vw, 1000px\" \/><\/p>\n<p><span style=\"font-size: 20px\">Do\u0111ite i budite dio jedne od najljep\u0161ih turopoljskih tradicija, pozivaju iz <a href=\"https:\/\/www.facebook.com\/tzvelikagorica?locale=hr_HR\"><strong>Turisti\u010dke zajednice Velike Gorice.<\/strong><\/a><\/span><\/p>\n<p><span style=\"font-size: 20px\"><strong>Jurjevo<\/strong> se obilje\u017eava 23. travnja i nekada se smatralo pravim po\u010detkom prolje\u0107a i nove gospodarske godine. Taj dan blago je prvi put nakon zime izlazilo na pa\u0161u. Stoka se ukra\u0161avala vijencima od mladog granja i li\u0161\u0107a, a pri povratku na imanje prolazila je kroz uski ulaz \u2013 lesu \u2013 preska\u010du\u0107i mali oganj. <\/span><\/p>\n<p><span style=\"font-size: 20px\">Time se, prema vjerovanju, blago \u0161titilo i \u201e\u010distilo\u201c od zla, uroka i bolesti. Vijenac bi se potom bacao na krov \u0161tale kao dodatna za\u0161tita.<\/span><\/p>\n<p><span style=\"font-size: 20px\"><a href=\"https:\/\/gorica.info\/en\/krijesovi-koji-cuvaju-tradiciju-obiljezavanje-jurjeva-u-turopolju\/\">Krijesovi<\/a> su imali posebno zna\u010denje. Oko njih se okupljalo selo, a najhrabriji su ih preskakali kako bi se, poput blaga, za\u0161titili od nesre\u0107e i zla. Vatra je simbolizirala <strong>obnovu, snagu i novi po\u010detak<\/strong>.<\/span><\/p>","protected":false},"excerpt":{"rendered":"<p>Zavr\u0161na proslava Turopoljskog Jurjeva odr\u017eat \u0107e se u nedjelju u ve\u010dernjim satima u Velikoj Gorici. Program u Parku Franje Tu\u0111mana po\u010dinje u 18:00 sati nastupom folklornih dru\u0161tava, a u 20:00 sati slijedi paljenje Jurjevskog krijesa, simbola dolaska prolje\u0107a i novog po\u010detka. Nakon toga, atmosferu \u0107e dodatno zagrijati koncert Slavonskih Lola. Do\u0111ite i budite dio jedne [&hellip;]<\/p>\n","protected":false},"author":25,"featured_media":107250,"comment_status":"closed","ping_status":"closed","sticky":false,"template":"","format":"standard","meta":{"limit_modified_date":"1","last_modified_date":"","jnews-multi-image_gallery":[],"jnews_single_post":{"format":"standard","override":[{"template":"3","parallax":"1","fullscreen":"1","layout":"right-sidebar","sidebar":"default-sidebar","second_sidebar":"default-sidebar","sticky_sidebar":"1","share_position":"top","share_float_style":"share-monocrhome","show_featured":"1","show_post_meta":"1","show_post_author":"1","show_post_author_image":"1","show_post_date":"1","post_date_format":"default","post_date_format_custom":"Y\/m\/d","show_post_category":"1","show_post_reading_time":"1","post_reading_time_wpm":"300","post_calculate_word_method":"str_word_count","zoom_button_out_step":"2","zoom_button_in_step":"3","show_post_tag":"1","show_popup_post":"1","show_comment_section":"1","number_popup_post":"1","show_post_related":"1"}],"image_override":[{"single_post_thumbnail_size":"crop-500","single_post_gallery_size":"crop-500"}],"trending_post_position":"meta","trending_post_label":"Trending","sponsored_post_label":"Sponsored by","disable_ad":"0","subtitle":"Program u Parku Franje Tu\u0111mana po\u010dinje u 18:00 sati nastupom folklornih dru\u0161tava, a u 20:00 sati slijedi paljenje Jurjevskog krijesa i koncert Slavonskih Lola"},"jnews_primary_category":[],"jnews_override_counter":{"view_counter_number":"0","share_counter_number":"0","like_counter_number":"0","dislike_counter_number":"0"},"footnotes":""},"categories":[87],"tags":[21605,6163,24963,2455,2660,3662,24962,3588,10141,24961,122,22686,15554],"class_list":["post-107248","post","type-post","status-publish","format-standard","has-post-thumbnail","hentry","category-gorica","tag-dogadanja-velika-gorica","tag-folklor","tag-jurjevo-obicaji","tag-jurjevski-krijes","tag-park-franje-tudmana","tag-proljece","tag-slavonske-lole","tag-tradicija","tag-turisticka-zajednica-velika-gorica","tag-turopoljsko-jurjevo","tag-velika-gorica","tag-vg-info","tag-vg-vijesti"],"yoast_head":"<!-- This site is optimized with the Yoast SEO Premium plugin v27.4 (Yoast SEO v27.4) - https:\/\/yoast.com\/product\/yoast-seo-premium-wordpress\/ -->\n<title>Sve je spremno za proslavu Jurjeva: Nastupaju KUD-ovi i Slavonske Lole - Gorica Info<\/title>\n<meta name=\"description\" content=\"Zavr\u0161na proslava Turopoljskog Jurjeva na Tu\u0111mancu donosi folklor, paljenje Jurjevskog krijesa i koncert Slavonskih Lola.\" \/>\n<meta name=\"robots\" content=\"index, follow, max-snippet:-1, max-image-preview:large, max-video-preview:-1\" \/>\n<link rel=\"canonical\" href=\"https:\/\/gorica.info\/en\/sve-je-spremno-za-proslavu-jurjeva-nastupaju-kud-ovi-i-slavonske-lole\/\" \/>\n<meta property=\"og:locale\" content=\"en_US\" \/>\n<meta property=\"og:type\" content=\"article\" \/>\n<meta property=\"og:title\" content=\"Sve je spremno za proslavu Jurjeva: Nastupaju KUD-ovi i Slavonske Lole\" \/>\n<meta property=\"og:description\" content=\"Zavr\u0161na proslava Turopoljskog Jurjeva na Tu\u0111mancu donosi folklor, paljenje Jurjevskog krijesa i koncert Slavonskih Lola.\" \/>\n<meta property=\"og:url\" content=\"https:\/\/gorica.info\/en\/sve-je-spremno-za-proslavu-jurjeva-nastupaju-kud-ovi-i-slavonske-lole\/\" \/>\n<meta property=\"og:site_name\" content=\"Gorica Info\" \/>\n<meta property=\"article:publisher\" content=\"https:\/\/www.facebook.com\/Goricainfo-106005144489262\" \/>\n<meta property=\"article:published_time\" content=\"2026-04-26T14:06:45+00:00\" \/>\n<meta property=\"article:modified_time\" content=\"2026-04-26T14:08:56+00:00\" \/>\n<meta property=\"og:image\" content=\"https:\/\/gorica.info\/wp-content\/uploads\/2026\/04\/jurjevo-pripreme-park-franje-tudmana.jpg\" \/>\n\t<meta property=\"og:image:width\" content=\"1000\" \/>\n\t<meta property=\"og:image:height\" content=\"549\" \/>\n\t<meta property=\"og:image:type\" content=\"image\/jpeg\" \/>\n<meta name=\"author\" content=\"Marta Horvat\" \/>\n<meta name=\"twitter:card\" content=\"summary_large_image\" \/>\n<meta name=\"twitter:creator\" content=\"@GoricaInfo\" \/>\n<meta name=\"twitter:site\" content=\"@GoricaInfo\" \/>\n<meta name=\"twitter:label1\" content=\"Written by\" \/>\n\t<meta name=\"twitter:data1\" content=\"Marta Horvat\" \/>\n\t<meta name=\"twitter:label2\" content=\"Est. reading time\" \/>\n\t<meta name=\"twitter:data2\" content=\"2 minutes\" \/>\n<meta name=\"geo.placename\" content=\"Velika Gorica\" \/>\n<meta name=\"geo.region\" content=\"Croatia\" \/>\n<!-- \/ Yoast SEO Premium plugin. -->","yoast_head_json":{"title":"Sve je spremno za proslavu Jurjeva: Nastupaju KUD-ovi i Slavonske Lole - Gorica Info","description":"Zavr\u0161na proslava Turopoljskog Jurjeva na Tu\u0111mancu donosi folklor, paljenje Jurjevskog krijesa i koncert Slavonskih Lola.","robots":{"index":"index","follow":"follow","max-snippet":"max-snippet:-1","max-image-preview":"max-image-preview:large","max-video-preview":"max-video-preview:-1"},"canonical":"https:\/\/gorica.info\/en\/sve-je-spremno-za-proslavu-jurjeva-nastupaju-kud-ovi-i-slavonske-lole\/","og_locale":"en_US","og_type":"article","og_title":"Sve je spremno za proslavu Jurjeva: Nastupaju KUD-ovi i Slavonske Lole","og_description":"Zavr\u0161na proslava Turopoljskog Jurjeva na Tu\u0111mancu donosi folklor, paljenje Jurjevskog krijesa i koncert Slavonskih Lola.","og_url":"https:\/\/gorica.info\/en\/sve-je-spremno-za-proslavu-jurjeva-nastupaju-kud-ovi-i-slavonske-lole\/","og_site_name":"Gorica Info","article_publisher":"https:\/\/www.facebook.com\/Goricainfo-106005144489262","article_published_time":"2026-04-26T14:06:45+00:00","article_modified_time":"2026-04-26T14:08:56+00:00","og_image":[{"width":1000,"height":549,"url":"https:\/\/gorica.info\/wp-content\/uploads\/2026\/04\/jurjevo-pripreme-park-franje-tudmana.jpg","type":"image\/jpeg"}],"author":"Marta Horvat","twitter_card":"summary_large_image","twitter_creator":"@GoricaInfo","twitter_site":"@GoricaInfo","twitter_misc":{"Written by":"Marta Horvat","Est. reading time":"2 minutes"},"schema":{"@context":"https:\/\/schema.org","@graph":[{"@type":"NewsArticle","@id":"https:\/\/gorica.info\/sve-je-spremno-za-proslavu-jurjeva-nastupaju-kud-ovi-i-slavonske-lole\/#article","isPartOf":{"@id":"https:\/\/gorica.info\/sve-je-spremno-za-proslavu-jurjeva-nastupaju-kud-ovi-i-slavonske-lole\/"},"author":{"name":"Marta Horvat","@id":"https:\/\/gorica.info\/#\/schema\/person\/b2df2f6fb2a9073c0fa5af2672befd52"},"headline":"Sve je spremno za proslavu Jurjeva: Nastupaju KUD-ovi i Slavonske Lole","datePublished":"2026-04-26T14:06:45+00:00","dateModified":"2026-04-26T14:08:56+00:00","mainEntityOfPage":{"@id":"https:\/\/gorica.info\/sve-je-spremno-za-proslavu-jurjeva-nastupaju-kud-ovi-i-slavonske-lole\/"},"wordCount":204,"publisher":{"@id":"https:\/\/gorica.info\/#organization"},"image":{"@id":"https:\/\/gorica.info\/sve-je-spremno-za-proslavu-jurjeva-nastupaju-kud-ovi-i-slavonske-lole\/#primaryimage"},"thumbnailUrl":"https:\/\/gorica.info\/wp-content\/uploads\/2026\/04\/jurjevo-pripreme-park-franje-tudmana.jpg","keywords":["doga\u0111anja Velika Gorica","folklor","Jurjevo obi\u010daji","jurjevski krijes","park franje tu\u0111mana","prolje\u0107e","Slavonske Lole","tradicija","turisti\u010dka zajednica velika gorica","Turopoljsko Jurjevo","Velika Gorica","vg info","vg vijesti"],"articleSection":["GORICA"],"inLanguage":"en-US","copyrightYear":"2026","copyrightHolder":{"@id":"https:\/\/gorica.info\/en\/#organization"}},{"@type":"WebPage","@id":"https:\/\/gorica.info\/sve-je-spremno-za-proslavu-jurjeva-nastupaju-kud-ovi-i-slavonske-lole\/","url":"https:\/\/gorica.info\/sve-je-spremno-za-proslavu-jurjeva-nastupaju-kud-ovi-i-slavonske-lole\/","name":"Sve je spremno za proslavu Jurjeva: Nastupaju KUD-ovi i Slavonske Lole - Gorica Info","isPartOf":{"@id":"https:\/\/gorica.info\/#website"},"primaryImageOfPage":{"@id":"https:\/\/gorica.info\/sve-je-spremno-za-proslavu-jurjeva-nastupaju-kud-ovi-i-slavonske-lole\/#primaryimage"},"image":{"@id":"https:\/\/gorica.info\/sve-je-spremno-za-proslavu-jurjeva-nastupaju-kud-ovi-i-slavonske-lole\/#primaryimage"},"thumbnailUrl":"https:\/\/gorica.info\/wp-content\/uploads\/2026\/04\/jurjevo-pripreme-park-franje-tudmana.jpg","datePublished":"2026-04-26T14:06:45+00:00","dateModified":"2026-04-26T14:08:56+00:00","description":"Zavr\u0161na proslava Turopoljskog Jurjeva na Tu\u0111mancu donosi folklor, paljenje Jurjevskog krijesa i koncert Slavonskih Lola.","breadcrumb":{"@id":"https:\/\/gorica.info\/sve-je-spremno-za-proslavu-jurjeva-nastupaju-kud-ovi-i-slavonske-lole\/#breadcrumb"},"inLanguage":"en-US","potentialAction":[{"@type":"ReadAction","target":["https:\/\/gorica.info\/sve-je-spremno-za-proslavu-jurjeva-nastupaju-kud-ovi-i-slavonske-lole\/"]}]},{"@type":"ImageObject","inLanguage":"en-US","@id":"https:\/\/gorica.info\/sve-je-spremno-za-proslavu-jurjeva-nastupaju-kud-ovi-i-slavonske-lole\/#primaryimage","url":"https:\/\/gorica.info\/wp-content\/uploads\/2026\/04\/jurjevo-pripreme-park-franje-tudmana.jpg","contentUrl":"https:\/\/gorica.info\/wp-content\/uploads\/2026\/04\/jurjevo-pripreme-park-franje-tudmana.jpg","width":1000,"height":549,"caption":"jurjeva"},{"@type":"BreadcrumbList","@id":"https:\/\/gorica.info\/sve-je-spremno-za-proslavu-jurjeva-nastupaju-kud-ovi-i-slavonske-lole\/#breadcrumb","itemListElement":[{"@type":"ListItem","position":1,"name":"Po\u010detna stranica","item":"https:\/\/gorica.info\/"},{"@type":"ListItem","position":2,"name":"Sve je spremno za proslavu Jurjeva: Nastupaju KUD-ovi i Slavonske Lole"}]},{"@type":"WebSite","@id":"https:\/\/gorica.info\/#website","url":"https:\/\/gorica.info\/","name":"Gorica Info","description":"Vijesti iz Velike Gorice i okolice.","publisher":{"@id":"https:\/\/gorica.info\/#organization"},"potentialAction":[{"@type":"SearchAction","target":{"@type":"EntryPoint","urlTemplate":"https:\/\/gorica.info\/?s={search_term_string}"},"query-input":{"@type":"PropertyValueSpecification","valueRequired":true,"valueName":"search_term_string"}}],"inLanguage":"en-US"},{"@type":["Organization","Place","NewsMediaOrganization"],"@id":"https:\/\/gorica.info\/#organization","name":"Gorica Info","url":"https:\/\/gorica.info\/","logo":{"@id":"https:\/\/gorica.info\/sve-je-spremno-za-proslavu-jurjeva-nastupaju-kud-ovi-i-slavonske-lole\/#local-main-organization-logo"},"image":{"@id":"https:\/\/gorica.info\/sve-je-spremno-za-proslavu-jurjeva-nastupaju-kud-ovi-i-slavonske-lole\/#local-main-organization-logo"},"sameAs":["https:\/\/www.facebook.com\/Goricainfo-106005144489262","https:\/\/x.com\/GoricaInfo","https:\/\/www.instagram.com\/gorica.info\/"],"address":{"@id":"https:\/\/gorica.info\/sve-je-spremno-za-proslavu-jurjeva-nastupaju-kud-ovi-i-slavonske-lole\/#local-main-place-address"},"telephone":[],"openingHoursSpecification":[{"@type":"OpeningHoursSpecification","dayOfWeek":["Monday","Tuesday","Wednesday","Thursday","Friday","Saturday","Sunday"],"opens":"09:00","closes":"17:00"}],"email":"redakcija@gorica.info"},{"@type":"Person","@id":"https:\/\/gorica.info\/#\/schema\/person\/b2df2f6fb2a9073c0fa5af2672befd52","name":"Marta Horvat","description":"Marta Horvat je studentica koja redovito pi\u0161e za portal, prati sva gradska doga\u0111anja i u\u017eiva isprobavati nove recept koje dijeli s na\u0161im \u010ditateljima.","url":"https:\/\/gorica.info\/en\/author\/marta-horvat\/"},{"@type":"PostalAddress","@id":"https:\/\/gorica.info\/sve-je-spremno-za-proslavu-jurjeva-nastupaju-kud-ovi-i-slavonske-lole\/#local-main-place-address","streetAddress":"Horvatova 97","addressLocality":"Velika Gorica","postalCode":"10410","addressRegion":"Croatia","addressCountry":"HR"},{"@type":"ImageObject","inLanguage":"en-US","@id":"https:\/\/gorica.info\/sve-je-spremno-za-proslavu-jurjeva-nastupaju-kud-ovi-i-slavonske-lole\/#local-main-organization-logo","url":"https:\/\/gorica.info\/wp-content\/uploads\/2024\/07\/Gorica-Info-Logo-mali.png","contentUrl":"https:\/\/gorica.info\/wp-content\/uploads\/2024\/07\/Gorica-Info-Logo-mali.png","width":450,"height":85,"caption":"Gorica Info"}]},"geo.placename":"Velika Gorica","geo.region":"Croatia"},"_links":{"self":[{"href":"https:\/\/gorica.info\/en\/wp-json\/wp\/v2\/posts\/107248","targetHints":{"allow":["GET"]}}],"collection":[{"href":"https:\/\/gorica.info\/en\/wp-json\/wp\/v2\/posts"}],"about":[{"href":"https:\/\/gorica.info\/en\/wp-json\/wp\/v2\/types\/post"}],"author":[{"embeddable":true,"href":"https:\/\/gorica.info\/en\/wp-json\/wp\/v2\/users\/25"}],"replies":[{"embeddable":true,"href":"https:\/\/gorica.info\/en\/wp-json\/wp\/v2\/comments?post=107248"}],"version-history":[{"count":2,"href":"https:\/\/gorica.info\/en\/wp-json\/wp\/v2\/posts\/107248\/revisions"}],"predecessor-version":[{"id":107252,"href":"https:\/\/gorica.info\/en\/wp-json\/wp\/v2\/posts\/107248\/revisions\/107252"}],"wp:featuredmedia":[{"embeddable":true,"href":"https:\/\/gorica.info\/en\/wp-json\/wp\/v2\/media\/107250"}],"wp:attachment":[{"href":"https:\/\/gorica.info\/en\/wp-json\/wp\/v2\/media?parent=107248"}],"wp:term":[{"taxonomy":"category","embeddable":true,"href":"https:\/\/gorica.info\/en\/wp-json\/wp\/v2\/categories?post=107248"},{"taxonomy":"post_tag","embeddable":true,"href":"https:\/\/gorica.info\/en\/wp-json\/wp\/v2\/tags?post=107248"}],"curies":[{"name":"wp","href":"https:\/\/api.w.org\/{rel}","templated":true}]}}