{"id":107269,"date":"2026-04-27T08:11:18","date_gmt":"2026-04-27T06:11:18","guid":{"rendered":"https:\/\/gorica.info\/?p=107269"},"modified":"2026-04-27T08:15:01","modified_gmt":"2026-04-27T06:15:01","slug":"pk-gorica-uspjesan-u-vukovaru-osvojili-vise-medalja-i-postavili-osobne-rekorde","status":"publish","type":"post","link":"https:\/\/gorica.info\/en\/pk-gorica-uspjesan-u-vukovaru-osvojili-vise-medalja-i-postavili-osobne-rekorde\/","title":{"rendered":"PK Gorica uspje\u0161an u Vukovaru: Osvojili vi\u0161e medalja i postavili osobne rekorde"},"content":{"rendered":"<p><span style=\"font-size: 20px\"><strong>Pliva\u010di Pliva\u010dkog kluba Gorica<\/strong> nastupili su na 5. Otvorenom prvenstvu Vukovarsko-srijemske \u017eupanije koje je odr\u017eano u Vukovaru, gdje su jo\u0161 jednom potvrdili kvalitetu rada i kontinuitet dobrih rezultata.<\/span><\/p>\n<p><span style=\"font-size: 20px\">Gori\u010dki klub predstavljalo je ukupno <strong>14 natjecatelja, 10 pliva\u010da i 4 pliva\u010dice,<\/strong>\u00a0koji su se natjecali u jakoj konkurenciji brojnih klubova iz Hrvatske i regije. Unato\u010d sna\u017enoj konkurenciji, \u010dlanovi PK Gorica ostvarili su <strong>iznimno zapa\u017een nastup<\/strong>, isplivali <strong>velik broj osobnih rekorda<\/strong> te osvojili <strong>nekoliko vrijednih medalja<\/strong>.<\/span><\/p>\n<p><img fetchpriority=\"high\" decoding=\"async\" class=\"alignnone wp-image-107275 size-full\" src=\"https:\/\/gorica.info\/wp-content\/uploads\/2026\/04\/plivaci-vukovar-2.jpg\" alt=\"vukovaru\" width=\"1200\" height=\"1200\" srcset=\"https:\/\/gorica.info\/wp-content\/uploads\/2026\/04\/plivaci-vukovar-2.jpg 1200w, https:\/\/gorica.info\/wp-content\/uploads\/2026\/04\/plivaci-vukovar-2-300x300.jpg 300w, https:\/\/gorica.info\/wp-content\/uploads\/2026\/04\/plivaci-vukovar-2-1024x1024.jpg 1024w, https:\/\/gorica.info\/wp-content\/uploads\/2026\/04\/plivaci-vukovar-2-150x150.jpg 150w, https:\/\/gorica.info\/wp-content\/uploads\/2026\/04\/plivaci-vukovar-2-768x768.jpg 768w, https:\/\/gorica.info\/wp-content\/uploads\/2026\/04\/plivaci-vukovar-2-12x12.jpg 12w, https:\/\/gorica.info\/wp-content\/uploads\/2026\/04\/plivaci-vukovar-2-75x75.jpg 75w, https:\/\/gorica.info\/wp-content\/uploads\/2026\/04\/plivaci-vukovar-2-350x350.jpg 350w, https:\/\/gorica.info\/wp-content\/uploads\/2026\/04\/plivaci-vukovar-2-750x750.jpg 750w, https:\/\/gorica.info\/wp-content\/uploads\/2026\/04\/plivaci-vukovar-2-1140x1140.jpg 1140w\" sizes=\"(max-width: 1200px) 100vw, 1200px\" \/><\/p>\n<p><span style=\"font-size: 20px\">Najuspje\u0161niji me\u0111u gori\u010dkim pliva\u010dima bili su:<\/span><\/p>\n<p><span style=\"font-size: 20px\"><strong>Zlatne medalje<\/strong> osvojili su <strong>Leon Gaspi\u0107<\/strong>, <strong>Jakov Bla\u017eina<\/strong> i <strong>Ivan Vidakovi\u0107.<\/strong><\/span><\/p>\n<p><span style=\"font-size: 20px\"><strong>Srebrne medalje<\/strong> pripale su <strong>Petru Miki<\/strong> (\u010dak tri srebra) i <strong>Ivanu Vidakovi\u0107<\/strong>u.<\/span><\/p>\n<p><span style=\"font-size: 20px\"><strong>Bron\u010danu medalju<\/strong> osvojio je <strong>Leon Gaspi\u0107<\/strong>.<\/span><\/p>\n<p><span style=\"font-size: 20px\">Osim <a href=\"https:\/\/www.facebook.com\/plivackiklubgorica2019\">osvaja\u010da medalja<\/a>, odli\u010dne nastupe zabilje\u017eili su i ostali \u010dlanovi ekipe koji su dostojno branili boje kluba: <strong>Lucija Britvec<\/strong>, <strong>Stela \u0160abi\u0107<\/strong>, <strong>Dora Janjatovi\u0107<\/strong>, <strong>Katja Zagorac,<\/strong> <strong>Luka Hunjak<\/strong>, <strong>David Fakle\u0161<\/strong>, <strong>Filip \u0106u\u0107uz<\/strong>, <strong>Marko Steinburg<\/strong>, <strong>Matej \u0160aban<\/strong> i <strong>Josip Pavun\u010dec<\/strong>.<\/span><\/p>\n<p><span style=\"font-size: 20px\">Natjecanje u Vukovaru poslu\u017eilo je kao va\u017ena provjera forme u nastavku sezone, a posebno veseli \u010dinjenica da su mnogi pliva\u010di ostvarili osobne rekorde, \u0161to potvr\u0111uje njihov napredak i kvalitetan trena\u017eni proces. <\/span><\/p>\n<blockquote><p><span style=\"font-size: 20px\">Posebno se isti\u010de napredak mla\u0111ih natjecatelja, koji iz natjecanja u natjecanje pokazuju sve ve\u0107u sigurnost i brzinu.<\/span><\/p><\/blockquote>\n<p><span style=\"font-size: 20px\">Ovakvi rezultati dodatni su poticaj za nastavak rada i pripreme za nadolaze\u0107a natjecanja, gdje se od gori\u010dkih pliva\u010da ponovno o\u010dekuju zapa\u017eeni nastupi.<\/span><\/p>\n<p><span style=\"font-size: 20px\">\u010cestitke svim natjecateljima na ulo\u017eenom trudu, borbenosti i izvrsnom predstavljanju <a href=\"https:\/\/gorica.info\/en\/odlicni-rezultat-plivackog-kluba-gorica-elena-bajlovic-medu-najboljima\/\">Pliva\u010dkog kluba Gorica<\/a>!<\/span><\/p>\n<p><img decoding=\"async\" class=\"alignnone wp-image-107270 size-full\" src=\"https:\/\/gorica.info\/wp-content\/uploads\/2026\/04\/plivaci-gorica-5.jpg\" alt=\"vukovaru\" width=\"1200\" height=\"1200\" srcset=\"https:\/\/gorica.info\/wp-content\/uploads\/2026\/04\/plivaci-gorica-5.jpg 1200w, https:\/\/gorica.info\/wp-content\/uploads\/2026\/04\/plivaci-gorica-5-300x300.jpg 300w, https:\/\/gorica.info\/wp-content\/uploads\/2026\/04\/plivaci-gorica-5-1024x1024.jpg 1024w, https:\/\/gorica.info\/wp-content\/uploads\/2026\/04\/plivaci-gorica-5-150x150.jpg 150w, https:\/\/gorica.info\/wp-content\/uploads\/2026\/04\/plivaci-gorica-5-768x768.jpg 768w, https:\/\/gorica.info\/wp-content\/uploads\/2026\/04\/plivaci-gorica-5-12x12.jpg 12w, https:\/\/gorica.info\/wp-content\/uploads\/2026\/04\/plivaci-gorica-5-75x75.jpg 75w, https:\/\/gorica.info\/wp-content\/uploads\/2026\/04\/plivaci-gorica-5-350x350.jpg 350w, https:\/\/gorica.info\/wp-content\/uploads\/2026\/04\/plivaci-gorica-5-750x750.jpg 750w, https:\/\/gorica.info\/wp-content\/uploads\/2026\/04\/plivaci-gorica-5-1140x1140.jpg 1140w\" sizes=\"(max-width: 1200px) 100vw, 1200px\" \/> <img decoding=\"async\" class=\"alignnone wp-image-107271 size-full\" src=\"https:\/\/gorica.info\/wp-content\/uploads\/2026\/04\/plivaci-gorica-6.jpg\" alt=\"\" width=\"1020\" height=\"983\" srcset=\"https:\/\/gorica.info\/wp-content\/uploads\/2026\/04\/plivaci-gorica-6.jpg 1020w, https:\/\/gorica.info\/wp-content\/uploads\/2026\/04\/plivaci-gorica-6-300x289.jpg 300w, https:\/\/gorica.info\/wp-content\/uploads\/2026\/04\/plivaci-gorica-6-768x740.jpg 768w, https:\/\/gorica.info\/wp-content\/uploads\/2026\/04\/plivaci-gorica-6-12x12.jpg 12w, https:\/\/gorica.info\/wp-content\/uploads\/2026\/04\/plivaci-gorica-6-750x723.jpg 750w\" sizes=\"(max-width: 1020px) 100vw, 1020px\" \/> <img loading=\"lazy\" decoding=\"async\" class=\"alignnone wp-image-107272 size-full\" src=\"https:\/\/gorica.info\/wp-content\/uploads\/2026\/04\/plivaci-gorica-7.jpg\" alt=\"\" width=\"1304\" height=\"1111\" srcset=\"https:\/\/gorica.info\/wp-content\/uploads\/2026\/04\/plivaci-gorica-7.jpg 1304w, https:\/\/gorica.info\/wp-content\/uploads\/2026\/04\/plivaci-gorica-7-300x256.jpg 300w, https:\/\/gorica.info\/wp-content\/uploads\/2026\/04\/plivaci-gorica-7-1024x872.jpg 1024w, https:\/\/gorica.info\/wp-content\/uploads\/2026\/04\/plivaci-gorica-7-768x654.jpg 768w, https:\/\/gorica.info\/wp-content\/uploads\/2026\/04\/plivaci-gorica-7-14x12.jpg 14w, https:\/\/gorica.info\/wp-content\/uploads\/2026\/04\/plivaci-gorica-7-750x639.jpg 750w, https:\/\/gorica.info\/wp-content\/uploads\/2026\/04\/plivaci-gorica-7-1140x971.jpg 1140w\" sizes=\"(max-width: 1304px) 100vw, 1304px\" \/> <img loading=\"lazy\" decoding=\"async\" class=\"alignnone wp-image-107273 size-full\" src=\"https:\/\/gorica.info\/wp-content\/uploads\/2026\/04\/plivaci-gorica-8.jpg\" alt=\"\" width=\"1440\" height=\"1154\" srcset=\"https:\/\/gorica.info\/wp-content\/uploads\/2026\/04\/plivaci-gorica-8.jpg 1440w, https:\/\/gorica.info\/wp-content\/uploads\/2026\/04\/plivaci-gorica-8-300x240.jpg 300w, https:\/\/gorica.info\/wp-content\/uploads\/2026\/04\/plivaci-gorica-8-1024x821.jpg 1024w, https:\/\/gorica.info\/wp-content\/uploads\/2026\/04\/plivaci-gorica-8-768x615.jpg 768w, https:\/\/gorica.info\/wp-content\/uploads\/2026\/04\/plivaci-gorica-8-15x12.jpg 15w, https:\/\/gorica.info\/wp-content\/uploads\/2026\/04\/plivaci-gorica-8-750x601.jpg 750w, https:\/\/gorica.info\/wp-content\/uploads\/2026\/04\/plivaci-gorica-8-1140x914.jpg 1140w\" sizes=\"(max-width: 1440px) 100vw, 1440px\" \/> <img loading=\"lazy\" decoding=\"async\" class=\"alignnone wp-image-107277 size-full\" src=\"https:\/\/gorica.info\/wp-content\/uploads\/2026\/04\/plivaci-vukovar-4.jpg\" alt=\"\" width=\"1200\" height=\"1200\" srcset=\"https:\/\/gorica.info\/wp-content\/uploads\/2026\/04\/plivaci-vukovar-4.jpg 1200w, https:\/\/gorica.info\/wp-content\/uploads\/2026\/04\/plivaci-vukovar-4-300x300.jpg 300w, https:\/\/gorica.info\/wp-content\/uploads\/2026\/04\/plivaci-vukovar-4-1024x1024.jpg 1024w, https:\/\/gorica.info\/wp-content\/uploads\/2026\/04\/plivaci-vukovar-4-150x150.jpg 150w, https:\/\/gorica.info\/wp-content\/uploads\/2026\/04\/plivaci-vukovar-4-768x768.jpg 768w, https:\/\/gorica.info\/wp-content\/uploads\/2026\/04\/plivaci-vukovar-4-12x12.jpg 12w, https:\/\/gorica.info\/wp-content\/uploads\/2026\/04\/plivaci-vukovar-4-75x75.jpg 75w, https:\/\/gorica.info\/wp-content\/uploads\/2026\/04\/plivaci-vukovar-4-350x350.jpg 350w, https:\/\/gorica.info\/wp-content\/uploads\/2026\/04\/plivaci-vukovar-4-750x750.jpg 750w, https:\/\/gorica.info\/wp-content\/uploads\/2026\/04\/plivaci-vukovar-4-1140x1140.jpg 1140w\" sizes=\"(max-width: 1200px) 100vw, 1200px\" \/><\/p>\n<p>&nbsp;<\/p>","protected":false},"excerpt":{"rendered":"<p>Pliva\u010di Pliva\u010dkog kluba Gorica nastupili su na 5. Otvorenom prvenstvu Vukovarsko-srijemske \u017eupanije koje je odr\u017eano u Vukovaru, gdje su jo\u0161 jednom potvrdili kvalitetu rada i kontinuitet dobrih rezultata. Gori\u010dki klub predstavljalo je ukupno 14 natjecatelja, 10 pliva\u010da i 4 pliva\u010dice,\u00a0koji su se natjecali u jakoj konkurenciji brojnih klubova iz Hrvatske i regije. Unato\u010d sna\u017enoj konkurenciji, [&hellip;]<\/p>\n","protected":false},"author":33,"featured_media":107276,"comment_status":"closed","ping_status":"closed","sticky":false,"template":"","format":"standard","meta":{"limit_modified_date":"1","last_modified_date":"","jnews-multi-image_gallery":[],"jnews_single_post":{"format":"standard","override":[{"template":"3","parallax":"1","fullscreen":"1","layout":"right-sidebar","sidebar":"default-sidebar","second_sidebar":"default-sidebar","sticky_sidebar":"1","share_position":"top","share_float_style":"share-monocrhome","show_featured":"1","show_post_meta":"1","show_post_author":"1","show_post_author_image":"1","show_post_date":"1","post_date_format":"default","post_date_format_custom":"Y\/m\/d","show_post_category":"1","show_post_reading_time":"1","post_reading_time_wpm":"300","post_calculate_word_method":"str_word_count","zoom_button_out_step":"2","zoom_button_in_step":"3","show_post_tag":"1","show_popup_post":"1","show_comment_section":"1","number_popup_post":"1","show_post_related":"1"}],"image_override":[{"single_post_thumbnail_size":"crop-500","single_post_gallery_size":"crop-500"}],"trending_post_position":"meta","trending_post_label":"Trending","sponsored_post_label":"Sponsored by","disable_ad":"0","subtitle":"Gori\u010dki klub predstavljalo je ukupno 14 natjecatelja, 10 pliva\u010da i 4 pliva\u010dice, koji su se natjecali u jakoj konkurenciji brojnih klubova iz Hrvatske i regije"},"jnews_primary_category":[],"jnews_override_counter":{"view_counter_number":"0","share_counter_number":"0","like_counter_number":"0","dislike_counter_number":"0"},"footnotes":""},"categories":[99],"tags":[24985,23961,24986,9987,23959,24984,21573,22686,16160,15554,24987],"class_list":["post-107269","post","type-post","status-publish","format-standard","has-post-thumbnail","hentry","category-sport","tag-medalje-plivanje","tag-mladi-plivaci","tag-osobni-rekordi","tag-pk-gorica","tag-plivacko-natjecanje","tag-plivanje-vukovar","tag-sportski-rezultati","tag-vg-info","tag-vg-sport","tag-vg-vijesti","tag-vukovarsko-srijemska-zupanija"],"yoast_head":"<!-- This site is optimized with the Yoast SEO Premium plugin v27.4 (Yoast SEO v27.4) - https:\/\/yoast.com\/product\/yoast-seo-premium-wordpress\/ -->\n<title>PK Gorica uspje\u0161an u Vukovaru: Osvojili vi\u0161e medalja i postavili osobne rekorde - Gorica Info<\/title>\n<meta name=\"description\" content=\"Pliva\u010di PK Gorica ostvarili su odli\u010dne rezultate u Vukovaru, gdje su postavili brojne osobne rekrode i osvojili medalje.\" \/>\n<meta name=\"robots\" content=\"index, follow, max-snippet:-1, max-image-preview:large, max-video-preview:-1\" \/>\n<link rel=\"canonical\" href=\"https:\/\/gorica.info\/en\/pk-gorica-uspjesan-u-vukovaru-osvojili-vise-medalja-i-postavili-osobne-rekorde\/\" \/>\n<meta property=\"og:locale\" content=\"en_US\" \/>\n<meta property=\"og:type\" content=\"article\" \/>\n<meta property=\"og:title\" content=\"PK Gorica uspje\u0161an u Vukovaru: Osvojili vi\u0161e medalja i postavili osobne rekorde\" \/>\n<meta property=\"og:description\" content=\"Pliva\u010di PK Gorica ostvarili su odli\u010dne rezultate u Vukovaru, gdje su postavili brojne osobne rekrode i osvojili medalje.\" \/>\n<meta property=\"og:url\" content=\"https:\/\/gorica.info\/en\/pk-gorica-uspjesan-u-vukovaru-osvojili-vise-medalja-i-postavili-osobne-rekorde\/\" \/>\n<meta property=\"og:site_name\" content=\"Gorica Info\" \/>\n<meta property=\"article:publisher\" content=\"https:\/\/www.facebook.com\/Goricainfo-106005144489262\" \/>\n<meta property=\"article:published_time\" content=\"2026-04-27T06:11:18+00:00\" \/>\n<meta property=\"article:modified_time\" content=\"2026-04-27T06:15:01+00:00\" \/>\n<meta property=\"og:image\" content=\"https:\/\/gorica.info\/wp-content\/uploads\/2026\/04\/plivaci-vukovar-3-e1777270458933.jpg\" \/>\n\t<meta property=\"og:image:width\" content=\"1303\" \/>\n\t<meta property=\"og:image:height\" content=\"788\" \/>\n\t<meta property=\"og:image:type\" content=\"image\/jpeg\" \/>\n<meta name=\"author\" content=\"Ivan Bo\u017ei\u0107\" \/>\n<meta name=\"twitter:card\" content=\"summary_large_image\" \/>\n<meta name=\"twitter:creator\" content=\"@GoricaInfo\" \/>\n<meta name=\"twitter:site\" content=\"@GoricaInfo\" \/>\n<meta name=\"twitter:label1\" content=\"Written by\" \/>\n\t<meta name=\"twitter:data1\" content=\"Ivan Bo\u017ei\u0107\" \/>\n\t<meta name=\"twitter:label2\" content=\"Est. reading time\" \/>\n\t<meta name=\"twitter:data2\" content=\"3 minutes\" \/>\n<meta name=\"geo.placename\" content=\"Velika Gorica\" \/>\n<meta name=\"geo.region\" content=\"Croatia\" \/>\n<!-- \/ Yoast SEO Premium plugin. -->","yoast_head_json":{"title":"PK Gorica uspje\u0161an u Vukovaru: Osvojili vi\u0161e medalja i postavili osobne rekorde - Gorica Info","description":"Pliva\u010di PK Gorica ostvarili su odli\u010dne rezultate u Vukovaru, gdje su postavili brojne osobne rekrode i osvojili medalje.","robots":{"index":"index","follow":"follow","max-snippet":"max-snippet:-1","max-image-preview":"max-image-preview:large","max-video-preview":"max-video-preview:-1"},"canonical":"https:\/\/gorica.info\/en\/pk-gorica-uspjesan-u-vukovaru-osvojili-vise-medalja-i-postavili-osobne-rekorde\/","og_locale":"en_US","og_type":"article","og_title":"PK Gorica uspje\u0161an u Vukovaru: Osvojili vi\u0161e medalja i postavili osobne rekorde","og_description":"Pliva\u010di PK Gorica ostvarili su odli\u010dne rezultate u Vukovaru, gdje su postavili brojne osobne rekrode i osvojili medalje.","og_url":"https:\/\/gorica.info\/en\/pk-gorica-uspjesan-u-vukovaru-osvojili-vise-medalja-i-postavili-osobne-rekorde\/","og_site_name":"Gorica Info","article_publisher":"https:\/\/www.facebook.com\/Goricainfo-106005144489262","article_published_time":"2026-04-27T06:11:18+00:00","article_modified_time":"2026-04-27T06:15:01+00:00","og_image":[{"width":1303,"height":788,"url":"https:\/\/gorica.info\/wp-content\/uploads\/2026\/04\/plivaci-vukovar-3-e1777270458933.jpg","type":"image\/jpeg"}],"author":"Ivan Bo\u017ei\u0107","twitter_card":"summary_large_image","twitter_creator":"@GoricaInfo","twitter_site":"@GoricaInfo","twitter_misc":{"Written by":"Ivan Bo\u017ei\u0107","Est. reading time":"3 minutes"},"schema":{"@context":"https:\/\/schema.org","@graph":[{"@type":"NewsArticle","@id":"https:\/\/gorica.info\/pk-gorica-uspjesan-u-vukovaru-osvojili-vise-medalja-i-postavili-osobne-rekorde\/#article","isPartOf":{"@id":"https:\/\/gorica.info\/pk-gorica-uspjesan-u-vukovaru-osvojili-vise-medalja-i-postavili-osobne-rekorde\/"},"author":{"name":"Ivan Bo\u017ei\u0107","@id":"https:\/\/gorica.info\/#\/schema\/person\/34dd90d017db8157b1cdf424f6e42474"},"headline":"PK Gorica uspje\u0161an u Vukovaru: Osvojili vi\u0161e medalja i postavili osobne rekorde","datePublished":"2026-04-27T06:11:18+00:00","dateModified":"2026-04-27T06:15:01+00:00","mainEntityOfPage":{"@id":"https:\/\/gorica.info\/pk-gorica-uspjesan-u-vukovaru-osvojili-vise-medalja-i-postavili-osobne-rekorde\/"},"wordCount":276,"publisher":{"@id":"https:\/\/gorica.info\/#organization"},"image":{"@id":"https:\/\/gorica.info\/pk-gorica-uspjesan-u-vukovaru-osvojili-vise-medalja-i-postavili-osobne-rekorde\/#primaryimage"},"thumbnailUrl":"https:\/\/gorica.info\/wp-content\/uploads\/2026\/04\/plivaci-vukovar-3-e1777270458933.jpg","keywords":["medalje plivanje","mladi pliva\u010di","osobni rekordi","pk gorica","pliva\u010dko natjecanje","plivanje Vukovar","sportski rezultati","vg info","vg sport","vg vijesti","Vukovarsko-srijemska \u017eupanija"],"articleSection":["SPORT"],"inLanguage":"en-US","copyrightYear":"2026","copyrightHolder":{"@id":"https:\/\/gorica.info\/en\/#organization"}},{"@type":"WebPage","@id":"https:\/\/gorica.info\/pk-gorica-uspjesan-u-vukovaru-osvojili-vise-medalja-i-postavili-osobne-rekorde\/","url":"https:\/\/gorica.info\/pk-gorica-uspjesan-u-vukovaru-osvojili-vise-medalja-i-postavili-osobne-rekorde\/","name":"PK Gorica uspje\u0161an u Vukovaru: Osvojili vi\u0161e medalja i postavili osobne rekorde - Gorica Info","isPartOf":{"@id":"https:\/\/gorica.info\/#website"},"primaryImageOfPage":{"@id":"https:\/\/gorica.info\/pk-gorica-uspjesan-u-vukovaru-osvojili-vise-medalja-i-postavili-osobne-rekorde\/#primaryimage"},"image":{"@id":"https:\/\/gorica.info\/pk-gorica-uspjesan-u-vukovaru-osvojili-vise-medalja-i-postavili-osobne-rekorde\/#primaryimage"},"thumbnailUrl":"https:\/\/gorica.info\/wp-content\/uploads\/2026\/04\/plivaci-vukovar-3-e1777270458933.jpg","datePublished":"2026-04-27T06:11:18+00:00","dateModified":"2026-04-27T06:15:01+00:00","description":"Pliva\u010di PK Gorica ostvarili su odli\u010dne rezultate u Vukovaru, gdje su postavili brojne osobne rekrode i osvojili medalje.","breadcrumb":{"@id":"https:\/\/gorica.info\/pk-gorica-uspjesan-u-vukovaru-osvojili-vise-medalja-i-postavili-osobne-rekorde\/#breadcrumb"},"inLanguage":"en-US","potentialAction":[{"@type":"ReadAction","target":["https:\/\/gorica.info\/pk-gorica-uspjesan-u-vukovaru-osvojili-vise-medalja-i-postavili-osobne-rekorde\/"]}]},{"@type":"ImageObject","inLanguage":"en-US","@id":"https:\/\/gorica.info\/pk-gorica-uspjesan-u-vukovaru-osvojili-vise-medalja-i-postavili-osobne-rekorde\/#primaryimage","url":"https:\/\/gorica.info\/wp-content\/uploads\/2026\/04\/plivaci-vukovar-3-e1777270458933.jpg","contentUrl":"https:\/\/gorica.info\/wp-content\/uploads\/2026\/04\/plivaci-vukovar-3-e1777270458933.jpg","width":1303,"height":788,"caption":"Foto: PK Gorica"},{"@type":"BreadcrumbList","@id":"https:\/\/gorica.info\/pk-gorica-uspjesan-u-vukovaru-osvojili-vise-medalja-i-postavili-osobne-rekorde\/#breadcrumb","itemListElement":[{"@type":"ListItem","position":1,"name":"Po\u010detna stranica","item":"https:\/\/gorica.info\/"},{"@type":"ListItem","position":2,"name":"PK Gorica uspje\u0161an u Vukovaru: Osvojili vi\u0161e medalja i postavili osobne rekorde"}]},{"@type":"WebSite","@id":"https:\/\/gorica.info\/#website","url":"https:\/\/gorica.info\/","name":"Gorica Info","description":"Vijesti iz Velike Gorice i okolice.","publisher":{"@id":"https:\/\/gorica.info\/#organization"},"potentialAction":[{"@type":"SearchAction","target":{"@type":"EntryPoint","urlTemplate":"https:\/\/gorica.info\/?s={search_term_string}"},"query-input":{"@type":"PropertyValueSpecification","valueRequired":true,"valueName":"search_term_string"}}],"inLanguage":"en-US"},{"@type":["Organization","Place","NewsMediaOrganization"],"@id":"https:\/\/gorica.info\/#organization","name":"Gorica Info","url":"https:\/\/gorica.info\/","logo":{"@id":"https:\/\/gorica.info\/pk-gorica-uspjesan-u-vukovaru-osvojili-vise-medalja-i-postavili-osobne-rekorde\/#local-main-organization-logo"},"image":{"@id":"https:\/\/gorica.info\/pk-gorica-uspjesan-u-vukovaru-osvojili-vise-medalja-i-postavili-osobne-rekorde\/#local-main-organization-logo"},"sameAs":["https:\/\/www.facebook.com\/Goricainfo-106005144489262","https:\/\/x.com\/GoricaInfo","https:\/\/www.instagram.com\/gorica.info\/"],"address":{"@id":"https:\/\/gorica.info\/pk-gorica-uspjesan-u-vukovaru-osvojili-vise-medalja-i-postavili-osobne-rekorde\/#local-main-place-address"},"telephone":[],"openingHoursSpecification":[{"@type":"OpeningHoursSpecification","dayOfWeek":["Monday","Tuesday","Wednesday","Thursday","Friday","Saturday","Sunday"],"opens":"09:00","closes":"17:00"}],"email":"redakcija@gorica.info"},{"@type":"Person","@id":"https:\/\/gorica.info\/#\/schema\/person\/34dd90d017db8157b1cdf424f6e42474","name":"Ivan Bo\u017ei\u0107","url":"https:\/\/gorica.info\/en\/author\/ivan-bozic\/"},{"@type":"PostalAddress","@id":"https:\/\/gorica.info\/pk-gorica-uspjesan-u-vukovaru-osvojili-vise-medalja-i-postavili-osobne-rekorde\/#local-main-place-address","streetAddress":"Horvatova 97","addressLocality":"Velika Gorica","postalCode":"10410","addressRegion":"Croatia","addressCountry":"HR"},{"@type":"ImageObject","inLanguage":"en-US","@id":"https:\/\/gorica.info\/pk-gorica-uspjesan-u-vukovaru-osvojili-vise-medalja-i-postavili-osobne-rekorde\/#local-main-organization-logo","url":"https:\/\/gorica.info\/wp-content\/uploads\/2024\/07\/Gorica-Info-Logo-mali.png","contentUrl":"https:\/\/gorica.info\/wp-content\/uploads\/2024\/07\/Gorica-Info-Logo-mali.png","width":450,"height":85,"caption":"Gorica Info"}]},"geo.placename":"Velika Gorica","geo.region":"Croatia"},"_links":{"self":[{"href":"https:\/\/gorica.info\/en\/wp-json\/wp\/v2\/posts\/107269","targetHints":{"allow":["GET"]}}],"collection":[{"href":"https:\/\/gorica.info\/en\/wp-json\/wp\/v2\/posts"}],"about":[{"href":"https:\/\/gorica.info\/en\/wp-json\/wp\/v2\/types\/post"}],"author":[{"embeddable":true,"href":"https:\/\/gorica.info\/en\/wp-json\/wp\/v2\/users\/33"}],"replies":[{"embeddable":true,"href":"https:\/\/gorica.info\/en\/wp-json\/wp\/v2\/comments?post=107269"}],"version-history":[{"count":1,"href":"https:\/\/gorica.info\/en\/wp-json\/wp\/v2\/posts\/107269\/revisions"}],"predecessor-version":[{"id":107278,"href":"https:\/\/gorica.info\/en\/wp-json\/wp\/v2\/posts\/107269\/revisions\/107278"}],"wp:featuredmedia":[{"embeddable":true,"href":"https:\/\/gorica.info\/en\/wp-json\/wp\/v2\/media\/107276"}],"wp:attachment":[{"href":"https:\/\/gorica.info\/en\/wp-json\/wp\/v2\/media?parent=107269"}],"wp:term":[{"taxonomy":"category","embeddable":true,"href":"https:\/\/gorica.info\/en\/wp-json\/wp\/v2\/categories?post=107269"},{"taxonomy":"post_tag","embeddable":true,"href":"https:\/\/gorica.info\/en\/wp-json\/wp\/v2\/tags?post=107269"}],"curies":[{"name":"wp","href":"https:\/\/api.w.org\/{rel}","templated":true}]}}