{"id":107279,"date":"2026-04-27T10:08:47","date_gmt":"2026-04-27T08:08:47","guid":{"rendered":"https:\/\/gorica.info\/?p=107279"},"modified":"2026-04-27T12:05:02","modified_gmt":"2026-04-27T10:05:02","slug":"zavrsna-proslava-turopoljskog-jurjeva-u-parku-franje-tudmana","status":"publish","type":"post","link":"https:\/\/gorica.info\/en\/zavrsna-proslava-turopoljskog-jurjeva-u-parku-franje-tudmana\/","title":{"rendered":"Zavr\u0161na proslava Turopoljskog Jurjeva u Parku Franje Tu\u0111mana"},"content":{"rendered":"<p><span style=\"font-size: 20px\"><strong>Dolaskom prolje\u0107a<\/strong> i bu\u0111enjem prirode, <strong>u Turopolju<\/strong> se ve\u0107 stolje\u0107ima njeguje jedan od najstarijih narodnih obi\u010daja \u2013 <strong>proslava Jurjeva<\/strong>. Ovaj blagdan, <strong>posve\u0107en svetom Jurju<\/strong>, simbolizira pobjedu svjetla nad tamom, topline nad zimom i po\u010detak <strong>novog \u017eivotnog ciklusa. <\/strong><\/span><\/p>\n<p><span style=\"font-size: 20px\">Upravo zbog toga Jurjevo ima posebno mjesto u <strong>kulturnoj ba\u0161tini<\/strong> turopoljskog kraja.<\/span><\/p>\n<p><img fetchpriority=\"high\" decoding=\"async\" class=\"alignnone wp-image-107250 size-full\" src=\"https:\/\/gorica.info\/wp-content\/uploads\/2026\/04\/jurjevo-pripreme-park-franje-tudmana.jpg\" alt=\"jurjeva\" width=\"1000\" height=\"549\" srcset=\"https:\/\/gorica.info\/wp-content\/uploads\/2026\/04\/jurjevo-pripreme-park-franje-tudmana.jpg 1000w, https:\/\/gorica.info\/wp-content\/uploads\/2026\/04\/jurjevo-pripreme-park-franje-tudmana-300x165.jpg 300w, https:\/\/gorica.info\/wp-content\/uploads\/2026\/04\/jurjevo-pripreme-park-franje-tudmana-768x422.jpg 768w, https:\/\/gorica.info\/wp-content\/uploads\/2026\/04\/jurjevo-pripreme-park-franje-tudmana-18x10.jpg 18w, https:\/\/gorica.info\/wp-content\/uploads\/2026\/04\/jurjevo-pripreme-park-franje-tudmana-750x412.jpg 750w\" sizes=\"(max-width: 1000px) 100vw, 1000px\" \/><\/p>\n<p><span style=\"font-size: 20px\">Jurjevo se obilje\u017eava 23. travnja, a no\u0107 uo\u010di blagdana jurjevski krijesovi gorjeli su u Bu\u0161evcu, Rakitovcu, Donjoj Lomnici, Hra\u0161\u0107u, Kobili\u0107u, Kurilovcu, Lukavcu, Plesu i Velikoj Mlaki. Jurjevo je po prvi put ove godine organizirano i u Bukov\u010daku u organizaciji<strong>\u00a0<a href=\"https:\/\/gorica.info\/en\/u-bukovcaku-obiljezeno-jurjevo-krijes-djecja-predstava-i-druzenje-mjestana\/\">Mjesnog odbora Bukov\u010dak<\/a><\/strong>\u00a0i brojnih mje\u0161tana. \u00a0<\/span><\/p>\n<p><img decoding=\"async\" class=\"alignnone wp-image-107281 size-full\" src=\"https:\/\/gorica.info\/wp-content\/uploads\/2026\/04\/jurjevo-nastup-kudova.jpg\" alt=\"\" width=\"1500\" height=\"844\" srcset=\"https:\/\/gorica.info\/wp-content\/uploads\/2026\/04\/jurjevo-nastup-kudova.jpg 1500w, https:\/\/gorica.info\/wp-content\/uploads\/2026\/04\/jurjevo-nastup-kudova-300x169.jpg 300w, https:\/\/gorica.info\/wp-content\/uploads\/2026\/04\/jurjevo-nastup-kudova-1024x576.jpg 1024w, https:\/\/gorica.info\/wp-content\/uploads\/2026\/04\/jurjevo-nastup-kudova-768x432.jpg 768w, https:\/\/gorica.info\/wp-content\/uploads\/2026\/04\/jurjevo-nastup-kudova-18x10.jpg 18w, https:\/\/gorica.info\/wp-content\/uploads\/2026\/04\/jurjevo-nastup-kudova-750x422.jpg 750w, https:\/\/gorica.info\/wp-content\/uploads\/2026\/04\/jurjevo-nastup-kudova-1140x641.jpg 1140w\" sizes=\"(max-width: 1500px) 100vw, 1500px\" \/><\/p>\n<h3><span style=\"font-size: 20px\"><strong>Sredi\u0161nja proslava, folklorni program i koncert<\/strong><\/span><\/h3>\n<p><span style=\"font-size: 20px\">Zavr\u0161na proslava <strong>Turopoljskog Jurjeva<\/strong> odr\u017eana je u nedjelju u Velikoj Gorici. Program <strong>u Parku Franje Tu\u0111mana<\/strong> po\u010deo je<strong> nastupom folklornih dru\u0161tava<\/strong>, a u 20:00 sati upaljen je \u00a0Jurjevsi krijes. A nakon toga na pozornicu su se popeli \u010dlanovi <strong>Slavonskih Lola<\/strong> koji su rasplesali i raspjevali Veliku Goricu.<\/span><\/p>\n<div class=\"jeg_video_container jeg_video_content\"><iframe title=\"Jurjevo u Velikoj Gorici\" width=\"422\" height=\"750\" src=\"https:\/\/www.youtube.com\/embed\/U5xdV1K7Zy0?feature=oembed&#038;enablejsapi=1&#038;origin=https:\/\/gorica.info\" frameborder=\"0\" allow=\"accelerometer; autoplay; clipboard-write; encrypted-media; gyroscope; picture-in-picture; web-share\" referrerpolicy=\"strict-origin-when-cross-origin\" allowfullscreen><\/iframe><\/div>\n<p><span style=\"font-size: 20px\">Gra\u0111ane su pozdravili \u017eupan Plemenite op\u0107ine turopoljske <strong>Juraj Odr\u010di\u0107<\/strong> i predsjednik Gradskog vije\u0107a <strong>Darko Beki\u0107<\/strong> te<\/span><span style=\"font-size: 20px\">\u00a0do\u017eupan Zagreba\u010dke \u017eupanije <strong>Ervin Kolarec<\/strong>. <\/span><\/p>\n<p><span style=\"font-size: 20px\">&#8211; Jurjevo je tradicionalni turopoljski blagdan koji slavi dolazak prolje\u0107a, bu\u0111enje prirode i bogatu ba\u0161tinu na\u0161eg kraja. Kroz obi\u010daje, pjesmu, ples i zajedni\u0161tvo prisje\u0107amo se vrijednosti koje su se prenosile generacijama, \u010duvaju\u0107i identitet i duh Turopolja. Hvala svima koji sudjeluju i doprinose o\u010duvanju ove lijepe tradicije &#8211; poru\u010dio je Kolarec.<\/span><\/p>\n<p><img decoding=\"async\" class=\"alignnone wp-image-107280 size-full\" src=\"https:\/\/gorica.info\/wp-content\/uploads\/2026\/04\/jurjevo-ervin-kolarec-e1777273418284.jpg\" alt=\"\" width=\"900\" height=\"1044\" srcset=\"https:\/\/gorica.info\/wp-content\/uploads\/2026\/04\/jurjevo-ervin-kolarec-e1777273418284.jpg 900w, https:\/\/gorica.info\/wp-content\/uploads\/2026\/04\/jurjevo-ervin-kolarec-e1777273418284-259x300.jpg 259w, https:\/\/gorica.info\/wp-content\/uploads\/2026\/04\/jurjevo-ervin-kolarec-e1777273418284-883x1024.jpg 883w, https:\/\/gorica.info\/wp-content\/uploads\/2026\/04\/jurjevo-ervin-kolarec-e1777273418284-768x891.jpg 768w, https:\/\/gorica.info\/wp-content\/uploads\/2026\/04\/jurjevo-ervin-kolarec-e1777273418284-10x12.jpg 10w, https:\/\/gorica.info\/wp-content\/uploads\/2026\/04\/jurjevo-ervin-kolarec-e1777273418284-750x870.jpg 750w\" sizes=\"(max-width: 900px) 100vw, 900px\" \/><img loading=\"lazy\" decoding=\"async\" class=\"alignnone wp-image-107284 size-full\" src=\"https:\/\/gorica.info\/wp-content\/uploads\/2026\/04\/jurjevo-tudmanac-6.jpg\" alt=\"\" width=\"1500\" height=\"1125\" srcset=\"https:\/\/gorica.info\/wp-content\/uploads\/2026\/04\/jurjevo-tudmanac-6.jpg 1500w, https:\/\/gorica.info\/wp-content\/uploads\/2026\/04\/jurjevo-tudmanac-6-300x225.jpg 300w, https:\/\/gorica.info\/wp-content\/uploads\/2026\/04\/jurjevo-tudmanac-6-1024x768.jpg 1024w, https:\/\/gorica.info\/wp-content\/uploads\/2026\/04\/jurjevo-tudmanac-6-768x576.jpg 768w, https:\/\/gorica.info\/wp-content\/uploads\/2026\/04\/jurjevo-tudmanac-6-16x12.jpg 16w, https:\/\/gorica.info\/wp-content\/uploads\/2026\/04\/jurjevo-tudmanac-6-750x563.jpg 750w, https:\/\/gorica.info\/wp-content\/uploads\/2026\/04\/jurjevo-tudmanac-6-1140x855.jpg 1140w\" sizes=\"(max-width: 1500px) 100vw, 1500px\" \/><\/p>\n<p><span style=\"font-size: 20px\"><strong>Jurjevski krijesovi: simbol svjetla, za\u0161tite i obnove<\/strong><\/span><\/p>\n<p><span style=\"font-size: 20px\">Jedan od najprepoznatljivijih obi\u010daja je paljenje krijesova, koji se uo\u010di blagdana pale na livadama, uz sela i na uzvisinama. <\/span><\/p>\n<p><span style=\"font-size: 20px\">Krijesovi nisu samo vizualno impresivan prizor, ve\u0107 imaju duboko<strong> simboli\u010dko zna\u010denje<\/strong>. Vatra se tradicionalno smatrala<strong> sredstvom za\u0161tite od zlih sila, bolesti i nesre\u0107e<\/strong>, ali i na\u010dinom pro\u010di\u0161\u0107enja prostora i ljudi.<\/span><\/p>\n<p><img loading=\"lazy\" decoding=\"async\" class=\"alignnone wp-image-107282 size-full\" src=\"https:\/\/gorica.info\/wp-content\/uploads\/2026\/04\/jurjevo-tudmanac.jpg\" alt=\"\" width=\"900\" height=\"1200\" srcset=\"https:\/\/gorica.info\/wp-content\/uploads\/2026\/04\/jurjevo-tudmanac.jpg 900w, https:\/\/gorica.info\/wp-content\/uploads\/2026\/04\/jurjevo-tudmanac-225x300.jpg 225w, https:\/\/gorica.info\/wp-content\/uploads\/2026\/04\/jurjevo-tudmanac-768x1024.jpg 768w, https:\/\/gorica.info\/wp-content\/uploads\/2026\/04\/jurjevo-tudmanac-9x12.jpg 9w, https:\/\/gorica.info\/wp-content\/uploads\/2026\/04\/jurjevo-tudmanac-750x1000.jpg 750w\" sizes=\"(max-width: 900px) 100vw, 900px\" \/><\/p>\n<h3><span style=\"font-size: 20px\"><strong>Ophodi jurja\u0161a i o\u017eivljavanje starih obi\u010daja<\/strong><\/span><\/h3>\n<p><span style=\"font-size: 20px\">U pro\u0161losti su se mje\u0161tani okupljali oko krijesova<strong> uz pjesmu, ples i dru\u017eenje<\/strong>, a posebno su bili va\u017eni ophodi \u201ejurja\u0161a\u201c \u2013 mladi\u0107a i djevojaka koji su obilazili selo oki\u0107eni zelenilom, donose\u0107i blagoslov i dobre \u017eelje za plodnu godinu. <\/span><\/p>\n<p><span style=\"font-size: 20px\">Taj obi\u010daj danas se sve \u010de\u0161\u0107e obnavlja kroz kulturno-umjetni\u010dka dru\u0161tva i lokalne manifestacije.<\/span><\/p>\n<p><span style=\"font-size: 20px\">Paljenje krijesa u Turopolju danas ima i dru\u0161tvenu dimenziju. <strong>Okuplja sve generacije<\/strong>, od najmla\u0111ih do starijih i postaje prilika za dru\u017eenja, o\u010duvanje identiteta i preno\u0161enje tradicije. Lokalna dru\u0161tva i udruge sve vi\u0161e rade na revitalizaciji ovih obi\u010daja, \u010dime Jurjevo dobiva novu vrijednost u suvremenom \u017eivotu.<\/span><\/p>\n<p><span style=\"font-size: 20px\">Iako su se vremena promijenila, <strong>simbolika Jurjeva ostaje ista.<\/strong> Vatra krijesa i dalje <strong>predstavlja nadu, obnovu i snagu zajednice<\/strong>. Upravo kroz ovakve obi\u010daje Turopolje \u010duva svoju autenti\u010dnost i podsje\u0107a koliko je va\u017eno njegovati vlastitu kulturnu ba\u0161tinu.<\/span><\/p>\n<p><span style=\"font-size: 20px\">Stari Turopoljci sje\u0107aju se narodne izreke koja ka\u017ee <em>\u201eTko ni pri kresu, taj bu k letu v lesu.\u201c<\/em><\/span><\/p>\n<p><span style=\"font-size: 20px\">Na prvi pogled izreka zvu\u010di kao upozorenje, zapravo pravo zna\u010denje je puno dublje i vi\u0161e <strong>simboli\u010dno nego doslovno<\/strong>. U pro\u0161losti su krijesovi imali<strong> va\u017enu za\u0161titnu ulogu<\/strong>, a sudjelovanje u paljenju krijesa zna\u010dilo je biti dio zajednice i staviti se pod njezinu simboli\u010dku za\u0161titu.<\/span><\/p>\n<p><span style=\"font-size: 20px\">Danas, iako vi\u0161e ne postoji doslovno vjerovanje u za\u0161titnu mo\u0107 krijesa, ova izreka i dalje \u017eivi kao lijep podsjetnik na <strong>va\u017enost zajedni\u0161tva<\/strong>, tradicije i okupljanja. Te vrijednosti i dalje su sna\u017eno prisutne u proslavama Jurjeva u Velikoj Gorici i okolnim mjestima.<\/span><\/p>\n<p><img loading=\"lazy\" decoding=\"async\" class=\"alignnone wp-image-107285 size-full\" src=\"https:\/\/gorica.info\/wp-content\/uploads\/2026\/04\/jurjevo-tudmanac-kudovi.jpg\" alt=\"\" width=\"1500\" height=\"844\" srcset=\"https:\/\/gorica.info\/wp-content\/uploads\/2026\/04\/jurjevo-tudmanac-kudovi.jpg 1500w, https:\/\/gorica.info\/wp-content\/uploads\/2026\/04\/jurjevo-tudmanac-kudovi-300x169.jpg 300w, https:\/\/gorica.info\/wp-content\/uploads\/2026\/04\/jurjevo-tudmanac-kudovi-1024x576.jpg 1024w, https:\/\/gorica.info\/wp-content\/uploads\/2026\/04\/jurjevo-tudmanac-kudovi-768x432.jpg 768w, https:\/\/gorica.info\/wp-content\/uploads\/2026\/04\/jurjevo-tudmanac-kudovi-18x10.jpg 18w, https:\/\/gorica.info\/wp-content\/uploads\/2026\/04\/jurjevo-tudmanac-kudovi-750x422.jpg 750w, https:\/\/gorica.info\/wp-content\/uploads\/2026\/04\/jurjevo-tudmanac-kudovi-1140x641.jpg 1140w\" sizes=\"(max-width: 1500px) 100vw, 1500px\" \/><img loading=\"lazy\" decoding=\"async\" class=\"alignnone wp-image-107283 size-full\" src=\"https:\/\/gorica.info\/wp-content\/uploads\/2026\/04\/jurjevo-tudmanac-1.jpg\" alt=\"\" width=\"1500\" height=\"844\" srcset=\"https:\/\/gorica.info\/wp-content\/uploads\/2026\/04\/jurjevo-tudmanac-1.jpg 1500w, https:\/\/gorica.info\/wp-content\/uploads\/2026\/04\/jurjevo-tudmanac-1-300x169.jpg 300w, https:\/\/gorica.info\/wp-content\/uploads\/2026\/04\/jurjevo-tudmanac-1-1024x576.jpg 1024w, https:\/\/gorica.info\/wp-content\/uploads\/2026\/04\/jurjevo-tudmanac-1-768x432.jpg 768w, https:\/\/gorica.info\/wp-content\/uploads\/2026\/04\/jurjevo-tudmanac-1-18x10.jpg 18w, https:\/\/gorica.info\/wp-content\/uploads\/2026\/04\/jurjevo-tudmanac-1-750x422.jpg 750w, https:\/\/gorica.info\/wp-content\/uploads\/2026\/04\/jurjevo-tudmanac-1-1140x641.jpg 1140w\" sizes=\"(max-width: 1500px) 100vw, 1500px\" \/><\/p>\n<p><span style=\"font-size: 20px\">Proslavu Turopoljskog Jurjeva organizirala je <strong>Plemenita op\u010dina Turopoljsk<\/strong>a uz potporu <a href=\"https:\/\/www.zagrebacka-zupanija.hr\/\"><strong>Zagreba\u010dke \u017eupanije<\/strong><\/a>, <strong>Grada Velike Gorice<\/strong>, <strong>Turisti\u010dke zajednice Velike Gorice\u2026<\/strong><\/span><\/p>","protected":false},"excerpt":{"rendered":"<p>Dolaskom prolje\u0107a i bu\u0111enjem prirode, u Turopolju se ve\u0107 stolje\u0107ima njeguje jedan od najstarijih narodnih obi\u010daja \u2013 proslava Jurjeva. Ovaj blagdan, posve\u0107en svetom Jurju, simbolizira pobjedu svjetla nad tamom, topline nad zimom i po\u010detak novog \u017eivotnog ciklusa. Upravo zbog toga Jurjevo ima posebno mjesto u kulturnoj ba\u0161tini turopoljskog kraja. Jurjevo se obilje\u017eava 23. travnja, a [&hellip;]<\/p>\n","protected":false},"author":25,"featured_media":107303,"comment_status":"closed","ping_status":"closed","sticky":false,"template":"","format":"standard","meta":{"limit_modified_date":"1","last_modified_date":"","jnews-multi-image_gallery":[],"jnews_single_post":{"subtitle":"Proslavu je organizirala Plemenita op\u010dina Turopoljska uz potporu Zagreba\u010dke \u017eupanije, Grada Velike Gorice, Turisti\u010dke zajednice Velike Gorice\u2026","format":"standard","override":[{"template":"3","parallax":"1","fullscreen":"1","layout":"right-sidebar","sidebar":"default-sidebar","second_sidebar":"default-sidebar","sticky_sidebar":"1","share_position":"top","share_float_style":"share-monocrhome","show_featured":"1","show_post_meta":"1","show_post_author":"1","show_post_author_image":"1","show_post_date":"1","post_date_format":"default","post_date_format_custom":"Y\/m\/d","show_post_category":"1","show_post_reading_time":"1","post_reading_time_wpm":"300","post_calculate_word_method":"str_word_count","zoom_button_out_step":"2","zoom_button_in_step":"3","show_post_tag":"1","show_popup_post":"1","show_comment_section":"1","number_popup_post":"1","show_post_related":"1"}],"image_override":[{"single_post_thumbnail_size":"crop-500","single_post_gallery_size":"crop-500"}],"trending_post_position":"meta","trending_post_label":"Trending","sponsored_post_label":"Sponsored by","disable_ad":"0"},"jnews_primary_category":[],"jnews_override_counter":{"view_counter_number":"0","share_counter_number":"0","like_counter_number":"0","dislike_counter_number":"0"},"footnotes":""},"categories":[87],"tags":[24904,24838,24992,24988,24991,24903,24989,6731,24902,24990,23028,24961,22936],"class_list":["post-107279","post","type-post","status-publish","format-standard","has-post-thumbnail","hentry","category-gorica","tag-folklor-turopolje","tag-jurjevo-turopolje","tag-jurjevo-velika-gorica","tag-jurjevski-krijesovi","tag-krijesovi-hrvatska","tag-kulturna-bastina-turopolja","tag-obicaji-jurjeva","tag-plemenita-opcina-turopoljska","tag-proljetni-obicaji-hrvatska","tag-sveti-juraj-blagdan","tag-tradicija-turopolja","tag-turopoljsko-jurjevo","tag-velika-gorica-dogadanja"],"yoast_head":"<!-- This site is optimized with the Yoast SEO Premium plugin v27.4 (Yoast SEO v27.4) - https:\/\/yoast.com\/product\/yoast-seo-premium-wordpress\/ -->\n<title>Zavr\u0161na proslava Turopoljskog Jurjeva u Parku Franje Tu\u0111mana - Gorica Info<\/title>\n<meta name=\"description\" content=\"Otkrijte tradiciju Turopoljskog Jurjeva \u2013 obi\u010daj paljenja krijesova koji simbolizira obnovu, zajedni\u0161tvo i dolazak prolje\u0107a u Turopolju.\" \/>\n<meta name=\"robots\" content=\"index, follow, max-snippet:-1, max-image-preview:large, max-video-preview:-1\" \/>\n<link rel=\"canonical\" href=\"https:\/\/gorica.info\/en\/zavrsna-proslava-turopoljskog-jurjeva-u-parku-franje-tudmana\/\" \/>\n<meta property=\"og:locale\" content=\"en_US\" \/>\n<meta property=\"og:type\" content=\"article\" \/>\n<meta property=\"og:title\" content=\"Zavr\u0161na proslava Turopoljskog Jurjeva u Parku Franje Tu\u0111mana\" \/>\n<meta property=\"og:description\" content=\"Otkrijte tradiciju Turopoljskog Jurjeva \u2013 obi\u010daj paljenja krijesova koji simbolizira obnovu, zajedni\u0161tvo i dolazak prolje\u0107a u Turopolju.\" \/>\n<meta property=\"og:url\" content=\"https:\/\/gorica.info\/en\/zavrsna-proslava-turopoljskog-jurjeva-u-parku-franje-tudmana\/\" \/>\n<meta property=\"og:site_name\" content=\"Gorica Info\" \/>\n<meta property=\"article:publisher\" content=\"https:\/\/www.facebook.com\/Goricainfo-106005144489262\" \/>\n<meta property=\"article:published_time\" content=\"2026-04-27T08:08:47+00:00\" \/>\n<meta property=\"article:modified_time\" content=\"2026-04-27T10:05:02+00:00\" \/>\n<meta property=\"og:image\" content=\"https:\/\/gorica.info\/wp-content\/uploads\/2026\/04\/jurjevo-proslava-park-franje-tudmana.jpg\" \/>\n\t<meta property=\"og:image:width\" content=\"1200\" \/>\n\t<meta property=\"og:image:height\" content=\"634\" \/>\n\t<meta property=\"og:image:type\" content=\"image\/jpeg\" \/>\n<meta name=\"author\" content=\"Marta Horvat\" \/>\n<meta name=\"twitter:card\" content=\"summary_large_image\" \/>\n<meta name=\"twitter:creator\" content=\"@GoricaInfo\" \/>\n<meta name=\"twitter:site\" content=\"@GoricaInfo\" \/>\n<meta name=\"twitter:label1\" content=\"Written by\" \/>\n\t<meta name=\"twitter:data1\" content=\"Marta Horvat\" \/>\n\t<meta name=\"twitter:label2\" content=\"Est. reading time\" \/>\n\t<meta name=\"twitter:data2\" content=\"5 minutes\" \/>\n<meta name=\"geo.placename\" content=\"Velika Gorica\" \/>\n<meta name=\"geo.region\" content=\"Croatia\" \/>\n<!-- \/ Yoast SEO Premium plugin. -->","yoast_head_json":{"title":"Zavr\u0161na proslava Turopoljskog Jurjeva u Parku Franje Tu\u0111mana - Gorica Info","description":"Otkrijte tradiciju Turopoljskog Jurjeva \u2013 obi\u010daj paljenja krijesova koji simbolizira obnovu, zajedni\u0161tvo i dolazak prolje\u0107a u Turopolju.","robots":{"index":"index","follow":"follow","max-snippet":"max-snippet:-1","max-image-preview":"max-image-preview:large","max-video-preview":"max-video-preview:-1"},"canonical":"https:\/\/gorica.info\/en\/zavrsna-proslava-turopoljskog-jurjeva-u-parku-franje-tudmana\/","og_locale":"en_US","og_type":"article","og_title":"Zavr\u0161na proslava Turopoljskog Jurjeva u Parku Franje Tu\u0111mana","og_description":"Otkrijte tradiciju Turopoljskog Jurjeva \u2013 obi\u010daj paljenja krijesova koji simbolizira obnovu, zajedni\u0161tvo i dolazak prolje\u0107a u Turopolju.","og_url":"https:\/\/gorica.info\/en\/zavrsna-proslava-turopoljskog-jurjeva-u-parku-franje-tudmana\/","og_site_name":"Gorica Info","article_publisher":"https:\/\/www.facebook.com\/Goricainfo-106005144489262","article_published_time":"2026-04-27T08:08:47+00:00","article_modified_time":"2026-04-27T10:05:02+00:00","og_image":[{"width":1200,"height":634,"url":"https:\/\/gorica.info\/wp-content\/uploads\/2026\/04\/jurjevo-proslava-park-franje-tudmana.jpg","type":"image\/jpeg"}],"author":"Marta Horvat","twitter_card":"summary_large_image","twitter_creator":"@GoricaInfo","twitter_site":"@GoricaInfo","twitter_misc":{"Written by":"Marta Horvat","Est. reading time":"5 minutes"},"schema":{"@context":"https:\/\/schema.org","@graph":[{"@type":"NewsArticle","@id":"https:\/\/gorica.info\/zavrsna-proslava-turopoljskog-jurjeva-u-parku-franje-tudmana\/#article","isPartOf":{"@id":"https:\/\/gorica.info\/zavrsna-proslava-turopoljskog-jurjeva-u-parku-franje-tudmana\/"},"author":{"name":"Marta Horvat","@id":"https:\/\/gorica.info\/#\/schema\/person\/b2df2f6fb2a9073c0fa5af2672befd52"},"headline":"Zavr\u0161na proslava Turopoljskog Jurjeva u Parku Franje Tu\u0111mana","datePublished":"2026-04-27T08:08:47+00:00","dateModified":"2026-04-27T10:05:02+00:00","mainEntityOfPage":{"@id":"https:\/\/gorica.info\/zavrsna-proslava-turopoljskog-jurjeva-u-parku-franje-tudmana\/"},"wordCount":643,"publisher":{"@id":"https:\/\/gorica.info\/#organization"},"image":{"@id":"https:\/\/gorica.info\/zavrsna-proslava-turopoljskog-jurjeva-u-parku-franje-tudmana\/#primaryimage"},"thumbnailUrl":"https:\/\/gorica.info\/wp-content\/uploads\/2026\/04\/jurjevo-proslava-park-franje-tudmana.jpg","keywords":["folklor Turopolje","Jurjevo Turopolje","Jurjevo Velika Gorica","jurjevski krijesovi","krijesovi Hrvatska","kulturna ba\u0161tina Turopolja","obi\u010daji Jurjeva","plemenita op\u0107ina turopoljska","proljetni obi\u010daji Hrvatska","sveti Juraj blagdan","tradicija Turopolja","Turopoljsko Jurjevo","Velika Gorica doga\u0111anja"],"articleSection":["GORICA"],"inLanguage":"en-US","copyrightYear":"2026","copyrightHolder":{"@id":"https:\/\/gorica.info\/en\/#organization"}},{"@type":"WebPage","@id":"https:\/\/gorica.info\/zavrsna-proslava-turopoljskog-jurjeva-u-parku-franje-tudmana\/","url":"https:\/\/gorica.info\/zavrsna-proslava-turopoljskog-jurjeva-u-parku-franje-tudmana\/","name":"Zavr\u0161na proslava Turopoljskog Jurjeva u Parku Franje Tu\u0111mana - Gorica Info","isPartOf":{"@id":"https:\/\/gorica.info\/#website"},"primaryImageOfPage":{"@id":"https:\/\/gorica.info\/zavrsna-proslava-turopoljskog-jurjeva-u-parku-franje-tudmana\/#primaryimage"},"image":{"@id":"https:\/\/gorica.info\/zavrsna-proslava-turopoljskog-jurjeva-u-parku-franje-tudmana\/#primaryimage"},"thumbnailUrl":"https:\/\/gorica.info\/wp-content\/uploads\/2026\/04\/jurjevo-proslava-park-franje-tudmana.jpg","datePublished":"2026-04-27T08:08:47+00:00","dateModified":"2026-04-27T10:05:02+00:00","description":"Otkrijte tradiciju Turopoljskog Jurjeva \u2013 obi\u010daj paljenja krijesova koji simbolizira obnovu, zajedni\u0161tvo i dolazak prolje\u0107a u Turopolju.","breadcrumb":{"@id":"https:\/\/gorica.info\/zavrsna-proslava-turopoljskog-jurjeva-u-parku-franje-tudmana\/#breadcrumb"},"inLanguage":"en-US","potentialAction":[{"@type":"ReadAction","target":["https:\/\/gorica.info\/zavrsna-proslava-turopoljskog-jurjeva-u-parku-franje-tudmana\/"]}]},{"@type":"ImageObject","inLanguage":"en-US","@id":"https:\/\/gorica.info\/zavrsna-proslava-turopoljskog-jurjeva-u-parku-franje-tudmana\/#primaryimage","url":"https:\/\/gorica.info\/wp-content\/uploads\/2026\/04\/jurjevo-proslava-park-franje-tudmana.jpg","contentUrl":"https:\/\/gorica.info\/wp-content\/uploads\/2026\/04\/jurjevo-proslava-park-franje-tudmana.jpg","width":1200,"height":634,"caption":"Foto: Gorica.info i Renato Glogov\u010dan"},{"@type":"BreadcrumbList","@id":"https:\/\/gorica.info\/zavrsna-proslava-turopoljskog-jurjeva-u-parku-franje-tudmana\/#breadcrumb","itemListElement":[{"@type":"ListItem","position":1,"name":"Po\u010detna stranica","item":"https:\/\/gorica.info\/"},{"@type":"ListItem","position":2,"name":"Zavr\u0161na proslava Turopoljskog Jurjeva u Parku Franje Tu\u0111mana"}]},{"@type":"WebSite","@id":"https:\/\/gorica.info\/#website","url":"https:\/\/gorica.info\/","name":"Gorica Info","description":"Vijesti iz Velike Gorice i okolice.","publisher":{"@id":"https:\/\/gorica.info\/#organization"},"potentialAction":[{"@type":"SearchAction","target":{"@type":"EntryPoint","urlTemplate":"https:\/\/gorica.info\/?s={search_term_string}"},"query-input":{"@type":"PropertyValueSpecification","valueRequired":true,"valueName":"search_term_string"}}],"inLanguage":"en-US"},{"@type":["Organization","Place","NewsMediaOrganization"],"@id":"https:\/\/gorica.info\/#organization","name":"Gorica Info","url":"https:\/\/gorica.info\/","logo":{"@id":"https:\/\/gorica.info\/zavrsna-proslava-turopoljskog-jurjeva-u-parku-franje-tudmana\/#local-main-organization-logo"},"image":{"@id":"https:\/\/gorica.info\/zavrsna-proslava-turopoljskog-jurjeva-u-parku-franje-tudmana\/#local-main-organization-logo"},"sameAs":["https:\/\/www.facebook.com\/Goricainfo-106005144489262","https:\/\/x.com\/GoricaInfo","https:\/\/www.instagram.com\/gorica.info\/"],"address":{"@id":"https:\/\/gorica.info\/zavrsna-proslava-turopoljskog-jurjeva-u-parku-franje-tudmana\/#local-main-place-address"},"telephone":[],"openingHoursSpecification":[{"@type":"OpeningHoursSpecification","dayOfWeek":["Monday","Tuesday","Wednesday","Thursday","Friday","Saturday","Sunday"],"opens":"09:00","closes":"17:00"}],"email":"redakcija@gorica.info"},{"@type":"Person","@id":"https:\/\/gorica.info\/#\/schema\/person\/b2df2f6fb2a9073c0fa5af2672befd52","name":"Marta Horvat","description":"Marta Horvat je studentica koja redovito pi\u0161e za portal, prati sva gradska doga\u0111anja i u\u017eiva isprobavati nove recept koje dijeli s na\u0161im \u010ditateljima.","url":"https:\/\/gorica.info\/en\/author\/marta-horvat\/"},{"@type":"PostalAddress","@id":"https:\/\/gorica.info\/zavrsna-proslava-turopoljskog-jurjeva-u-parku-franje-tudmana\/#local-main-place-address","streetAddress":"Horvatova 97","addressLocality":"Velika Gorica","postalCode":"10410","addressRegion":"Croatia","addressCountry":"HR"},{"@type":"ImageObject","inLanguage":"en-US","@id":"https:\/\/gorica.info\/zavrsna-proslava-turopoljskog-jurjeva-u-parku-franje-tudmana\/#local-main-organization-logo","url":"https:\/\/gorica.info\/wp-content\/uploads\/2024\/07\/Gorica-Info-Logo-mali.png","contentUrl":"https:\/\/gorica.info\/wp-content\/uploads\/2024\/07\/Gorica-Info-Logo-mali.png","width":450,"height":85,"caption":"Gorica Info"}]},"geo.placename":"Velika Gorica","geo.region":"Croatia"},"_links":{"self":[{"href":"https:\/\/gorica.info\/en\/wp-json\/wp\/v2\/posts\/107279","targetHints":{"allow":["GET"]}}],"collection":[{"href":"https:\/\/gorica.info\/en\/wp-json\/wp\/v2\/posts"}],"about":[{"href":"https:\/\/gorica.info\/en\/wp-json\/wp\/v2\/types\/post"}],"author":[{"embeddable":true,"href":"https:\/\/gorica.info\/en\/wp-json\/wp\/v2\/users\/25"}],"replies":[{"embeddable":true,"href":"https:\/\/gorica.info\/en\/wp-json\/wp\/v2\/comments?post=107279"}],"version-history":[{"count":5,"href":"https:\/\/gorica.info\/en\/wp-json\/wp\/v2\/posts\/107279\/revisions"}],"predecessor-version":[{"id":107305,"href":"https:\/\/gorica.info\/en\/wp-json\/wp\/v2\/posts\/107279\/revisions\/107305"}],"wp:featuredmedia":[{"embeddable":true,"href":"https:\/\/gorica.info\/en\/wp-json\/wp\/v2\/media\/107303"}],"wp:attachment":[{"href":"https:\/\/gorica.info\/en\/wp-json\/wp\/v2\/media?parent=107279"}],"wp:term":[{"taxonomy":"category","embeddable":true,"href":"https:\/\/gorica.info\/en\/wp-json\/wp\/v2\/categories?post=107279"},{"taxonomy":"post_tag","embeddable":true,"href":"https:\/\/gorica.info\/en\/wp-json\/wp\/v2\/tags?post=107279"}],"curies":[{"name":"wp","href":"https:\/\/api.w.org\/{rel}","templated":true}]}}