{"id":107290,"date":"2026-04-27T09:37:17","date_gmt":"2026-04-27T07:37:17","guid":{"rendered":"https:\/\/gorica.info\/?p=107290"},"modified":"2026-04-27T09:36:43","modified_gmt":"2026-04-27T07:36:43","slug":"voznja-bez-vozacke-dozvole-mlada-vozacica-uvjetno-osudena-na-30-dana-zatvora","status":"publish","type":"post","link":"https:\/\/gorica.info\/en\/voznja-bez-vozacke-dozvole-mlada-vozacica-uvjetno-osudena-na-30-dana-zatvora\/","title":{"rendered":"Vo\u017enja bez voza\u010dke dozvole: Mlada voza\u010dica uvjetno osu\u0111ena na 30 dana zatvora"},"content":{"rendered":"<p><span style=\"font-size: 20px\"><strong>Uvjetnom kaznom<\/strong> zatvora ka\u017enjena je <strong>24-godi\u0161nja voza\u010dica<\/strong> s <a href=\"https:\/\/gorica.info\/en\/vozio-bez-polozenog-ispita-sud-mu-izrekao-uvjetnu-kaznu-zatvora\/\">gori\u010dkog podru\u010dja<\/a> koja je zate\u010dena u prometu<strong> bez polo\u017eenog voza\u010dkog ispita,<\/strong> \u010dime je po\u010dinila ozbiljan prometni prekr\u0161aj.<\/span><\/p>\n<p><span style=\"font-size: 20px\"><a href=\"https:\/\/zagrebacka-policija.gov.hr\/vijesti\/u-velikoj-gorici-policija-zaustavila-vozacicu-utvrdjeno-da-upravlja-bez-polozenog-vozackog-ispita\/106986\">Policijski slu\u017ebenici<\/a> zaustavili su 24-godi\u0161njakinju u \u010detvrtak oko 1.50 sati dok je upravljala osobnim automobilom zagreba\u010dkih registarskih oznaka Ulicom Matice hrvatske, kre\u0107u\u0107i se u smjeru jugoistoka. <\/span><\/p>\n<p><span style=\"font-size: 20px\">Kontrola je obavljena kod ku\u0107nog broja 36, gdje je tijekom redovnog nadzora u prometu utvr\u0111eno da voza\u010dica upravlja vozilom prije stjecanja prava na upravljanje, odnosno bez polo\u017eenog voza\u010dkog ispita za bilo koju kategoriju.<\/span><\/p>\n<p><span style=\"font-size: 20px\">Zbog po\u010dinjenog prekr\u0161aja, nesavjesna<strong> voza\u010dica je odmah uhi\u0107ena<\/strong> te je uz optu\u017eni prijedlog privedena na prekr\u0161ajni sud. <\/span><\/p>\n<blockquote><p><span style=\"font-size: 20px\">Policija je u svom prijedlogu zatra\u017eila izricanje kazne zatvora u trajanju od 30 dana, kao i za\u0161titnu mjeru zabrane upravljanja motornim vozilima B kategorije u trajanju od \u0161est mjeseci.<\/span><\/p><\/blockquote>\n<p><span style=\"font-size: 20px\">Nakon razmatranja svih okolnosti slu\u010daja, sud je <a href=\"https:\/\/gorica.info\/en\/policija-zaustavila-vozacicu-s-235-promila-alkohola-sud-izrekao-novcanu-kaznu\/\">voza\u010dicu<\/a> <strong>proglasio krivom<\/strong> te joj izrekao kaznu zatvora u trajanju od 30 dana. Me\u0111utim, <strong>kazna je uvjetna<\/strong>, uz rok ku\u0161nje od 12 mjeseci, \u0161to zna\u010di da ne\u0107e biti izvr\u0161ena ako u tom razdoblju ne po\u010dini novi prekr\u0161aj.<\/span><\/p>\n<p><span style=\"font-size: 20px\">Ovakvi slu\u010dajevi slu\u017ee kao upozorenje svim sudionicima u prometu o va\u017enosti po\u0161tivanja zakonskih propisa. Upravljanje vozilom <strong>bez voza\u010dke dozvole<\/strong> ne samo da predstavlja kr\u0161enje zakona, ve\u0107 i ozbiljan sigurnosni rizik za voza\u010da i ostale sudionike u prometu.<\/span><\/p>","protected":false},"excerpt":{"rendered":"<p>Uvjetnom kaznom zatvora ka\u017enjena je 24-godi\u0161nja voza\u010dica s gori\u010dkog podru\u010dja koja je zate\u010dena u prometu bez polo\u017eenog voza\u010dkog ispita, \u010dime je po\u010dinila ozbiljan prometni prekr\u0161aj. Policijski slu\u017ebenici zaustavili su 24-godi\u0161njakinju u \u010detvrtak oko 1.50 sati dok je upravljala osobnim automobilom zagreba\u010dkih registarskih oznaka Ulicom Matice hrvatske, kre\u0107u\u0107i se u smjeru jugoistoka. Kontrola je obavljena kod [&hellip;]<\/p>\n","protected":false},"author":24,"featured_media":107291,"comment_status":"closed","ping_status":"closed","sticky":false,"template":"","format":"standard","meta":{"limit_modified_date":"1","last_modified_date":"","jnews-multi-image_gallery":[],"jnews_single_post":{"format":"standard","override":[{"template":"3","parallax":"1","fullscreen":"1","layout":"right-sidebar","sidebar":"default-sidebar","second_sidebar":"default-sidebar","sticky_sidebar":"1","share_position":"top","share_float_style":"share-monocrhome","show_featured":"1","show_post_meta":"1","show_post_author":"1","show_post_author_image":"1","show_post_date":"1","post_date_format":"default","post_date_format_custom":"Y\/m\/d","show_post_category":"1","show_post_reading_time":"1","post_reading_time_wpm":"300","post_calculate_word_method":"str_word_count","zoom_button_out_step":"2","zoom_button_in_step":"3","show_post_tag":"1","show_popup_post":"1","show_comment_section":"1","number_popup_post":"1","show_post_related":"1"}],"image_override":[{"single_post_thumbnail_size":"crop-500","single_post_gallery_size":"crop-500"}],"trending_post_position":"meta","trending_post_label":"Trending","sponsored_post_label":"Sponsored by","disable_ad":"0","subtitle":"Policijski slu\u017ebenici zaustavili su 24-godi\u0161njakinjudok je upravljala osobnim automobilom zagreba\u010dkih registarskih oznaka Ulicom Matice hrvatske u Velikoj Gorici"},"jnews_primary_category":[],"jnews_override_counter":{"view_counter_number":"0","share_counter_number":"0","like_counter_number":"0","dislike_counter_number":"0"},"footnotes":""},"categories":[96],"tags":[24993,24994,22711,1202,3022,21725,22686,15554,22733,21724],"class_list":["post-107290","post","type-post","status-publish","format-standard","has-post-thumbnail","hentry","category-vijesti","tag-kazna-za-voznju-bez-ispita","tag-nesavjesna-voznja","tag-policija-velika-gorica","tag-prekrsajni-sud","tag-prometni-prekrsaj","tag-uvjetna-kazna-zatvora","tag-vg-info","tag-vg-vijesti","tag-voznja-bez-vozacke-dozvole","tag-zabrana-upravljanja-vozilom"],"yoast_head":"<!-- This site is optimized with the Yoast SEO Premium plugin v27.4 (Yoast SEO v27.4) - https:\/\/yoast.com\/product\/yoast-seo-premium-wordpress\/ -->\n<title>Vo\u017enja bez voza\u010dke dozvole: Mlada voza\u010dica uvjetno osu\u0111ena na 30 dana zatvora - Gorica Info<\/title>\n<meta name=\"description\" content=\"Mlada voza\u010dica s gori\u010dkog podru\u010dja ka\u017enjena je uvjetnom kaznom zatvora jer je upravljala vozilom bez polo\u017eenog voza\u010dkog ispita.\" \/>\n<meta name=\"robots\" content=\"index, follow, max-snippet:-1, max-image-preview:large, max-video-preview:-1\" \/>\n<link rel=\"canonical\" href=\"https:\/\/gorica.info\/en\/voznja-bez-vozacke-dozvole-mlada-vozacica-uvjetno-osudena-na-30-dana-zatvora\/\" \/>\n<meta property=\"og:locale\" content=\"en_US\" \/>\n<meta property=\"og:type\" content=\"article\" \/>\n<meta property=\"og:title\" content=\"Vo\u017enja bez voza\u010dke dozvole: Mlada voza\u010dica uvjetno osu\u0111ena na 30 dana zatvora\" \/>\n<meta property=\"og:description\" content=\"Mlada voza\u010dica s gori\u010dkog podru\u010dja ka\u017enjena je uvjetnom kaznom zatvora jer je upravljala vozilom bez polo\u017eenog voza\u010dkog ispita.\" \/>\n<meta property=\"og:url\" content=\"https:\/\/gorica.info\/en\/voznja-bez-vozacke-dozvole-mlada-vozacica-uvjetno-osudena-na-30-dana-zatvora\/\" \/>\n<meta property=\"og:site_name\" content=\"Gorica Info\" \/>\n<meta property=\"article:publisher\" content=\"https:\/\/www.facebook.com\/Goricainfo-106005144489262\" \/>\n<meta property=\"article:published_time\" content=\"2026-04-27T07:37:17+00:00\" \/>\n<meta property=\"og:image\" content=\"https:\/\/gorica.info\/wp-content\/uploads\/2026\/04\/policija-stop-palica.jpg\" \/>\n\t<meta property=\"og:image:width\" content=\"750\" \/>\n\t<meta property=\"og:image:height\" content=\"500\" \/>\n\t<meta property=\"og:image:type\" content=\"image\/jpeg\" \/>\n<meta name=\"author\" content=\"Marija Stip\u010di\u0107\" \/>\n<meta name=\"twitter:card\" content=\"summary_large_image\" \/>\n<meta name=\"twitter:creator\" content=\"@GoricaInfo\" \/>\n<meta name=\"twitter:site\" content=\"@GoricaInfo\" \/>\n<meta name=\"twitter:label1\" content=\"Written by\" \/>\n\t<meta name=\"twitter:data1\" content=\"Marija Stip\u010di\u0107\" \/>\n\t<meta name=\"twitter:label2\" content=\"Est. reading time\" \/>\n\t<meta name=\"twitter:data2\" content=\"2 minutes\" \/>\n<meta name=\"geo.placename\" content=\"Velika Gorica\" \/>\n<meta name=\"geo.region\" content=\"Croatia\" \/>\n<!-- \/ Yoast SEO Premium plugin. -->","yoast_head_json":{"title":"Vo\u017enja bez voza\u010dke dozvole: Mlada voza\u010dica uvjetno osu\u0111ena na 30 dana zatvora - Gorica Info","description":"Mlada voza\u010dica s gori\u010dkog podru\u010dja ka\u017enjena je uvjetnom kaznom zatvora jer je upravljala vozilom bez polo\u017eenog voza\u010dkog ispita.","robots":{"index":"index","follow":"follow","max-snippet":"max-snippet:-1","max-image-preview":"max-image-preview:large","max-video-preview":"max-video-preview:-1"},"canonical":"https:\/\/gorica.info\/en\/voznja-bez-vozacke-dozvole-mlada-vozacica-uvjetno-osudena-na-30-dana-zatvora\/","og_locale":"en_US","og_type":"article","og_title":"Vo\u017enja bez voza\u010dke dozvole: Mlada voza\u010dica uvjetno osu\u0111ena na 30 dana zatvora","og_description":"Mlada voza\u010dica s gori\u010dkog podru\u010dja ka\u017enjena je uvjetnom kaznom zatvora jer je upravljala vozilom bez polo\u017eenog voza\u010dkog ispita.","og_url":"https:\/\/gorica.info\/en\/voznja-bez-vozacke-dozvole-mlada-vozacica-uvjetno-osudena-na-30-dana-zatvora\/","og_site_name":"Gorica Info","article_publisher":"https:\/\/www.facebook.com\/Goricainfo-106005144489262","article_published_time":"2026-04-27T07:37:17+00:00","og_image":[{"width":750,"height":500,"url":"https:\/\/gorica.info\/wp-content\/uploads\/2026\/04\/policija-stop-palica.jpg","type":"image\/jpeg"}],"author":"Marija Stip\u010di\u0107","twitter_card":"summary_large_image","twitter_creator":"@GoricaInfo","twitter_site":"@GoricaInfo","twitter_misc":{"Written by":"Marija Stip\u010di\u0107","Est. reading time":"2 minutes"},"schema":{"@context":"https:\/\/schema.org","@graph":[{"@type":"NewsArticle","@id":"https:\/\/gorica.info\/voznja-bez-vozacke-dozvole-mlada-vozacica-uvjetno-osudena-na-30-dana-zatvora\/#article","isPartOf":{"@id":"https:\/\/gorica.info\/voznja-bez-vozacke-dozvole-mlada-vozacica-uvjetno-osudena-na-30-dana-zatvora\/"},"author":{"name":"Marija Stip\u010di\u0107","@id":"https:\/\/gorica.info\/#\/schema\/person\/9333bbb1dc58fe60ed05834f4e88dc63"},"headline":"Vo\u017enja bez voza\u010dke dozvole: Mlada voza\u010dica uvjetno osu\u0111ena na 30 dana zatvora","datePublished":"2026-04-27T07:37:17+00:00","mainEntityOfPage":{"@id":"https:\/\/gorica.info\/voznja-bez-vozacke-dozvole-mlada-vozacica-uvjetno-osudena-na-30-dana-zatvora\/"},"wordCount":265,"publisher":{"@id":"https:\/\/gorica.info\/#organization"},"image":{"@id":"https:\/\/gorica.info\/voznja-bez-vozacke-dozvole-mlada-vozacica-uvjetno-osudena-na-30-dana-zatvora\/#primaryimage"},"thumbnailUrl":"https:\/\/gorica.info\/wp-content\/uploads\/2026\/04\/policija-stop-palica.jpg","keywords":["kazna za vo\u017enju bez ispita","nesavjesna vo\u017enja","policija Velika Gorica","prekr\u0161ajni sud","prometni prekr\u0161aj","uvjetna kazna zatvora","vg info","vg vijesti","vo\u017enja bez voza\u010dke dozvole","zabrana upravljanja vozilom"],"articleSection":["VIJESTI"],"inLanguage":"en-US","copyrightYear":"2026","copyrightHolder":{"@id":"https:\/\/gorica.info\/en\/#organization"}},{"@type":"WebPage","@id":"https:\/\/gorica.info\/voznja-bez-vozacke-dozvole-mlada-vozacica-uvjetno-osudena-na-30-dana-zatvora\/","url":"https:\/\/gorica.info\/voznja-bez-vozacke-dozvole-mlada-vozacica-uvjetno-osudena-na-30-dana-zatvora\/","name":"Vo\u017enja bez voza\u010dke dozvole: Mlada voza\u010dica uvjetno osu\u0111ena na 30 dana zatvora - Gorica Info","isPartOf":{"@id":"https:\/\/gorica.info\/#website"},"primaryImageOfPage":{"@id":"https:\/\/gorica.info\/voznja-bez-vozacke-dozvole-mlada-vozacica-uvjetno-osudena-na-30-dana-zatvora\/#primaryimage"},"image":{"@id":"https:\/\/gorica.info\/voznja-bez-vozacke-dozvole-mlada-vozacica-uvjetno-osudena-na-30-dana-zatvora\/#primaryimage"},"thumbnailUrl":"https:\/\/gorica.info\/wp-content\/uploads\/2026\/04\/policija-stop-palica.jpg","datePublished":"2026-04-27T07:37:17+00:00","description":"Mlada voza\u010dica s gori\u010dkog podru\u010dja ka\u017enjena je uvjetnom kaznom zatvora jer je upravljala vozilom bez polo\u017eenog voza\u010dkog ispita.","breadcrumb":{"@id":"https:\/\/gorica.info\/voznja-bez-vozacke-dozvole-mlada-vozacica-uvjetno-osudena-na-30-dana-zatvora\/#breadcrumb"},"inLanguage":"en-US","potentialAction":[{"@type":"ReadAction","target":["https:\/\/gorica.info\/voznja-bez-vozacke-dozvole-mlada-vozacica-uvjetno-osudena-na-30-dana-zatvora\/"]}]},{"@type":"ImageObject","inLanguage":"en-US","@id":"https:\/\/gorica.info\/voznja-bez-vozacke-dozvole-mlada-vozacica-uvjetno-osudena-na-30-dana-zatvora\/#primaryimage","url":"https:\/\/gorica.info\/wp-content\/uploads\/2026\/04\/policija-stop-palica.jpg","contentUrl":"https:\/\/gorica.info\/wp-content\/uploads\/2026\/04\/policija-stop-palica.jpg","width":750,"height":500,"caption":"Foto: Policija"},{"@type":"BreadcrumbList","@id":"https:\/\/gorica.info\/voznja-bez-vozacke-dozvole-mlada-vozacica-uvjetno-osudena-na-30-dana-zatvora\/#breadcrumb","itemListElement":[{"@type":"ListItem","position":1,"name":"Po\u010detna stranica","item":"https:\/\/gorica.info\/"},{"@type":"ListItem","position":2,"name":"Vo\u017enja bez voza\u010dke dozvole: Mlada voza\u010dica uvjetno osu\u0111ena na 30 dana zatvora"}]},{"@type":"WebSite","@id":"https:\/\/gorica.info\/#website","url":"https:\/\/gorica.info\/","name":"Gorica Info","description":"Vijesti iz Velike Gorice i okolice.","publisher":{"@id":"https:\/\/gorica.info\/#organization"},"potentialAction":[{"@type":"SearchAction","target":{"@type":"EntryPoint","urlTemplate":"https:\/\/gorica.info\/?s={search_term_string}"},"query-input":{"@type":"PropertyValueSpecification","valueRequired":true,"valueName":"search_term_string"}}],"inLanguage":"en-US"},{"@type":["Organization","Place","NewsMediaOrganization"],"@id":"https:\/\/gorica.info\/#organization","name":"Gorica Info","url":"https:\/\/gorica.info\/","logo":{"@id":"https:\/\/gorica.info\/voznja-bez-vozacke-dozvole-mlada-vozacica-uvjetno-osudena-na-30-dana-zatvora\/#local-main-organization-logo"},"image":{"@id":"https:\/\/gorica.info\/voznja-bez-vozacke-dozvole-mlada-vozacica-uvjetno-osudena-na-30-dana-zatvora\/#local-main-organization-logo"},"sameAs":["https:\/\/www.facebook.com\/Goricainfo-106005144489262","https:\/\/x.com\/GoricaInfo","https:\/\/www.instagram.com\/gorica.info\/"],"address":{"@id":"https:\/\/gorica.info\/voznja-bez-vozacke-dozvole-mlada-vozacica-uvjetno-osudena-na-30-dana-zatvora\/#local-main-place-address"},"telephone":[],"openingHoursSpecification":[{"@type":"OpeningHoursSpecification","dayOfWeek":["Monday","Tuesday","Wednesday","Thursday","Friday","Saturday","Sunday"],"opens":"09:00","closes":"17:00"}],"email":"redakcija@gorica.info"},{"@type":"Person","@id":"https:\/\/gorica.info\/#\/schema\/person\/9333bbb1dc58fe60ed05834f4e88dc63","name":"Marija Stip\u010di\u0107","description":"Marija Stip\u010di\u0107 novinarske vje\u0161tine brusila je na portalu Gorica.info. Redovito pi\u0161e za rubrike Info, Gorica, \u017divot, Danas kuham.","url":"https:\/\/gorica.info\/en\/author\/marija-stipcic\/"},{"@type":"PostalAddress","@id":"https:\/\/gorica.info\/voznja-bez-vozacke-dozvole-mlada-vozacica-uvjetno-osudena-na-30-dana-zatvora\/#local-main-place-address","streetAddress":"Horvatova 97","addressLocality":"Velika Gorica","postalCode":"10410","addressRegion":"Croatia","addressCountry":"HR"},{"@type":"ImageObject","inLanguage":"en-US","@id":"https:\/\/gorica.info\/voznja-bez-vozacke-dozvole-mlada-vozacica-uvjetno-osudena-na-30-dana-zatvora\/#local-main-organization-logo","url":"https:\/\/gorica.info\/wp-content\/uploads\/2024\/07\/Gorica-Info-Logo-mali.png","contentUrl":"https:\/\/gorica.info\/wp-content\/uploads\/2024\/07\/Gorica-Info-Logo-mali.png","width":450,"height":85,"caption":"Gorica Info"}]},"geo.placename":"Velika Gorica","geo.region":"Croatia"},"_links":{"self":[{"href":"https:\/\/gorica.info\/en\/wp-json\/wp\/v2\/posts\/107290","targetHints":{"allow":["GET"]}}],"collection":[{"href":"https:\/\/gorica.info\/en\/wp-json\/wp\/v2\/posts"}],"about":[{"href":"https:\/\/gorica.info\/en\/wp-json\/wp\/v2\/types\/post"}],"author":[{"embeddable":true,"href":"https:\/\/gorica.info\/en\/wp-json\/wp\/v2\/users\/24"}],"replies":[{"embeddable":true,"href":"https:\/\/gorica.info\/en\/wp-json\/wp\/v2\/comments?post=107290"}],"version-history":[{"count":1,"href":"https:\/\/gorica.info\/en\/wp-json\/wp\/v2\/posts\/107290\/revisions"}],"predecessor-version":[{"id":107292,"href":"https:\/\/gorica.info\/en\/wp-json\/wp\/v2\/posts\/107290\/revisions\/107292"}],"wp:featuredmedia":[{"embeddable":true,"href":"https:\/\/gorica.info\/en\/wp-json\/wp\/v2\/media\/107291"}],"wp:attachment":[{"href":"https:\/\/gorica.info\/en\/wp-json\/wp\/v2\/media?parent=107290"}],"wp:term":[{"taxonomy":"category","embeddable":true,"href":"https:\/\/gorica.info\/en\/wp-json\/wp\/v2\/categories?post=107290"},{"taxonomy":"post_tag","embeddable":true,"href":"https:\/\/gorica.info\/en\/wp-json\/wp\/v2\/tags?post=107290"}],"curies":[{"name":"wp","href":"https:\/\/api.w.org\/{rel}","templated":true}]}}