{"id":107306,"date":"2026-04-27T09:56:40","date_gmt":"2026-04-27T07:56:40","guid":{"rendered":"https:\/\/gorica.info\/?p=107306"},"modified":"2026-04-27T12:33:16","modified_gmt":"2026-04-27T10:33:16","slug":"pijani-biciklist-pao-i-tesko-se-ozlijedio-imao-je-gotovo-3-promila-alkohola-u-organizmu","status":"publish","type":"post","link":"https:\/\/gorica.info\/en\/pijani-biciklist-pao-i-tesko-se-ozlijedio-imao-je-gotovo-3-promila-alkohola-u-organizmu\/","title":{"rendered":"Pijani biciklist pao i te\u0161ko se ozlijedio: Imao je gotovo 3 promila alkohola"},"content":{"rendered":"<p><span style=\"font-size: 20px\"><strong>Biciklist s gotovo<a href=\"https:\/\/gorica.info\/en\/policija-ulovila-pijanog-biciklista-napuhao-skoro-300-promila-pa-su-ga-morali-zbrinuti\/\"> 3 promila<\/a><\/strong> alkohola u organizmu pao je i te\u0161ko se ozlijedio. Nesre\u0107a se dogodila u subotu oko 13 sati na kutinskom podru\u010dju u mjestu Repu\u0161nica, javila je<a href=\"https:\/\/sisacko-moslavacka-policija.gov.hr\/vijesti-8\/sa-skoro-tri-promila-upravljao-biciklom-pao-i-teze-se-ozlijedio\/47671\"> policija<\/a>.<\/span><\/p>\n<p><span style=\"font-size: 20px\">Do nesre\u0107e je do\u0161lo kada j<strong>e 59-godi\u0161njak upravljao biciklom<\/strong> pod utjecajem <strong>alkohola od 2,87 promila<\/strong> te je uslijed <strong>smanjenje stabilnosti pao<\/strong>. Te\u017ee je ozlije\u0111en, a lije\u010dni\u010dka pomo\u0107 mu je pru\u017eena u sisa\u010dkoj Op\u0107oj bolnici.<\/span><\/p>\n<p><span style=\"font-size: 20px\">Iz <a href=\"https:\/\/gorica.info\/en\/smrt-na-cesti-u-velikoj-gorici-poginuo-motociklist\/\">policije<\/a> upozoravaju kako je <strong>vo\u017enja pod utjecajem alkohola<\/strong> jedan od naj\u010de\u0161\u0107ih uzroka prometnih nesre\u0107a, neovisno o vrsti vozila. Iako se \u010desto zanemaruje \u010dinjenica da su i biciklisti aktivni sudionici u prometu, ovakvi slu\u010dajevi jasno pokazuju koliko alkohol mo\u017ee utjecati na sposobnost upravljanja i procjenu situacije na cesti.<\/span><\/p>\n<p><span style=\"font-size: 20px\">Protiv 59-godi\u0161njeg biciklista bit \u0107e podnesen obavezni prekr\u0161ajni nalog zbog po\u010dinjenih prometnih prekr\u0161aja.<\/span><\/p>\n<p><span style=\"font-size: 20px\"><a href=\"https:\/\/gorica.info\/en\/djed-90-romobilom-izazvao-nesrecu-prosao-kroz-crveno-i-udario-u-automobil\/\">Policija<\/a> ponovno apelira na sve sudionike u prometu da ne sjedaju za upravlja\u010d pod utjecajem alkohola, kako bi se smanjio broj nesre\u0107a i sprije\u010dile te\u0161ke posljedice poput ove.<\/span><\/p>","protected":false},"excerpt":{"rendered":"<p>Biciklist s gotovo 3 promila alkohola u organizmu pao je i te\u0161ko se ozlijedio. Nesre\u0107a se dogodila u subotu oko 13 sati na kutinskom podru\u010dju u mjestu Repu\u0161nica, javila je policija. Do nesre\u0107e je do\u0161lo kada je 59-godi\u0161njak upravljao biciklom pod utjecajem alkohola od 2,87 promila te je uslijed smanjenje stabilnosti pao. Te\u017ee je ozlije\u0111en, [&hellip;]<\/p>\n","protected":false},"author":24,"featured_media":107307,"comment_status":"closed","ping_status":"closed","sticky":false,"template":"","format":"standard","meta":{"limit_modified_date":"1","last_modified_date":"","jnews-multi-image_gallery":[],"jnews_single_post":{"format":"standard","override":[{"template":"3","parallax":"1","fullscreen":"1","layout":"right-sidebar","sidebar":"default-sidebar","second_sidebar":"default-sidebar","sticky_sidebar":"1","share_position":"top","share_float_style":"share-monocrhome","show_featured":"1","show_post_meta":"1","show_post_author":"1","show_post_author_image":"1","show_post_date":"1","post_date_format":"default","post_date_format_custom":"Y\/m\/d","show_post_category":"1","show_post_reading_time":"1","post_reading_time_wpm":"300","post_calculate_word_method":"str_word_count","zoom_button_out_step":"2","zoom_button_in_step":"3","show_post_tag":"1","show_popup_post":"1","show_comment_section":"1","number_popup_post":"1","show_post_related":"1"}],"image_override":[{"single_post_thumbnail_size":"crop-500","single_post_gallery_size":"crop-500"}],"trending_post_position":"meta","trending_post_label":"Trending","sponsored_post_label":"Sponsored by","disable_ad":"0","subtitle":"Protiv 59-godi\u0161njeg biciklista bit \u0107e podnesen obavezni prekr\u0161ajni nalog zbog po\u010dinjenih prometnih prekr\u0161aja"},"jnews_primary_category":[],"jnews_override_counter":{"view_counter_number":"0","share_counter_number":"0","like_counter_number":"0","dislike_counter_number":"0"},"footnotes":""},"categories":[96],"tags":[24997,24998,21816,24996,266,8253,1598],"class_list":["post-107306","post","type-post","status-publish","format-standard","has-post-thumbnail","hentry","category-vijesti","tag-24997","tag-87-promila","tag-alkohol-u-prometu","tag-biciklist-nesreca","tag-policija","tag-sigurnost-u-prometu","tag-teske-ozljede"],"yoast_head":"<!-- This site is optimized with the Yoast SEO Premium plugin v27.4 (Yoast SEO v27.4) - https:\/\/yoast.com\/product\/yoast-seo-premium-wordpress\/ -->\n<title>Pijani biciklist pao i te\u0161ko se ozlijedio: Imao je gotovo 3 promila alkohola - Gorica Info<\/title>\n<meta name=\"description\" content=\"Na kutinskom podru\u010dju 59-godi\u0161nji biciklist s gotovo 3 promila alkohola pao je i te\u0161ko se ozlijedio. Protiv njega slijedi prekr\u0161ajni nalog.\" \/>\n<meta name=\"robots\" content=\"index, follow, max-snippet:-1, max-image-preview:large, max-video-preview:-1\" \/>\n<link rel=\"canonical\" href=\"https:\/\/gorica.info\/en\/pijani-biciklist-pao-i-tesko-se-ozlijedio-imao-je-gotovo-3-promila-alkohola-u-organizmu\/\" \/>\n<meta property=\"og:locale\" content=\"en_US\" \/>\n<meta property=\"og:type\" content=\"article\" \/>\n<meta property=\"og:title\" content=\"Pijani biciklist pao i te\u0161ko se ozlijedio: Imao je gotovo 3 promila alkohola\" \/>\n<meta property=\"og:description\" content=\"Na kutinskom podru\u010dju 59-godi\u0161nji biciklist s gotovo 3 promila alkohola pao je i te\u0161ko se ozlijedio. Protiv njega slijedi prekr\u0161ajni nalog.\" \/>\n<meta property=\"og:url\" content=\"https:\/\/gorica.info\/en\/pijani-biciklist-pao-i-tesko-se-ozlijedio-imao-je-gotovo-3-promila-alkohola-u-organizmu\/\" \/>\n<meta property=\"og:site_name\" content=\"Gorica Info\" \/>\n<meta property=\"article:publisher\" content=\"https:\/\/www.facebook.com\/Goricainfo-106005144489262\" \/>\n<meta property=\"article:published_time\" content=\"2026-04-27T07:56:40+00:00\" \/>\n<meta property=\"article:modified_time\" content=\"2026-04-27T10:33:16+00:00\" \/>\n<meta property=\"og:image\" content=\"https:\/\/gorica.info\/wp-content\/uploads\/2026\/04\/bicikl-nesreca-pexels.jpg\" \/>\n\t<meta property=\"og:image:width\" content=\"1280\" \/>\n\t<meta property=\"og:image:height\" content=\"852\" \/>\n\t<meta property=\"og:image:type\" content=\"image\/jpeg\" \/>\n<meta name=\"author\" content=\"Marija Stip\u010di\u0107\" \/>\n<meta name=\"twitter:card\" content=\"summary_large_image\" \/>\n<meta name=\"twitter:creator\" content=\"@GoricaInfo\" \/>\n<meta name=\"twitter:site\" content=\"@GoricaInfo\" \/>\n<meta name=\"twitter:label1\" content=\"Written by\" \/>\n\t<meta name=\"twitter:data1\" content=\"Marija Stip\u010di\u0107\" \/>\n\t<meta name=\"twitter:label2\" content=\"Est. reading time\" \/>\n\t<meta name=\"twitter:data2\" content=\"2 minutes\" \/>\n<meta name=\"geo.placename\" content=\"Velika Gorica\" \/>\n<meta name=\"geo.region\" content=\"Croatia\" \/>\n<!-- \/ Yoast SEO Premium plugin. -->","yoast_head_json":{"title":"Pijani biciklist pao i te\u0161ko se ozlijedio: Imao je gotovo 3 promila alkohola - Gorica Info","description":"Na kutinskom podru\u010dju 59-godi\u0161nji biciklist s gotovo 3 promila alkohola pao je i te\u0161ko se ozlijedio. Protiv njega slijedi prekr\u0161ajni nalog.","robots":{"index":"index","follow":"follow","max-snippet":"max-snippet:-1","max-image-preview":"max-image-preview:large","max-video-preview":"max-video-preview:-1"},"canonical":"https:\/\/gorica.info\/en\/pijani-biciklist-pao-i-tesko-se-ozlijedio-imao-je-gotovo-3-promila-alkohola-u-organizmu\/","og_locale":"en_US","og_type":"article","og_title":"Pijani biciklist pao i te\u0161ko se ozlijedio: Imao je gotovo 3 promila alkohola","og_description":"Na kutinskom podru\u010dju 59-godi\u0161nji biciklist s gotovo 3 promila alkohola pao je i te\u0161ko se ozlijedio. Protiv njega slijedi prekr\u0161ajni nalog.","og_url":"https:\/\/gorica.info\/en\/pijani-biciklist-pao-i-tesko-se-ozlijedio-imao-je-gotovo-3-promila-alkohola-u-organizmu\/","og_site_name":"Gorica Info","article_publisher":"https:\/\/www.facebook.com\/Goricainfo-106005144489262","article_published_time":"2026-04-27T07:56:40+00:00","article_modified_time":"2026-04-27T10:33:16+00:00","og_image":[{"width":1280,"height":852,"url":"https:\/\/gorica.info\/wp-content\/uploads\/2026\/04\/bicikl-nesreca-pexels.jpg","type":"image\/jpeg"}],"author":"Marija Stip\u010di\u0107","twitter_card":"summary_large_image","twitter_creator":"@GoricaInfo","twitter_site":"@GoricaInfo","twitter_misc":{"Written by":"Marija Stip\u010di\u0107","Est. reading time":"2 minutes"},"schema":{"@context":"https:\/\/schema.org","@graph":[{"@type":"NewsArticle","@id":"https:\/\/gorica.info\/pijani-biciklist-pao-i-tesko-se-ozlijedio-imao-je-gotovo-3-promila-alkohola-u-organizmu\/#article","isPartOf":{"@id":"https:\/\/gorica.info\/pijani-biciklist-pao-i-tesko-se-ozlijedio-imao-je-gotovo-3-promila-alkohola-u-organizmu\/"},"author":{"name":"Marija Stip\u010di\u0107","@id":"https:\/\/gorica.info\/#\/schema\/person\/9333bbb1dc58fe60ed05834f4e88dc63"},"headline":"Pijani biciklist pao i te\u0161ko se ozlijedio: Imao je gotovo 3 promila alkohola","datePublished":"2026-04-27T07:56:40+00:00","dateModified":"2026-04-27T10:33:16+00:00","mainEntityOfPage":{"@id":"https:\/\/gorica.info\/pijani-biciklist-pao-i-tesko-se-ozlijedio-imao-je-gotovo-3-promila-alkohola-u-organizmu\/"},"wordCount":191,"publisher":{"@id":"https:\/\/gorica.info\/#organization"},"image":{"@id":"https:\/\/gorica.info\/pijani-biciklist-pao-i-tesko-se-ozlijedio-imao-je-gotovo-3-promila-alkohola-u-organizmu\/#primaryimage"},"thumbnailUrl":"https:\/\/gorica.info\/wp-content\/uploads\/2026\/04\/bicikl-nesreca-pexels.jpg","keywords":["2","87 promila","alkohol u prometu","biciklist nesre\u0107a","policija","sigurnost u prometu","te\u0161ke ozljede"],"articleSection":["VIJESTI"],"inLanguage":"en-US","copyrightYear":"2026","copyrightHolder":{"@id":"https:\/\/gorica.info\/en\/#organization"}},{"@type":"WebPage","@id":"https:\/\/gorica.info\/pijani-biciklist-pao-i-tesko-se-ozlijedio-imao-je-gotovo-3-promila-alkohola-u-organizmu\/","url":"https:\/\/gorica.info\/pijani-biciklist-pao-i-tesko-se-ozlijedio-imao-je-gotovo-3-promila-alkohola-u-organizmu\/","name":"Pijani biciklist pao i te\u0161ko se ozlijedio: Imao je gotovo 3 promila alkohola - Gorica Info","isPartOf":{"@id":"https:\/\/gorica.info\/#website"},"primaryImageOfPage":{"@id":"https:\/\/gorica.info\/pijani-biciklist-pao-i-tesko-se-ozlijedio-imao-je-gotovo-3-promila-alkohola-u-organizmu\/#primaryimage"},"image":{"@id":"https:\/\/gorica.info\/pijani-biciklist-pao-i-tesko-se-ozlijedio-imao-je-gotovo-3-promila-alkohola-u-organizmu\/#primaryimage"},"thumbnailUrl":"https:\/\/gorica.info\/wp-content\/uploads\/2026\/04\/bicikl-nesreca-pexels.jpg","datePublished":"2026-04-27T07:56:40+00:00","dateModified":"2026-04-27T10:33:16+00:00","description":"Na kutinskom podru\u010dju 59-godi\u0161nji biciklist s gotovo 3 promila alkohola pao je i te\u0161ko se ozlijedio. Protiv njega slijedi prekr\u0161ajni nalog.","breadcrumb":{"@id":"https:\/\/gorica.info\/pijani-biciklist-pao-i-tesko-se-ozlijedio-imao-je-gotovo-3-promila-alkohola-u-organizmu\/#breadcrumb"},"inLanguage":"en-US","potentialAction":[{"@type":"ReadAction","target":["https:\/\/gorica.info\/pijani-biciklist-pao-i-tesko-se-ozlijedio-imao-je-gotovo-3-promila-alkohola-u-organizmu\/"]}]},{"@type":"ImageObject","inLanguage":"en-US","@id":"https:\/\/gorica.info\/pijani-biciklist-pao-i-tesko-se-ozlijedio-imao-je-gotovo-3-promila-alkohola-u-organizmu\/#primaryimage","url":"https:\/\/gorica.info\/wp-content\/uploads\/2026\/04\/bicikl-nesreca-pexels.jpg","contentUrl":"https:\/\/gorica.info\/wp-content\/uploads\/2026\/04\/bicikl-nesreca-pexels.jpg","width":1280,"height":852,"caption":"Ilustrativna fotografija: Pexels"},{"@type":"BreadcrumbList","@id":"https:\/\/gorica.info\/pijani-biciklist-pao-i-tesko-se-ozlijedio-imao-je-gotovo-3-promila-alkohola-u-organizmu\/#breadcrumb","itemListElement":[{"@type":"ListItem","position":1,"name":"Po\u010detna stranica","item":"https:\/\/gorica.info\/"},{"@type":"ListItem","position":2,"name":"Pijani biciklist pao i te\u0161ko se ozlijedio: Imao je gotovo 3 promila alkohola"}]},{"@type":"WebSite","@id":"https:\/\/gorica.info\/#website","url":"https:\/\/gorica.info\/","name":"Gorica Info","description":"Vijesti iz Velike Gorice i okolice.","publisher":{"@id":"https:\/\/gorica.info\/#organization"},"potentialAction":[{"@type":"SearchAction","target":{"@type":"EntryPoint","urlTemplate":"https:\/\/gorica.info\/?s={search_term_string}"},"query-input":{"@type":"PropertyValueSpecification","valueRequired":true,"valueName":"search_term_string"}}],"inLanguage":"en-US"},{"@type":["Organization","Place","NewsMediaOrganization"],"@id":"https:\/\/gorica.info\/#organization","name":"Gorica Info","url":"https:\/\/gorica.info\/","logo":{"@id":"https:\/\/gorica.info\/pijani-biciklist-pao-i-tesko-se-ozlijedio-imao-je-gotovo-3-promila-alkohola-u-organizmu\/#local-main-organization-logo"},"image":{"@id":"https:\/\/gorica.info\/pijani-biciklist-pao-i-tesko-se-ozlijedio-imao-je-gotovo-3-promila-alkohola-u-organizmu\/#local-main-organization-logo"},"sameAs":["https:\/\/www.facebook.com\/Goricainfo-106005144489262","https:\/\/x.com\/GoricaInfo","https:\/\/www.instagram.com\/gorica.info\/"],"address":{"@id":"https:\/\/gorica.info\/pijani-biciklist-pao-i-tesko-se-ozlijedio-imao-je-gotovo-3-promila-alkohola-u-organizmu\/#local-main-place-address"},"telephone":[],"openingHoursSpecification":[{"@type":"OpeningHoursSpecification","dayOfWeek":["Monday","Tuesday","Wednesday","Thursday","Friday","Saturday","Sunday"],"opens":"09:00","closes":"17:00"}],"email":"redakcija@gorica.info"},{"@type":"Person","@id":"https:\/\/gorica.info\/#\/schema\/person\/9333bbb1dc58fe60ed05834f4e88dc63","name":"Marija Stip\u010di\u0107","description":"Marija Stip\u010di\u0107 novinarske vje\u0161tine brusila je na portalu Gorica.info. Redovito pi\u0161e za rubrike Info, Gorica, \u017divot, Danas kuham.","url":"https:\/\/gorica.info\/en\/author\/marija-stipcic\/"},{"@type":"PostalAddress","@id":"https:\/\/gorica.info\/pijani-biciklist-pao-i-tesko-se-ozlijedio-imao-je-gotovo-3-promila-alkohola-u-organizmu\/#local-main-place-address","streetAddress":"Horvatova 97","addressLocality":"Velika Gorica","postalCode":"10410","addressRegion":"Croatia","addressCountry":"HR"},{"@type":"ImageObject","inLanguage":"en-US","@id":"https:\/\/gorica.info\/pijani-biciklist-pao-i-tesko-se-ozlijedio-imao-je-gotovo-3-promila-alkohola-u-organizmu\/#local-main-organization-logo","url":"https:\/\/gorica.info\/wp-content\/uploads\/2024\/07\/Gorica-Info-Logo-mali.png","contentUrl":"https:\/\/gorica.info\/wp-content\/uploads\/2024\/07\/Gorica-Info-Logo-mali.png","width":450,"height":85,"caption":"Gorica Info"}]},"geo.placename":"Velika Gorica","geo.region":"Croatia"},"_links":{"self":[{"href":"https:\/\/gorica.info\/en\/wp-json\/wp\/v2\/posts\/107306","targetHints":{"allow":["GET"]}}],"collection":[{"href":"https:\/\/gorica.info\/en\/wp-json\/wp\/v2\/posts"}],"about":[{"href":"https:\/\/gorica.info\/en\/wp-json\/wp\/v2\/types\/post"}],"author":[{"embeddable":true,"href":"https:\/\/gorica.info\/en\/wp-json\/wp\/v2\/users\/24"}],"replies":[{"embeddable":true,"href":"https:\/\/gorica.info\/en\/wp-json\/wp\/v2\/comments?post=107306"}],"version-history":[{"count":1,"href":"https:\/\/gorica.info\/en\/wp-json\/wp\/v2\/posts\/107306\/revisions"}],"predecessor-version":[{"id":107308,"href":"https:\/\/gorica.info\/en\/wp-json\/wp\/v2\/posts\/107306\/revisions\/107308"}],"wp:featuredmedia":[{"embeddable":true,"href":"https:\/\/gorica.info\/en\/wp-json\/wp\/v2\/media\/107307"}],"wp:attachment":[{"href":"https:\/\/gorica.info\/en\/wp-json\/wp\/v2\/media?parent=107306"}],"wp:term":[{"taxonomy":"category","embeddable":true,"href":"https:\/\/gorica.info\/en\/wp-json\/wp\/v2\/categories?post=107306"},{"taxonomy":"post_tag","embeddable":true,"href":"https:\/\/gorica.info\/en\/wp-json\/wp\/v2\/tags?post=107306"}],"curies":[{"name":"wp","href":"https:\/\/api.w.org\/{rel}","templated":true}]}}