{"id":107310,"date":"2026-04-27T15:34:35","date_gmt":"2026-04-27T13:34:35","guid":{"rendered":"https:\/\/gorica.info\/?p=107310"},"modified":"2026-04-27T15:33:42","modified_gmt":"2026-04-27T13:33:42","slug":"uredenje-gradskog-zelenila-na-radicevu-trgu-posadene-magnolije","status":"publish","type":"post","link":"https:\/\/gorica.info\/en\/uredenje-gradskog-zelenila-na-radicevu-trgu-posadene-magnolije\/","title":{"rendered":"Ure\u0111enje gradskog zelenila: Na Radi\u0107evu trgu posa\u0111ene magnolije"},"content":{"rendered":"<p><span style=\"font-size: 20px\"><strong>Grad Velika Gorica<\/strong> zapo\u010deo je intenzivne radove na<strong> ure\u0111enju gradskog zelenila<\/strong>, pri \u010demu su na<strong> Trgu Stjepana Radi\u0107a<\/strong> uklonjena stabla robinije (obi\u010dnog bagrema) zbog naru\u0161enog vitaliteta i sigurnosnih razloga, a na njihovo mjesto posa\u0111ena su nova stabla magnolije.<\/span><\/p>\n<p><span style=\"font-size: 20px\">Kako isti\u010de pro\u010delnik Upravnog odjela za komunalne djelatnosti i promet <strong>Dubravko Katuli\u0107<\/strong>, rije\u010d je o dijelu \u0161ire akcije <strong>sadnje i obnove drve\u0107a<\/strong> na podru\u010dju grada.<\/span><\/p>\n<p><img fetchpriority=\"high\" decoding=\"async\" class=\"alignnone wp-image-107313 size-full\" src=\"https:\/\/gorica.info\/wp-content\/uploads\/2026\/04\/radicev-trg-stabla.jpg\" alt=\"\" width=\"960\" height=\"720\" srcset=\"https:\/\/gorica.info\/wp-content\/uploads\/2026\/04\/radicev-trg-stabla.jpg 960w, https:\/\/gorica.info\/wp-content\/uploads\/2026\/04\/radicev-trg-stabla-300x225.jpg 300w, https:\/\/gorica.info\/wp-content\/uploads\/2026\/04\/radicev-trg-stabla-768x576.jpg 768w, https:\/\/gorica.info\/wp-content\/uploads\/2026\/04\/radicev-trg-stabla-16x12.jpg 16w, https:\/\/gorica.info\/wp-content\/uploads\/2026\/04\/radicev-trg-stabla-750x563.jpg 750w\" sizes=\"(max-width: 960px) 100vw, 960px\" \/><\/p>\n<p><span style=\"font-size: 20px\">&#8211; U sklopu ure\u0111enja grada krenuli smo sa sadnjom stabala. U <a href=\"https:\/\/gorica.info\/en\/sadnja-novih-stabala-u-ulici-matice-hrvatske-kod-doma-zdravlja\/\"><strong>Ulici Matice hrvatske<\/strong><\/a> <strong>posadili smo 28 javora<\/strong>, a na <strong>Trgu Stjepana Radi\u0107a devet magnolija<\/strong>. Sadnja se nastavlja i u drugim dijelovima grada, pa smo u Sva\u010di\u0107evoj ulici ve\u0107 zapo\u010deli radove, dok nas u narednim danima o\u010dekuje sadnja dodatnih stabala. Ukupno planiramo <strong>posaditi 120 stabala<\/strong> na \u0161irem podru\u010dju Velike Gorice &#8211; naglasio je pro\u010delnik Katuli\u0107.<\/span><\/p>\n<p><span style=\"font-size: 20px\">Uklanjanje bagrema na Trgu Stjepana Radi\u0107a provedeno je nakon \u0161to su gra\u0111ani i stanari ukazali na njihovo lo\u0161e stanje, \u0161to su potvrdile i stru\u010dne slu\u017ebe. Na njihovim mjestima posa\u0111ena su mlada stabla magnolija.<\/span><\/p>\n<figure id=\"attachment_107311\" aria-describedby=\"caption-attachment-107311\" style=\"width: 1440px\" class=\"wp-caption alignnone\"><img decoding=\"async\" class=\"wp-image-107311 size-full\" src=\"https:\/\/gorica.info\/wp-content\/uploads\/2026\/04\/trg-stjepana-radica-stabla-vg-komunalac.jpg\" alt=\"\" width=\"1440\" height=\"1080\" srcset=\"https:\/\/gorica.info\/wp-content\/uploads\/2026\/04\/trg-stjepana-radica-stabla-vg-komunalac.jpg 1440w, https:\/\/gorica.info\/wp-content\/uploads\/2026\/04\/trg-stjepana-radica-stabla-vg-komunalac-300x225.jpg 300w, https:\/\/gorica.info\/wp-content\/uploads\/2026\/04\/trg-stjepana-radica-stabla-vg-komunalac-1024x768.jpg 1024w, https:\/\/gorica.info\/wp-content\/uploads\/2026\/04\/trg-stjepana-radica-stabla-vg-komunalac-768x576.jpg 768w, https:\/\/gorica.info\/wp-content\/uploads\/2026\/04\/trg-stjepana-radica-stabla-vg-komunalac-16x12.jpg 16w, https:\/\/gorica.info\/wp-content\/uploads\/2026\/04\/trg-stjepana-radica-stabla-vg-komunalac-750x563.jpg 750w, https:\/\/gorica.info\/wp-content\/uploads\/2026\/04\/trg-stjepana-radica-stabla-vg-komunalac-1140x855.jpg 1140w\" sizes=\"(max-width: 1440px) 100vw, 1440px\" \/><figcaption id=\"caption-attachment-107311\" class=\"wp-caption-text\">Radnici VG Komunalca uklonili su o\u0161te\u0107ena stabla obi\u010dng bagrema<\/figcaption><\/figure>\n<p><span style=\"font-size: 20px\">Voditeljica odr\u017eavanja zelenih povr\u0161ina u VG Komunalcu<strong> Arijana Mrkonji\u0107<\/strong> najavila je dodatne zahvate koji \u0107e osigurati optimalne uvjete za rast novih stabala.<\/span><\/p>\n<p><span style=\"font-size: 20px\">&#8211; U narednim danima pro\u0161irit \u0107emo povr\u0161ine oko magnolija kako bi im se omogu\u0107io bolji razvoj. O\u010dekujemo da \u0107e kroz godinu do dvije pru\u017eiti hlad kakav su nekada davali bagremi, koji su bili u lo\u0161em i suhom stanju. Smatramo da je ovo va\u017ean korak u daljnjem ozelenjivanju grada &#8211; istaknula je Mrkonji\u0107.<\/span><\/p>\n<figure id=\"attachment_107314\" aria-describedby=\"caption-attachment-107314\" style=\"width: 900px\" class=\"wp-caption alignnone\"><img decoding=\"async\" class=\"wp-image-107314 size-full\" src=\"https:\/\/gorica.info\/wp-content\/uploads\/2026\/04\/stabla-svaciceva-e1777296635585.jpg\" alt=\"\" width=\"900\" height=\"998\" srcset=\"https:\/\/gorica.info\/wp-content\/uploads\/2026\/04\/stabla-svaciceva-e1777296635585.jpg 900w, https:\/\/gorica.info\/wp-content\/uploads\/2026\/04\/stabla-svaciceva-e1777296635585-271x300.jpg 271w, https:\/\/gorica.info\/wp-content\/uploads\/2026\/04\/stabla-svaciceva-e1777296635585-768x852.jpg 768w, https:\/\/gorica.info\/wp-content\/uploads\/2026\/04\/stabla-svaciceva-e1777296635585-11x12.jpg 11w, https:\/\/gorica.info\/wp-content\/uploads\/2026\/04\/stabla-svaciceva-e1777296635585-750x832.jpg 750w\" sizes=\"(max-width: 900px) 100vw, 900px\" \/><figcaption id=\"caption-attachment-107314\" class=\"wp-caption-text\">Posa\u0111ena su stabla i u Sva\u010di\u0107evoj ulici<\/figcaption><\/figure>\n<p><span style=\"font-size: 20px\">Magnolija izabrana zbog svoje <strong>dekorativnosti i zimzelenog karaktera<\/strong>, a rije\u010d je o vrsti koja ima atraktivno li\u0161\u0107e tijekom cijele godine te \u0107e dodatno uljep\u0161ati izgled trga.<\/span><\/p>\n<p><span style=\"font-size: 20px\">Podsjetimo kako je<a href=\"https:\/\/gorica.hr\/2026\/04\/u-ponedjeljak-uklanjanje-panjeva-i-sadnja-stabala-u-ulici-matice-hrvatske\/\"> Grad Velika Gorica<\/a> nedavno uveo i informativne plo\u010de s QR kodovima, putem kojih gra\u0111ani mogu dobiti detaljne informacije o uklanjanju starih i dotrajalih stabala te sadnju novih.<\/span><\/p>","protected":false},"excerpt":{"rendered":"<p>Grad Velika Gorica zapo\u010deo je intenzivne radove na ure\u0111enju gradskog zelenila, pri \u010demu su na Trgu Stjepana Radi\u0107a uklonjena stabla robinije (obi\u010dnog bagrema) zbog naru\u0161enog vitaliteta i sigurnosnih razloga, a na njihovo mjesto posa\u0111ena su nova stabla magnolije. Kako isti\u010de pro\u010delnik Upravnog odjela za komunalne djelatnosti i promet Dubravko Katuli\u0107, rije\u010d je o dijelu \u0161ire [&hellip;]<\/p>\n","protected":false},"author":23,"featured_media":107312,"comment_status":"closed","ping_status":"closed","sticky":false,"template":"","format":"standard","meta":{"limit_modified_date":"1","last_modified_date":"","jnews-multi-image_gallery":[],"jnews_single_post":{"format":"standard","override":[{"template":"3","parallax":"1","fullscreen":"1","layout":"right-sidebar","sidebar":"default-sidebar","second_sidebar":"default-sidebar","sticky_sidebar":"1","share_position":"top","share_float_style":"share-monocrhome","show_featured":"1","show_post_meta":"1","show_post_author":"1","show_post_author_image":"1","show_post_date":"1","post_date_format":"default","post_date_format_custom":"Y\/m\/d","show_post_category":"1","show_post_reading_time":"1","post_reading_time_wpm":"300","post_calculate_word_method":"str_word_count","zoom_button_out_step":"2","zoom_button_in_step":"3","show_post_tag":"1","show_popup_post":"1","show_comment_section":"1","number_popup_post":"1","show_post_related":"1"}],"image_override":[{"single_post_thumbnail_size":"crop-500","single_post_gallery_size":"crop-500"}],"trending_post_position":"meta","trending_post_label":"Trending","sponsored_post_label":"Sponsored by","disable_ad":"0","subtitle":"Pro\u010delnik Dubravko Katuli\u0107 isti\u010de kako je u tijeku obnova gradskog zelenila te da slijedi sadnja jo\u0161 120 stabala"},"jnews_primary_category":[],"jnews_override_counter":{"view_counter_number":"0","share_counter_number":"0","like_counter_number":"0","dislike_counter_number":"0"},"footnotes":""},"categories":[87],"tags":[24999,3923,3395,25000,2703,122,15554],"class_list":["post-107310","post","type-post","status-publish","format-standard","has-post-thumbnail","hentry","category-gorica","tag-obicni-bagrem","tag-sadnja","tag-stabla","tag-stabla-magnolije","tag-trg-stjepana-radica","tag-velika-gorica","tag-vg-vijesti"],"yoast_head":"<!-- This site is optimized with the Yoast SEO Premium plugin v27.4 (Yoast SEO v27.4) - https:\/\/yoast.com\/product\/yoast-seo-premium-wordpress\/ -->\n<title>Ure\u0111enje gradskog zelenila: Na Radi\u0107evu trgu posa\u0111ene magnolije - Gorica Info<\/title>\n<meta name=\"description\" content=\"Trgu Stjepana Radi\u0107a uklonjena su stabla obi\u010dnog bagrema zbog naru\u0161enog vitaliteta, a na njihovo mjesto posa\u0111ena su nova stabla magnolije.\" \/>\n<meta name=\"robots\" content=\"index, follow, max-snippet:-1, max-image-preview:large, max-video-preview:-1\" \/>\n<link rel=\"canonical\" href=\"https:\/\/gorica.info\/en\/uredenje-gradskog-zelenila-na-radicevu-trgu-posadene-magnolije\/\" \/>\n<meta property=\"og:locale\" content=\"en_US\" \/>\n<meta property=\"og:type\" content=\"article\" \/>\n<meta property=\"og:title\" content=\"Ure\u0111enje gradskog zelenila: Na Radi\u0107evu trgu posa\u0111ene magnolije\" \/>\n<meta property=\"og:description\" content=\"Trgu Stjepana Radi\u0107a uklonjena su stabla obi\u010dnog bagrema zbog naru\u0161enog vitaliteta, a na njihovo mjesto posa\u0111ena su nova stabla magnolije.\" \/>\n<meta property=\"og:url\" content=\"https:\/\/gorica.info\/en\/uredenje-gradskog-zelenila-na-radicevu-trgu-posadene-magnolije\/\" \/>\n<meta property=\"og:site_name\" content=\"Gorica Info\" \/>\n<meta property=\"article:publisher\" content=\"https:\/\/www.facebook.com\/Goricainfo-106005144489262\" \/>\n<meta property=\"article:published_time\" content=\"2026-04-27T13:34:35+00:00\" \/>\n<meta property=\"og:image\" content=\"https:\/\/gorica.info\/wp-content\/uploads\/2026\/04\/radicev-trg-stabla-1.jpg\" \/>\n\t<meta property=\"og:image:width\" content=\"960\" \/>\n\t<meta property=\"og:image:height\" content=\"720\" \/>\n\t<meta property=\"og:image:type\" content=\"image\/jpeg\" \/>\n<meta name=\"author\" content=\"Gorica. info\" \/>\n<meta name=\"twitter:card\" content=\"summary_large_image\" \/>\n<meta name=\"twitter:creator\" content=\"@GoricaInfo\" \/>\n<meta name=\"twitter:site\" content=\"@GoricaInfo\" \/>\n<meta name=\"twitter:label1\" content=\"Written by\" \/>\n\t<meta name=\"twitter:data1\" content=\"Gorica. info\" \/>\n\t<meta name=\"twitter:label2\" content=\"Est. reading time\" \/>\n\t<meta name=\"twitter:data2\" content=\"3 minutes\" \/>\n<meta name=\"geo.placename\" content=\"Velika Gorica\" \/>\n<meta name=\"geo.region\" content=\"Croatia\" \/>\n<!-- \/ Yoast SEO Premium plugin. -->","yoast_head_json":{"title":"Ure\u0111enje gradskog zelenila: Na Radi\u0107evu trgu posa\u0111ene magnolije - Gorica Info","description":"Trgu Stjepana Radi\u0107a uklonjena su stabla obi\u010dnog bagrema zbog naru\u0161enog vitaliteta, a na njihovo mjesto posa\u0111ena su nova stabla magnolije.","robots":{"index":"index","follow":"follow","max-snippet":"max-snippet:-1","max-image-preview":"max-image-preview:large","max-video-preview":"max-video-preview:-1"},"canonical":"https:\/\/gorica.info\/en\/uredenje-gradskog-zelenila-na-radicevu-trgu-posadene-magnolije\/","og_locale":"en_US","og_type":"article","og_title":"Ure\u0111enje gradskog zelenila: Na Radi\u0107evu trgu posa\u0111ene magnolije","og_description":"Trgu Stjepana Radi\u0107a uklonjena su stabla obi\u010dnog bagrema zbog naru\u0161enog vitaliteta, a na njihovo mjesto posa\u0111ena su nova stabla magnolije.","og_url":"https:\/\/gorica.info\/en\/uredenje-gradskog-zelenila-na-radicevu-trgu-posadene-magnolije\/","og_site_name":"Gorica Info","article_publisher":"https:\/\/www.facebook.com\/Goricainfo-106005144489262","article_published_time":"2026-04-27T13:34:35+00:00","og_image":[{"width":960,"height":720,"url":"https:\/\/gorica.info\/wp-content\/uploads\/2026\/04\/radicev-trg-stabla-1.jpg","type":"image\/jpeg"}],"author":"Gorica. info","twitter_card":"summary_large_image","twitter_creator":"@GoricaInfo","twitter_site":"@GoricaInfo","twitter_misc":{"Written by":"Gorica. info","Est. reading time":"3 minutes"},"schema":{"@context":"https:\/\/schema.org","@graph":[{"@type":"NewsArticle","@id":"https:\/\/gorica.info\/uredenje-gradskog-zelenila-na-radicevu-trgu-posadene-magnolije\/#article","isPartOf":{"@id":"https:\/\/gorica.info\/uredenje-gradskog-zelenila-na-radicevu-trgu-posadene-magnolije\/"},"author":{"name":"Gorica. info","@id":"https:\/\/gorica.info\/#\/schema\/person\/4499af1f22f322670b9b5977ccc2e3de"},"headline":"Ure\u0111enje gradskog zelenila: Na Radi\u0107evu trgu posa\u0111ene magnolije","datePublished":"2026-04-27T13:34:35+00:00","mainEntityOfPage":{"@id":"https:\/\/gorica.info\/uredenje-gradskog-zelenila-na-radicevu-trgu-posadene-magnolije\/"},"wordCount":373,"publisher":{"@id":"https:\/\/gorica.info\/#organization"},"image":{"@id":"https:\/\/gorica.info\/uredenje-gradskog-zelenila-na-radicevu-trgu-posadene-magnolije\/#primaryimage"},"thumbnailUrl":"https:\/\/gorica.info\/wp-content\/uploads\/2026\/04\/radicev-trg-stabla-1.jpg","keywords":["obi\u010dni bagrem","sadnja","stabla","stabla magnolije","trg stjepana radi\u0107a","Velika Gorica","vg vijesti"],"articleSection":["GORICA"],"inLanguage":"en-US","copyrightYear":"2026","copyrightHolder":{"@id":"https:\/\/gorica.info\/en\/#organization"}},{"@type":"WebPage","@id":"https:\/\/gorica.info\/uredenje-gradskog-zelenila-na-radicevu-trgu-posadene-magnolije\/","url":"https:\/\/gorica.info\/uredenje-gradskog-zelenila-na-radicevu-trgu-posadene-magnolije\/","name":"Ure\u0111enje gradskog zelenila: Na Radi\u0107evu trgu posa\u0111ene magnolije - Gorica Info","isPartOf":{"@id":"https:\/\/gorica.info\/#website"},"primaryImageOfPage":{"@id":"https:\/\/gorica.info\/uredenje-gradskog-zelenila-na-radicevu-trgu-posadene-magnolije\/#primaryimage"},"image":{"@id":"https:\/\/gorica.info\/uredenje-gradskog-zelenila-na-radicevu-trgu-posadene-magnolije\/#primaryimage"},"thumbnailUrl":"https:\/\/gorica.info\/wp-content\/uploads\/2026\/04\/radicev-trg-stabla-1.jpg","datePublished":"2026-04-27T13:34:35+00:00","description":"Trgu Stjepana Radi\u0107a uklonjena su stabla obi\u010dnog bagrema zbog naru\u0161enog vitaliteta, a na njihovo mjesto posa\u0111ena su nova stabla magnolije.","breadcrumb":{"@id":"https:\/\/gorica.info\/uredenje-gradskog-zelenila-na-radicevu-trgu-posadene-magnolije\/#breadcrumb"},"inLanguage":"en-US","potentialAction":[{"@type":"ReadAction","target":["https:\/\/gorica.info\/uredenje-gradskog-zelenila-na-radicevu-trgu-posadene-magnolije\/"]}]},{"@type":"ImageObject","inLanguage":"en-US","@id":"https:\/\/gorica.info\/uredenje-gradskog-zelenila-na-radicevu-trgu-posadene-magnolije\/#primaryimage","url":"https:\/\/gorica.info\/wp-content\/uploads\/2026\/04\/radicev-trg-stabla-1.jpg","contentUrl":"https:\/\/gorica.info\/wp-content\/uploads\/2026\/04\/radicev-trg-stabla-1.jpg","width":960,"height":720,"caption":"Foto: Grad Velika Gorica"},{"@type":"BreadcrumbList","@id":"https:\/\/gorica.info\/uredenje-gradskog-zelenila-na-radicevu-trgu-posadene-magnolije\/#breadcrumb","itemListElement":[{"@type":"ListItem","position":1,"name":"Po\u010detna stranica","item":"https:\/\/gorica.info\/"},{"@type":"ListItem","position":2,"name":"Ure\u0111enje gradskog zelenila: Na Radi\u0107evu trgu posa\u0111ene magnolije"}]},{"@type":"WebSite","@id":"https:\/\/gorica.info\/#website","url":"https:\/\/gorica.info\/","name":"Gorica Info","description":"Vijesti iz Velike Gorice i okolice.","publisher":{"@id":"https:\/\/gorica.info\/#organization"},"potentialAction":[{"@type":"SearchAction","target":{"@type":"EntryPoint","urlTemplate":"https:\/\/gorica.info\/?s={search_term_string}"},"query-input":{"@type":"PropertyValueSpecification","valueRequired":true,"valueName":"search_term_string"}}],"inLanguage":"en-US"},{"@type":["Organization","Place","NewsMediaOrganization"],"@id":"https:\/\/gorica.info\/#organization","name":"Gorica Info","url":"https:\/\/gorica.info\/","logo":{"@id":"https:\/\/gorica.info\/uredenje-gradskog-zelenila-na-radicevu-trgu-posadene-magnolije\/#local-main-organization-logo"},"image":{"@id":"https:\/\/gorica.info\/uredenje-gradskog-zelenila-na-radicevu-trgu-posadene-magnolije\/#local-main-organization-logo"},"sameAs":["https:\/\/www.facebook.com\/Goricainfo-106005144489262","https:\/\/x.com\/GoricaInfo","https:\/\/www.instagram.com\/gorica.info\/"],"address":{"@id":"https:\/\/gorica.info\/uredenje-gradskog-zelenila-na-radicevu-trgu-posadene-magnolije\/#local-main-place-address"},"telephone":[],"openingHoursSpecification":[{"@type":"OpeningHoursSpecification","dayOfWeek":["Monday","Tuesday","Wednesday","Thursday","Friday","Saturday","Sunday"],"opens":"09:00","closes":"17:00"}],"email":"redakcija@gorica.info"},{"@type":"Person","@id":"https:\/\/gorica.info\/#\/schema\/person\/4499af1f22f322670b9b5977ccc2e3de","name":"Gorica. info","description":"Gorica.info je lokalni portal koji prati Veliku Goricu i okolici, svakodnevno donosi najnovije vijesti i pri\u010de, kulturna doga\u0111anja i aktualnosti koje oblikuju \u017eivot gra\u0111ana.","url":"https:\/\/gorica.info\/en\/author\/gorica-info\/"},{"@type":"PostalAddress","@id":"https:\/\/gorica.info\/uredenje-gradskog-zelenila-na-radicevu-trgu-posadene-magnolije\/#local-main-place-address","streetAddress":"Horvatova 97","addressLocality":"Velika Gorica","postalCode":"10410","addressRegion":"Croatia","addressCountry":"HR"},{"@type":"ImageObject","inLanguage":"en-US","@id":"https:\/\/gorica.info\/uredenje-gradskog-zelenila-na-radicevu-trgu-posadene-magnolije\/#local-main-organization-logo","url":"https:\/\/gorica.info\/wp-content\/uploads\/2024\/07\/Gorica-Info-Logo-mali.png","contentUrl":"https:\/\/gorica.info\/wp-content\/uploads\/2024\/07\/Gorica-Info-Logo-mali.png","width":450,"height":85,"caption":"Gorica Info"}]},"geo.placename":"Velika Gorica","geo.region":"Croatia"},"_links":{"self":[{"href":"https:\/\/gorica.info\/en\/wp-json\/wp\/v2\/posts\/107310","targetHints":{"allow":["GET"]}}],"collection":[{"href":"https:\/\/gorica.info\/en\/wp-json\/wp\/v2\/posts"}],"about":[{"href":"https:\/\/gorica.info\/en\/wp-json\/wp\/v2\/types\/post"}],"author":[{"embeddable":true,"href":"https:\/\/gorica.info\/en\/wp-json\/wp\/v2\/users\/23"}],"replies":[{"embeddable":true,"href":"https:\/\/gorica.info\/en\/wp-json\/wp\/v2\/comments?post=107310"}],"version-history":[{"count":1,"href":"https:\/\/gorica.info\/en\/wp-json\/wp\/v2\/posts\/107310\/revisions"}],"predecessor-version":[{"id":107315,"href":"https:\/\/gorica.info\/en\/wp-json\/wp\/v2\/posts\/107310\/revisions\/107315"}],"wp:featuredmedia":[{"embeddable":true,"href":"https:\/\/gorica.info\/en\/wp-json\/wp\/v2\/media\/107312"}],"wp:attachment":[{"href":"https:\/\/gorica.info\/en\/wp-json\/wp\/v2\/media?parent=107310"}],"wp:term":[{"taxonomy":"category","embeddable":true,"href":"https:\/\/gorica.info\/en\/wp-json\/wp\/v2\/categories?post=107310"},{"taxonomy":"post_tag","embeddable":true,"href":"https:\/\/gorica.info\/en\/wp-json\/wp\/v2\/tags?post=107310"}],"curies":[{"name":"wp","href":"https:\/\/api.w.org\/{rel}","templated":true}]}}