{"id":107327,"date":"2026-04-28T08:12:23","date_gmt":"2026-04-28T06:12:23","guid":{"rendered":"https:\/\/gorica.info\/?p=107327"},"modified":"2026-04-28T08:14:13","modified_gmt":"2026-04-28T06:14:13","slug":"juniorke-pk-barbara-osvojile-tri-medalje-i-plasman-na-europsko-prvenstvo","status":"publish","type":"post","link":"https:\/\/gorica.info\/en\/juniorke-pk-barbara-osvojile-tri-medalje-i-plasman-na-europsko-prvenstvo\/","title":{"rendered":"Juniorke PK Barbara osvojile tri medalje i plasman na Europsko prvenstvo"},"content":{"rendered":"<p><span style=\"font-size: 20px\"><strong>Juniorke PK Barbara<\/strong> ostvarile su izniman uspjeh na presti\u017enom natjecanju <a href=\"https:\/\/www.facebook.com\/pkbarbara?locale=hr_HR\">GRAND PRIX Dresden 2026.<\/a>, koje je ujedno bilo i nacionalno prvenstvo Njema\u010dke te <strong>kvalifikacijski turnir<\/strong> za Europsko prvenstvo ma\u017eoretkinja u organizaciji EMTA.<\/span><\/p>\n<p><span style=\"font-size: 20px\">Mlade Barbarice jo\u0161 jednom su dokazale svoju kvalitetu i predanost, <strong>osvojiv\u0161i tri<\/strong> <strong>medalje iz tri izvedbe<\/strong>, \u010dime su ujedno osigurale i plasman na Europsko prvenstvo koje \u0107e se odr\u017eati u Francuskoj u srpnju.<\/span><\/p>\n<p><img fetchpriority=\"high\" decoding=\"async\" class=\"alignnone wp-image-107329 size-full\" src=\"https:\/\/gorica.info\/wp-content\/uploads\/2026\/04\/pk-barbara-njemacka-2.jpg\" alt=\"Juniorke \" width=\"1495\" height=\"1200\" srcset=\"https:\/\/gorica.info\/wp-content\/uploads\/2026\/04\/pk-barbara-njemacka-2.jpg 1495w, https:\/\/gorica.info\/wp-content\/uploads\/2026\/04\/pk-barbara-njemacka-2-300x241.jpg 300w, https:\/\/gorica.info\/wp-content\/uploads\/2026\/04\/pk-barbara-njemacka-2-1024x822.jpg 1024w, https:\/\/gorica.info\/wp-content\/uploads\/2026\/04\/pk-barbara-njemacka-2-768x616.jpg 768w, https:\/\/gorica.info\/wp-content\/uploads\/2026\/04\/pk-barbara-njemacka-2-15x12.jpg 15w, https:\/\/gorica.info\/wp-content\/uploads\/2026\/04\/pk-barbara-njemacka-2-750x602.jpg 750w, https:\/\/gorica.info\/wp-content\/uploads\/2026\/04\/pk-barbara-njemacka-2-1140x915.jpg 1140w\" sizes=\"(max-width: 1495px) 100vw, 1495px\" \/><\/p>\n<h3><strong><span style=\"font-size: 20px\">Dominacija u mini formacijama<\/span><\/strong><\/h3>\n<p><span style=\"font-size: 20px\">Natjecanje u Dresden donijelo je<strong> vrhunske rezultate<\/strong> za PK Barbara. U kategoriji mini formacija djevojke su bile nepobjedive:<\/span><\/p>\n<p><span style=\"font-size: 20px\">Mini formacija \u0161tap (tradicionalni stil) \u2013 1. mjesto<\/span><\/p>\n<p><span style=\"font-size: 20px\">Mini formacija pom pon (tradicionalni stil) \u2013 1. mjesto<\/span><\/p>\n<p><span style=\"font-size: 20px\">Duo \u0161tap (Emanuela Fioli\u0107 i Laura Bo\u017ei\u0107) \u2013 2. mjesto<\/span><\/p>\n<p><img decoding=\"async\" class=\"alignnone wp-image-107330 size-full\" src=\"https:\/\/gorica.info\/wp-content\/uploads\/2026\/04\/pk-barbara-njemacka-3.jpg\" alt=\"\" width=\"1012\" height=\"1200\" srcset=\"https:\/\/gorica.info\/wp-content\/uploads\/2026\/04\/pk-barbara-njemacka-3.jpg 1012w, https:\/\/gorica.info\/wp-content\/uploads\/2026\/04\/pk-barbara-njemacka-3-253x300.jpg 253w, https:\/\/gorica.info\/wp-content\/uploads\/2026\/04\/pk-barbara-njemacka-3-864x1024.jpg 864w, https:\/\/gorica.info\/wp-content\/uploads\/2026\/04\/pk-barbara-njemacka-3-768x911.jpg 768w, https:\/\/gorica.info\/wp-content\/uploads\/2026\/04\/pk-barbara-njemacka-3-10x12.jpg 10w, https:\/\/gorica.info\/wp-content\/uploads\/2026\/04\/pk-barbara-njemacka-3-750x889.jpg 750w\" sizes=\"(max-width: 1012px) 100vw, 1012px\" \/><\/p>\n<p><span style=\"font-size: 20px\">Ovi rezultati potvr\u0111uju <a href=\"https:\/\/gorica.info\/en\/pet-zlata-za-plesni-klub-barbara-na-velikom-medunarodnom-turniru\/\">kontinuirani rad<\/a> i visoku razinu pripremljenosti kluba na me\u0111unarodnoj sceni.<\/span><\/p>\n<p><span style=\"font-size: 20px\">Poseban trenutak natjecanja bio je sve\u010dani defile, tijekom kojeg je hrvatsku zastavu nosila<strong> Anamari Fioli\u0107<\/strong>, predstavljaju\u0107i svoju zemlju s ponosom i dostojanstvom.<\/span><\/p>\n<h3><strong><span style=\"font-size: 20px\">Podr\u0161ka koja \u010dini razliku<\/span><\/strong><\/h3>\n<p><span style=\"font-size: 20px\">Iz kluba su uputili \u010destitke svim natjecateljicama i njihovoj <strong>trenerici Katarini Ahel<\/strong> na izvrsnim rezultatima i profesionalnom pristupu.<\/span><\/p>\n<p><span style=\"font-size: 20px\">Posebnu zahvalnost izrazili su <strong>HUMT-u<\/strong> na organizaciji puta reprezentacije Hrvatske, kao i ma\u017eoretkinjama iz Dubrov\u010dana, Budin\u0161\u010dine, Vodica i Tribunja na podr\u0161ci i sjajnoj atmosferi tijekom natjecanja.<\/span><\/p>\n<p><img decoding=\"async\" class=\"alignnone wp-image-107331 size-full\" src=\"https:\/\/gorica.info\/wp-content\/uploads\/2026\/04\/pk-barbara-njemacka-4.jpg\" alt=\"Juniorke \" width=\"1431\" height=\"1200\" srcset=\"https:\/\/gorica.info\/wp-content\/uploads\/2026\/04\/pk-barbara-njemacka-4.jpg 1431w, https:\/\/gorica.info\/wp-content\/uploads\/2026\/04\/pk-barbara-njemacka-4-300x252.jpg 300w, https:\/\/gorica.info\/wp-content\/uploads\/2026\/04\/pk-barbara-njemacka-4-1024x859.jpg 1024w, https:\/\/gorica.info\/wp-content\/uploads\/2026\/04\/pk-barbara-njemacka-4-768x644.jpg 768w, https:\/\/gorica.info\/wp-content\/uploads\/2026\/04\/pk-barbara-njemacka-4-14x12.jpg 14w, https:\/\/gorica.info\/wp-content\/uploads\/2026\/04\/pk-barbara-njemacka-4-750x629.jpg 750w, https:\/\/gorica.info\/wp-content\/uploads\/2026\/04\/pk-barbara-njemacka-4-1140x956.jpg 1140w\" sizes=\"(max-width: 1431px) 100vw, 1431px\" \/><\/p>\n<p><span style=\"font-size: 20px\">Neizostavna je bila i <strong>pomo\u0107 roditelja<\/strong>, posebno <strong>mama Juri\u0161i\u0107 i Fioli\u0107<\/strong>, koje su svojim anga\u017emanom dodatno doprinijele uspjehu cijelog tima.<\/span><\/p>\n<p><span style=\"font-size: 20px\">Uspjeh u Dresdenu jo\u0161 je jedna potvrda da PK Barbara nastavlja<strong> nizati vrhunske rezultate<\/strong> i dostojno predstavljati Hrvatsku na me\u0111unarodnim natjecanjima, a sljede\u0107i veliki izazov \u010deka ih na europskoj pozornici u Francuskoj.<\/span><\/p>","protected":false},"excerpt":{"rendered":"<p>Juniorke PK Barbara ostvarile su izniman uspjeh na presti\u017enom natjecanju GRAND PRIX Dresden 2026., koje je ujedno bilo i nacionalno prvenstvo Njema\u010dke te kvalifikacijski turnir za Europsko prvenstvo ma\u017eoretkinja u organizaciji EMTA. Mlade Barbarice jo\u0161 jednom su dokazale svoju kvalitetu i predanost, osvojiv\u0161i tri medalje iz tri izvedbe, \u010dime su ujedno osigurale i plasman na [&hellip;]<\/p>\n","protected":false},"author":32,"featured_media":107328,"comment_status":"closed","ping_status":"closed","sticky":false,"template":"","format":"standard","meta":{"limit_modified_date":"1","last_modified_date":"","jnews-multi-image_gallery":[],"jnews_single_post":{"format":"standard","override":[{"template":"3","parallax":"1","fullscreen":"1","layout":"right-sidebar","sidebar":"default-sidebar","second_sidebar":"default-sidebar","sticky_sidebar":"1","share_position":"top","share_float_style":"share-monocrhome","show_featured":"1","show_post_meta":"1","show_post_author":"1","show_post_author_image":"1","show_post_date":"1","post_date_format":"default","post_date_format_custom":"Y\/m\/d","show_post_category":"1","show_post_reading_time":"1","post_reading_time_wpm":"300","post_calculate_word_method":"str_word_count","zoom_button_out_step":"2","zoom_button_in_step":"3","show_post_tag":"1","show_popup_post":"1","show_comment_section":"1","number_popup_post":"1","show_post_related":"1"}],"image_override":[{"single_post_thumbnail_size":"crop-500","single_post_gallery_size":"crop-500"}],"trending_post_position":"meta","trending_post_label":"Trending","sponsored_post_label":"Sponsored by","disable_ad":"0","subtitle":"Ovi rezultati potvr\u0111uju kontinuirani rad i visoku razinu pripremljenosti kluba na me\u0111unarodnoj sceni"},"jnews_primary_category":[],"jnews_override_counter":{"view_counter_number":"0","share_counter_number":"0","like_counter_number":"0","dislike_counter_number":"0"},"footnotes":""},"categories":[99],"tags":[25007,25008,2542,234,564,2509,2207,19300,3335,3878,25009,16160,15554],"class_list":["post-107327","post","type-post","status-publish","format-standard","has-post-thumbnail","hentry","category-sport","tag-dresden-2026","tag-emta","tag-europsko-prvenstvo","tag-hrvatska","tag-juniorke","tag-mazoretkinje","tag-natjecanje","tag-pk-barbara","tag-ples","tag-pom-pon","tag-stap","tag-vg-sport","tag-vg-vijesti"],"yoast_head":"<!-- This site is optimized with the Yoast SEO Premium plugin v27.4 (Yoast SEO v27.4) - https:\/\/yoast.com\/product\/yoast-seo-premium-wordpress\/ -->\n<title>Juniorke PK Barbara osvojile tri medalje i plasman na Europsko prvenstvo - Gorica Info<\/title>\n<meta name=\"description\" content=\"Juniorke PK Barbara osvojile su tri medalje na GRAND PRIX Dresden 2026. te osigurale nastup na Europskom prvenstvu ma\u017eoretkinja EMTA-e.\" \/>\n<meta name=\"robots\" content=\"index, follow, max-snippet:-1, max-image-preview:large, max-video-preview:-1\" \/>\n<link rel=\"canonical\" href=\"https:\/\/gorica.info\/en\/juniorke-pk-barbara-osvojile-tri-medalje-i-plasman-na-europsko-prvenstvo\/\" \/>\n<meta property=\"og:locale\" content=\"en_US\" \/>\n<meta property=\"og:type\" content=\"article\" \/>\n<meta property=\"og:title\" content=\"Juniorke PK Barbara osvojile tri medalje i plasman na Europsko prvenstvo\" \/>\n<meta property=\"og:description\" content=\"Juniorke PK Barbara osvojile su tri medalje na GRAND PRIX Dresden 2026. te osigurale nastup na Europskom prvenstvu ma\u017eoretkinja EMTA-e.\" \/>\n<meta property=\"og:url\" content=\"https:\/\/gorica.info\/en\/juniorke-pk-barbara-osvojile-tri-medalje-i-plasman-na-europsko-prvenstvo\/\" \/>\n<meta property=\"og:site_name\" content=\"Gorica Info\" \/>\n<meta property=\"article:publisher\" content=\"https:\/\/www.facebook.com\/Goricainfo-106005144489262\" \/>\n<meta property=\"article:published_time\" content=\"2026-04-28T06:12:23+00:00\" \/>\n<meta property=\"article:modified_time\" content=\"2026-04-28T06:14:13+00:00\" \/>\n<meta property=\"og:image\" content=\"https:\/\/gorica.info\/wp-content\/uploads\/2026\/04\/pk-barbara-njemacka-1-e1777356739708.jpg\" \/>\n\t<meta property=\"og:image:width\" content=\"1500\" \/>\n\t<meta property=\"og:image:height\" content=\"860\" \/>\n\t<meta property=\"og:image:type\" content=\"image\/jpeg\" \/>\n<meta name=\"author\" content=\"Marta Ivanu\u0161\" \/>\n<meta name=\"twitter:card\" content=\"summary_large_image\" \/>\n<meta name=\"twitter:creator\" content=\"@GoricaInfo\" \/>\n<meta name=\"twitter:site\" content=\"@GoricaInfo\" \/>\n<meta name=\"twitter:label1\" content=\"Written by\" \/>\n\t<meta name=\"twitter:data1\" content=\"Marta Ivanu\u0161\" \/>\n\t<meta name=\"twitter:label2\" content=\"Est. reading time\" \/>\n\t<meta name=\"twitter:data2\" content=\"3 minutes\" \/>\n<meta name=\"geo.placename\" content=\"Velika Gorica\" \/>\n<meta name=\"geo.region\" content=\"Croatia\" \/>\n<!-- \/ Yoast SEO Premium plugin. -->","yoast_head_json":{"title":"Juniorke PK Barbara osvojile tri medalje i plasman na Europsko prvenstvo - Gorica Info","description":"Juniorke PK Barbara osvojile su tri medalje na GRAND PRIX Dresden 2026. te osigurale nastup na Europskom prvenstvu ma\u017eoretkinja EMTA-e.","robots":{"index":"index","follow":"follow","max-snippet":"max-snippet:-1","max-image-preview":"max-image-preview:large","max-video-preview":"max-video-preview:-1"},"canonical":"https:\/\/gorica.info\/en\/juniorke-pk-barbara-osvojile-tri-medalje-i-plasman-na-europsko-prvenstvo\/","og_locale":"en_US","og_type":"article","og_title":"Juniorke PK Barbara osvojile tri medalje i plasman na Europsko prvenstvo","og_description":"Juniorke PK Barbara osvojile su tri medalje na GRAND PRIX Dresden 2026. te osigurale nastup na Europskom prvenstvu ma\u017eoretkinja EMTA-e.","og_url":"https:\/\/gorica.info\/en\/juniorke-pk-barbara-osvojile-tri-medalje-i-plasman-na-europsko-prvenstvo\/","og_site_name":"Gorica Info","article_publisher":"https:\/\/www.facebook.com\/Goricainfo-106005144489262","article_published_time":"2026-04-28T06:12:23+00:00","article_modified_time":"2026-04-28T06:14:13+00:00","og_image":[{"width":1500,"height":860,"url":"https:\/\/gorica.info\/wp-content\/uploads\/2026\/04\/pk-barbara-njemacka-1-e1777356739708.jpg","type":"image\/jpeg"}],"author":"Marta Ivanu\u0161","twitter_card":"summary_large_image","twitter_creator":"@GoricaInfo","twitter_site":"@GoricaInfo","twitter_misc":{"Written by":"Marta Ivanu\u0161","Est. reading time":"3 minutes"},"schema":{"@context":"https:\/\/schema.org","@graph":[{"@type":"NewsArticle","@id":"https:\/\/gorica.info\/juniorke-pk-barbara-osvojile-tri-medalje-i-plasman-na-europsko-prvenstvo\/#article","isPartOf":{"@id":"https:\/\/gorica.info\/juniorke-pk-barbara-osvojile-tri-medalje-i-plasman-na-europsko-prvenstvo\/"},"author":{"name":"Marta Ivanu\u0161","@id":"https:\/\/gorica.info\/#\/schema\/person\/e2053d495fcf159805e1a9aa5692ef15"},"headline":"Juniorke PK Barbara osvojile tri medalje i plasman na Europsko prvenstvo","datePublished":"2026-04-28T06:12:23+00:00","dateModified":"2026-04-28T06:14:13+00:00","mainEntityOfPage":{"@id":"https:\/\/gorica.info\/juniorke-pk-barbara-osvojile-tri-medalje-i-plasman-na-europsko-prvenstvo\/"},"wordCount":272,"publisher":{"@id":"https:\/\/gorica.info\/#organization"},"image":{"@id":"https:\/\/gorica.info\/juniorke-pk-barbara-osvojile-tri-medalje-i-plasman-na-europsko-prvenstvo\/#primaryimage"},"thumbnailUrl":"https:\/\/gorica.info\/wp-content\/uploads\/2026\/04\/pk-barbara-njemacka-1-e1777356739708.jpg","keywords":["Dresden 2026","EMTA","europsko prvenstvo","Hrvatska","juniorke","ma\u017eoretkinje","natjecanje","pk barbara","ples","pom pon","\u0161tap","vg sport","vg vijesti"],"articleSection":["SPORT"],"inLanguage":"en-US","copyrightYear":"2026","copyrightHolder":{"@id":"https:\/\/gorica.info\/en\/#organization"}},{"@type":"WebPage","@id":"https:\/\/gorica.info\/juniorke-pk-barbara-osvojile-tri-medalje-i-plasman-na-europsko-prvenstvo\/","url":"https:\/\/gorica.info\/juniorke-pk-barbara-osvojile-tri-medalje-i-plasman-na-europsko-prvenstvo\/","name":"Juniorke PK Barbara osvojile tri medalje i plasman na Europsko prvenstvo - Gorica Info","isPartOf":{"@id":"https:\/\/gorica.info\/#website"},"primaryImageOfPage":{"@id":"https:\/\/gorica.info\/juniorke-pk-barbara-osvojile-tri-medalje-i-plasman-na-europsko-prvenstvo\/#primaryimage"},"image":{"@id":"https:\/\/gorica.info\/juniorke-pk-barbara-osvojile-tri-medalje-i-plasman-na-europsko-prvenstvo\/#primaryimage"},"thumbnailUrl":"https:\/\/gorica.info\/wp-content\/uploads\/2026\/04\/pk-barbara-njemacka-1-e1777356739708.jpg","datePublished":"2026-04-28T06:12:23+00:00","dateModified":"2026-04-28T06:14:13+00:00","description":"Juniorke PK Barbara osvojile su tri medalje na GRAND PRIX Dresden 2026. te osigurale nastup na Europskom prvenstvu ma\u017eoretkinja EMTA-e.","breadcrumb":{"@id":"https:\/\/gorica.info\/juniorke-pk-barbara-osvojile-tri-medalje-i-plasman-na-europsko-prvenstvo\/#breadcrumb"},"inLanguage":"en-US","potentialAction":[{"@type":"ReadAction","target":["https:\/\/gorica.info\/juniorke-pk-barbara-osvojile-tri-medalje-i-plasman-na-europsko-prvenstvo\/"]}]},{"@type":"ImageObject","inLanguage":"en-US","@id":"https:\/\/gorica.info\/juniorke-pk-barbara-osvojile-tri-medalje-i-plasman-na-europsko-prvenstvo\/#primaryimage","url":"https:\/\/gorica.info\/wp-content\/uploads\/2026\/04\/pk-barbara-njemacka-1-e1777356739708.jpg","contentUrl":"https:\/\/gorica.info\/wp-content\/uploads\/2026\/04\/pk-barbara-njemacka-1-e1777356739708.jpg","width":1500,"height":860,"caption":"Foto: PK Barbara"},{"@type":"BreadcrumbList","@id":"https:\/\/gorica.info\/juniorke-pk-barbara-osvojile-tri-medalje-i-plasman-na-europsko-prvenstvo\/#breadcrumb","itemListElement":[{"@type":"ListItem","position":1,"name":"Po\u010detna stranica","item":"https:\/\/gorica.info\/"},{"@type":"ListItem","position":2,"name":"Juniorke PK Barbara osvojile tri medalje i plasman na Europsko prvenstvo"}]},{"@type":"WebSite","@id":"https:\/\/gorica.info\/#website","url":"https:\/\/gorica.info\/","name":"Gorica Info","description":"Vijesti iz Velike Gorice i okolice.","publisher":{"@id":"https:\/\/gorica.info\/#organization"},"potentialAction":[{"@type":"SearchAction","target":{"@type":"EntryPoint","urlTemplate":"https:\/\/gorica.info\/?s={search_term_string}"},"query-input":{"@type":"PropertyValueSpecification","valueRequired":true,"valueName":"search_term_string"}}],"inLanguage":"en-US"},{"@type":["Organization","Place","NewsMediaOrganization"],"@id":"https:\/\/gorica.info\/#organization","name":"Gorica Info","url":"https:\/\/gorica.info\/","logo":{"@id":"https:\/\/gorica.info\/juniorke-pk-barbara-osvojile-tri-medalje-i-plasman-na-europsko-prvenstvo\/#local-main-organization-logo"},"image":{"@id":"https:\/\/gorica.info\/juniorke-pk-barbara-osvojile-tri-medalje-i-plasman-na-europsko-prvenstvo\/#local-main-organization-logo"},"sameAs":["https:\/\/www.facebook.com\/Goricainfo-106005144489262","https:\/\/x.com\/GoricaInfo","https:\/\/www.instagram.com\/gorica.info\/"],"address":{"@id":"https:\/\/gorica.info\/juniorke-pk-barbara-osvojile-tri-medalje-i-plasman-na-europsko-prvenstvo\/#local-main-place-address"},"telephone":[],"openingHoursSpecification":[{"@type":"OpeningHoursSpecification","dayOfWeek":["Monday","Tuesday","Wednesday","Thursday","Friday","Saturday","Sunday"],"opens":"09:00","closes":"17:00"}],"email":"redakcija@gorica.info"},{"@type":"Person","@id":"https:\/\/gorica.info\/#\/schema\/person\/e2053d495fcf159805e1a9aa5692ef15","name":"Marta Ivanu\u0161","description":"Marta Ivanu\u0161 je studentica novinarstva, voli dru\u0161tvene mre\u017ee i digitalni marketing. Osim pisanja tekstova, zadu\u017eena je i za objave na dru\u0161tvenim mre\u017eama Gorice.info.","url":"https:\/\/gorica.info\/en\/author\/marta-ivanus\/"},{"@type":"PostalAddress","@id":"https:\/\/gorica.info\/juniorke-pk-barbara-osvojile-tri-medalje-i-plasman-na-europsko-prvenstvo\/#local-main-place-address","streetAddress":"Horvatova 97","addressLocality":"Velika Gorica","postalCode":"10410","addressRegion":"Croatia","addressCountry":"HR"},{"@type":"ImageObject","inLanguage":"en-US","@id":"https:\/\/gorica.info\/juniorke-pk-barbara-osvojile-tri-medalje-i-plasman-na-europsko-prvenstvo\/#local-main-organization-logo","url":"https:\/\/gorica.info\/wp-content\/uploads\/2024\/07\/Gorica-Info-Logo-mali.png","contentUrl":"https:\/\/gorica.info\/wp-content\/uploads\/2024\/07\/Gorica-Info-Logo-mali.png","width":450,"height":85,"caption":"Gorica Info"}]},"geo.placename":"Velika Gorica","geo.region":"Croatia"},"_links":{"self":[{"href":"https:\/\/gorica.info\/en\/wp-json\/wp\/v2\/posts\/107327","targetHints":{"allow":["GET"]}}],"collection":[{"href":"https:\/\/gorica.info\/en\/wp-json\/wp\/v2\/posts"}],"about":[{"href":"https:\/\/gorica.info\/en\/wp-json\/wp\/v2\/types\/post"}],"author":[{"embeddable":true,"href":"https:\/\/gorica.info\/en\/wp-json\/wp\/v2\/users\/32"}],"replies":[{"embeddable":true,"href":"https:\/\/gorica.info\/en\/wp-json\/wp\/v2\/comments?post=107327"}],"version-history":[{"count":2,"href":"https:\/\/gorica.info\/en\/wp-json\/wp\/v2\/posts\/107327\/revisions"}],"predecessor-version":[{"id":107333,"href":"https:\/\/gorica.info\/en\/wp-json\/wp\/v2\/posts\/107327\/revisions\/107333"}],"wp:featuredmedia":[{"embeddable":true,"href":"https:\/\/gorica.info\/en\/wp-json\/wp\/v2\/media\/107328"}],"wp:attachment":[{"href":"https:\/\/gorica.info\/en\/wp-json\/wp\/v2\/media?parent=107327"}],"wp:term":[{"taxonomy":"category","embeddable":true,"href":"https:\/\/gorica.info\/en\/wp-json\/wp\/v2\/categories?post=107327"},{"taxonomy":"post_tag","embeddable":true,"href":"https:\/\/gorica.info\/en\/wp-json\/wp\/v2\/tags?post=107327"}],"curies":[{"name":"wp","href":"https:\/\/api.w.org\/{rel}","templated":true}]}}