{"id":107347,"date":"2026-04-28T10:05:24","date_gmt":"2026-04-28T08:05:24","guid":{"rendered":"https:\/\/gorica.info\/?p=107347"},"modified":"2026-04-28T10:30:35","modified_gmt":"2026-04-28T08:30:35","slug":"nasilje-u-parku-maloljetnik-tesko-ozlijeden-ostrim-predmetom","status":"publish","type":"post","link":"https:\/\/gorica.info\/en\/nasilje-u-parku-maloljetnik-tesko-ozlijeden-ostrim-predmetom\/","title":{"rendered":"Nasilje u parku: Maloljetnik te\u0161ko ozlije\u0111en o\u0161trim predmetom"},"content":{"rendered":"<p><span style=\"font-size: 20px\"><strong>Te\u0161ke ozljede<\/strong> zadobio je tinejd\u017eer nakon <strong>sukoba s nepoznatom osobom<\/strong> u parku. Kako navode iz <a href=\"https:\/\/zagrebacka-policija.gov.hr\/vijesti\/pokusaj-ubojstva-106992\/106992\">policije<\/a>, <strong>poku\u0161aj ubojstva<\/strong> maloljetnika dogodio se u ponedjeljak oko 22.40 sati u zagreba\u010dkim Gajnicama, u Park 101. brigade Hrvatske vojske.\u00a0<\/span><\/p>\n<p><span style=\"font-size: 20px\">Tijekom fizi\u010dkog sukoba, <strong>napada\u010d je no\u017eem nanio<\/strong> te\u0161ke ozljede tinejd\u017eeru. Okolnosti koje su dovele do sukoba jo\u0161 uvijek nisu poznate, a motiv napada zasad nije utvr\u0111en.<\/span><\/p>\n<p><span style=\"font-size: 20px\">Ozlije\u0111enom maloljetniku hitno je pru\u017eena <strong>lije\u010dni\u010dka pomo\u0107<\/strong> u Klinika za dje\u010dje bolesti Zagreb, gdje su lije\u010dnici utvrdili da je rije\u010d o te\u0161kim tjelesnim ozljedama.<\/span><\/p>\n<p><span style=\"font-size: 20px\"><strong>Policija<\/strong> je pokrenula <a href=\"https:\/\/gorica.info\/en\/pijani-maloljetnik-bez-vozacke-dozvole-sletio-s-ceste-i-udario-u-most\/\">kriminalisti\u010dko istra\u017eivanje<\/a> s ciljem utvr\u0111ivanja svih okolnosti ovog doga\u0111aja. Intenzivno se radi na identifikaciji i pronalasku po\u010dinitelja. Iz policije apeliraju na gra\u0111ane koji imaju bilo kakve informacije da se jave nadle\u017enim slu\u017ebama.<\/span><\/p>","protected":false},"excerpt":{"rendered":"<p>Te\u0161ke ozljede zadobio je tinejd\u017eer nakon sukoba s nepoznatom osobom u parku. Kako navode iz policije, poku\u0161aj ubojstva maloljetnika dogodio se u ponedjeljak oko 22.40 sati u zagreba\u010dkim Gajnicama, u Park 101. brigade Hrvatske vojske.\u00a0 Tijekom fizi\u010dkog sukoba, napada\u010d je no\u017eem nanio te\u0161ke ozljede tinejd\u017eeru. Okolnosti koje su dovele do sukoba jo\u0161 uvijek nisu poznate, [&hellip;]<\/p>\n","protected":false},"author":24,"featured_media":107348,"comment_status":"closed","ping_status":"closed","sticky":false,"template":"","format":"standard","meta":{"limit_modified_date":"1","last_modified_date":"","jnews-multi-image_gallery":[],"jnews_single_post":{"format":"standard","override":[{"template":"3","parallax":"1","fullscreen":"1","layout":"right-sidebar","sidebar":"default-sidebar","second_sidebar":"default-sidebar","sticky_sidebar":"1","share_position":"top","share_float_style":"share-monocrhome","show_featured":"1","show_post_meta":"1","show_post_author":"1","show_post_author_image":"1","show_post_date":"1","post_date_format":"default","post_date_format_custom":"Y\/m\/d","show_post_category":"1","show_post_reading_time":"1","post_reading_time_wpm":"300","post_calculate_word_method":"str_word_count","zoom_button_out_step":"2","zoom_button_in_step":"3","show_post_tag":"1","show_popup_post":"1","show_comment_section":"1","number_popup_post":"1","show_post_related":"1"}],"image_override":[{"single_post_thumbnail_size":"crop-500","single_post_gallery_size":"crop-500"}],"trending_post_position":"meta","trending_post_label":"Trending","sponsored_post_label":"Sponsored by","disable_ad":"0","subtitle":"Okolnosti koje su dovele do sukoba jo\u0161 uvijek nisu poznate, a motiv napada zasad nije utvr\u0111en, rekli su iz policije"},"jnews_primary_category":[],"jnews_override_counter":{"view_counter_number":"0","share_counter_number":"0","like_counter_number":"0","dislike_counter_number":"0"},"footnotes":""},"categories":[96],"tags":[21689,5438,5876,25024,1999,25025,6539,3834,1598,288],"class_list":["post-107347","post","type-post","status-publish","format-standard","has-post-thumbnail","hentry","category-vijesti","tag-crna-kronika","tag-gajnice","tag-maloljetnik","tag-napad-u-parku","tag-nasilje","tag-park-101-brigade","tag-pokusaj-ubojstva","tag-policijska-istraga","tag-teske-ozljede","tag-zagreb"],"yoast_head":"<!-- This site is optimized with the Yoast SEO Premium plugin v27.4 (Yoast SEO v27.4) - https:\/\/yoast.com\/product\/yoast-seo-premium-wordpress\/ -->\n<title>Nasilje u parku: Maloljetnik te\u0161ko ozlije\u0111en o\u0161trim predmetom - Gorica Info<\/title>\n<meta name=\"description\" content=\"Maloljetnik je te\u0161ko ozlije\u0111en u napadu o\u0161trim predmetom u zagreba\u010dkim Gajnicama u parku. Policija provodi istragu i traga za po\u010diniteljem.\" \/>\n<meta name=\"robots\" content=\"index, follow, max-snippet:-1, max-image-preview:large, max-video-preview:-1\" \/>\n<link rel=\"canonical\" href=\"https:\/\/gorica.info\/en\/nasilje-u-parku-maloljetnik-tesko-ozlijeden-ostrim-predmetom\/\" \/>\n<meta property=\"og:locale\" content=\"en_US\" \/>\n<meta property=\"og:type\" content=\"article\" \/>\n<meta property=\"og:title\" content=\"Nasilje u parku: Maloljetnik te\u0161ko ozlije\u0111en o\u0161trim predmetom\" \/>\n<meta property=\"og:description\" content=\"Maloljetnik je te\u0161ko ozlije\u0111en u napadu o\u0161trim predmetom u zagreba\u010dkim Gajnicama u parku. Policija provodi istragu i traga za po\u010diniteljem.\" \/>\n<meta property=\"og:url\" content=\"https:\/\/gorica.info\/en\/nasilje-u-parku-maloljetnik-tesko-ozlijeden-ostrim-predmetom\/\" \/>\n<meta property=\"og:site_name\" content=\"Gorica Info\" \/>\n<meta property=\"article:publisher\" content=\"https:\/\/www.facebook.com\/Goricainfo-106005144489262\" \/>\n<meta property=\"article:published_time\" content=\"2026-04-28T08:05:24+00:00\" \/>\n<meta property=\"article:modified_time\" content=\"2026-04-28T08:30:35+00:00\" \/>\n<meta property=\"og:image\" content=\"https:\/\/gorica.info\/wp-content\/uploads\/2026\/04\/policija-automobili.jpg\" \/>\n\t<meta property=\"og:image:width\" content=\"750\" \/>\n\t<meta property=\"og:image:height\" content=\"500\" \/>\n\t<meta property=\"og:image:type\" content=\"image\/jpeg\" \/>\n<meta name=\"author\" content=\"Marija Stip\u010di\u0107\" \/>\n<meta name=\"twitter:card\" content=\"summary_large_image\" \/>\n<meta name=\"twitter:creator\" content=\"@GoricaInfo\" \/>\n<meta name=\"twitter:site\" content=\"@GoricaInfo\" \/>\n<meta name=\"twitter:label1\" content=\"Written by\" \/>\n\t<meta name=\"twitter:data1\" content=\"Marija Stip\u010di\u0107\" \/>\n\t<meta name=\"twitter:label2\" content=\"Est. reading time\" \/>\n\t<meta name=\"twitter:data2\" content=\"1 minute\" \/>\n<meta name=\"geo.placename\" content=\"Velika Gorica\" \/>\n<meta name=\"geo.region\" content=\"Croatia\" \/>\n<!-- \/ Yoast SEO Premium plugin. -->","yoast_head_json":{"title":"Nasilje u parku: Maloljetnik te\u0161ko ozlije\u0111en o\u0161trim predmetom - Gorica Info","description":"Maloljetnik je te\u0161ko ozlije\u0111en u napadu o\u0161trim predmetom u zagreba\u010dkim Gajnicama u parku. Policija provodi istragu i traga za po\u010diniteljem.","robots":{"index":"index","follow":"follow","max-snippet":"max-snippet:-1","max-image-preview":"max-image-preview:large","max-video-preview":"max-video-preview:-1"},"canonical":"https:\/\/gorica.info\/en\/nasilje-u-parku-maloljetnik-tesko-ozlijeden-ostrim-predmetom\/","og_locale":"en_US","og_type":"article","og_title":"Nasilje u parku: Maloljetnik te\u0161ko ozlije\u0111en o\u0161trim predmetom","og_description":"Maloljetnik je te\u0161ko ozlije\u0111en u napadu o\u0161trim predmetom u zagreba\u010dkim Gajnicama u parku. Policija provodi istragu i traga za po\u010diniteljem.","og_url":"https:\/\/gorica.info\/en\/nasilje-u-parku-maloljetnik-tesko-ozlijeden-ostrim-predmetom\/","og_site_name":"Gorica Info","article_publisher":"https:\/\/www.facebook.com\/Goricainfo-106005144489262","article_published_time":"2026-04-28T08:05:24+00:00","article_modified_time":"2026-04-28T08:30:35+00:00","og_image":[{"width":750,"height":500,"url":"https:\/\/gorica.info\/wp-content\/uploads\/2026\/04\/policija-automobili.jpg","type":"image\/jpeg"}],"author":"Marija Stip\u010di\u0107","twitter_card":"summary_large_image","twitter_creator":"@GoricaInfo","twitter_site":"@GoricaInfo","twitter_misc":{"Written by":"Marija Stip\u010di\u0107","Est. reading time":"1 minute"},"schema":{"@context":"https:\/\/schema.org","@graph":[{"@type":"NewsArticle","@id":"https:\/\/gorica.info\/nasilje-u-parku-maloljetnik-tesko-ozlijeden-ostrim-predmetom\/#article","isPartOf":{"@id":"https:\/\/gorica.info\/nasilje-u-parku-maloljetnik-tesko-ozlijeden-ostrim-predmetom\/"},"author":{"name":"Marija Stip\u010di\u0107","@id":"https:\/\/gorica.info\/#\/schema\/person\/9333bbb1dc58fe60ed05834f4e88dc63"},"headline":"Nasilje u parku: Maloljetnik te\u0161ko ozlije\u0111en o\u0161trim predmetom","datePublished":"2026-04-28T08:05:24+00:00","dateModified":"2026-04-28T08:30:35+00:00","mainEntityOfPage":{"@id":"https:\/\/gorica.info\/nasilje-u-parku-maloljetnik-tesko-ozlijeden-ostrim-predmetom\/"},"wordCount":153,"publisher":{"@id":"https:\/\/gorica.info\/#organization"},"image":{"@id":"https:\/\/gorica.info\/nasilje-u-parku-maloljetnik-tesko-ozlijeden-ostrim-predmetom\/#primaryimage"},"thumbnailUrl":"https:\/\/gorica.info\/wp-content\/uploads\/2026\/04\/policija-automobili.jpg","keywords":["crna kronika","gajnice","maloljetnik","napad u parku","nasilje","Park 101. brigade","poku\u0161aj ubojstva","policijska istraga","te\u0161ke ozljede","Zagreb"],"articleSection":["VIJESTI"],"inLanguage":"en-US","copyrightYear":"2026","copyrightHolder":{"@id":"https:\/\/gorica.info\/en\/#organization"}},{"@type":"WebPage","@id":"https:\/\/gorica.info\/nasilje-u-parku-maloljetnik-tesko-ozlijeden-ostrim-predmetom\/","url":"https:\/\/gorica.info\/nasilje-u-parku-maloljetnik-tesko-ozlijeden-ostrim-predmetom\/","name":"Nasilje u parku: Maloljetnik te\u0161ko ozlije\u0111en o\u0161trim predmetom - Gorica Info","isPartOf":{"@id":"https:\/\/gorica.info\/#website"},"primaryImageOfPage":{"@id":"https:\/\/gorica.info\/nasilje-u-parku-maloljetnik-tesko-ozlijeden-ostrim-predmetom\/#primaryimage"},"image":{"@id":"https:\/\/gorica.info\/nasilje-u-parku-maloljetnik-tesko-ozlijeden-ostrim-predmetom\/#primaryimage"},"thumbnailUrl":"https:\/\/gorica.info\/wp-content\/uploads\/2026\/04\/policija-automobili.jpg","datePublished":"2026-04-28T08:05:24+00:00","dateModified":"2026-04-28T08:30:35+00:00","description":"Maloljetnik je te\u0161ko ozlije\u0111en u napadu o\u0161trim predmetom u zagreba\u010dkim Gajnicama u parku. Policija provodi istragu i traga za po\u010diniteljem.","breadcrumb":{"@id":"https:\/\/gorica.info\/nasilje-u-parku-maloljetnik-tesko-ozlijeden-ostrim-predmetom\/#breadcrumb"},"inLanguage":"en-US","potentialAction":[{"@type":"ReadAction","target":["https:\/\/gorica.info\/nasilje-u-parku-maloljetnik-tesko-ozlijeden-ostrim-predmetom\/"]}]},{"@type":"ImageObject","inLanguage":"en-US","@id":"https:\/\/gorica.info\/nasilje-u-parku-maloljetnik-tesko-ozlijeden-ostrim-predmetom\/#primaryimage","url":"https:\/\/gorica.info\/wp-content\/uploads\/2026\/04\/policija-automobili.jpg","contentUrl":"https:\/\/gorica.info\/wp-content\/uploads\/2026\/04\/policija-automobili.jpg","width":750,"height":500,"caption":"u parku"},{"@type":"BreadcrumbList","@id":"https:\/\/gorica.info\/nasilje-u-parku-maloljetnik-tesko-ozlijeden-ostrim-predmetom\/#breadcrumb","itemListElement":[{"@type":"ListItem","position":1,"name":"Po\u010detna stranica","item":"https:\/\/gorica.info\/"},{"@type":"ListItem","position":2,"name":"Nasilje u parku: Maloljetnik te\u0161ko ozlije\u0111en o\u0161trim predmetom"}]},{"@type":"WebSite","@id":"https:\/\/gorica.info\/#website","url":"https:\/\/gorica.info\/","name":"Gorica Info","description":"Vijesti iz Velike Gorice i okolice.","publisher":{"@id":"https:\/\/gorica.info\/#organization"},"potentialAction":[{"@type":"SearchAction","target":{"@type":"EntryPoint","urlTemplate":"https:\/\/gorica.info\/?s={search_term_string}"},"query-input":{"@type":"PropertyValueSpecification","valueRequired":true,"valueName":"search_term_string"}}],"inLanguage":"en-US"},{"@type":["Organization","Place","NewsMediaOrganization"],"@id":"https:\/\/gorica.info\/#organization","name":"Gorica Info","url":"https:\/\/gorica.info\/","logo":{"@id":"https:\/\/gorica.info\/nasilje-u-parku-maloljetnik-tesko-ozlijeden-ostrim-predmetom\/#local-main-organization-logo"},"image":{"@id":"https:\/\/gorica.info\/nasilje-u-parku-maloljetnik-tesko-ozlijeden-ostrim-predmetom\/#local-main-organization-logo"},"sameAs":["https:\/\/www.facebook.com\/Goricainfo-106005144489262","https:\/\/x.com\/GoricaInfo","https:\/\/www.instagram.com\/gorica.info\/"],"address":{"@id":"https:\/\/gorica.info\/nasilje-u-parku-maloljetnik-tesko-ozlijeden-ostrim-predmetom\/#local-main-place-address"},"telephone":[],"openingHoursSpecification":[{"@type":"OpeningHoursSpecification","dayOfWeek":["Monday","Tuesday","Wednesday","Thursday","Friday","Saturday","Sunday"],"opens":"09:00","closes":"17:00"}],"email":"redakcija@gorica.info"},{"@type":"Person","@id":"https:\/\/gorica.info\/#\/schema\/person\/9333bbb1dc58fe60ed05834f4e88dc63","name":"Marija Stip\u010di\u0107","description":"Marija Stip\u010di\u0107 novinarske vje\u0161tine brusila je na portalu Gorica.info. Redovito pi\u0161e za rubrike Info, Gorica, \u017divot, Danas kuham.","url":"https:\/\/gorica.info\/en\/author\/marija-stipcic\/"},{"@type":"PostalAddress","@id":"https:\/\/gorica.info\/nasilje-u-parku-maloljetnik-tesko-ozlijeden-ostrim-predmetom\/#local-main-place-address","streetAddress":"Horvatova 97","addressLocality":"Velika Gorica","postalCode":"10410","addressRegion":"Croatia","addressCountry":"HR"},{"@type":"ImageObject","inLanguage":"en-US","@id":"https:\/\/gorica.info\/nasilje-u-parku-maloljetnik-tesko-ozlijeden-ostrim-predmetom\/#local-main-organization-logo","url":"https:\/\/gorica.info\/wp-content\/uploads\/2024\/07\/Gorica-Info-Logo-mali.png","contentUrl":"https:\/\/gorica.info\/wp-content\/uploads\/2024\/07\/Gorica-Info-Logo-mali.png","width":450,"height":85,"caption":"Gorica Info"}]},"geo.placename":"Velika Gorica","geo.region":"Croatia"},"_links":{"self":[{"href":"https:\/\/gorica.info\/en\/wp-json\/wp\/v2\/posts\/107347","targetHints":{"allow":["GET"]}}],"collection":[{"href":"https:\/\/gorica.info\/en\/wp-json\/wp\/v2\/posts"}],"about":[{"href":"https:\/\/gorica.info\/en\/wp-json\/wp\/v2\/types\/post"}],"author":[{"embeddable":true,"href":"https:\/\/gorica.info\/en\/wp-json\/wp\/v2\/users\/24"}],"replies":[{"embeddable":true,"href":"https:\/\/gorica.info\/en\/wp-json\/wp\/v2\/comments?post=107347"}],"version-history":[{"count":2,"href":"https:\/\/gorica.info\/en\/wp-json\/wp\/v2\/posts\/107347\/revisions"}],"predecessor-version":[{"id":107350,"href":"https:\/\/gorica.info\/en\/wp-json\/wp\/v2\/posts\/107347\/revisions\/107350"}],"wp:featuredmedia":[{"embeddable":true,"href":"https:\/\/gorica.info\/en\/wp-json\/wp\/v2\/media\/107348"}],"wp:attachment":[{"href":"https:\/\/gorica.info\/en\/wp-json\/wp\/v2\/media?parent=107347"}],"wp:term":[{"taxonomy":"category","embeddable":true,"href":"https:\/\/gorica.info\/en\/wp-json\/wp\/v2\/categories?post=107347"},{"taxonomy":"post_tag","embeddable":true,"href":"https:\/\/gorica.info\/en\/wp-json\/wp\/v2\/tags?post=107347"}],"curies":[{"name":"wp","href":"https:\/\/api.w.org\/{rel}","templated":true}]}}