{"id":107361,"date":"2026-04-30T09:25:20","date_gmt":"2026-04-30T07:25:20","guid":{"rendered":"https:\/\/gorica.info\/?p=107361"},"modified":"2026-04-29T08:17:26","modified_gmt":"2026-04-29T06:17:26","slug":"maticin-cetvrtak-predavanje-vladimira-starkelja-o-kud-u-micevec","status":"publish","type":"post","link":"https:\/\/gorica.info\/en\/maticin-cetvrtak-predavanje-vladimira-starkelja-o-kud-u-micevec\/","title":{"rendered":"Mati\u010din \u010detvrtak: Predavanje Vladimira \u0160tarkelja o KUD-u Mi\u010devec"},"content":{"rendered":"<p><span style=\"font-size: 20px\"><a href=\"https:\/\/matica-gorica.hr\/poziv-na-329-maticin-cetvrtak-predstavljanje-aktivnosti-kud-micevec\/\"><strong>Mati\u010din \u010detvrtak<\/strong> <\/a>ovaj tjedan posve\u0107en je <strong>KUD-u Mi\u010devec<\/strong>. U \u010detvrtak, 30. travnja od 19 sati u prostoru na \u0160etali\u0161te Franje Lu\u010di\u0107a br. 15 gostuje <strong>Vladimir \u0160tarkelj<\/strong> koji \u0107e predstaviti<strong><a href=\"https:\/\/www.facebook.com\/kud.micevec?locale=hr_HR\"> rad i djelovanje<\/a> KUD-a Mi\u010devec<\/strong>.<\/span><\/p>\n<p><span style=\"font-size: 20px\"><strong>Mi\u010devec ima dugu i bogatu povijest<\/strong> kulturno-umjetni\u010dkog djelovanja.<strong> Davne 1936.<\/strong> godine pjeva\u010dki zbor <strong>Ogranka Selja\u010dke sloge \u201eKlas\u201c<\/strong> iz Mi\u010devca nastupio je uu Zagrebu na selja\u010dkoj smotri zborova. Poslije 2. Svjetskog rata ponovno se aktivira, a od 1954. godine djeluje pod nazivom Kulturno-pjeva\u010dko dru\u0161tvo \u201eKlas\u201c. <\/span><\/p>\n<p><span style=\"font-size: 20px\">U tom razdoblju dru\u0161tvo nastupa na <strong>op\u0107inskoj smotri u Velikoj Gorici<\/strong> te s dramskom skupinom u Odri, Plesu, Novom \u010ci\u010du i Petru\u0161evcu, izvode\u0107i igrokaz \u201eHasanaginica\u201c. Nabavkom tambura\u0161kih instrumenata 1959. godine osniva se <strong>tambura\u0161ki zbor.<\/strong><\/span><\/p>\n<p><span style=\"font-size: 20px\">Nakon<strong> Domovinskog rata<\/strong>, a u sklopu ponovne dru\u0161tvene i kulturne obnove mjesta, pokrenuta je\u00a0 inicijativa za osnivanjem kulturno-umjetni\u010dkog dru\u0161tva kako bi se obnovila tradicija, zajedni\u0161tvo i kulturni \u017eivot Mi\u010devca.<\/span><\/p>\n<p><span style=\"font-size: 20px\">Osnivanje Kulturno-umjetni\u010dkog dru\u0161tva Mi\u010devec, koje i danas djeluje, inicirao je njegov dana\u0161nji predsjednik <strong>Vladimir \u0160tarkelj<\/strong>. KUD je osnovan 4. lipnja 1995. godine, a prvi predsjednik postaje <strong>Zdravko Cagani\u0107<\/strong>. <\/span><\/p>\n<blockquote><p><span style=\"font-size: 20px\">Osnovna djelatnost Dru\u0161tva jest o\u010duvanje folklorne tradicije Turopolja, ali i ostalih dijelova Republike Hrvatske. <\/span><\/p><\/blockquote>\n<p><span style=\"font-size: 20px\">Uz <a href=\"https:\/\/gorica.info\/en\/kud-micevec-u-budimpesti-predstavio-bogatstvo-hrvatskog-folklora\/\">folklorni repertoar<\/a>, njeguje se i starogradska pjesma i ples. Do sada su objavili\u00a0 vi\u0161e knjiga: Mi\u010devec, Etno Mi\u010devec, \u010cuvari kulturne ba\u0161tine Turopolja, zbirke pjesama \u017divi\u0161 u nama, 5 nosa\u010da zvuka, te 4\u00a0 kratkometra\u017ena dokumentarna filma: Turopoljska razglednica, Turopoljska podgutnica, August i Slavica \u0160enoa i \u010cuvari kulturne ba\u0161tine Turopolja.<\/span><\/p>","protected":false},"excerpt":{"rendered":"<p>Mati\u010din \u010detvrtak ovaj tjedan posve\u0107en je KUD-u Mi\u010devec. U \u010detvrtak, 30. travnja od 19 sati u prostoru na \u0160etali\u0161te Franje Lu\u010di\u0107a br. 15 gostuje Vladimir \u0160tarkelj koji \u0107e predstaviti rad i djelovanje KUD-a Mi\u010devec. Mi\u010devec ima dugu i bogatu povijest kulturno-umjetni\u010dkog djelovanja. Davne 1936. godine pjeva\u010dki zbor Ogranka Selja\u010dke sloge \u201eKlas\u201c iz Mi\u010devca nastupio je [&hellip;]<\/p>\n","protected":false},"author":32,"featured_media":107362,"comment_status":"closed","ping_status":"closed","sticky":false,"template":"","format":"standard","meta":{"limit_modified_date":"1","last_modified_date":"","jnews-multi-image_gallery":[],"jnews_single_post":{"format":"standard","override":[{"template":"3","parallax":"1","fullscreen":"1","layout":"right-sidebar","sidebar":"default-sidebar","second_sidebar":"default-sidebar","sticky_sidebar":"1","share_position":"top","share_float_style":"share-monocrhome","show_featured":"1","show_post_meta":"1","show_post_author":"1","show_post_author_image":"1","show_post_date":"1","post_date_format":"default","post_date_format_custom":"Y\/m\/d","show_post_category":"1","show_post_reading_time":"1","post_reading_time_wpm":"300","post_calculate_word_method":"str_word_count","zoom_button_out_step":"2","zoom_button_in_step":"3","show_post_tag":"1","show_popup_post":"1","show_comment_section":"1","number_popup_post":"1","show_post_related":"1"}],"image_override":[{"single_post_thumbnail_size":"crop-500","single_post_gallery_size":"crop-500"}],"trending_post_position":"meta","trending_post_label":"Trending","sponsored_post_label":"Sponsored by","disable_ad":"0","subtitle":"U \u010detvrtak, 30. travnja od 19 sati u prostoru na \u0160etali\u0161te Franje Lu\u010di\u0107a br. 15 gostuje Vladimir \u0160tarkelj koji \u0107e predstaviti rad i djelovanje KUD-a Mi\u010devec"},"jnews_primary_category":[],"jnews_override_counter":{"view_counter_number":"0","share_counter_number":"0","like_counter_number":"0","dislike_counter_number":"0"},"footnotes":""},"categories":[84],"tags":[25037,25034,12520,24903,25035,3259,25038,25033,25036,24127,24109,22686,15554,9237],"class_list":["post-107361","post","type-post","status-publish","format-standard","has-post-thumbnail","hentry","category-kultura","tag-folklor-hrvatska","tag-folklorni-repertoar","tag-kud-micevec","tag-kulturna-bastina-turopolja","tag-kulturno-umjetnicko-drustvo-micevec","tag-maticin-cetvrtak","tag-starogradska-pjesma","tag-tamburaski-zbor","tag-tradicija-micevca","tag-turopolje-folklor","tag-velika-gorica-kultura","tag-vg-info","tag-vg-vijesti","tag-vladimir-starkelj"],"yoast_head":"<!-- This site is optimized with the Yoast SEO Premium plugin v27.5 (Yoast SEO v27.5) - https:\/\/yoast.com\/product\/yoast-seo-premium-wordpress\/ -->\n<title>Mati\u010din \u010detvrtak: Predavanje Vladimira \u0160tarkelja o KUD-u Mi\u010devec - Gorica Info<\/title>\n<meta name=\"description\" content=\"Mati\u010din \u010detvrtak donosi predstavljanje KUD-a Mi\u010devec uz Vladimira \u0160tarkelja. Saznajte vi\u0161e o bogatoj povijesti, folkloru i o\u010duvanju ba\u0161tine.\" \/>\n<meta name=\"robots\" content=\"index, follow, max-snippet:-1, max-image-preview:large, max-video-preview:-1\" \/>\n<link rel=\"canonical\" href=\"https:\/\/gorica.info\/en\/maticin-cetvrtak-predavanje-vladimira-starkelja-o-kud-u-micevec\/\" \/>\n<meta property=\"og:locale\" content=\"en_US\" \/>\n<meta property=\"og:type\" content=\"article\" \/>\n<meta property=\"og:title\" content=\"Mati\u010din \u010detvrtak: Predavanje Vladimira \u0160tarkelja o KUD-u Mi\u010devec\" \/>\n<meta property=\"og:description\" content=\"Mati\u010din \u010detvrtak donosi predstavljanje KUD-a Mi\u010devec uz Vladimira \u0160tarkelja. Saznajte vi\u0161e o bogatoj povijesti, folkloru i o\u010duvanju ba\u0161tine.\" \/>\n<meta property=\"og:url\" content=\"https:\/\/gorica.info\/en\/maticin-cetvrtak-predavanje-vladimira-starkelja-o-kud-u-micevec\/\" \/>\n<meta property=\"og:site_name\" content=\"Gorica Info\" \/>\n<meta property=\"article:publisher\" content=\"https:\/\/www.facebook.com\/Goricainfo-106005144489262\" \/>\n<meta property=\"article:published_time\" content=\"2026-04-30T07:25:20+00:00\" \/>\n<meta property=\"og:image\" content=\"https:\/\/gorica.info\/wp-content\/uploads\/2026\/04\/kud-micevec-foto-fb.jpg\" \/>\n\t<meta property=\"og:image:width\" content=\"1500\" \/>\n\t<meta property=\"og:image:height\" content=\"1125\" \/>\n\t<meta property=\"og:image:type\" content=\"image\/jpeg\" \/>\n<meta name=\"author\" content=\"Marta Ivanu\u0161\" \/>\n<meta name=\"twitter:card\" content=\"summary_large_image\" \/>\n<meta name=\"twitter:creator\" content=\"@GoricaInfo\" \/>\n<meta name=\"twitter:site\" content=\"@GoricaInfo\" \/>\n<meta name=\"twitter:label1\" content=\"Written by\" \/>\n\t<meta name=\"twitter:data1\" content=\"Marta Ivanu\u0161\" \/>\n\t<meta name=\"twitter:label2\" content=\"Est. reading time\" \/>\n\t<meta name=\"twitter:data2\" content=\"2 minutes\" \/>\n<meta name=\"geo.placename\" content=\"Velika Gorica\" \/>\n<meta name=\"geo.region\" content=\"Croatia\" \/>\n<!-- \/ Yoast SEO Premium plugin. -->","yoast_head_json":{"title":"Mati\u010din \u010detvrtak: Predavanje Vladimira \u0160tarkelja o KUD-u Mi\u010devec - Gorica Info","description":"Mati\u010din \u010detvrtak donosi predstavljanje KUD-a Mi\u010devec uz Vladimira \u0160tarkelja. Saznajte vi\u0161e o bogatoj povijesti, folkloru i o\u010duvanju ba\u0161tine.","robots":{"index":"index","follow":"follow","max-snippet":"max-snippet:-1","max-image-preview":"max-image-preview:large","max-video-preview":"max-video-preview:-1"},"canonical":"https:\/\/gorica.info\/en\/maticin-cetvrtak-predavanje-vladimira-starkelja-o-kud-u-micevec\/","og_locale":"en_US","og_type":"article","og_title":"Mati\u010din \u010detvrtak: Predavanje Vladimira \u0160tarkelja o KUD-u Mi\u010devec","og_description":"Mati\u010din \u010detvrtak donosi predstavljanje KUD-a Mi\u010devec uz Vladimira \u0160tarkelja. Saznajte vi\u0161e o bogatoj povijesti, folkloru i o\u010duvanju ba\u0161tine.","og_url":"https:\/\/gorica.info\/en\/maticin-cetvrtak-predavanje-vladimira-starkelja-o-kud-u-micevec\/","og_site_name":"Gorica Info","article_publisher":"https:\/\/www.facebook.com\/Goricainfo-106005144489262","article_published_time":"2026-04-30T07:25:20+00:00","og_image":[{"width":1500,"height":1125,"url":"https:\/\/gorica.info\/wp-content\/uploads\/2026\/04\/kud-micevec-foto-fb.jpg","type":"image\/jpeg"}],"author":"Marta Ivanu\u0161","twitter_card":"summary_large_image","twitter_creator":"@GoricaInfo","twitter_site":"@GoricaInfo","twitter_misc":{"Written by":"Marta Ivanu\u0161","Est. reading time":"2 minutes"},"schema":{"@context":"https:\/\/schema.org","@graph":[{"@type":"NewsArticle","@id":"https:\/\/gorica.info\/maticin-cetvrtak-predavanje-vladimira-starkelja-o-kud-u-micevec\/#article","isPartOf":{"@id":"https:\/\/gorica.info\/maticin-cetvrtak-predavanje-vladimira-starkelja-o-kud-u-micevec\/"},"author":{"name":"Marta Ivanu\u0161","@id":"https:\/\/gorica.info\/#\/schema\/person\/e2053d495fcf159805e1a9aa5692ef15"},"headline":"Mati\u010din \u010detvrtak: Predavanje Vladimira \u0160tarkelja o KUD-u Mi\u010devec","datePublished":"2026-04-30T07:25:20+00:00","mainEntityOfPage":{"@id":"https:\/\/gorica.info\/maticin-cetvrtak-predavanje-vladimira-starkelja-o-kud-u-micevec\/"},"wordCount":271,"publisher":{"@id":"https:\/\/gorica.info\/#organization"},"image":{"@id":"https:\/\/gorica.info\/maticin-cetvrtak-predavanje-vladimira-starkelja-o-kud-u-micevec\/#primaryimage"},"thumbnailUrl":"https:\/\/gorica.info\/wp-content\/uploads\/2026\/04\/kud-micevec-foto-fb.jpg","keywords":["folklor Hrvatska","folklorni repertoar","kud mi\u010devec","kulturna ba\u0161tina Turopolja","kulturno-umjetni\u010dko dru\u0161tvo Mi\u010devec","Mati\u010din \u010detvrtak","starogradska pjesma","tambura\u0161ki zbor","tradicija Mi\u010devca","Turopolje folklor","Velika Gorica kultura","vg info","vg vijesti","vladimir \u0161tarkelj"],"articleSection":["KULTURA"],"inLanguage":"en-US","copyrightYear":"2026","copyrightHolder":{"@id":"https:\/\/gorica.info\/en\/#organization"}},{"@type":"WebPage","@id":"https:\/\/gorica.info\/maticin-cetvrtak-predavanje-vladimira-starkelja-o-kud-u-micevec\/","url":"https:\/\/gorica.info\/maticin-cetvrtak-predavanje-vladimira-starkelja-o-kud-u-micevec\/","name":"Mati\u010din \u010detvrtak: Predavanje Vladimira \u0160tarkelja o KUD-u Mi\u010devec - Gorica Info","isPartOf":{"@id":"https:\/\/gorica.info\/#website"},"primaryImageOfPage":{"@id":"https:\/\/gorica.info\/maticin-cetvrtak-predavanje-vladimira-starkelja-o-kud-u-micevec\/#primaryimage"},"image":{"@id":"https:\/\/gorica.info\/maticin-cetvrtak-predavanje-vladimira-starkelja-o-kud-u-micevec\/#primaryimage"},"thumbnailUrl":"https:\/\/gorica.info\/wp-content\/uploads\/2026\/04\/kud-micevec-foto-fb.jpg","datePublished":"2026-04-30T07:25:20+00:00","description":"Mati\u010din \u010detvrtak donosi predstavljanje KUD-a Mi\u010devec uz Vladimira \u0160tarkelja. Saznajte vi\u0161e o bogatoj povijesti, folkloru i o\u010duvanju ba\u0161tine.","breadcrumb":{"@id":"https:\/\/gorica.info\/maticin-cetvrtak-predavanje-vladimira-starkelja-o-kud-u-micevec\/#breadcrumb"},"inLanguage":"en-US","potentialAction":[{"@type":"ReadAction","target":["https:\/\/gorica.info\/maticin-cetvrtak-predavanje-vladimira-starkelja-o-kud-u-micevec\/"]}]},{"@type":"ImageObject","inLanguage":"en-US","@id":"https:\/\/gorica.info\/maticin-cetvrtak-predavanje-vladimira-starkelja-o-kud-u-micevec\/#primaryimage","url":"https:\/\/gorica.info\/wp-content\/uploads\/2026\/04\/kud-micevec-foto-fb.jpg","contentUrl":"https:\/\/gorica.info\/wp-content\/uploads\/2026\/04\/kud-micevec-foto-fb.jpg","width":1500,"height":1125,"caption":"Foto: KUD Mi\u010devec"},{"@type":"BreadcrumbList","@id":"https:\/\/gorica.info\/maticin-cetvrtak-predavanje-vladimira-starkelja-o-kud-u-micevec\/#breadcrumb","itemListElement":[{"@type":"ListItem","position":1,"name":"Po\u010detna stranica","item":"https:\/\/gorica.info\/"},{"@type":"ListItem","position":2,"name":"Mati\u010din \u010detvrtak: Predavanje Vladimira \u0160tarkelja o KUD-u Mi\u010devec"}]},{"@type":"WebSite","@id":"https:\/\/gorica.info\/#website","url":"https:\/\/gorica.info\/","name":"Gorica Info","description":"Vijesti iz Velike Gorice i okolice.","publisher":{"@id":"https:\/\/gorica.info\/#organization"},"potentialAction":[{"@type":"SearchAction","target":{"@type":"EntryPoint","urlTemplate":"https:\/\/gorica.info\/?s={search_term_string}"},"query-input":{"@type":"PropertyValueSpecification","valueRequired":true,"valueName":"search_term_string"}}],"inLanguage":"en-US"},{"@type":["Organization","Place","NewsMediaOrganization"],"@id":"https:\/\/gorica.info\/#organization","name":"Gorica Info","url":"https:\/\/gorica.info\/","logo":{"@id":"https:\/\/gorica.info\/maticin-cetvrtak-predavanje-vladimira-starkelja-o-kud-u-micevec\/#local-main-organization-logo"},"image":{"@id":"https:\/\/gorica.info\/maticin-cetvrtak-predavanje-vladimira-starkelja-o-kud-u-micevec\/#local-main-organization-logo"},"sameAs":["https:\/\/www.facebook.com\/Goricainfo-106005144489262","https:\/\/x.com\/GoricaInfo","https:\/\/www.instagram.com\/gorica.info\/"],"address":{"@id":"https:\/\/gorica.info\/maticin-cetvrtak-predavanje-vladimira-starkelja-o-kud-u-micevec\/#local-main-place-address"},"telephone":[],"openingHoursSpecification":[{"@type":"OpeningHoursSpecification","dayOfWeek":["Monday","Tuesday","Wednesday","Thursday","Friday","Saturday","Sunday"],"opens":"09:00","closes":"17:00"}],"email":"redakcija@gorica.info"},{"@type":"Person","@id":"https:\/\/gorica.info\/#\/schema\/person\/e2053d495fcf159805e1a9aa5692ef15","name":"Marta Ivanu\u0161","description":"Marta Ivanu\u0161 je studentica novinarstva, voli dru\u0161tvene mre\u017ee i digitalni marketing. Osim pisanja tekstova, zadu\u017eena je i za objave na dru\u0161tvenim mre\u017eama Gorice.info.","url":"https:\/\/gorica.info\/en\/author\/marta-ivanus\/"},{"@type":"PostalAddress","@id":"https:\/\/gorica.info\/maticin-cetvrtak-predavanje-vladimira-starkelja-o-kud-u-micevec\/#local-main-place-address","streetAddress":"Horvatova 97","addressLocality":"Velika Gorica","postalCode":"10410","addressRegion":"Croatia","addressCountry":"HR"},{"@type":"ImageObject","inLanguage":"en-US","@id":"https:\/\/gorica.info\/maticin-cetvrtak-predavanje-vladimira-starkelja-o-kud-u-micevec\/#local-main-organization-logo","url":"https:\/\/gorica.info\/wp-content\/uploads\/2024\/07\/Gorica-Info-Logo-mali.png","contentUrl":"https:\/\/gorica.info\/wp-content\/uploads\/2024\/07\/Gorica-Info-Logo-mali.png","width":450,"height":85,"caption":"Gorica Info"}]},"geo.placename":"Velika Gorica","geo.region":"Croatia"},"_links":{"self":[{"href":"https:\/\/gorica.info\/en\/wp-json\/wp\/v2\/posts\/107361","targetHints":{"allow":["GET"]}}],"collection":[{"href":"https:\/\/gorica.info\/en\/wp-json\/wp\/v2\/posts"}],"about":[{"href":"https:\/\/gorica.info\/en\/wp-json\/wp\/v2\/types\/post"}],"author":[{"embeddable":true,"href":"https:\/\/gorica.info\/en\/wp-json\/wp\/v2\/users\/32"}],"replies":[{"embeddable":true,"href":"https:\/\/gorica.info\/en\/wp-json\/wp\/v2\/comments?post=107361"}],"version-history":[{"count":4,"href":"https:\/\/gorica.info\/en\/wp-json\/wp\/v2\/posts\/107361\/revisions"}],"predecessor-version":[{"id":107364,"href":"https:\/\/gorica.info\/en\/wp-json\/wp\/v2\/posts\/107361\/revisions\/107364"}],"wp:featuredmedia":[{"embeddable":true,"href":"https:\/\/gorica.info\/en\/wp-json\/wp\/v2\/media\/107362"}],"wp:attachment":[{"href":"https:\/\/gorica.info\/en\/wp-json\/wp\/v2\/media?parent=107361"}],"wp:term":[{"taxonomy":"category","embeddable":true,"href":"https:\/\/gorica.info\/en\/wp-json\/wp\/v2\/categories?post=107361"},{"taxonomy":"post_tag","embeddable":true,"href":"https:\/\/gorica.info\/en\/wp-json\/wp\/v2\/tags?post=107361"}],"curies":[{"name":"wp","href":"https:\/\/api.w.org\/{rel}","templated":true}]}}