{"id":107371,"date":"2026-04-29T11:47:37","date_gmt":"2026-04-29T09:47:37","guid":{"rendered":"https:\/\/gorica.info\/?p=107371"},"modified":"2026-04-29T11:48:24","modified_gmt":"2026-04-29T09:48:24","slug":"velika-akcija-ciscenja-suma-u-gudcima-poziv-volonterima-da-se-prikljuce","status":"publish","type":"post","link":"https:\/\/gorica.info\/en\/velika-akcija-ciscenja-suma-u-gudcima-poziv-volonterima-da-se-prikljuce\/","title":{"rendered":"Velika akcija \u010di\u0161\u0107enja \u0161uma u Gudcima: Poziv volonterima da se priklju\u010de"},"content":{"rendered":"<p><span style=\"font-size: 20px\"><strong>Udruga Mje\u0161tana Gudci i Mjesni odbor Gudci<\/strong> organiziraju <strong>veliku akciju \u010di\u0161\u0107enja<\/strong> \u0161umskih povr\u0161ina na podru\u010dju mjesta, koja \u0107e se odr\u017eati u subotu, 16. svibnja. Okupljanje sudionika planirano je u 8 sati ispred Dru\u0161tvenog doma u Gudcima, odakle \u0107e volonteri krenuti u zajedni\u010dku akciju ure\u0111enja okoli\u0161a.<\/span><\/p>\n<p><span style=\"font-size: 20px\">Cilj ove inicijative je uklanjanje otpada iz \u0161uma te o\u010duvanje prirodnih ljepota koje <a href=\"https:\/\/gorica.info\/en\/drvored-srcekovaca-posaden-u-gudcima-za-djecu-s-prirodenim-srcanim-greskama\/\">Gudci<\/a> okru\u017euju. <\/span><\/p>\n<blockquote><p><span style=\"font-size: 20px\">Organizatori isti\u010du kako je rije\u010d o va\u017enom koraku prema podizanju svijesti o o\u010duvanju okoli\u0161a, ali i prilici za zajedni\u010dko dru\u017eenje i ja\u010danje lokalne zajednice.<\/span><\/p><\/blockquote>\n<p><span style=\"font-size: 20px\">Poziv je upu\u0107en<strong> svim mje\u0161tanima<\/strong>, bez obzira na dob, da se priklju\u010de akciji i svojim doprinosom pomognu u stvaranju<strong> \u010di\u0161\u0107eg i urednijeg mjesta<\/strong> za \u017eivot. Svaka ruka je dobrodo\u0161la, poru\u010duju organizatori, nagla\u0161avaju\u0107i kako i mali doprinos pojedinca mo\u017ee imati veliki utjecaj na okoli\u0161.<\/span><\/p>\n<p><span style=\"font-size: 20px\">Osim <strong>ekolo\u0161kog zna\u010daja<\/strong>, ovakve akcije doprinose i ja\u010danju zajedni\u0161tva me\u0111u stanovnicima, stvaraju\u0107i osje\u0107aj odgovornosti prema prostoru u kojem \u017eive. Upravo kroz ovakve inicijative Gudci pokazuju primjer<strong> brige za prirodu i lokalnu zajednicu.<\/strong><\/span><\/p>\n<p><span style=\"font-size: 20px\"><a href=\"https:\/\/www.facebook.com\/profile.php?id=61580148243371&amp;locale=hr_HR\">Organizatori<\/a> su ujedno izrazili zahvalnost \u0160umariji Velika Gorica, Gradu Velika Gorica i Lova\u010dkom dru\u0161tvu Zvonimir na podr\u0161ci i pomo\u0107i u realizaciji ove akcije.<\/span><\/p>","protected":false},"excerpt":{"rendered":"<p>Udruga Mje\u0161tana Gudci i Mjesni odbor Gudci organiziraju veliku akciju \u010di\u0161\u0107enja \u0161umskih povr\u0161ina na podru\u010dju mjesta, koja \u0107e se odr\u017eati u subotu, 16. svibnja. Okupljanje sudionika planirano je u 8 sati ispred Dru\u0161tvenog doma u Gudcima, odakle \u0107e volonteri krenuti u zajedni\u010dku akciju ure\u0111enja okoli\u0161a. Cilj ove inicijative je uklanjanje otpada iz \u0161uma te o\u010duvanje [&hellip;]<\/p>\n","protected":false},"author":32,"featured_media":107372,"comment_status":"closed","ping_status":"closed","sticky":false,"template":"","format":"standard","meta":{"limit_modified_date":"1","last_modified_date":"","jnews-multi-image_gallery":[],"jnews_single_post":{"format":"standard","override":[{"template":"3","parallax":"1","fullscreen":"1","layout":"right-sidebar","sidebar":"default-sidebar","second_sidebar":"default-sidebar","sticky_sidebar":"1","share_position":"top","share_float_style":"share-monocrhome","show_featured":"1","show_post_meta":"1","show_post_author":"1","show_post_author_image":"1","show_post_date":"1","post_date_format":"default","post_date_format_custom":"Y\/m\/d","show_post_category":"1","show_post_reading_time":"1","post_reading_time_wpm":"300","post_calculate_word_method":"str_word_count","zoom_button_out_step":"2","zoom_button_in_step":"3","show_post_tag":"1","show_popup_post":"1","show_comment_section":"1","number_popup_post":"1","show_post_related":"1"}],"image_override":[{"single_post_thumbnail_size":"crop-500","single_post_gallery_size":"crop-500"}],"trending_post_position":"meta","trending_post_label":"Trending","sponsored_post_label":"Sponsored by","disable_ad":"0","subtitle":"Akcija \u0107e se odr\u017eati u subotu, 16. svibnja \/\/\/ Okupljanje sudionika planirano je u 8 sati ispred Dru\u0161tvenog doma u Gudcima \/\/\/"},"jnews_primary_category":[],"jnews_override_counter":{"view_counter_number":"0","share_counter_number":"0","like_counter_number":"0","dislike_counter_number":"0"},"footnotes":""},"categories":[87],"tags":[3857,25041,6326,8935,25042,5667,24583,122,20833,5090],"class_list":["post-107371","post","type-post","status-publish","format-standard","has-post-thumbnail","hentry","category-gorica","tag-akcija-ciscenja","tag-ciscenje-suma","tag-ekologija","tag-gudci","tag-mjesni-odbor-gudci","tag-okolis","tag-udruga-mjestana-gudci","tag-velika-gorica","tag-volonterska-akcija","tag-zastita-prirode"],"yoast_head":"<!-- This site is optimized with the Yoast SEO Premium plugin v27.5 (Yoast SEO v27.5) - https:\/\/yoast.com\/product\/yoast-seo-premium-wordpress\/ -->\n<title>Velika akcija \u010di\u0161\u0107enja \u0161uma u Gudcima: Poziv volonterima da se priklju\u010de - Gorica Info<\/title>\n<meta name=\"description\" content=\"Udruga Mje\u0161tana Gudci i Mjesni odbor Gudci organiziraju akciju \u010di\u0161\u0107enja \u0161uma 16. svibnja. Pridru\u017eite se i pomozite o\u010duvanju prirode.\" \/>\n<meta name=\"robots\" content=\"index, follow, max-snippet:-1, max-image-preview:large, max-video-preview:-1\" \/>\n<link rel=\"canonical\" href=\"https:\/\/gorica.info\/en\/velika-akcija-ciscenja-suma-u-gudcima-poziv-volonterima-da-se-prikljuce\/\" \/>\n<meta property=\"og:locale\" content=\"en_US\" \/>\n<meta property=\"og:type\" content=\"article\" \/>\n<meta property=\"og:title\" content=\"Velika akcija \u010di\u0161\u0107enja \u0161uma u Gudcima: Poziv volonterima da se priklju\u010de\" \/>\n<meta property=\"og:description\" content=\"Udruga Mje\u0161tana Gudci i Mjesni odbor Gudci organiziraju akciju \u010di\u0161\u0107enja \u0161uma 16. svibnja. Pridru\u017eite se i pomozite o\u010duvanju prirode.\" \/>\n<meta property=\"og:url\" content=\"https:\/\/gorica.info\/en\/velika-akcija-ciscenja-suma-u-gudcima-poziv-volonterima-da-se-prikljuce\/\" \/>\n<meta property=\"og:site_name\" content=\"Gorica Info\" \/>\n<meta property=\"article:publisher\" content=\"https:\/\/www.facebook.com\/Goricainfo-106005144489262\" \/>\n<meta property=\"article:published_time\" content=\"2026-04-29T09:47:37+00:00\" \/>\n<meta property=\"article:modified_time\" content=\"2026-04-29T09:48:24+00:00\" \/>\n<meta property=\"og:image\" content=\"https:\/\/gorica.info\/wp-content\/uploads\/2026\/04\/akcija-ciscenja-suma-gudci.jpg\" \/>\n\t<meta property=\"og:image:width\" content=\"1500\" \/>\n\t<meta property=\"og:image:height\" content=\"693\" \/>\n\t<meta property=\"og:image:type\" content=\"image\/jpeg\" \/>\n<meta name=\"author\" content=\"Marta Ivanu\u0161\" \/>\n<meta name=\"twitter:card\" content=\"summary_large_image\" \/>\n<meta name=\"twitter:creator\" content=\"@GoricaInfo\" \/>\n<meta name=\"twitter:site\" content=\"@GoricaInfo\" \/>\n<meta name=\"twitter:label1\" content=\"Written by\" \/>\n\t<meta name=\"twitter:data1\" content=\"Marta Ivanu\u0161\" \/>\n\t<meta name=\"twitter:label2\" content=\"Est. reading time\" \/>\n\t<meta name=\"twitter:data2\" content=\"2 minutes\" \/>\n<meta name=\"geo.placename\" content=\"Velika Gorica\" \/>\n<meta name=\"geo.region\" content=\"Croatia\" \/>\n<!-- \/ Yoast SEO Premium plugin. -->","yoast_head_json":{"title":"Velika akcija \u010di\u0161\u0107enja \u0161uma u Gudcima: Poziv volonterima da se priklju\u010de - Gorica Info","description":"Udruga Mje\u0161tana Gudci i Mjesni odbor Gudci organiziraju akciju \u010di\u0161\u0107enja \u0161uma 16. svibnja. Pridru\u017eite se i pomozite o\u010duvanju prirode.","robots":{"index":"index","follow":"follow","max-snippet":"max-snippet:-1","max-image-preview":"max-image-preview:large","max-video-preview":"max-video-preview:-1"},"canonical":"https:\/\/gorica.info\/en\/velika-akcija-ciscenja-suma-u-gudcima-poziv-volonterima-da-se-prikljuce\/","og_locale":"en_US","og_type":"article","og_title":"Velika akcija \u010di\u0161\u0107enja \u0161uma u Gudcima: Poziv volonterima da se priklju\u010de","og_description":"Udruga Mje\u0161tana Gudci i Mjesni odbor Gudci organiziraju akciju \u010di\u0161\u0107enja \u0161uma 16. svibnja. Pridru\u017eite se i pomozite o\u010duvanju prirode.","og_url":"https:\/\/gorica.info\/en\/velika-akcija-ciscenja-suma-u-gudcima-poziv-volonterima-da-se-prikljuce\/","og_site_name":"Gorica Info","article_publisher":"https:\/\/www.facebook.com\/Goricainfo-106005144489262","article_published_time":"2026-04-29T09:47:37+00:00","article_modified_time":"2026-04-29T09:48:24+00:00","og_image":[{"width":1500,"height":693,"url":"https:\/\/gorica.info\/wp-content\/uploads\/2026\/04\/akcija-ciscenja-suma-gudci.jpg","type":"image\/jpeg"}],"author":"Marta Ivanu\u0161","twitter_card":"summary_large_image","twitter_creator":"@GoricaInfo","twitter_site":"@GoricaInfo","twitter_misc":{"Written by":"Marta Ivanu\u0161","Est. reading time":"2 minutes"},"schema":{"@context":"https:\/\/schema.org","@graph":[{"@type":"NewsArticle","@id":"https:\/\/gorica.info\/velika-akcija-ciscenja-suma-u-gudcima-poziv-volonterima-da-se-prikljuce\/#article","isPartOf":{"@id":"https:\/\/gorica.info\/velika-akcija-ciscenja-suma-u-gudcima-poziv-volonterima-da-se-prikljuce\/"},"author":{"name":"Marta Ivanu\u0161","@id":"https:\/\/gorica.info\/#\/schema\/person\/e2053d495fcf159805e1a9aa5692ef15"},"headline":"Velika akcija \u010di\u0161\u0107enja \u0161uma u Gudcima: Poziv volonterima da se priklju\u010de","datePublished":"2026-04-29T09:47:37+00:00","dateModified":"2026-04-29T09:48:24+00:00","mainEntityOfPage":{"@id":"https:\/\/gorica.info\/velika-akcija-ciscenja-suma-u-gudcima-poziv-volonterima-da-se-prikljuce\/"},"wordCount":231,"publisher":{"@id":"https:\/\/gorica.info\/#organization"},"image":{"@id":"https:\/\/gorica.info\/velika-akcija-ciscenja-suma-u-gudcima-poziv-volonterima-da-se-prikljuce\/#primaryimage"},"thumbnailUrl":"https:\/\/gorica.info\/wp-content\/uploads\/2026\/04\/akcija-ciscenja-suma-gudci.jpg","keywords":["akcija \u010di\u0161\u0107enja","\u010di\u0161\u0107enje \u0161uma","ekologija","gudci","Mjesni odbor Gudci","okoli\u0161","Udruga mje\u0161tana Gudci","Velika Gorica","volonterska akcija","za\u0161tita prirode"],"articleSection":["GORICA"],"inLanguage":"en-US","copyrightYear":"2026","copyrightHolder":{"@id":"https:\/\/gorica.info\/en\/#organization"}},{"@type":"WebPage","@id":"https:\/\/gorica.info\/velika-akcija-ciscenja-suma-u-gudcima-poziv-volonterima-da-se-prikljuce\/","url":"https:\/\/gorica.info\/velika-akcija-ciscenja-suma-u-gudcima-poziv-volonterima-da-se-prikljuce\/","name":"Velika akcija \u010di\u0161\u0107enja \u0161uma u Gudcima: Poziv volonterima da se priklju\u010de - Gorica Info","isPartOf":{"@id":"https:\/\/gorica.info\/#website"},"primaryImageOfPage":{"@id":"https:\/\/gorica.info\/velika-akcija-ciscenja-suma-u-gudcima-poziv-volonterima-da-se-prikljuce\/#primaryimage"},"image":{"@id":"https:\/\/gorica.info\/velika-akcija-ciscenja-suma-u-gudcima-poziv-volonterima-da-se-prikljuce\/#primaryimage"},"thumbnailUrl":"https:\/\/gorica.info\/wp-content\/uploads\/2026\/04\/akcija-ciscenja-suma-gudci.jpg","datePublished":"2026-04-29T09:47:37+00:00","dateModified":"2026-04-29T09:48:24+00:00","description":"Udruga Mje\u0161tana Gudci i Mjesni odbor Gudci organiziraju akciju \u010di\u0161\u0107enja \u0161uma 16. svibnja. Pridru\u017eite se i pomozite o\u010duvanju prirode.","breadcrumb":{"@id":"https:\/\/gorica.info\/velika-akcija-ciscenja-suma-u-gudcima-poziv-volonterima-da-se-prikljuce\/#breadcrumb"},"inLanguage":"en-US","potentialAction":[{"@type":"ReadAction","target":["https:\/\/gorica.info\/velika-akcija-ciscenja-suma-u-gudcima-poziv-volonterima-da-se-prikljuce\/"]}]},{"@type":"ImageObject","inLanguage":"en-US","@id":"https:\/\/gorica.info\/velika-akcija-ciscenja-suma-u-gudcima-poziv-volonterima-da-se-prikljuce\/#primaryimage","url":"https:\/\/gorica.info\/wp-content\/uploads\/2026\/04\/akcija-ciscenja-suma-gudci.jpg","contentUrl":"https:\/\/gorica.info\/wp-content\/uploads\/2026\/04\/akcija-ciscenja-suma-gudci.jpg","width":1500,"height":693,"caption":"Foto: Udruga mje\u0161tana Gudci"},{"@type":"BreadcrumbList","@id":"https:\/\/gorica.info\/velika-akcija-ciscenja-suma-u-gudcima-poziv-volonterima-da-se-prikljuce\/#breadcrumb","itemListElement":[{"@type":"ListItem","position":1,"name":"Po\u010detna stranica","item":"https:\/\/gorica.info\/"},{"@type":"ListItem","position":2,"name":"Velika akcija \u010di\u0161\u0107enja \u0161uma u Gudcima: Poziv volonterima da se priklju\u010de"}]},{"@type":"WebSite","@id":"https:\/\/gorica.info\/#website","url":"https:\/\/gorica.info\/","name":"Gorica Info","description":"Vijesti iz Velike Gorice i okolice.","publisher":{"@id":"https:\/\/gorica.info\/#organization"},"potentialAction":[{"@type":"SearchAction","target":{"@type":"EntryPoint","urlTemplate":"https:\/\/gorica.info\/?s={search_term_string}"},"query-input":{"@type":"PropertyValueSpecification","valueRequired":true,"valueName":"search_term_string"}}],"inLanguage":"en-US"},{"@type":["Organization","Place","NewsMediaOrganization"],"@id":"https:\/\/gorica.info\/#organization","name":"Gorica Info","url":"https:\/\/gorica.info\/","logo":{"@id":"https:\/\/gorica.info\/velika-akcija-ciscenja-suma-u-gudcima-poziv-volonterima-da-se-prikljuce\/#local-main-organization-logo"},"image":{"@id":"https:\/\/gorica.info\/velika-akcija-ciscenja-suma-u-gudcima-poziv-volonterima-da-se-prikljuce\/#local-main-organization-logo"},"sameAs":["https:\/\/www.facebook.com\/Goricainfo-106005144489262","https:\/\/x.com\/GoricaInfo","https:\/\/www.instagram.com\/gorica.info\/"],"address":{"@id":"https:\/\/gorica.info\/velika-akcija-ciscenja-suma-u-gudcima-poziv-volonterima-da-se-prikljuce\/#local-main-place-address"},"telephone":[],"openingHoursSpecification":[{"@type":"OpeningHoursSpecification","dayOfWeek":["Monday","Tuesday","Wednesday","Thursday","Friday","Saturday","Sunday"],"opens":"09:00","closes":"17:00"}],"email":"redakcija@gorica.info"},{"@type":"Person","@id":"https:\/\/gorica.info\/#\/schema\/person\/e2053d495fcf159805e1a9aa5692ef15","name":"Marta Ivanu\u0161","description":"Marta Ivanu\u0161 je studentica novinarstva, voli dru\u0161tvene mre\u017ee i digitalni marketing. Osim pisanja tekstova, zadu\u017eena je i za objave na dru\u0161tvenim mre\u017eama Gorice.info.","url":"https:\/\/gorica.info\/en\/author\/marta-ivanus\/"},{"@type":"PostalAddress","@id":"https:\/\/gorica.info\/velika-akcija-ciscenja-suma-u-gudcima-poziv-volonterima-da-se-prikljuce\/#local-main-place-address","streetAddress":"Horvatova 97","addressLocality":"Velika Gorica","postalCode":"10410","addressRegion":"Croatia","addressCountry":"HR"},{"@type":"ImageObject","inLanguage":"en-US","@id":"https:\/\/gorica.info\/velika-akcija-ciscenja-suma-u-gudcima-poziv-volonterima-da-se-prikljuce\/#local-main-organization-logo","url":"https:\/\/gorica.info\/wp-content\/uploads\/2024\/07\/Gorica-Info-Logo-mali.png","contentUrl":"https:\/\/gorica.info\/wp-content\/uploads\/2024\/07\/Gorica-Info-Logo-mali.png","width":450,"height":85,"caption":"Gorica Info"}]},"geo.placename":"Velika Gorica","geo.region":"Croatia"},"_links":{"self":[{"href":"https:\/\/gorica.info\/en\/wp-json\/wp\/v2\/posts\/107371","targetHints":{"allow":["GET"]}}],"collection":[{"href":"https:\/\/gorica.info\/en\/wp-json\/wp\/v2\/posts"}],"about":[{"href":"https:\/\/gorica.info\/en\/wp-json\/wp\/v2\/types\/post"}],"author":[{"embeddable":true,"href":"https:\/\/gorica.info\/en\/wp-json\/wp\/v2\/users\/32"}],"replies":[{"embeddable":true,"href":"https:\/\/gorica.info\/en\/wp-json\/wp\/v2\/comments?post=107371"}],"version-history":[{"count":2,"href":"https:\/\/gorica.info\/en\/wp-json\/wp\/v2\/posts\/107371\/revisions"}],"predecessor-version":[{"id":107374,"href":"https:\/\/gorica.info\/en\/wp-json\/wp\/v2\/posts\/107371\/revisions\/107374"}],"wp:featuredmedia":[{"embeddable":true,"href":"https:\/\/gorica.info\/en\/wp-json\/wp\/v2\/media\/107372"}],"wp:attachment":[{"href":"https:\/\/gorica.info\/en\/wp-json\/wp\/v2\/media?parent=107371"}],"wp:term":[{"taxonomy":"category","embeddable":true,"href":"https:\/\/gorica.info\/en\/wp-json\/wp\/v2\/categories?post=107371"},{"taxonomy":"post_tag","embeddable":true,"href":"https:\/\/gorica.info\/en\/wp-json\/wp\/v2\/tags?post=107371"}],"curies":[{"name":"wp","href":"https:\/\/api.w.org\/{rel}","templated":true}]}}