{"id":107379,"date":"2026-04-30T06:04:30","date_gmt":"2026-04-30T04:04:30","guid":{"rendered":"https:\/\/gorica.info\/?p=107379"},"modified":"2026-04-29T14:34:38","modified_gmt":"2026-04-29T12:34:38","slug":"prometna-prognoza-za-produzeni-vikend-pripremite-se-na-guzve-i-duza-cekanja","status":"publish","type":"post","link":"https:\/\/gorica.info\/en\/prometna-prognoza-za-produzeni-vikend-pripremite-se-na-guzve-i-duza-cekanja\/","title":{"rendered":"Prometna prognoza za produ\u017eeni vikend: Pripremite se na gu\u017eve i du\u017ea \u010dekanja"},"content":{"rendered":"<p><span style=\"font-size: 20px\">Hrvatski autoklub (HAK) objavio je va\u017enu obavijest voza\u010dima uo\u010di produ\u017eenog vikenda. U petak 1. svibnja obilje\u017eava se Me\u0111unarodni praznik rada, \u0161to mnogi gra\u0111ani koriste za putovanja i produljeni vikend.<\/span><\/p>\n<p><span style=\"font-size: 20px\">Poja\u010dan <a href=\"https:\/\/gorica.info\/en\/?s=hak+promet\">promet<\/a> o\u010dekuje se ve\u0107 u <strong>\u010detvrtak poslijepodne, 30. travnja<\/strong>, na izlazima iz ve\u0107ih gradova, a potom i na glavnim cestovnim pravcima.<\/span><\/p>\n<p><span style=\"font-size: 20px\">Najizra\u017eenije gu\u017eve o\u010dekuju se <strong>u smjeru juga<\/strong> na autocestama A1 Zagreb\u2013Split\u2013Plo\u010de i A6 Rijeka\u2013Zagreb, ali i prema istoku na autocesti A3 Bregana\u2013Lipovac. Poja\u010dan promet o\u010dekuje se i na Istarskom ipsilonu te na Kr\u010dkom mostu, navode iz <a href=\"https:\/\/www.hak.hr\/vijest\/2411\/prometna-prognoza-praznik-rada-2026\">HAK-a<\/a>.<\/span><\/p>\n<p><span style=\"font-size: 20px\"><strong>Tijekom petka 1. svibnja i subote 2. svibnja<\/strong> promet \u0107e biti poja\u010dan na <strong>turisti\u010dkim pravcima prema obali<\/strong>, kao i na prilazima ve\u0107im turisti\u010dkim sredi\u0161tima. <\/span><\/p>\n<p><span style=\"font-size: 20px\">U nedjelju 3. svibnja o\u010dekuje se poja\u010dan promet<strong> u povratku prema unutra\u0161njosti<\/strong>, osobito u poslijepodnevnim i ve\u010dernjim satima, uz mogu\u0107e zastoje i usporenu vo\u017enju. Isti\u010demo dionicu autoceste A1 od Bosiljeva do Karlovca.<\/span><\/p>\n<p><span style=\"font-size: 20px\">Pove\u0107an priljev vozila o\u010dekuje se i <strong>iz smjera susjednih zemalja<\/strong>, ponajvi\u0161e Slovenije, pa \u0107e promet biti poja\u010dan na pravcima od biv\u0161ih grani\u010dnih prijelaza Macelj i Bregana, Ka\u0161tel i Plovanija (Istra), te Rupa i Pasjak (Hrvatsko primorje). <\/span><\/p>\n<p><span style=\"font-size: 20px\"><strong>Na grani\u010dnim prijelazima<\/strong> s Bosnom i Hercegovinom te Srbijom mogu\u0107a su \u010dekanja zbog grani\u010dnih kontrola, osobito pri ulasku u Republiku Hrvatsku te u nedjelju pri izlasku iz zemlje.<\/span><\/p>\n<p><span style=\"font-size: 20px\">Voza\u010dima iz HAK-a savjetuju<strong> kori\u0161tenje alternativnih grani\u010dnih prijelaza<\/strong> kako bi izbjegli du\u017ea \u010dekanja.<\/span><\/p>\n<p><span style=\"font-size: 20px\">Mjesta na kojima su mogu\u0107i dodatni zastoji uklju\u010duju dionice s aktivnim radovima, posebice:<\/span><\/p>\n<ul>\n<li><span style=\"font-size: 20px\">na Istarskom ipsilonu (A8) izme\u0111u tunela U\u010dka i \u010dvora U\u010dka (A7) u oba smjera<\/span><\/li>\n<li><span style=\"font-size: 20px\">na autocesti A6, na nekoliko dionica od Bosiljeva do Rijeke<\/span><\/li>\n<li><span style=\"font-size: 20px\">na zagreba\u010dkoj obilaznici (A3)<\/span><\/li>\n<\/ul>\n<p><span style=\"font-size: 20px\">Kako biste izbjegli gu\u017eve i odabrali najpovoljnije vrijeme putovanja, preporu\u010dujemo pra\u0107enje aktualnih informacija o stanju u prometu putem internetskih stranica Hrvatskog autokluba ili mobilne aplikacije.<\/span><\/p>\n<p><span style=\"font-size: 20px\">Prije polaska na put provjerite stanje na cestama i grani\u010dnim prijelazima te prema potrebi prilagodite plan putovanja.<\/span><\/p>\n<h3><span style=\"font-size: 20px\">Zabrana za teretna vozila<\/span><\/h3>\n<p><span style=\"font-size: 20px\">Zabrana prometa za teretna vozila najve\u0107e dopu\u0161tene mase iznad 7,5 t bit \u0107e:<\/span><\/p>\n<ul>\n<li><span style=\"font-size: 20px\">u \u010detvrtak 30.4.2026. od 15:00 do 23:00 sata<\/span><\/li>\n<li><span style=\"font-size: 20px\">u petak 1.5.2026. od 14:00 do 23:00 sata<\/span><\/li>\n<li><span style=\"font-size: 20px\">u nedjelju 3.5.2026. od 12:00 do 23:00 sata.<\/span><\/li>\n<\/ul>\n<p><span style=\"font-size: 20px\">Dodatne informacije o stanju u prometu dostupne su putem Informativnog centra na broj 072 777-777, kao i putem radijskih postaja.<\/span><\/p>","protected":false},"excerpt":{"rendered":"<p>Hrvatski autoklub (HAK) objavio je va\u017enu obavijest voza\u010dima uo\u010di produ\u017eenog vikenda. U petak 1. svibnja obilje\u017eava se Me\u0111unarodni praznik rada, \u0161to mnogi gra\u0111ani koriste za putovanja i produljeni vikend. Poja\u010dan promet o\u010dekuje se ve\u0107 u \u010detvrtak poslijepodne, 30. travnja, na izlazima iz ve\u0107ih gradova, a potom i na glavnim cestovnim pravcima. Najizra\u017eenije gu\u017eve o\u010dekuju se [&hellip;]<\/p>\n","protected":false},"author":25,"featured_media":107383,"comment_status":"closed","ping_status":"closed","sticky":false,"template":"","format":"standard","meta":{"limit_modified_date":"1","last_modified_date":"","jnews-multi-image_gallery":[],"jnews_single_post":{"format":"standard","override":[{"template":"3","parallax":"1","fullscreen":"1","layout":"right-sidebar","sidebar":"default-sidebar","second_sidebar":"default-sidebar","sticky_sidebar":"1","share_position":"top","share_float_style":"share-monocrhome","show_featured":"1","show_post_meta":"1","show_post_author":"1","show_post_author_image":"1","show_post_date":"1","post_date_format":"default","post_date_format_custom":"Y\/m\/d","show_post_category":"1","show_post_reading_time":"1","post_reading_time_wpm":"300","post_calculate_word_method":"str_word_count","zoom_button_out_step":"2","zoom_button_in_step":"3","show_post_tag":"1","show_popup_post":"1","show_comment_section":"1","number_popup_post":"1","show_post_related":"1"}],"image_override":[{"single_post_thumbnail_size":"crop-500","single_post_gallery_size":"crop-500"}],"trending_post_position":"meta","trending_post_label":"Trending","sponsored_post_label":"Sponsored by","disable_ad":"0","subtitle":"Poja\u010dan promet o\u010dekuje se ve\u0107 u \u010detvrtak poslijepodne na izlazima iz ve\u0107ih gradova, a potom i na glavnim cestovnim pravcima"},"jnews_primary_category":[],"jnews_override_counter":{"view_counter_number":"0","share_counter_number":"0","like_counter_number":"0","dislike_counter_number":"0"},"footnotes":""},"categories":[92],"tags":[11118,1156,4631,25043,3927,25046,4516,545],"class_list":["post-107379","post","type-post","status-publish","format-standard","has-post-thumbnail","hentry","category-info","tag-guzve-na-cestama","tag-hak","tag-praznik-rada","tag-prvi-maj","tag-putovanje","tag-savjeti-za-putovanje","tag-upozorenje-vozacima","tag-vozaci"],"yoast_head":"<!-- This site is optimized with the Yoast SEO Premium plugin v27.5 (Yoast SEO v27.5) - https:\/\/yoast.com\/product\/yoast-seo-premium-wordpress\/ -->\n<title>Prometna prognoza za produ\u017eeni vikend: Pripremite se na gu\u017eve i du\u017ea \u010dekanja - Gorica Info<\/title>\n<meta name=\"description\" content=\"Hrvatski autoklub (HAK) objavio je va\u017enu obavijest voza\u010dima za produ\u017eeni vikend za Prvi maj kada se o\u010dekuju gu\u017eve i \u010dekanja.\" \/>\n<meta name=\"robots\" content=\"index, follow, max-snippet:-1, max-image-preview:large, max-video-preview:-1\" \/>\n<link rel=\"canonical\" href=\"https:\/\/gorica.info\/en\/prometna-prognoza-za-produzeni-vikend-pripremite-se-na-guzve-i-duza-cekanja\/\" \/>\n<meta property=\"og:locale\" content=\"en_US\" \/>\n<meta property=\"og:type\" content=\"article\" \/>\n<meta property=\"og:title\" content=\"Prometna prognoza za produ\u017eeni vikend: Pripremite se na gu\u017eve i du\u017ea \u010dekanja\" \/>\n<meta property=\"og:description\" content=\"Hrvatski autoklub (HAK) objavio je va\u017enu obavijest voza\u010dima za produ\u017eeni vikend za Prvi maj kada se o\u010dekuju gu\u017eve i \u010dekanja.\" \/>\n<meta property=\"og:url\" content=\"https:\/\/gorica.info\/en\/prometna-prognoza-za-produzeni-vikend-pripremite-se-na-guzve-i-duza-cekanja\/\" \/>\n<meta property=\"og:site_name\" content=\"Gorica Info\" \/>\n<meta property=\"article:publisher\" content=\"https:\/\/www.facebook.com\/Goricainfo-106005144489262\" \/>\n<meta property=\"article:published_time\" content=\"2026-04-30T04:04:30+00:00\" \/>\n<meta property=\"og:image\" content=\"https:\/\/gorica.info\/wp-content\/uploads\/2026\/04\/vozila-promet-kolona-goricainfo-1140x570-1.jpg\" \/>\n\t<meta property=\"og:image:width\" content=\"1140\" \/>\n\t<meta property=\"og:image:height\" content=\"570\" \/>\n\t<meta property=\"og:image:type\" content=\"image\/jpeg\" \/>\n<meta name=\"author\" content=\"Marta Horvat\" \/>\n<meta name=\"twitter:card\" content=\"summary_large_image\" \/>\n<meta name=\"twitter:creator\" content=\"@GoricaInfo\" \/>\n<meta name=\"twitter:site\" content=\"@GoricaInfo\" \/>\n<meta name=\"twitter:label1\" content=\"Written by\" \/>\n\t<meta name=\"twitter:data1\" content=\"Marta Horvat\" \/>\n\t<meta name=\"twitter:label2\" content=\"Est. reading time\" \/>\n\t<meta name=\"twitter:data2\" content=\"3 minutes\" \/>\n<meta name=\"geo.placename\" content=\"Velika Gorica\" \/>\n<meta name=\"geo.region\" content=\"Croatia\" \/>\n<!-- \/ Yoast SEO Premium plugin. -->","yoast_head_json":{"title":"Prometna prognoza za produ\u017eeni vikend: Pripremite se na gu\u017eve i du\u017ea \u010dekanja - Gorica Info","description":"Hrvatski autoklub (HAK) objavio je va\u017enu obavijest voza\u010dima za produ\u017eeni vikend za Prvi maj kada se o\u010dekuju gu\u017eve i \u010dekanja.","robots":{"index":"index","follow":"follow","max-snippet":"max-snippet:-1","max-image-preview":"max-image-preview:large","max-video-preview":"max-video-preview:-1"},"canonical":"https:\/\/gorica.info\/en\/prometna-prognoza-za-produzeni-vikend-pripremite-se-na-guzve-i-duza-cekanja\/","og_locale":"en_US","og_type":"article","og_title":"Prometna prognoza za produ\u017eeni vikend: Pripremite se na gu\u017eve i du\u017ea \u010dekanja","og_description":"Hrvatski autoklub (HAK) objavio je va\u017enu obavijest voza\u010dima za produ\u017eeni vikend za Prvi maj kada se o\u010dekuju gu\u017eve i \u010dekanja.","og_url":"https:\/\/gorica.info\/en\/prometna-prognoza-za-produzeni-vikend-pripremite-se-na-guzve-i-duza-cekanja\/","og_site_name":"Gorica Info","article_publisher":"https:\/\/www.facebook.com\/Goricainfo-106005144489262","article_published_time":"2026-04-30T04:04:30+00:00","og_image":[{"width":1140,"height":570,"url":"https:\/\/gorica.info\/wp-content\/uploads\/2026\/04\/vozila-promet-kolona-goricainfo-1140x570-1.jpg","type":"image\/jpeg"}],"author":"Marta Horvat","twitter_card":"summary_large_image","twitter_creator":"@GoricaInfo","twitter_site":"@GoricaInfo","twitter_misc":{"Written by":"Marta Horvat","Est. reading time":"3 minutes"},"schema":{"@context":"https:\/\/schema.org","@graph":[{"@type":"NewsArticle","@id":"https:\/\/gorica.info\/prometna-prognoza-za-produzeni-vikend-pripremite-se-na-guzve-i-duza-cekanja\/#article","isPartOf":{"@id":"https:\/\/gorica.info\/prometna-prognoza-za-produzeni-vikend-pripremite-se-na-guzve-i-duza-cekanja\/"},"author":{"name":"Marta Horvat","@id":"https:\/\/gorica.info\/#\/schema\/person\/b2df2f6fb2a9073c0fa5af2672befd52"},"headline":"Prometna prognoza za produ\u017eeni vikend: Pripremite se na gu\u017eve i du\u017ea \u010dekanja","datePublished":"2026-04-30T04:04:30+00:00","mainEntityOfPage":{"@id":"https:\/\/gorica.info\/prometna-prognoza-za-produzeni-vikend-pripremite-se-na-guzve-i-duza-cekanja\/"},"wordCount":423,"publisher":{"@id":"https:\/\/gorica.info\/#organization"},"image":{"@id":"https:\/\/gorica.info\/prometna-prognoza-za-produzeni-vikend-pripremite-se-na-guzve-i-duza-cekanja\/#primaryimage"},"thumbnailUrl":"https:\/\/gorica.info\/wp-content\/uploads\/2026\/04\/vozila-promet-kolona-goricainfo-1140x570-1.jpg","keywords":["gu\u017eve na cestama","hak","praznik rada","prvi maj","putovanje","savjeti za putovanje","upozorenje voza\u010dima","voza\u010di"],"articleSection":["INFO"],"inLanguage":"en-US","copyrightYear":"2026","copyrightHolder":{"@id":"https:\/\/gorica.info\/en\/#organization"}},{"@type":"WebPage","@id":"https:\/\/gorica.info\/prometna-prognoza-za-produzeni-vikend-pripremite-se-na-guzve-i-duza-cekanja\/","url":"https:\/\/gorica.info\/prometna-prognoza-za-produzeni-vikend-pripremite-se-na-guzve-i-duza-cekanja\/","name":"Prometna prognoza za produ\u017eeni vikend: Pripremite se na gu\u017eve i du\u017ea \u010dekanja - Gorica Info","isPartOf":{"@id":"https:\/\/gorica.info\/#website"},"primaryImageOfPage":{"@id":"https:\/\/gorica.info\/prometna-prognoza-za-produzeni-vikend-pripremite-se-na-guzve-i-duza-cekanja\/#primaryimage"},"image":{"@id":"https:\/\/gorica.info\/prometna-prognoza-za-produzeni-vikend-pripremite-se-na-guzve-i-duza-cekanja\/#primaryimage"},"thumbnailUrl":"https:\/\/gorica.info\/wp-content\/uploads\/2026\/04\/vozila-promet-kolona-goricainfo-1140x570-1.jpg","datePublished":"2026-04-30T04:04:30+00:00","description":"Hrvatski autoklub (HAK) objavio je va\u017enu obavijest voza\u010dima za produ\u017eeni vikend za Prvi maj kada se o\u010dekuju gu\u017eve i \u010dekanja.","breadcrumb":{"@id":"https:\/\/gorica.info\/prometna-prognoza-za-produzeni-vikend-pripremite-se-na-guzve-i-duza-cekanja\/#breadcrumb"},"inLanguage":"en-US","potentialAction":[{"@type":"ReadAction","target":["https:\/\/gorica.info\/prometna-prognoza-za-produzeni-vikend-pripremite-se-na-guzve-i-duza-cekanja\/"]}]},{"@type":"ImageObject","inLanguage":"en-US","@id":"https:\/\/gorica.info\/prometna-prognoza-za-produzeni-vikend-pripremite-se-na-guzve-i-duza-cekanja\/#primaryimage","url":"https:\/\/gorica.info\/wp-content\/uploads\/2026\/04\/vozila-promet-kolona-goricainfo-1140x570-1.jpg","contentUrl":"https:\/\/gorica.info\/wp-content\/uploads\/2026\/04\/vozila-promet-kolona-goricainfo-1140x570-1.jpg","width":1140,"height":570,"caption":"Arhivska fotografija: Gorica.info"},{"@type":"BreadcrumbList","@id":"https:\/\/gorica.info\/prometna-prognoza-za-produzeni-vikend-pripremite-se-na-guzve-i-duza-cekanja\/#breadcrumb","itemListElement":[{"@type":"ListItem","position":1,"name":"Po\u010detna stranica","item":"https:\/\/gorica.info\/"},{"@type":"ListItem","position":2,"name":"Prometna prognoza za produ\u017eeni vikend: Pripremite se na gu\u017eve i du\u017ea \u010dekanja"}]},{"@type":"WebSite","@id":"https:\/\/gorica.info\/#website","url":"https:\/\/gorica.info\/","name":"Gorica Info","description":"Vijesti iz Velike Gorice i okolice.","publisher":{"@id":"https:\/\/gorica.info\/#organization"},"potentialAction":[{"@type":"SearchAction","target":{"@type":"EntryPoint","urlTemplate":"https:\/\/gorica.info\/?s={search_term_string}"},"query-input":{"@type":"PropertyValueSpecification","valueRequired":true,"valueName":"search_term_string"}}],"inLanguage":"en-US"},{"@type":["Organization","Place","NewsMediaOrganization"],"@id":"https:\/\/gorica.info\/#organization","name":"Gorica Info","url":"https:\/\/gorica.info\/","logo":{"@id":"https:\/\/gorica.info\/prometna-prognoza-za-produzeni-vikend-pripremite-se-na-guzve-i-duza-cekanja\/#local-main-organization-logo"},"image":{"@id":"https:\/\/gorica.info\/prometna-prognoza-za-produzeni-vikend-pripremite-se-na-guzve-i-duza-cekanja\/#local-main-organization-logo"},"sameAs":["https:\/\/www.facebook.com\/Goricainfo-106005144489262","https:\/\/x.com\/GoricaInfo","https:\/\/www.instagram.com\/gorica.info\/"],"address":{"@id":"https:\/\/gorica.info\/prometna-prognoza-za-produzeni-vikend-pripremite-se-na-guzve-i-duza-cekanja\/#local-main-place-address"},"telephone":[],"openingHoursSpecification":[{"@type":"OpeningHoursSpecification","dayOfWeek":["Monday","Tuesday","Wednesday","Thursday","Friday","Saturday","Sunday"],"opens":"09:00","closes":"17:00"}],"email":"redakcija@gorica.info"},{"@type":"Person","@id":"https:\/\/gorica.info\/#\/schema\/person\/b2df2f6fb2a9073c0fa5af2672befd52","name":"Marta Horvat","description":"Marta Horvat je studentica koja redovito pi\u0161e za portal, prati sva gradska doga\u0111anja i u\u017eiva isprobavati nove recept koje dijeli s na\u0161im \u010ditateljima.","url":"https:\/\/gorica.info\/en\/author\/marta-horvat\/"},{"@type":"PostalAddress","@id":"https:\/\/gorica.info\/prometna-prognoza-za-produzeni-vikend-pripremite-se-na-guzve-i-duza-cekanja\/#local-main-place-address","streetAddress":"Horvatova 97","addressLocality":"Velika Gorica","postalCode":"10410","addressRegion":"Croatia","addressCountry":"HR"},{"@type":"ImageObject","inLanguage":"en-US","@id":"https:\/\/gorica.info\/prometna-prognoza-za-produzeni-vikend-pripremite-se-na-guzve-i-duza-cekanja\/#local-main-organization-logo","url":"https:\/\/gorica.info\/wp-content\/uploads\/2024\/07\/Gorica-Info-Logo-mali.png","contentUrl":"https:\/\/gorica.info\/wp-content\/uploads\/2024\/07\/Gorica-Info-Logo-mali.png","width":450,"height":85,"caption":"Gorica Info"}]},"geo.placename":"Velika Gorica","geo.region":"Croatia"},"_links":{"self":[{"href":"https:\/\/gorica.info\/en\/wp-json\/wp\/v2\/posts\/107379","targetHints":{"allow":["GET"]}}],"collection":[{"href":"https:\/\/gorica.info\/en\/wp-json\/wp\/v2\/posts"}],"about":[{"href":"https:\/\/gorica.info\/en\/wp-json\/wp\/v2\/types\/post"}],"author":[{"embeddable":true,"href":"https:\/\/gorica.info\/en\/wp-json\/wp\/v2\/users\/25"}],"replies":[{"embeddable":true,"href":"https:\/\/gorica.info\/en\/wp-json\/wp\/v2\/comments?post=107379"}],"version-history":[{"count":2,"href":"https:\/\/gorica.info\/en\/wp-json\/wp\/v2\/posts\/107379\/revisions"}],"predecessor-version":[{"id":107384,"href":"https:\/\/gorica.info\/en\/wp-json\/wp\/v2\/posts\/107379\/revisions\/107384"}],"wp:featuredmedia":[{"embeddable":true,"href":"https:\/\/gorica.info\/en\/wp-json\/wp\/v2\/media\/107383"}],"wp:attachment":[{"href":"https:\/\/gorica.info\/en\/wp-json\/wp\/v2\/media?parent=107379"}],"wp:term":[{"taxonomy":"category","embeddable":true,"href":"https:\/\/gorica.info\/en\/wp-json\/wp\/v2\/categories?post=107379"},{"taxonomy":"post_tag","embeddable":true,"href":"https:\/\/gorica.info\/en\/wp-json\/wp\/v2\/tags?post=107379"}],"curies":[{"name":"wp","href":"https:\/\/api.w.org\/{rel}","templated":true}]}}