{"id":107385,"date":"2026-04-30T10:43:36","date_gmt":"2026-04-30T08:43:36","guid":{"rendered":"https:\/\/gorica.info\/?p=107385"},"modified":"2026-04-30T08:56:00","modified_gmt":"2026-04-30T06:56:00","slug":"clanice-sparka-sudjelovale-na-poetskom-festivalu-bec-u-proljece","status":"publish","type":"post","link":"https:\/\/gorica.info\/en\/clanice-sparka-sudjelovale-na-poetskom-festivalu-bec-u-proljece\/","title":{"rendered":"\u010clanice &#8220;Sparka&#8221; sudjelovale na poetskom festivalu &#8220;Be\u010d u prolje\u0107e&#8221;"},"content":{"rendered":"<p><span style=\"font-size: 20px\">I ove su godine <strong>\u010dlanice Udruge umjetnika &#8220;Spark&#8221;<\/strong> bile sudionice <a href=\"https:\/\/gorica.info\/en\/sparkovke-na-poetskom-festivalu-bec-u-proljece-promovirana-knjiga-zdenke-mlinar\/\">poetskog festivala<\/a> &#8220;Be\u010d u prolje\u0107e&#8221; kojeg ve\u0107 petu godinu zaredom organizira <strong><a href=\"https:\/\/www.facebook.com\/groups\/399578439011206?locale=hr_HR\">Hrvatska zajednica umjetnika Austrije<\/a> (HZUA).<\/strong><\/span><br \/>\n<span style=\"font-size: 20px\">Sjedi\u0161te Zajednice je u Be\u010du gdje \u017eivi i radi njena <strong>osniva\u010dica i voditeljica Ana Vrci\u0107 Or\u0161oli\u0107<\/strong>, koja ponosno isti\u010de podr\u0161ku hrvatskog veleposlanstva te brojnih prijatelja i suradnika koji \u017eive u Austriji.<\/span><\/p>\n<p><img fetchpriority=\"high\" decoding=\"async\" class=\"alignnone wp-image-107387 size-full\" src=\"https:\/\/gorica.info\/wp-content\/uploads\/2026\/04\/spark-bec-1.jpg\" alt=\"\" width=\"1485\" height=\"1154\" srcset=\"https:\/\/gorica.info\/wp-content\/uploads\/2026\/04\/spark-bec-1.jpg 1485w, https:\/\/gorica.info\/wp-content\/uploads\/2026\/04\/spark-bec-1-300x233.jpg 300w, https:\/\/gorica.info\/wp-content\/uploads\/2026\/04\/spark-bec-1-1024x796.jpg 1024w, https:\/\/gorica.info\/wp-content\/uploads\/2026\/04\/spark-bec-1-768x597.jpg 768w, https:\/\/gorica.info\/wp-content\/uploads\/2026\/04\/spark-bec-1-15x12.jpg 15w, https:\/\/gorica.info\/wp-content\/uploads\/2026\/04\/spark-bec-1-750x583.jpg 750w, https:\/\/gorica.info\/wp-content\/uploads\/2026\/04\/spark-bec-1-1140x886.jpg 1140w\" sizes=\"(max-width: 1485px) 100vw, 1485px\" \/><\/p>\n<p><span style=\"font-size: 20px\">Kao i ranijih godina, festival je trajao dva dana\u00a0uz pomno planiran program, ali u sve\u010danijem tonu zbog proslave pete obljetnice osnivanja i djelovanja.<\/span><\/p>\n<p><span style=\"font-size: 20px\">Za tu prigodu objavljen je i zbornik poetskih radova sudionika festivala, koji je kruna petogodi\u0161njeg rada.<\/span><\/p>\n<p><span style=\"font-size: 20px\">Festival su otvorili predsjednica i pjesnikinja HZUA Ana Vrcic Or\u0161oli\u0107 te <strong>pjesnik Zoran Jakuc<\/strong> u sve\u010danom ambijentu Schlumberger Kellerwelten, poznatih be\u010dkih podruma, ciglene arhitekture \u0161to je festivalu dalo posebnu atmosferu.<\/span><\/p>\n<p><span style=\"font-size: 20px\">Glazbeni gost festivala bio je mladi <strong>violinist Niko Lerner<\/strong> koji je, spajaju\u0107i zvuke violine s pjesni\u010dkom rije\u010di, festivalu dao sve\u010danu notu i poseban ritam.<\/span><\/p>\n<p><img decoding=\"async\" class=\"alignnone wp-image-107392 size-full\" src=\"https:\/\/gorica.info\/wp-content\/uploads\/2026\/04\/spark-bec-4.jpg\" alt=\"\" width=\"1500\" height=\"1179\" srcset=\"https:\/\/gorica.info\/wp-content\/uploads\/2026\/04\/spark-bec-4.jpg 1500w, https:\/\/gorica.info\/wp-content\/uploads\/2026\/04\/spark-bec-4-300x236.jpg 300w, https:\/\/gorica.info\/wp-content\/uploads\/2026\/04\/spark-bec-4-1024x805.jpg 1024w, https:\/\/gorica.info\/wp-content\/uploads\/2026\/04\/spark-bec-4-768x604.jpg 768w, https:\/\/gorica.info\/wp-content\/uploads\/2026\/04\/spark-bec-4-15x12.jpg 15w, https:\/\/gorica.info\/wp-content\/uploads\/2026\/04\/spark-bec-4-750x590.jpg 750w, https:\/\/gorica.info\/wp-content\/uploads\/2026\/04\/spark-bec-4-1140x896.jpg 1140w\" sizes=\"(max-width: 1500px) 100vw, 1500px\" \/><\/p>\n<p><span style=\"font-size: 20px\">Otvorenju je prisustvovao i konzul <strong>Mate Ba\u010di\u0107<\/strong>, \u010dija prisutnost nije bila samo protokolarna gesta, nego pokazatelj da se rad pjesnika, organizatora i ljudi koji \u010duvaju hrvatsku rije\u010d izvan domovine prepoznaje kao dio \u0161ire kulturne prisutnosti Hrvata u Austriji.<\/span><\/p>\n<p><span style=\"font-size: 20px\">Nakon otvorenja i glazbenog uvoda, kazivanje poezije i predstavljanje pjesnika odr\u017eano je u tri dijela, upotpunjena Lernerovim glazbenim umije\u0107em.<\/span><\/p>\n<p><span style=\"font-size: 20px\">Ove godine festival je okupio 24 pjesnika i vi\u0161e od 70 posjetitelja i gostiju na sve\u010danom otvorenju te dvadesetak gostiju na promocijama knjiga, drugoga dana.<\/span><\/p>\n<p><span style=\"font-size: 20px\">Uz knjigu &#8220;Be\u010d u prolje\u0107e &#8211; zbornik radova 2026.&#8221;, promovirane su i knjige <strong>Vlade Domazeta<\/strong> &#8220;Dje\u010dak s obale rijeke Save&#8221; te knjiga <strong>Josipa Petrli\u0107a Pjera<\/strong> &#8220;Izme\u0111u Bu\u0111enja i Ma\u0161te&#8221;.<\/span><\/p>\n<p><img decoding=\"async\" class=\"alignnone wp-image-107389 size-full\" src=\"https:\/\/gorica.info\/wp-content\/uploads\/2026\/04\/spark-bec-3.jpg\" alt=\"\" width=\"1500\" height=\"1139\" srcset=\"https:\/\/gorica.info\/wp-content\/uploads\/2026\/04\/spark-bec-3.jpg 1500w, https:\/\/gorica.info\/wp-content\/uploads\/2026\/04\/spark-bec-3-300x228.jpg 300w, https:\/\/gorica.info\/wp-content\/uploads\/2026\/04\/spark-bec-3-1024x778.jpg 1024w, https:\/\/gorica.info\/wp-content\/uploads\/2026\/04\/spark-bec-3-768x583.jpg 768w, https:\/\/gorica.info\/wp-content\/uploads\/2026\/04\/spark-bec-3-16x12.jpg 16w, https:\/\/gorica.info\/wp-content\/uploads\/2026\/04\/spark-bec-3-750x570.jpg 750w, https:\/\/gorica.info\/wp-content\/uploads\/2026\/04\/spark-bec-3-1140x866.jpg 1140w\" sizes=\"(max-width: 1500px) 100vw, 1500px\" \/><\/p>\n<p><span style=\"font-size: 20px\">U knjizi &#8220;Be\u010d u prolje\u0107e &#8211; zbornik radova 2026.&#8221;, zastupljeno je osam \u010dlanica &#8220;Sparka&#8221;, dok su na festivalu sudjelovale: <strong>Marina Maras, Nadica Kolo\u0161a, Marica Mihac i Zdenka Mlinar<\/strong>.<\/span><\/p>\n<p><span style=\"font-size: 20px\">Predstavile su se poezijom pisanom i hrvatskim standardom i kajkavskim govorom, za \u0161to su od organizatora dobile posebna priznanja i zahvalnice&#8230;<\/span><\/p>\n<p><span style=\"font-size: 20px\">Uz u\u017eivanje u stilskoj raznolikosti poezije i pisane rije\u010di te gostoprimstvu doma\u0107ina, kao i ve\u0107 tradicionalnih obilazaka be\u010dkih veli\u010danstvenih znamenitosti, radovale su se i susretu s ve\u0107 poznatim pjesnicima i dragim prijateljima, ali i upoznavanju novih njegovatelja i promotora lijepe pisane rije\u010di &#8211; isticat \u0107e &#8220;Sparkove&#8221; poetese.<\/span><\/p>\n<p><img loading=\"lazy\" decoding=\"async\" class=\"alignnone wp-image-107390 size-full\" src=\"https:\/\/gorica.info\/wp-content\/uploads\/2026\/04\/Zdenka-Mlinar-Bec.jpg\" alt=\"be\u010d u prolje\u0107e\" width=\"1000\" height=\"749\" srcset=\"https:\/\/gorica.info\/wp-content\/uploads\/2026\/04\/Zdenka-Mlinar-Bec.jpg 1000w, https:\/\/gorica.info\/wp-content\/uploads\/2026\/04\/Zdenka-Mlinar-Bec-300x225.jpg 300w, https:\/\/gorica.info\/wp-content\/uploads\/2026\/04\/Zdenka-Mlinar-Bec-768x575.jpg 768w, https:\/\/gorica.info\/wp-content\/uploads\/2026\/04\/Zdenka-Mlinar-Bec-16x12.jpg 16w, https:\/\/gorica.info\/wp-content\/uploads\/2026\/04\/Zdenka-Mlinar-Bec-750x562.jpg 750w\" sizes=\"(max-width: 1000px) 100vw, 1000px\" \/><\/p>\n<p><span style=\"font-size: 20px\">Drugi dan bio je rezerviran za odlazak do <strong>dvorca Sch\u00f6nbrunn<\/strong>, gdje se mogao razgledati cijeli pripadaju\u0107i mu eksterijer, a u planu je bilo i kazivanje poezije na samom ulazu u dvorac te snimanje glasne zajedni\u010dke poruke Svijetu s jednog od dva stubi\u0161ta koja vode na kat tog ogromnog zdanja.<\/span><br \/>\n<img loading=\"lazy\" decoding=\"async\" class=\"alignnone wp-image-107388 size-full\" src=\"https:\/\/gorica.info\/wp-content\/uploads\/2026\/04\/spark-bec-2.jpg\" alt=\"be\u010d u prolje\u0107e\" width=\"1500\" height=\"1111\" srcset=\"https:\/\/gorica.info\/wp-content\/uploads\/2026\/04\/spark-bec-2.jpg 1500w, https:\/\/gorica.info\/wp-content\/uploads\/2026\/04\/spark-bec-2-300x222.jpg 300w, https:\/\/gorica.info\/wp-content\/uploads\/2026\/04\/spark-bec-2-1024x758.jpg 1024w, https:\/\/gorica.info\/wp-content\/uploads\/2026\/04\/spark-bec-2-768x569.jpg 768w, https:\/\/gorica.info\/wp-content\/uploads\/2026\/04\/spark-bec-2-16x12.jpg 16w, https:\/\/gorica.info\/wp-content\/uploads\/2026\/04\/spark-bec-2-750x556.jpg 750w, https:\/\/gorica.info\/wp-content\/uploads\/2026\/04\/spark-bec-2-1140x844.jpg 1140w\" sizes=\"(max-width: 1500px) 100vw, 1500px\" \/><\/p>\n<p><span style=\"font-size: 20px\">Po povratku iz \u0161etnje Sch\u00f6nbrunnom i drugim gradskim ljepotama, slijedilo je ve\u0107 tradicionalno dru\u017eenje u sredi\u0161tu Be\u010da, spomenute promocije knjiga i \u010ditanje poezije iz prve zbirke poezije HZUA, posve\u0107ene petoj obljetnici njenog osnivanja.<\/span><\/p>\n<p><span style=\"font-size: 20px\">&#8211; Doista nam je bila \u010dast i zadovoljstvo biti sudionicama ove petogodi\u0161nje poetske \u010darolije: kazivanja i promocija pisane rije\u010di, \u0161etnji jednim od najzelenijih i najcvjetnijih gradova Europe, uz nezaobilazne fe\u0161te, dobru vinsku kapljicu i glazbu; biti s onima koji umjetno\u0161\u0107u krase \u017eivotnu svakodnevicu, koji spajaju, a ne razdvajaju, koji znaju razlikovati dobro od zla, pokazati emocije i koji se trude biti bolji\u00a0sutra\u00a0nego \u0161to su\u00a0danas.<\/span><\/p>\n<p><span style=\"font-size: 20px\">Bilo je ovo \u010dasno i radosno predstavljanje na\u0161e Udruge umjetnika &#8220;Spark&#8221;, ali i Grada Velika Gorica &#8211; rekla nam je Zdenka Mlinar jo\u0161 uvijek pod dojmom te lijepe poetsko-be\u010dke pri\u010de utkane u plavetnilo Dunava i nebeskog plavetnila, raznose\u0107i svijetom pozitivnu energiju, molitve mira i ljubavi.\u00a0<\/span><\/p>","protected":false},"excerpt":{"rendered":"<p>I ove su godine \u010dlanice Udruge umjetnika &#8220;Spark&#8221; bile sudionice poetskog festivala &#8220;Be\u010d u prolje\u0107e&#8221; kojeg ve\u0107 petu godinu zaredom organizira Hrvatska zajednica umjetnika Austrije (HZUA). Sjedi\u0161te Zajednice je u Be\u010du gdje \u017eivi i radi njena osniva\u010dica i voditeljica Ana Vrci\u0107 Or\u0161oli\u0107, koja ponosno isti\u010de podr\u0161ku hrvatskog veleposlanstva te brojnih prijatelja i suradnika koji \u017eive [&hellip;]<\/p>\n","protected":false},"author":24,"featured_media":107391,"comment_status":"closed","ping_status":"closed","sticky":false,"template":"","format":"standard","meta":{"limit_modified_date":"1","last_modified_date":"","jnews-multi-image_gallery":[],"jnews_single_post":{"format":"standard","override":[{"template":"3","parallax":"1","fullscreen":"1","layout":"right-sidebar","sidebar":"default-sidebar","second_sidebar":"default-sidebar","sticky_sidebar":"1","share_position":"top","share_float_style":"share-monocrhome","show_featured":"1","show_post_meta":"1","show_post_author":"1","show_post_author_image":"1","show_post_date":"1","post_date_format":"default","post_date_format_custom":"Y\/m\/d","show_post_category":"1","show_post_reading_time":"1","post_reading_time_wpm":"300","post_calculate_word_method":"str_word_count","zoom_button_out_step":"2","zoom_button_in_step":"3","show_post_tag":"1","show_popup_post":"1","show_comment_section":"1","number_popup_post":"1","show_post_related":"1"}],"image_override":[{"single_post_thumbnail_size":"crop-500","single_post_gallery_size":"crop-500"}],"trending_post_position":"meta","trending_post_label":"Trending","sponsored_post_label":"Sponsored by","disable_ad":"0","subtitle":"Festival su otvorili predsjednica i pjesnikinja HZUA Ana Vrcic Or\u0161oli\u0107 te pjesnik Zoran Jakuc u sve\u010danom ambijentu Schlumberger Kellerwelten, poznatih be\u010dkih podruma"},"jnews_primary_category":[],"jnews_override_counter":{"view_counter_number":"0","share_counter_number":"0","like_counter_number":"0","dislike_counter_number":"0"},"footnotes":""},"categories":[84],"tags":[25047,4086,25048,3353,22686,15554,2552],"class_list":["post-107385","post","type-post","status-publish","format-standard","has-post-thumbnail","hentry","category-kultura","tag-bec","tag-pjesnikinja","tag-proljece-u-becu","tag-spark","tag-vg-info","tag-vg-vijesti","tag-zdenka-mlinar"],"yoast_head":"<!-- This site is optimized with the Yoast SEO Premium plugin v27.5 (Yoast SEO v27.5) - https:\/\/yoast.com\/product\/yoast-seo-premium-wordpress\/ -->\n<title>\u010clanice &quot;Sparka&quot; sudjelovale na poetskom festivalu &quot;Be\u010d u prolje\u0107e&quot; - Gorica Info<\/title>\n<meta name=\"description\" content=\"I ove su godine \u010dlanice gori\u010dke Udruge umjetnika &quot;Spark&quot; bile sudionice poetskog festivala &quot;Be\u010d u prolje\u0107e&quot;.\" \/>\n<meta name=\"robots\" content=\"index, follow, max-snippet:-1, max-image-preview:large, max-video-preview:-1\" \/>\n<link rel=\"canonical\" href=\"https:\/\/gorica.info\/en\/clanice-sparka-sudjelovale-na-poetskom-festivalu-bec-u-proljece\/\" \/>\n<meta property=\"og:locale\" content=\"en_US\" \/>\n<meta property=\"og:type\" content=\"article\" \/>\n<meta property=\"og:title\" content=\"\u010clanice &quot;Sparka&quot; sudjelovale na poetskom festivalu &quot;Be\u010d u prolje\u0107e&quot;\" \/>\n<meta property=\"og:description\" content=\"I ove su godine \u010dlanice gori\u010dke Udruge umjetnika &quot;Spark&quot; bile sudionice poetskog festivala &quot;Be\u010d u prolje\u0107e&quot;.\" \/>\n<meta property=\"og:url\" content=\"https:\/\/gorica.info\/en\/clanice-sparka-sudjelovale-na-poetskom-festivalu-bec-u-proljece\/\" \/>\n<meta property=\"og:site_name\" content=\"Gorica Info\" \/>\n<meta property=\"article:publisher\" content=\"https:\/\/www.facebook.com\/Goricainfo-106005144489262\" \/>\n<meta property=\"article:published_time\" content=\"2026-04-30T08:43:36+00:00\" \/>\n<meta property=\"og:image\" content=\"https:\/\/gorica.info\/wp-content\/uploads\/2026\/04\/Bec-Spark-poezija.jpg\" \/>\n\t<meta property=\"og:image:width\" content=\"1000\" \/>\n\t<meta property=\"og:image:height\" content=\"697\" \/>\n\t<meta property=\"og:image:type\" content=\"image\/jpeg\" \/>\n<meta name=\"author\" content=\"Marija Stip\u010di\u0107\" \/>\n<meta name=\"twitter:card\" content=\"summary_large_image\" \/>\n<meta name=\"twitter:creator\" content=\"@GoricaInfo\" \/>\n<meta name=\"twitter:site\" content=\"@GoricaInfo\" \/>\n<meta name=\"twitter:label1\" content=\"Written by\" \/>\n\t<meta name=\"twitter:data1\" content=\"Marija Stip\u010di\u0107\" \/>\n\t<meta name=\"twitter:label2\" content=\"Est. reading time\" \/>\n\t<meta name=\"twitter:data2\" content=\"5 minutes\" \/>\n<meta name=\"geo.placename\" content=\"Velika Gorica\" \/>\n<meta name=\"geo.region\" content=\"Croatia\" \/>\n<!-- \/ Yoast SEO Premium plugin. -->","yoast_head_json":{"title":"\u010clanice \"Sparka\" sudjelovale na poetskom festivalu \"Be\u010d u prolje\u0107e\" - Gorica Info","description":"I ove su godine \u010dlanice gori\u010dke Udruge umjetnika \"Spark\" bile sudionice poetskog festivala \"Be\u010d u prolje\u0107e\".","robots":{"index":"index","follow":"follow","max-snippet":"max-snippet:-1","max-image-preview":"max-image-preview:large","max-video-preview":"max-video-preview:-1"},"canonical":"https:\/\/gorica.info\/en\/clanice-sparka-sudjelovale-na-poetskom-festivalu-bec-u-proljece\/","og_locale":"en_US","og_type":"article","og_title":"\u010clanice \"Sparka\" sudjelovale na poetskom festivalu \"Be\u010d u prolje\u0107e\"","og_description":"I ove su godine \u010dlanice gori\u010dke Udruge umjetnika \"Spark\" bile sudionice poetskog festivala \"Be\u010d u prolje\u0107e\".","og_url":"https:\/\/gorica.info\/en\/clanice-sparka-sudjelovale-na-poetskom-festivalu-bec-u-proljece\/","og_site_name":"Gorica Info","article_publisher":"https:\/\/www.facebook.com\/Goricainfo-106005144489262","article_published_time":"2026-04-30T08:43:36+00:00","og_image":[{"width":1000,"height":697,"url":"https:\/\/gorica.info\/wp-content\/uploads\/2026\/04\/Bec-Spark-poezija.jpg","type":"image\/jpeg"}],"author":"Marija Stip\u010di\u0107","twitter_card":"summary_large_image","twitter_creator":"@GoricaInfo","twitter_site":"@GoricaInfo","twitter_misc":{"Written by":"Marija Stip\u010di\u0107","Est. reading time":"5 minutes"},"schema":{"@context":"https:\/\/schema.org","@graph":[{"@type":"NewsArticle","@id":"https:\/\/gorica.info\/clanice-sparka-sudjelovale-na-poetskom-festivalu-bec-u-proljece\/#article","isPartOf":{"@id":"https:\/\/gorica.info\/clanice-sparka-sudjelovale-na-poetskom-festivalu-bec-u-proljece\/"},"author":{"name":"Marija Stip\u010di\u0107","@id":"https:\/\/gorica.info\/#\/schema\/person\/9333bbb1dc58fe60ed05834f4e88dc63"},"headline":"\u010clanice &#8220;Sparka&#8221; sudjelovale na poetskom festivalu &#8220;Be\u010d u prolje\u0107e&#8221;","datePublished":"2026-04-30T08:43:36+00:00","mainEntityOfPage":{"@id":"https:\/\/gorica.info\/clanice-sparka-sudjelovale-na-poetskom-festivalu-bec-u-proljece\/"},"wordCount":610,"publisher":{"@id":"https:\/\/gorica.info\/#organization"},"image":{"@id":"https:\/\/gorica.info\/clanice-sparka-sudjelovale-na-poetskom-festivalu-bec-u-proljece\/#primaryimage"},"thumbnailUrl":"https:\/\/gorica.info\/wp-content\/uploads\/2026\/04\/Bec-Spark-poezija.jpg","keywords":["be\u010d","pjesnikinja","prolje\u0107e u be\u010du","spark","vg info","vg vijesti","Zdenka Mlinar"],"articleSection":["KULTURA"],"inLanguage":"en-US","copyrightYear":"2026","copyrightHolder":{"@id":"https:\/\/gorica.info\/en\/#organization"}},{"@type":"WebPage","@id":"https:\/\/gorica.info\/clanice-sparka-sudjelovale-na-poetskom-festivalu-bec-u-proljece\/","url":"https:\/\/gorica.info\/clanice-sparka-sudjelovale-na-poetskom-festivalu-bec-u-proljece\/","name":"\u010clanice \"Sparka\" sudjelovale na poetskom festivalu \"Be\u010d u prolje\u0107e\" - Gorica Info","isPartOf":{"@id":"https:\/\/gorica.info\/#website"},"primaryImageOfPage":{"@id":"https:\/\/gorica.info\/clanice-sparka-sudjelovale-na-poetskom-festivalu-bec-u-proljece\/#primaryimage"},"image":{"@id":"https:\/\/gorica.info\/clanice-sparka-sudjelovale-na-poetskom-festivalu-bec-u-proljece\/#primaryimage"},"thumbnailUrl":"https:\/\/gorica.info\/wp-content\/uploads\/2026\/04\/Bec-Spark-poezija.jpg","datePublished":"2026-04-30T08:43:36+00:00","description":"I ove su godine \u010dlanice gori\u010dke Udruge umjetnika \"Spark\" bile sudionice poetskog festivala \"Be\u010d u prolje\u0107e\".","breadcrumb":{"@id":"https:\/\/gorica.info\/clanice-sparka-sudjelovale-na-poetskom-festivalu-bec-u-proljece\/#breadcrumb"},"inLanguage":"en-US","potentialAction":[{"@type":"ReadAction","target":["https:\/\/gorica.info\/clanice-sparka-sudjelovale-na-poetskom-festivalu-bec-u-proljece\/"]}]},{"@type":"ImageObject","inLanguage":"en-US","@id":"https:\/\/gorica.info\/clanice-sparka-sudjelovale-na-poetskom-festivalu-bec-u-proljece\/#primaryimage","url":"https:\/\/gorica.info\/wp-content\/uploads\/2026\/04\/Bec-Spark-poezija.jpg","contentUrl":"https:\/\/gorica.info\/wp-content\/uploads\/2026\/04\/Bec-Spark-poezija.jpg","width":1000,"height":697,"caption":"be\u010d u prolje\u0107e"},{"@type":"BreadcrumbList","@id":"https:\/\/gorica.info\/clanice-sparka-sudjelovale-na-poetskom-festivalu-bec-u-proljece\/#breadcrumb","itemListElement":[{"@type":"ListItem","position":1,"name":"Po\u010detna stranica","item":"https:\/\/gorica.info\/"},{"@type":"ListItem","position":2,"name":"\u010clanice &#8220;Sparka&#8221; sudjelovale na poetskom festivalu &#8220;Be\u010d u prolje\u0107e&#8221;"}]},{"@type":"WebSite","@id":"https:\/\/gorica.info\/#website","url":"https:\/\/gorica.info\/","name":"Gorica Info","description":"Vijesti iz Velike Gorice i okolice.","publisher":{"@id":"https:\/\/gorica.info\/#organization"},"potentialAction":[{"@type":"SearchAction","target":{"@type":"EntryPoint","urlTemplate":"https:\/\/gorica.info\/?s={search_term_string}"},"query-input":{"@type":"PropertyValueSpecification","valueRequired":true,"valueName":"search_term_string"}}],"inLanguage":"en-US"},{"@type":["Organization","Place","NewsMediaOrganization"],"@id":"https:\/\/gorica.info\/#organization","name":"Gorica Info","url":"https:\/\/gorica.info\/","logo":{"@id":"https:\/\/gorica.info\/clanice-sparka-sudjelovale-na-poetskom-festivalu-bec-u-proljece\/#local-main-organization-logo"},"image":{"@id":"https:\/\/gorica.info\/clanice-sparka-sudjelovale-na-poetskom-festivalu-bec-u-proljece\/#local-main-organization-logo"},"sameAs":["https:\/\/www.facebook.com\/Goricainfo-106005144489262","https:\/\/x.com\/GoricaInfo","https:\/\/www.instagram.com\/gorica.info\/"],"address":{"@id":"https:\/\/gorica.info\/clanice-sparka-sudjelovale-na-poetskom-festivalu-bec-u-proljece\/#local-main-place-address"},"telephone":[],"openingHoursSpecification":[{"@type":"OpeningHoursSpecification","dayOfWeek":["Monday","Tuesday","Wednesday","Thursday","Friday","Saturday","Sunday"],"opens":"09:00","closes":"17:00"}],"email":"redakcija@gorica.info"},{"@type":"Person","@id":"https:\/\/gorica.info\/#\/schema\/person\/9333bbb1dc58fe60ed05834f4e88dc63","name":"Marija Stip\u010di\u0107","description":"Marija Stip\u010di\u0107 novinarske vje\u0161tine brusila je na portalu Gorica.info. Redovito pi\u0161e za rubrike Info, Gorica, \u017divot, Danas kuham.","url":"https:\/\/gorica.info\/en\/author\/marija-stipcic\/"},{"@type":"PostalAddress","@id":"https:\/\/gorica.info\/clanice-sparka-sudjelovale-na-poetskom-festivalu-bec-u-proljece\/#local-main-place-address","streetAddress":"Horvatova 97","addressLocality":"Velika Gorica","postalCode":"10410","addressRegion":"Croatia","addressCountry":"HR"},{"@type":"ImageObject","inLanguage":"en-US","@id":"https:\/\/gorica.info\/clanice-sparka-sudjelovale-na-poetskom-festivalu-bec-u-proljece\/#local-main-organization-logo","url":"https:\/\/gorica.info\/wp-content\/uploads\/2024\/07\/Gorica-Info-Logo-mali.png","contentUrl":"https:\/\/gorica.info\/wp-content\/uploads\/2024\/07\/Gorica-Info-Logo-mali.png","width":450,"height":85,"caption":"Gorica Info"}]},"geo.placename":"Velika Gorica","geo.region":"Croatia"},"_links":{"self":[{"href":"https:\/\/gorica.info\/en\/wp-json\/wp\/v2\/posts\/107385","targetHints":{"allow":["GET"]}}],"collection":[{"href":"https:\/\/gorica.info\/en\/wp-json\/wp\/v2\/posts"}],"about":[{"href":"https:\/\/gorica.info\/en\/wp-json\/wp\/v2\/types\/post"}],"author":[{"embeddable":true,"href":"https:\/\/gorica.info\/en\/wp-json\/wp\/v2\/users\/24"}],"replies":[{"embeddable":true,"href":"https:\/\/gorica.info\/en\/wp-json\/wp\/v2\/comments?post=107385"}],"version-history":[{"count":3,"href":"https:\/\/gorica.info\/en\/wp-json\/wp\/v2\/posts\/107385\/revisions"}],"predecessor-version":[{"id":107394,"href":"https:\/\/gorica.info\/en\/wp-json\/wp\/v2\/posts\/107385\/revisions\/107394"}],"wp:featuredmedia":[{"embeddable":true,"href":"https:\/\/gorica.info\/en\/wp-json\/wp\/v2\/media\/107391"}],"wp:attachment":[{"href":"https:\/\/gorica.info\/en\/wp-json\/wp\/v2\/media?parent=107385"}],"wp:term":[{"taxonomy":"category","embeddable":true,"href":"https:\/\/gorica.info\/en\/wp-json\/wp\/v2\/categories?post=107385"},{"taxonomy":"post_tag","embeddable":true,"href":"https:\/\/gorica.info\/en\/wp-json\/wp\/v2\/tags?post=107385"}],"curies":[{"name":"wp","href":"https:\/\/api.w.org\/{rel}","templated":true}]}}