{"id":107412,"date":"2026-04-30T12:32:49","date_gmt":"2026-04-30T10:32:49","guid":{"rendered":"https:\/\/gorica.info\/?p=107412"},"modified":"2026-04-30T12:33:41","modified_gmt":"2026-04-30T10:33:41","slug":"hrvatski-kuharski-kup-u-velikoj-gorici-mladi-kuhari-pripremali-jela-s-tartufima","status":"publish","type":"post","link":"https:\/\/gorica.info\/en\/hrvatski-kuharski-kup-u-velikoj-gorici-mladi-kuhari-pripremali-jela-s-tartufima\/","title":{"rendered":"Hrvatski kuharski kup u Velikoj Gorici: Mladi kuhari pripremali jela s tartufima"},"content":{"rendered":"<p><span style=\"font-size: 20px\"><strong>Grad Velika Gorica<\/strong> bila je doma\u0107in tre\u0107eg kola <strong>Hrvatskog kuharskog kupa 2026<\/strong>., natjecanja koje je spojilo<strong> mlade kuhare, lokalne namirnice<\/strong> i edukativni program posve\u0107en gastronomiji ovoga kraja. <\/span><\/p>\n<p><span style=\"font-size: 20px\">Doga\u0111anje je odr\u017eano u suorganizaciji Hrvatskog kuharskog saveza, Turisti\u010dke zajednice Zagreba\u010dke \u017eupanije, Grada Velike Gorice i Srednje strukovne \u0161kole Velika Gorica, uz poseban naglasak na odr\u017eivost u gastronomiji.<\/span><\/p>\n<p><img fetchpriority=\"high\" decoding=\"async\" class=\"alignnone wp-image-107416 size-full\" src=\"https:\/\/gorica.info\/wp-content\/uploads\/2026\/04\/Otvorenje-1.jpg\" alt=\"\" width=\"1280\" height=\"853\" srcset=\"https:\/\/gorica.info\/wp-content\/uploads\/2026\/04\/Otvorenje-1.jpg 1280w, https:\/\/gorica.info\/wp-content\/uploads\/2026\/04\/Otvorenje-1-300x200.jpg 300w, https:\/\/gorica.info\/wp-content\/uploads\/2026\/04\/Otvorenje-1-1024x682.jpg 1024w, https:\/\/gorica.info\/wp-content\/uploads\/2026\/04\/Otvorenje-1-768x512.jpg 768w, https:\/\/gorica.info\/wp-content\/uploads\/2026\/04\/Otvorenje-1-18x12.jpg 18w, https:\/\/gorica.info\/wp-content\/uploads\/2026\/04\/Otvorenje-1-750x500.jpg 750w, https:\/\/gorica.info\/wp-content\/uploads\/2026\/04\/Otvorenje-1-1140x760.jpg 1140w\" sizes=\"(max-width: 1280px) 100vw, 1280px\" \/><\/p>\n<p><span style=\"font-size: 20px\">Natjecanje je otvorio gradona\u010delnik Velike Gorice <strong>Kre\u0161imir A\u010dkar<\/strong>, koji je sudionicima pru\u017eio podr\u0161ku i istaknuo va\u017enost stvaranja prilika za mlade u njihovom profesionalnom razvoju.<\/span><\/p>\n<p><img decoding=\"async\" class=\"alignnone wp-image-107415 size-full\" src=\"https:\/\/gorica.info\/wp-content\/uploads\/2026\/04\/Kresimir-Ackar.jpg\" alt=\"\" width=\"1280\" height=\"853\" srcset=\"https:\/\/gorica.info\/wp-content\/uploads\/2026\/04\/Kresimir-Ackar.jpg 1280w, https:\/\/gorica.info\/wp-content\/uploads\/2026\/04\/Kresimir-Ackar-300x200.jpg 300w, https:\/\/gorica.info\/wp-content\/uploads\/2026\/04\/Kresimir-Ackar-1024x682.jpg 1024w, https:\/\/gorica.info\/wp-content\/uploads\/2026\/04\/Kresimir-Ackar-768x512.jpg 768w, https:\/\/gorica.info\/wp-content\/uploads\/2026\/04\/Kresimir-Ackar-18x12.jpg 18w, https:\/\/gorica.info\/wp-content\/uploads\/2026\/04\/Kresimir-Ackar-750x500.jpg 750w, https:\/\/gorica.info\/wp-content\/uploads\/2026\/04\/Kresimir-Ackar-1140x760.jpg 1140w\" sizes=\"(max-width: 1280px) 100vw, 1280px\" \/><\/p>\n<p><span style=\"font-size: 20px\">&#8211; Podr\u0161ka mladima u njihovom<strong> profesionalnom razvoju<\/strong> ne smije ostati samo na rije\u010dima. Doga\u0111anja poput ovih daju priliku mladima da poka\u017eu ste\u010deno znanje, dobiju nova iskustva i time ostvare osobnu potvrdu kako se njihov trud vidi i cijeni. Upravo kroz ovakve prilike mladi ljudi ja\u010daju samopouzdanje, razvijaju svoje vje\u0161tine i dobivaju dodatni poticaj za daljnji rad. Velika Gorica kao doma\u0107in jednog ovakvog velikog natjecanja daje podr\u0161ku nadolaze\u0107im generacijama &#8211; poru\u010dio je gradona\u010delnik A\u010dkar.<\/span><\/p>\n<p><img decoding=\"async\" class=\"alignnone wp-image-107418 size-full\" src=\"https:\/\/gorica.info\/wp-content\/uploads\/2026\/04\/Kuhinja-2.jpg\" alt=\"\" width=\"1500\" height=\"1000\" srcset=\"https:\/\/gorica.info\/wp-content\/uploads\/2026\/04\/Kuhinja-2.jpg 1500w, https:\/\/gorica.info\/wp-content\/uploads\/2026\/04\/Kuhinja-2-300x200.jpg 300w, https:\/\/gorica.info\/wp-content\/uploads\/2026\/04\/Kuhinja-2-1024x683.jpg 1024w, https:\/\/gorica.info\/wp-content\/uploads\/2026\/04\/Kuhinja-2-768x512.jpg 768w, https:\/\/gorica.info\/wp-content\/uploads\/2026\/04\/Kuhinja-2-18x12.jpg 18w, https:\/\/gorica.info\/wp-content\/uploads\/2026\/04\/Kuhinja-2-750x500.jpg 750w, https:\/\/gorica.info\/wp-content\/uploads\/2026\/04\/Kuhinja-2-1140x760.jpg 1140w\" sizes=\"(max-width: 1500px) 100vw, 1500px\" \/> <img loading=\"lazy\" decoding=\"async\" class=\"alignnone wp-image-107419 size-full\" src=\"https:\/\/gorica.info\/wp-content\/uploads\/2026\/04\/Kuhinja-3.jpg\" alt=\"\" width=\"1500\" height=\"1000\" srcset=\"https:\/\/gorica.info\/wp-content\/uploads\/2026\/04\/Kuhinja-3.jpg 1500w, https:\/\/gorica.info\/wp-content\/uploads\/2026\/04\/Kuhinja-3-300x200.jpg 300w, https:\/\/gorica.info\/wp-content\/uploads\/2026\/04\/Kuhinja-3-1024x683.jpg 1024w, https:\/\/gorica.info\/wp-content\/uploads\/2026\/04\/Kuhinja-3-768x512.jpg 768w, https:\/\/gorica.info\/wp-content\/uploads\/2026\/04\/Kuhinja-3-18x12.jpg 18w, https:\/\/gorica.info\/wp-content\/uploads\/2026\/04\/Kuhinja-3-750x500.jpg 750w, https:\/\/gorica.info\/wp-content\/uploads\/2026\/04\/Kuhinja-3-1140x760.jpg 1140w\" sizes=\"(max-width: 1500px) 100vw, 1500px\" \/><\/p>\n<p><span style=\"font-size: 20px\">U natjecateljskom dijelu sudjelovalo je<strong> 10 mladih kuhara<\/strong> koji su pripremili sto obroka za u\u010denike Srednje strukovne \u0161kole Velika Gorica. <\/span><\/p>\n<p><span style=\"font-size: 20px\">Kroz svoja jela predstavili su namirnice ovoga kraja, me\u0111u kojima su posebno istaknuti turopoljski tartufi. Kori\u0161tenjem lokalnih sastojaka pokazali su koliko je va\u017eno gastronomiju graditi na namirnicama koje dolaze iz prostora kojem pripadaju.<\/span><\/p>\n<p><img loading=\"lazy\" decoding=\"async\" class=\"alignnone wp-image-107414 size-full\" src=\"https:\/\/gorica.info\/wp-content\/uploads\/2026\/04\/Ivana-Alilovic.jpg\" alt=\"mladi kuhari\" width=\"1280\" height=\"853\" srcset=\"https:\/\/gorica.info\/wp-content\/uploads\/2026\/04\/Ivana-Alilovic.jpg 1280w, https:\/\/gorica.info\/wp-content\/uploads\/2026\/04\/Ivana-Alilovic-300x200.jpg 300w, https:\/\/gorica.info\/wp-content\/uploads\/2026\/04\/Ivana-Alilovic-1024x682.jpg 1024w, https:\/\/gorica.info\/wp-content\/uploads\/2026\/04\/Ivana-Alilovic-768x512.jpg 768w, https:\/\/gorica.info\/wp-content\/uploads\/2026\/04\/Ivana-Alilovic-18x12.jpg 18w, https:\/\/gorica.info\/wp-content\/uploads\/2026\/04\/Ivana-Alilovic-750x500.jpg 750w, https:\/\/gorica.info\/wp-content\/uploads\/2026\/04\/Ivana-Alilovic-1140x760.jpg 1140w\" sizes=\"(max-width: 1280px) 100vw, 1280px\" \/><\/p>\n<p><span style=\"font-size: 20px\">&#8211; Lokalna gastronomija nije samo o tome \u0161to poslu\u017eujemo na tanjuru, ve\u0107 i o tome kako po\u0161tujemo i njegujemo sastojke koji dolaze iz na\u0161eg kraja. U <strong>Zagreba\u010dkoj \u017eupaniji<\/strong> imamo bogatstvo tradicije, od turopoljskih tartufa do doma\u0107ih vina, i va\u017eno je da mladi kuhari razumiju da kvaliteta po\u010dinje mnogo prije nego \u0161to jelo do\u0111e do gosta. Ovakvi natjecateljski eventi stvaraju prilike za mlade talente da se pove\u017eu s na\u0161om gastronomskom tradicijom, a time i s na\u0161om zajednicom &#8211; izjavila je <strong>Ivana Alilovi\u0107<\/strong>, direktorica Turisti\u010dke zajednice Zagreba\u010dke \u017eupanije.<\/span><\/p>\n<p><img loading=\"lazy\" decoding=\"async\" class=\"alignnone wp-image-107420 size-full\" src=\"https:\/\/gorica.info\/wp-content\/uploads\/2026\/04\/Mladi-kuhari.jpg\" alt=\"\" width=\"1280\" height=\"853\" srcset=\"https:\/\/gorica.info\/wp-content\/uploads\/2026\/04\/Mladi-kuhari.jpg 1280w, https:\/\/gorica.info\/wp-content\/uploads\/2026\/04\/Mladi-kuhari-300x200.jpg 300w, https:\/\/gorica.info\/wp-content\/uploads\/2026\/04\/Mladi-kuhari-1024x682.jpg 1024w, https:\/\/gorica.info\/wp-content\/uploads\/2026\/04\/Mladi-kuhari-768x512.jpg 768w, https:\/\/gorica.info\/wp-content\/uploads\/2026\/04\/Mladi-kuhari-18x12.jpg 18w, https:\/\/gorica.info\/wp-content\/uploads\/2026\/04\/Mladi-kuhari-750x500.jpg 750w, https:\/\/gorica.info\/wp-content\/uploads\/2026\/04\/Mladi-kuhari-1140x760.jpg 1140w\" sizes=\"(max-width: 1280px) 100vw, 1280px\" \/><\/p>\n<p><span style=\"font-size: 20px\">Rad natjecatelja pratio je stru\u010dni \u017eiri sastavljen od stru\u010dnjaka iz razli\u010ditih podru\u010dja gastronomije. Jela su ocjenjivana prema kreativnosti, tehni\u010dkoj izvedbi i upotrebi lokalnih sastojaka, a mladi kuhari dobili su i vrijedne smjernice za daljnji razvoj u struci.<\/span><\/p>\n<p><img loading=\"lazy\" decoding=\"async\" class=\"alignnone wp-image-107417 size-full\" src=\"https:\/\/gorica.info\/wp-content\/uploads\/2026\/04\/Kuhinja-1.jpg\" alt=\"mladi kuhari\" width=\"1500\" height=\"1000\" srcset=\"https:\/\/gorica.info\/wp-content\/uploads\/2026\/04\/Kuhinja-1.jpg 1500w, https:\/\/gorica.info\/wp-content\/uploads\/2026\/04\/Kuhinja-1-300x200.jpg 300w, https:\/\/gorica.info\/wp-content\/uploads\/2026\/04\/Kuhinja-1-1024x683.jpg 1024w, https:\/\/gorica.info\/wp-content\/uploads\/2026\/04\/Kuhinja-1-768x512.jpg 768w, https:\/\/gorica.info\/wp-content\/uploads\/2026\/04\/Kuhinja-1-18x12.jpg 18w, https:\/\/gorica.info\/wp-content\/uploads\/2026\/04\/Kuhinja-1-750x500.jpg 750w, https:\/\/gorica.info\/wp-content\/uploads\/2026\/04\/Kuhinja-1-1140x760.jpg 1140w\" sizes=\"(max-width: 1500px) 100vw, 1500px\" \/><\/p>\n<p><span style=\"font-size: 20px\">Nakon natjecateljskog dijela odr\u017eana je edukativna prezentacija posve\u0107ena turopoljskom \u0161krletu. <strong>Darko Lugari\u0107<\/strong> iz Sommelier kluba Hrvatska govorio je o sljubljivanju pjenu\u0161aca Zagreba\u010dke \u017eupanije s jelima, dok je<strong> Vlado Mikul\u010di\u0107<\/strong>, predsjednik <a href=\"https:\/\/gorica.info\/en\/veliki-uspjeh-vinara-iz-velike-gorice-clanovi-udruge-grozd-osvojili-11-medalja\/\">Udruge vinara Grozd<\/a>, predstavio <strong>\u0161krlet<\/strong>, njegovu povijest i zna\u010daj za ovaj kraj. Time je program dodatno povezao gastronomiju, vino i tradiciju.<\/span><\/p>\n<p><span style=\"font-size: 20px\">Hrvatski kuharski kup namijenjen je <strong>mladim kuharima do 35 godina<\/strong> te kroz rad s tradicijskim namirnicama poti\u010de o\u010duvanje hrvatske kulinarske ba\u0161tine i razvoj novih generacija kuhara. <\/span><\/p>\n<p><span style=\"font-size: 20px\">Projekt realiziraju Hrvatski kuharski savez i partneri projekta Okusi hrvatske tradicije, s ciljem promicanja lokalnih sastojaka, kulinarske tradicije i vrijednosti koje hrvatsku gastronomiju \u010dine prepoznatljivom. <\/span><\/p>\n<p><span style=\"font-size: 20px\">Nakon Velike Gorice, natjecanje se nastavlja polufinalom u Osijeku, gdje \u0107e mladi kuhari imati novu priliku pokazati svoje znanje, vje\u0161tinu i kreativnost.<\/span><\/p>","protected":false},"excerpt":{"rendered":"<p>Grad Velika Gorica bila je doma\u0107in tre\u0107eg kola Hrvatskog kuharskog kupa 2026., natjecanja koje je spojilo mlade kuhare, lokalne namirnice i edukativni program posve\u0107en gastronomiji ovoga kraja. Doga\u0111anje je odr\u017eano u suorganizaciji Hrvatskog kuharskog saveza, Turisti\u010dke zajednice Zagreba\u010dke \u017eupanije, Grada Velike Gorice i Srednje strukovne \u0161kole Velika Gorica, uz poseban naglasak na odr\u017eivost u gastronomiji. [&hellip;]<\/p>\n","protected":false},"author":25,"featured_media":107413,"comment_status":"closed","ping_status":"closed","sticky":false,"template":"","format":"standard","meta":{"limit_modified_date":"1","last_modified_date":"","jnews-multi-image_gallery":[],"jnews_single_post":{"format":"standard","override":[{"template":"3","parallax":"1","fullscreen":"1","layout":"right-sidebar","sidebar":"default-sidebar","second_sidebar":"default-sidebar","sticky_sidebar":"1","share_position":"top","share_float_style":"share-monocrhome","show_featured":"1","show_post_meta":"1","show_post_author":"1","show_post_author_image":"1","show_post_date":"1","post_date_format":"default","post_date_format_custom":"Y\/m\/d","show_post_category":"1","show_post_reading_time":"1","post_reading_time_wpm":"300","post_calculate_word_method":"str_word_count","zoom_button_out_step":"2","zoom_button_in_step":"3","show_post_tag":"1","show_popup_post":"1","show_comment_section":"1","number_popup_post":"1","show_post_related":"1"}],"image_override":[{"single_post_thumbnail_size":"crop-500","single_post_gallery_size":"crop-500"}],"trending_post_position":"meta","trending_post_label":"Trending","sponsored_post_label":"Sponsored by","disable_ad":"0","subtitle":"Natjecanje je namijenjeno mladim kuharima do 35 godina koji su pripremili sto obroka za u\u010denike Srednje strukovne \u0161kole Velika Gorica"},"jnews_primary_category":[],"jnews_override_counter":{"view_counter_number":"0","share_counter_number":"0","like_counter_number":"0","dislike_counter_number":"0"},"footnotes":""},"categories":[87],"tags":[2276,253,3194,25055,25056,25057,122,22686],"class_list":["post-107412","post","type-post","status-publish","format-standard","has-post-thumbnail","hentry","category-gorica","tag-ivana-alilovic","tag-kresimir-ackar","tag-kuhanje","tag-kuharski-kup","tag-kuharstvo","tag-mladi-kuhari","tag-velika-gorica","tag-vg-info"],"yoast_head":"<!-- This site is optimized with the Yoast SEO Premium plugin v27.5 (Yoast SEO v27.5) - https:\/\/yoast.com\/product\/yoast-seo-premium-wordpress\/ -->\n<title>Hrvatski kuharski kup u Velikoj Gorici: Mladi kuhari pripremali jela s tartufima - Gorica Info<\/title>\n<meta name=\"description\" content=\"Velika Gorica ugostila je 3. kolo Hrvatskog kuharskog kupa 2026. Mladi kuhari predstavili su lokalne namirnice poput turopoljskih tartufa.\" \/>\n<meta name=\"robots\" content=\"index, follow, max-snippet:-1, max-image-preview:large, max-video-preview:-1\" \/>\n<link rel=\"canonical\" href=\"https:\/\/gorica.info\/en\/hrvatski-kuharski-kup-u-velikoj-gorici-mladi-kuhari-pripremali-jela-s-tartufima\/\" \/>\n<meta property=\"og:locale\" content=\"en_US\" \/>\n<meta property=\"og:type\" content=\"article\" \/>\n<meta property=\"og:title\" content=\"Hrvatski kuharski kup u Velikoj Gorici: Mladi kuhari pripremali jela s tartufima\" \/>\n<meta property=\"og:description\" content=\"Velika Gorica ugostila je 3. kolo Hrvatskog kuharskog kupa 2026. Mladi kuhari predstavili su lokalne namirnice poput turopoljskih tartufa.\" \/>\n<meta property=\"og:url\" content=\"https:\/\/gorica.info\/en\/hrvatski-kuharski-kup-u-velikoj-gorici-mladi-kuhari-pripremali-jela-s-tartufima\/\" \/>\n<meta property=\"og:site_name\" content=\"Gorica Info\" \/>\n<meta property=\"article:publisher\" content=\"https:\/\/www.facebook.com\/Goricainfo-106005144489262\" \/>\n<meta property=\"article:published_time\" content=\"2026-04-30T10:32:49+00:00\" \/>\n<meta property=\"article:modified_time\" content=\"2026-04-30T10:33:41+00:00\" \/>\n<meta property=\"og:image\" content=\"https:\/\/gorica.info\/wp-content\/uploads\/2026\/04\/kuharski-kup-vg.jpg\" \/>\n\t<meta property=\"og:image:width\" content=\"1200\" \/>\n\t<meta property=\"og:image:height\" content=\"634\" \/>\n\t<meta property=\"og:image:type\" content=\"image\/jpeg\" \/>\n<meta name=\"author\" content=\"Marta Horvat\" \/>\n<meta name=\"twitter:card\" content=\"summary_large_image\" \/>\n<meta name=\"twitter:creator\" content=\"@GoricaInfo\" \/>\n<meta name=\"twitter:site\" content=\"@GoricaInfo\" \/>\n<meta name=\"twitter:label1\" content=\"Written by\" \/>\n\t<meta name=\"twitter:data1\" content=\"Marta Horvat\" \/>\n\t<meta name=\"twitter:label2\" content=\"Est. reading time\" \/>\n\t<meta name=\"twitter:data2\" content=\"5 minutes\" \/>\n<meta name=\"geo.placename\" content=\"Velika Gorica\" \/>\n<meta name=\"geo.region\" content=\"Croatia\" \/>\n<!-- \/ Yoast SEO Premium plugin. -->","yoast_head_json":{"title":"Hrvatski kuharski kup u Velikoj Gorici: Mladi kuhari pripremali jela s tartufima - Gorica Info","description":"Velika Gorica ugostila je 3. kolo Hrvatskog kuharskog kupa 2026. Mladi kuhari predstavili su lokalne namirnice poput turopoljskih tartufa.","robots":{"index":"index","follow":"follow","max-snippet":"max-snippet:-1","max-image-preview":"max-image-preview:large","max-video-preview":"max-video-preview:-1"},"canonical":"https:\/\/gorica.info\/en\/hrvatski-kuharski-kup-u-velikoj-gorici-mladi-kuhari-pripremali-jela-s-tartufima\/","og_locale":"en_US","og_type":"article","og_title":"Hrvatski kuharski kup u Velikoj Gorici: Mladi kuhari pripremali jela s tartufima","og_description":"Velika Gorica ugostila je 3. kolo Hrvatskog kuharskog kupa 2026. Mladi kuhari predstavili su lokalne namirnice poput turopoljskih tartufa.","og_url":"https:\/\/gorica.info\/en\/hrvatski-kuharski-kup-u-velikoj-gorici-mladi-kuhari-pripremali-jela-s-tartufima\/","og_site_name":"Gorica Info","article_publisher":"https:\/\/www.facebook.com\/Goricainfo-106005144489262","article_published_time":"2026-04-30T10:32:49+00:00","article_modified_time":"2026-04-30T10:33:41+00:00","og_image":[{"width":1200,"height":634,"url":"https:\/\/gorica.info\/wp-content\/uploads\/2026\/04\/kuharski-kup-vg.jpg","type":"image\/jpeg"}],"author":"Marta Horvat","twitter_card":"summary_large_image","twitter_creator":"@GoricaInfo","twitter_site":"@GoricaInfo","twitter_misc":{"Written by":"Marta Horvat","Est. reading time":"5 minutes"},"schema":{"@context":"https:\/\/schema.org","@graph":[{"@type":"NewsArticle","@id":"https:\/\/gorica.info\/hrvatski-kuharski-kup-u-velikoj-gorici-mladi-kuhari-pripremali-jela-s-tartufima\/#article","isPartOf":{"@id":"https:\/\/gorica.info\/hrvatski-kuharski-kup-u-velikoj-gorici-mladi-kuhari-pripremali-jela-s-tartufima\/"},"author":{"name":"Marta Horvat","@id":"https:\/\/gorica.info\/#\/schema\/person\/b2df2f6fb2a9073c0fa5af2672befd52"},"headline":"Hrvatski kuharski kup u Velikoj Gorici: Mladi kuhari pripremali jela s tartufima","datePublished":"2026-04-30T10:32:49+00:00","dateModified":"2026-04-30T10:33:41+00:00","mainEntityOfPage":{"@id":"https:\/\/gorica.info\/hrvatski-kuharski-kup-u-velikoj-gorici-mladi-kuhari-pripremali-jela-s-tartufima\/"},"wordCount":520,"publisher":{"@id":"https:\/\/gorica.info\/#organization"},"image":{"@id":"https:\/\/gorica.info\/hrvatski-kuharski-kup-u-velikoj-gorici-mladi-kuhari-pripremali-jela-s-tartufima\/#primaryimage"},"thumbnailUrl":"https:\/\/gorica.info\/wp-content\/uploads\/2026\/04\/kuharski-kup-vg.jpg","keywords":["ivana alilovi\u0107","Kre\u0161imir A\u010dkar","kuhanje","kuharski kup","kuharstvo","mladi kuhari","Velika Gorica","vg info"],"articleSection":["GORICA"],"inLanguage":"en-US","copyrightYear":"2026","copyrightHolder":{"@id":"https:\/\/gorica.info\/en\/#organization"}},{"@type":"WebPage","@id":"https:\/\/gorica.info\/hrvatski-kuharski-kup-u-velikoj-gorici-mladi-kuhari-pripremali-jela-s-tartufima\/","url":"https:\/\/gorica.info\/hrvatski-kuharski-kup-u-velikoj-gorici-mladi-kuhari-pripremali-jela-s-tartufima\/","name":"Hrvatski kuharski kup u Velikoj Gorici: Mladi kuhari pripremali jela s tartufima - Gorica Info","isPartOf":{"@id":"https:\/\/gorica.info\/#website"},"primaryImageOfPage":{"@id":"https:\/\/gorica.info\/hrvatski-kuharski-kup-u-velikoj-gorici-mladi-kuhari-pripremali-jela-s-tartufima\/#primaryimage"},"image":{"@id":"https:\/\/gorica.info\/hrvatski-kuharski-kup-u-velikoj-gorici-mladi-kuhari-pripremali-jela-s-tartufima\/#primaryimage"},"thumbnailUrl":"https:\/\/gorica.info\/wp-content\/uploads\/2026\/04\/kuharski-kup-vg.jpg","datePublished":"2026-04-30T10:32:49+00:00","dateModified":"2026-04-30T10:33:41+00:00","description":"Velika Gorica ugostila je 3. kolo Hrvatskog kuharskog kupa 2026. Mladi kuhari predstavili su lokalne namirnice poput turopoljskih tartufa.","breadcrumb":{"@id":"https:\/\/gorica.info\/hrvatski-kuharski-kup-u-velikoj-gorici-mladi-kuhari-pripremali-jela-s-tartufima\/#breadcrumb"},"inLanguage":"en-US","potentialAction":[{"@type":"ReadAction","target":["https:\/\/gorica.info\/hrvatski-kuharski-kup-u-velikoj-gorici-mladi-kuhari-pripremali-jela-s-tartufima\/"]}]},{"@type":"ImageObject","inLanguage":"en-US","@id":"https:\/\/gorica.info\/hrvatski-kuharski-kup-u-velikoj-gorici-mladi-kuhari-pripremali-jela-s-tartufima\/#primaryimage","url":"https:\/\/gorica.info\/wp-content\/uploads\/2026\/04\/kuharski-kup-vg.jpg","contentUrl":"https:\/\/gorica.info\/wp-content\/uploads\/2026\/04\/kuharski-kup-vg.jpg","width":1200,"height":634,"caption":"Foto: Turisti\u010dka zajednica Zagreba\u010dke \u017eupanije"},{"@type":"BreadcrumbList","@id":"https:\/\/gorica.info\/hrvatski-kuharski-kup-u-velikoj-gorici-mladi-kuhari-pripremali-jela-s-tartufima\/#breadcrumb","itemListElement":[{"@type":"ListItem","position":1,"name":"Po\u010detna stranica","item":"https:\/\/gorica.info\/"},{"@type":"ListItem","position":2,"name":"Hrvatski kuharski kup u Velikoj Gorici: Mladi kuhari pripremali jela s tartufima"}]},{"@type":"WebSite","@id":"https:\/\/gorica.info\/#website","url":"https:\/\/gorica.info\/","name":"Gorica Info","description":"Vijesti iz Velike Gorice i okolice.","publisher":{"@id":"https:\/\/gorica.info\/#organization"},"potentialAction":[{"@type":"SearchAction","target":{"@type":"EntryPoint","urlTemplate":"https:\/\/gorica.info\/?s={search_term_string}"},"query-input":{"@type":"PropertyValueSpecification","valueRequired":true,"valueName":"search_term_string"}}],"inLanguage":"en-US"},{"@type":["Organization","Place","NewsMediaOrganization"],"@id":"https:\/\/gorica.info\/#organization","name":"Gorica Info","url":"https:\/\/gorica.info\/","logo":{"@id":"https:\/\/gorica.info\/hrvatski-kuharski-kup-u-velikoj-gorici-mladi-kuhari-pripremali-jela-s-tartufima\/#local-main-organization-logo"},"image":{"@id":"https:\/\/gorica.info\/hrvatski-kuharski-kup-u-velikoj-gorici-mladi-kuhari-pripremali-jela-s-tartufima\/#local-main-organization-logo"},"sameAs":["https:\/\/www.facebook.com\/Goricainfo-106005144489262","https:\/\/x.com\/GoricaInfo","https:\/\/www.instagram.com\/gorica.info\/"],"address":{"@id":"https:\/\/gorica.info\/hrvatski-kuharski-kup-u-velikoj-gorici-mladi-kuhari-pripremali-jela-s-tartufima\/#local-main-place-address"},"telephone":[],"openingHoursSpecification":[{"@type":"OpeningHoursSpecification","dayOfWeek":["Monday","Tuesday","Wednesday","Thursday","Friday","Saturday","Sunday"],"opens":"09:00","closes":"17:00"}],"email":"redakcija@gorica.info"},{"@type":"Person","@id":"https:\/\/gorica.info\/#\/schema\/person\/b2df2f6fb2a9073c0fa5af2672befd52","name":"Marta Horvat","description":"Marta Horvat je studentica koja redovito pi\u0161e za portal, prati sva gradska doga\u0111anja i u\u017eiva isprobavati nove recept koje dijeli s na\u0161im \u010ditateljima.","url":"https:\/\/gorica.info\/en\/author\/marta-horvat\/"},{"@type":"PostalAddress","@id":"https:\/\/gorica.info\/hrvatski-kuharski-kup-u-velikoj-gorici-mladi-kuhari-pripremali-jela-s-tartufima\/#local-main-place-address","streetAddress":"Horvatova 97","addressLocality":"Velika Gorica","postalCode":"10410","addressRegion":"Croatia","addressCountry":"HR"},{"@type":"ImageObject","inLanguage":"en-US","@id":"https:\/\/gorica.info\/hrvatski-kuharski-kup-u-velikoj-gorici-mladi-kuhari-pripremali-jela-s-tartufima\/#local-main-organization-logo","url":"https:\/\/gorica.info\/wp-content\/uploads\/2024\/07\/Gorica-Info-Logo-mali.png","contentUrl":"https:\/\/gorica.info\/wp-content\/uploads\/2024\/07\/Gorica-Info-Logo-mali.png","width":450,"height":85,"caption":"Gorica Info"}]},"geo.placename":"Velika Gorica","geo.region":"Croatia"},"_links":{"self":[{"href":"https:\/\/gorica.info\/en\/wp-json\/wp\/v2\/posts\/107412","targetHints":{"allow":["GET"]}}],"collection":[{"href":"https:\/\/gorica.info\/en\/wp-json\/wp\/v2\/posts"}],"about":[{"href":"https:\/\/gorica.info\/en\/wp-json\/wp\/v2\/types\/post"}],"author":[{"embeddable":true,"href":"https:\/\/gorica.info\/en\/wp-json\/wp\/v2\/users\/25"}],"replies":[{"embeddable":true,"href":"https:\/\/gorica.info\/en\/wp-json\/wp\/v2\/comments?post=107412"}],"version-history":[{"count":2,"href":"https:\/\/gorica.info\/en\/wp-json\/wp\/v2\/posts\/107412\/revisions"}],"predecessor-version":[{"id":107422,"href":"https:\/\/gorica.info\/en\/wp-json\/wp\/v2\/posts\/107412\/revisions\/107422"}],"wp:featuredmedia":[{"embeddable":true,"href":"https:\/\/gorica.info\/en\/wp-json\/wp\/v2\/media\/107413"}],"wp:attachment":[{"href":"https:\/\/gorica.info\/en\/wp-json\/wp\/v2\/media?parent=107412"}],"wp:term":[{"taxonomy":"category","embeddable":true,"href":"https:\/\/gorica.info\/en\/wp-json\/wp\/v2\/categories?post=107412"},{"taxonomy":"post_tag","embeddable":true,"href":"https:\/\/gorica.info\/en\/wp-json\/wp\/v2\/tags?post=107412"}],"curies":[{"name":"wp","href":"https:\/\/api.w.org\/{rel}","templated":true}]}}