{"id":107433,"date":"2026-05-01T09:51:48","date_gmt":"2026-05-01T07:51:48","guid":{"rendered":"https:\/\/gorica.info\/?p=107433"},"modified":"2026-05-01T09:53:51","modified_gmt":"2026-05-01T07:53:51","slug":"pridruzite-se-akciji-ciscenja-jezera-cice-i-uljepsajte-omiljeno-izletiste","status":"publish","type":"post","link":"https:\/\/gorica.info\/en\/pridruzite-se-akciji-ciscenja-jezera-cice-i-uljepsajte-omiljeno-izletiste\/","title":{"rendered":"Pridru\u017eite se akciji \u010di\u0161\u0107enja jezera \u010ci\u010de i uljep\u0161ajte omiljeno izleti\u0161te"},"content":{"rendered":"<p><span style=\"font-size: 20px\"><strong>Udruga \u201c\u010ci\u010d Beach\u201d<\/strong> poziva gra\u0111ane da <strong>Praznik rada<\/strong> provedu na koristan i dru\u0161tveno odgovoran na\u010din. Pridru\u017eite se <strong>radnoj akciji \u010di\u0161\u0107enja<\/strong> okoli\u0161a oko <strong>jezera \u010ci\u010de<\/strong>. Akcija \u0107e se odr\u017eati <strong>u petak s po\u010detkom u 12 sati<\/strong>, a cilj joj je zajedni\u010dkim snagama urediti okoli\u0161 i o\u010duvati prirodnu ljepotu ovog omiljenog izleti\u0161ta.<\/span><\/p>\n<p><span style=\"font-size: 20px\"><a href=\"https:\/\/www.facebook.com\/profile.php?id=61578223774690&amp;locale=hr_HR\">Organizatori<\/a> isti\u010du kako \u017eele okupiti \u0161to ve\u0107i broj gra\u0111ana koji \u0107e svojim doprinosom pomo\u0107i u uklanjanju otpada i <a href=\"https:\/\/gorica.info\/en\/imamo-sve-detalje-uredenja-kupalista-na-jezeru-cice\/\">ure\u0111enju prostora oko jezera.<\/a><\/span><\/p>\n<figure id=\"attachment_107435\" aria-describedby=\"caption-attachment-107435\" style=\"width: 1500px\" class=\"wp-caption alignnone\"><img fetchpriority=\"high\" decoding=\"async\" class=\"wp-image-107435 size-full\" src=\"https:\/\/gorica.info\/wp-content\/uploads\/2026\/04\/jezero-cice-goricainfo.jpg\" alt=\"jezera \u010ci\u010de\" width=\"1500\" height=\"1125\" srcset=\"https:\/\/gorica.info\/wp-content\/uploads\/2026\/04\/jezero-cice-goricainfo.jpg 1500w, https:\/\/gorica.info\/wp-content\/uploads\/2026\/04\/jezero-cice-goricainfo-300x225.jpg 300w, https:\/\/gorica.info\/wp-content\/uploads\/2026\/04\/jezero-cice-goricainfo-1024x768.jpg 1024w, https:\/\/gorica.info\/wp-content\/uploads\/2026\/04\/jezero-cice-goricainfo-768x576.jpg 768w, https:\/\/gorica.info\/wp-content\/uploads\/2026\/04\/jezero-cice-goricainfo-16x12.jpg 16w, https:\/\/gorica.info\/wp-content\/uploads\/2026\/04\/jezero-cice-goricainfo-750x563.jpg 750w, https:\/\/gorica.info\/wp-content\/uploads\/2026\/04\/jezero-cice-goricainfo-1140x855.jpg 1140w\" sizes=\"(max-width: 1500px) 100vw, 1500px\" \/><figcaption id=\"caption-attachment-107435\" class=\"wp-caption-text\">Foto: Gorica.info<\/figcaption><\/figure>\n<p><span style=\"font-size: 20px\">U sklopu akcije planirano je <strong>prikupljanje otpada s pla\u017ee i obale<\/strong>, kao i op\u0107e ure\u0111enje prostora. <\/span><\/p>\n<p><span style=\"font-size: 20px\">Sudionicima se preporu\u010duje da sa sobom ponesu rukavice, vre\u0107e za sme\u0107e te alat poput grablji ili vila, kako bi rad bio \u0161to u\u010dinkovitiji. Ipak, organizatori nagla\u0161avaju da je najva\u017enije ponijeti dobru volju i \u017eelju za zajedni\u010dkim doprinosom.<\/span><\/p>\n<p><span style=\"font-size: 20px\">Osim radnog dijela, naglasak je i na dru\u017eenju. Nakon zavr\u0161etka \u010di\u0161\u0107enja, sudionici \u0107e imati priliku opustiti se i nastaviti dan u ugodnoj atmosferi <strong>uz hranu i pi\u0107e<\/strong>. Stoga se gra\u0111ani poti\u010du da ponesu ne\u0161to za okrjepu i podijele s ostalima.<\/span><\/p>\n<p><span style=\"font-size: 20px\">Zajedno uredimo i \u010duvajmo na\u0161e jezero \u2013 poru\u010duju iz udruge \u201c\u010ci\u010d Beach\u201d, uz nadu da \u0107e se akciji odazvati velik broj ljudi te pokazati kako zajedni\u0161tvo mo\u017ee u\u010diniti veliku razliku.<\/span><\/p>\n<p><span style=\"font-size: 20px\">Ova inicijativa jo\u0161 je jedan podsjetnik koliko je<strong> va\u017eno brinuti o okoli\u0161u<\/strong> i aktivno sudjelovati u o\u010duvanju prirodnih ljepota koje imamo. Praznik rada tako mo\u017ee biti prilika ne samo za odmor, ve\u0107 i za konkretan doprinos zajednici.<\/span><\/p>","protected":false},"excerpt":{"rendered":"<p>Udruga \u201c\u010ci\u010d Beach\u201d poziva gra\u0111ane da Praznik rada provedu na koristan i dru\u0161tveno odgovoran na\u010din. Pridru\u017eite se radnoj akciji \u010di\u0161\u0107enja okoli\u0161a oko jezera \u010ci\u010de. Akcija \u0107e se odr\u017eati u petak s po\u010detkom u 12 sati, a cilj joj je zajedni\u010dkim snagama urediti okoli\u0161 i o\u010duvati prirodnu ljepotu ovog omiljenog izleti\u0161ta. Organizatori isti\u010du kako \u017eele okupiti [&hellip;]<\/p>\n","protected":false},"author":25,"featured_media":107434,"comment_status":"closed","ping_status":"closed","sticky":false,"template":"","format":"standard","meta":{"limit_modified_date":"1","last_modified_date":"","jnews-multi-image_gallery":[],"jnews_single_post":{"subtitle":"Akciju na Praznik rada organizira udruga \"\u010ci\u010d Beach \" s po\u010detkom u 12 sati, a cilj joj je zajedni\u010dkim snagama urediti okoli\u0161","format":"standard","override":[{"template":"3","parallax":"1","fullscreen":"1","layout":"right-sidebar","sidebar":"default-sidebar","second_sidebar":"default-sidebar","sticky_sidebar":"1","share_position":"top","share_float_style":"share-monocrhome","show_featured":"1","show_post_meta":"1","show_post_author":"1","show_post_author_image":"1","show_post_date":"1","post_date_format":"default","post_date_format_custom":"Y\/m\/d","show_post_category":"1","show_post_reading_time":"1","post_reading_time_wpm":"300","post_calculate_word_method":"str_word_count","zoom_button_out_step":"2","zoom_button_in_step":"3","show_post_tag":"1","show_popup_post":"1","show_comment_section":"1","number_popup_post":"1","show_post_related":"1"}],"image_override":[{"single_post_thumbnail_size":"crop-500","single_post_gallery_size":"crop-500"}],"trending_post_position":"meta","trending_post_label":"Trending","sponsored_post_label":"Sponsored by","disable_ad":"0"},"jnews_primary_category":[],"jnews_override_counter":{"view_counter_number":"0","share_counter_number":"0","like_counter_number":"0","dislike_counter_number":"0"},"footnotes":""},"categories":[87],"tags":[13229,13230,428,21825,4631,25064,25065,122,22686,15554,20833,5090],"class_list":["post-107433","post","type-post","status-publish","format-standard","has-post-thumbnail","hentry","category-gorica","tag-ciscenje-okolisa","tag-ekoloska-akcija","tag-jezero-cice","tag-lokalne-vijesti","tag-praznik-rada","tag-udruga-cic-beach","tag-uredenje-okolisa","tag-velika-gorica","tag-vg-info","tag-vg-vijesti","tag-volonterska-akcija","tag-zastita-prirode"],"yoast_head":"<!-- This site is optimized with the Yoast SEO Premium plugin v27.5 (Yoast SEO v27.5) - https:\/\/yoast.com\/product\/yoast-seo-premium-wordpress\/ -->\n<title>Pridru\u017eite se akciji \u010di\u0161\u0107enja jezera \u010ci\u010de i uljep\u0161ajte omiljeno izleti\u0161te - Gorica Info<\/title>\n<meta name=\"description\" content=\"Udruga \u010ci\u010d Beach organizira akciju \u010di\u0161\u0107enja oko jezera \u010ci\u010de na Praznik rada u 12 sati. Pridru\u017eite se, o\u010distite okoli\u0161 i u\u017eivajte u dru\u017eenju.\" \/>\n<meta name=\"robots\" content=\"index, follow, max-snippet:-1, max-image-preview:large, max-video-preview:-1\" \/>\n<link rel=\"canonical\" href=\"https:\/\/gorica.info\/en\/pridruzite-se-akciji-ciscenja-jezera-cice-i-uljepsajte-omiljeno-izletiste\/\" \/>\n<meta property=\"og:locale\" content=\"en_US\" \/>\n<meta property=\"og:type\" content=\"article\" \/>\n<meta property=\"og:title\" content=\"Pridru\u017eite se akciji \u010di\u0161\u0107enja jezera \u010ci\u010de i uljep\u0161ajte omiljeno izleti\u0161te\" \/>\n<meta property=\"og:description\" content=\"Udruga \u010ci\u010d Beach organizira akciju \u010di\u0161\u0107enja oko jezera \u010ci\u010de na Praznik rada u 12 sati. Pridru\u017eite se, o\u010distite okoli\u0161 i u\u017eivajte u dru\u017eenju.\" \/>\n<meta property=\"og:url\" content=\"https:\/\/gorica.info\/en\/pridruzite-se-akciji-ciscenja-jezera-cice-i-uljepsajte-omiljeno-izletiste\/\" \/>\n<meta property=\"og:site_name\" content=\"Gorica Info\" \/>\n<meta property=\"article:publisher\" content=\"https:\/\/www.facebook.com\/Goricainfo-106005144489262\" \/>\n<meta property=\"article:published_time\" content=\"2026-05-01T07:51:48+00:00\" \/>\n<meta property=\"article:modified_time\" content=\"2026-05-01T07:53:51+00:00\" \/>\n<meta property=\"og:image\" content=\"https:\/\/gorica.info\/wp-content\/uploads\/2026\/04\/jezero-cice-ribolovac-e1777556603977.jpg\" \/>\n\t<meta property=\"og:image:width\" content=\"900\" \/>\n\t<meta property=\"og:image:height\" content=\"680\" \/>\n\t<meta property=\"og:image:type\" content=\"image\/jpeg\" \/>\n<meta name=\"author\" content=\"Marta Horvat\" \/>\n<meta name=\"twitter:card\" content=\"summary_large_image\" \/>\n<meta name=\"twitter:creator\" content=\"@GoricaInfo\" \/>\n<meta name=\"twitter:site\" content=\"@GoricaInfo\" \/>\n<meta name=\"twitter:label1\" content=\"Written by\" \/>\n\t<meta name=\"twitter:data1\" content=\"Marta Horvat\" \/>\n\t<meta name=\"twitter:label2\" content=\"Est. reading time\" \/>\n\t<meta name=\"twitter:data2\" content=\"2 minutes\" \/>\n<meta name=\"geo.placename\" content=\"Velika Gorica\" \/>\n<meta name=\"geo.region\" content=\"Croatia\" \/>\n<!-- \/ Yoast SEO Premium plugin. -->","yoast_head_json":{"title":"Pridru\u017eite se akciji \u010di\u0161\u0107enja jezera \u010ci\u010de i uljep\u0161ajte omiljeno izleti\u0161te - Gorica Info","description":"Udruga \u010ci\u010d Beach organizira akciju \u010di\u0161\u0107enja oko jezera \u010ci\u010de na Praznik rada u 12 sati. Pridru\u017eite se, o\u010distite okoli\u0161 i u\u017eivajte u dru\u017eenju.","robots":{"index":"index","follow":"follow","max-snippet":"max-snippet:-1","max-image-preview":"max-image-preview:large","max-video-preview":"max-video-preview:-1"},"canonical":"https:\/\/gorica.info\/en\/pridruzite-se-akciji-ciscenja-jezera-cice-i-uljepsajte-omiljeno-izletiste\/","og_locale":"en_US","og_type":"article","og_title":"Pridru\u017eite se akciji \u010di\u0161\u0107enja jezera \u010ci\u010de i uljep\u0161ajte omiljeno izleti\u0161te","og_description":"Udruga \u010ci\u010d Beach organizira akciju \u010di\u0161\u0107enja oko jezera \u010ci\u010de na Praznik rada u 12 sati. Pridru\u017eite se, o\u010distite okoli\u0161 i u\u017eivajte u dru\u017eenju.","og_url":"https:\/\/gorica.info\/en\/pridruzite-se-akciji-ciscenja-jezera-cice-i-uljepsajte-omiljeno-izletiste\/","og_site_name":"Gorica Info","article_publisher":"https:\/\/www.facebook.com\/Goricainfo-106005144489262","article_published_time":"2026-05-01T07:51:48+00:00","article_modified_time":"2026-05-01T07:53:51+00:00","og_image":[{"width":900,"height":680,"url":"https:\/\/gorica.info\/wp-content\/uploads\/2026\/04\/jezero-cice-ribolovac-e1777556603977.jpg","type":"image\/jpeg"}],"author":"Marta Horvat","twitter_card":"summary_large_image","twitter_creator":"@GoricaInfo","twitter_site":"@GoricaInfo","twitter_misc":{"Written by":"Marta Horvat","Est. reading time":"2 minutes"},"schema":{"@context":"https:\/\/schema.org","@graph":[{"@type":"NewsArticle","@id":"https:\/\/gorica.info\/pridruzite-se-akciji-ciscenja-jezera-cice-i-uljepsajte-omiljeno-izletiste\/#article","isPartOf":{"@id":"https:\/\/gorica.info\/pridruzite-se-akciji-ciscenja-jezera-cice-i-uljepsajte-omiljeno-izletiste\/"},"author":{"name":"Marta Horvat","@id":"https:\/\/gorica.info\/#\/schema\/person\/b2df2f6fb2a9073c0fa5af2672befd52"},"headline":"Pridru\u017eite se akciji \u010di\u0161\u0107enja jezera \u010ci\u010de i uljep\u0161ajte omiljeno izleti\u0161te","datePublished":"2026-05-01T07:51:48+00:00","dateModified":"2026-05-01T07:53:51+00:00","mainEntityOfPage":{"@id":"https:\/\/gorica.info\/pridruzite-se-akciji-ciscenja-jezera-cice-i-uljepsajte-omiljeno-izletiste\/"},"wordCount":298,"publisher":{"@id":"https:\/\/gorica.info\/#organization"},"image":{"@id":"https:\/\/gorica.info\/pridruzite-se-akciji-ciscenja-jezera-cice-i-uljepsajte-omiljeno-izletiste\/#primaryimage"},"thumbnailUrl":"https:\/\/gorica.info\/wp-content\/uploads\/2026\/04\/jezero-cice-ribolovac-e1777556603977.jpg","keywords":["\u010di\u0161\u0107enje okoli\u0161a","ekolo\u0161ka akcija","Jezero \u010ci\u010de","lokalne vijesti","praznik rada","udruga \u010ci\u010d Beach","ure\u0111enje okoli\u0161a","Velika Gorica","vg info","vg vijesti","volonterska akcija","za\u0161tita prirode"],"articleSection":["GORICA"],"inLanguage":"en-US","copyrightYear":"2026","copyrightHolder":{"@id":"https:\/\/gorica.info\/en\/#organization"}},{"@type":"WebPage","@id":"https:\/\/gorica.info\/pridruzite-se-akciji-ciscenja-jezera-cice-i-uljepsajte-omiljeno-izletiste\/","url":"https:\/\/gorica.info\/pridruzite-se-akciji-ciscenja-jezera-cice-i-uljepsajte-omiljeno-izletiste\/","name":"Pridru\u017eite se akciji \u010di\u0161\u0107enja jezera \u010ci\u010de i uljep\u0161ajte omiljeno izleti\u0161te - Gorica Info","isPartOf":{"@id":"https:\/\/gorica.info\/#website"},"primaryImageOfPage":{"@id":"https:\/\/gorica.info\/pridruzite-se-akciji-ciscenja-jezera-cice-i-uljepsajte-omiljeno-izletiste\/#primaryimage"},"image":{"@id":"https:\/\/gorica.info\/pridruzite-se-akciji-ciscenja-jezera-cice-i-uljepsajte-omiljeno-izletiste\/#primaryimage"},"thumbnailUrl":"https:\/\/gorica.info\/wp-content\/uploads\/2026\/04\/jezero-cice-ribolovac-e1777556603977.jpg","datePublished":"2026-05-01T07:51:48+00:00","dateModified":"2026-05-01T07:53:51+00:00","description":"Udruga \u010ci\u010d Beach organizira akciju \u010di\u0161\u0107enja oko jezera \u010ci\u010de na Praznik rada u 12 sati. Pridru\u017eite se, o\u010distite okoli\u0161 i u\u017eivajte u dru\u017eenju.","breadcrumb":{"@id":"https:\/\/gorica.info\/pridruzite-se-akciji-ciscenja-jezera-cice-i-uljepsajte-omiljeno-izletiste\/#breadcrumb"},"inLanguage":"en-US","potentialAction":[{"@type":"ReadAction","target":["https:\/\/gorica.info\/pridruzite-se-akciji-ciscenja-jezera-cice-i-uljepsajte-omiljeno-izletiste\/"]}]},{"@type":"ImageObject","inLanguage":"en-US","@id":"https:\/\/gorica.info\/pridruzite-se-akciji-ciscenja-jezera-cice-i-uljepsajte-omiljeno-izletiste\/#primaryimage","url":"https:\/\/gorica.info\/wp-content\/uploads\/2026\/04\/jezero-cice-ribolovac-e1777556603977.jpg","contentUrl":"https:\/\/gorica.info\/wp-content\/uploads\/2026\/04\/jezero-cice-ribolovac-e1777556603977.jpg","width":900,"height":680,"caption":"Arhivska fotografija: Gorica.info"},{"@type":"BreadcrumbList","@id":"https:\/\/gorica.info\/pridruzite-se-akciji-ciscenja-jezera-cice-i-uljepsajte-omiljeno-izletiste\/#breadcrumb","itemListElement":[{"@type":"ListItem","position":1,"name":"Po\u010detna stranica","item":"https:\/\/gorica.info\/"},{"@type":"ListItem","position":2,"name":"Pridru\u017eite se akciji \u010di\u0161\u0107enja jezera \u010ci\u010de i uljep\u0161ajte omiljeno izleti\u0161te"}]},{"@type":"WebSite","@id":"https:\/\/gorica.info\/#website","url":"https:\/\/gorica.info\/","name":"Gorica Info","description":"Vijesti iz Velike Gorice i okolice.","publisher":{"@id":"https:\/\/gorica.info\/#organization"},"potentialAction":[{"@type":"SearchAction","target":{"@type":"EntryPoint","urlTemplate":"https:\/\/gorica.info\/?s={search_term_string}"},"query-input":{"@type":"PropertyValueSpecification","valueRequired":true,"valueName":"search_term_string"}}],"inLanguage":"en-US"},{"@type":["Organization","Place","NewsMediaOrganization"],"@id":"https:\/\/gorica.info\/#organization","name":"Gorica Info","url":"https:\/\/gorica.info\/","logo":{"@id":"https:\/\/gorica.info\/pridruzite-se-akciji-ciscenja-jezera-cice-i-uljepsajte-omiljeno-izletiste\/#local-main-organization-logo"},"image":{"@id":"https:\/\/gorica.info\/pridruzite-se-akciji-ciscenja-jezera-cice-i-uljepsajte-omiljeno-izletiste\/#local-main-organization-logo"},"sameAs":["https:\/\/www.facebook.com\/Goricainfo-106005144489262","https:\/\/x.com\/GoricaInfo","https:\/\/www.instagram.com\/gorica.info\/"],"address":{"@id":"https:\/\/gorica.info\/pridruzite-se-akciji-ciscenja-jezera-cice-i-uljepsajte-omiljeno-izletiste\/#local-main-place-address"},"telephone":[],"openingHoursSpecification":[{"@type":"OpeningHoursSpecification","dayOfWeek":["Monday","Tuesday","Wednesday","Thursday","Friday","Saturday","Sunday"],"opens":"09:00","closes":"17:00"}],"email":"redakcija@gorica.info"},{"@type":"Person","@id":"https:\/\/gorica.info\/#\/schema\/person\/b2df2f6fb2a9073c0fa5af2672befd52","name":"Marta Horvat","description":"Marta Horvat je studentica koja redovito pi\u0161e za portal, prati sva gradska doga\u0111anja i u\u017eiva isprobavati nove recept koje dijeli s na\u0161im \u010ditateljima.","url":"https:\/\/gorica.info\/en\/author\/marta-horvat\/"},{"@type":"PostalAddress","@id":"https:\/\/gorica.info\/pridruzite-se-akciji-ciscenja-jezera-cice-i-uljepsajte-omiljeno-izletiste\/#local-main-place-address","streetAddress":"Horvatova 97","addressLocality":"Velika Gorica","postalCode":"10410","addressRegion":"Croatia","addressCountry":"HR"},{"@type":"ImageObject","inLanguage":"en-US","@id":"https:\/\/gorica.info\/pridruzite-se-akciji-ciscenja-jezera-cice-i-uljepsajte-omiljeno-izletiste\/#local-main-organization-logo","url":"https:\/\/gorica.info\/wp-content\/uploads\/2024\/07\/Gorica-Info-Logo-mali.png","contentUrl":"https:\/\/gorica.info\/wp-content\/uploads\/2024\/07\/Gorica-Info-Logo-mali.png","width":450,"height":85,"caption":"Gorica Info"}]},"geo.placename":"Velika Gorica","geo.region":"Croatia"},"_links":{"self":[{"href":"https:\/\/gorica.info\/en\/wp-json\/wp\/v2\/posts\/107433","targetHints":{"allow":["GET"]}}],"collection":[{"href":"https:\/\/gorica.info\/en\/wp-json\/wp\/v2\/posts"}],"about":[{"href":"https:\/\/gorica.info\/en\/wp-json\/wp\/v2\/types\/post"}],"author":[{"embeddable":true,"href":"https:\/\/gorica.info\/en\/wp-json\/wp\/v2\/users\/25"}],"replies":[{"embeddable":true,"href":"https:\/\/gorica.info\/en\/wp-json\/wp\/v2\/comments?post=107433"}],"version-history":[{"count":3,"href":"https:\/\/gorica.info\/en\/wp-json\/wp\/v2\/posts\/107433\/revisions"}],"predecessor-version":[{"id":107440,"href":"https:\/\/gorica.info\/en\/wp-json\/wp\/v2\/posts\/107433\/revisions\/107440"}],"wp:featuredmedia":[{"embeddable":true,"href":"https:\/\/gorica.info\/en\/wp-json\/wp\/v2\/media\/107434"}],"wp:attachment":[{"href":"https:\/\/gorica.info\/en\/wp-json\/wp\/v2\/media?parent=107433"}],"wp:term":[{"taxonomy":"category","embeddable":true,"href":"https:\/\/gorica.info\/en\/wp-json\/wp\/v2\/categories?post=107433"},{"taxonomy":"post_tag","embeddable":true,"href":"https:\/\/gorica.info\/en\/wp-json\/wp\/v2\/tags?post=107433"}],"curies":[{"name":"wp","href":"https:\/\/api.w.org\/{rel}","templated":true}]}}