{"id":107445,"date":"2026-05-01T09:24:44","date_gmt":"2026-05-01T07:24:44","guid":{"rendered":"https:\/\/gorica.info\/?p=107445"},"modified":"2026-05-01T10:06:55","modified_gmt":"2026-05-01T08:06:55","slug":"nocna-pljacka-na-gradilistu-ukraden-alat-vrijedan-desetke-tisuca-eura","status":"publish","type":"post","link":"https:\/\/gorica.info\/en\/nocna-pljacka-na-gradilistu-ukraden-alat-vrijedan-desetke-tisuca-eura\/","title":{"rendered":"No\u0107na plja\u010dka na gradili\u0161tu: Ukraden alat vrijedan desetke tisu\u0107a eura"},"content":{"rendered":"<p><span style=\"font-size: 20px\"><strong>Nepoznati<\/strong> razbojnik <strong>oplja\u010dkao je gradili\u0161te<\/strong> i odnio <strong>razni alat.<\/strong> Prema informacijama koje je objavila policija,<a href=\"https:\/\/gorica.info\/en\/provala-u-velikoj-gorici\/\"> razbojnik<\/a> je na podru\u010dju Dugog Sela provalio u <strong>vi\u0161e kontejnera<\/strong> smje\u0161tenih unutar kruga gradili\u0161ta. Iz njih je ukrao <strong>razni ru\u010dni, elektri\u010dni i akumulatorski alat<\/strong>, ali i <strong>dva aparata za kavu<\/strong> te druge predmete koji su se nalazili u kontejnerima.<\/span><\/p>\n<p><span style=\"font-size: 20px\"><a href=\"https:\/\/zagrebacka-policija.gov.hr\/vijesti\/na-podrucju-dugog-sela-otudjen-razni-alat\/107015\">Materijalna \u0161teta<\/a> pri\u010dinjena ovim kaznenim djelom nije zanemariva, o\u0161te\u0107ena su tri trgova\u010dka dru\u0161tva, a ukupna vrijednost ukradenih stvari procjenjuje se na <strong>nekoliko desetaka tisu\u0107a eura.<\/strong><\/span><\/p>\n<p><span style=\"font-size: 20px\">Policija je potvrdila da je u tijeku<strong> kriminalisti\u010dko istra\u017eivanje<\/strong> s ciljem pronalaska po\u010dinitelja i rasvjetljavanja svih okolnosti ovog doga\u0111aja. Tako\u0111er apeliraju na gra\u0111ane koji imaju bilo kakve informacije o sumnjivim kretanjima u tom razdoblju da se jave nadle\u017enim slu\u017ebama.<\/span><\/p>\n<p><span style=\"font-size: 20px\">Ovaj slu\u010daj jo\u0161 jednom upozorava na va\u017enost <strong>dodatnih sigurnosnih mjera<\/strong> na gradili\u0161tima, posebice tijekom no\u0107nih sati kada su objekti <strong>\u010desto bez nadzora<\/strong>.<\/span><\/p>","protected":false},"excerpt":{"rendered":"<p>Nepoznati razbojnik oplja\u010dkao je gradili\u0161te i odnio razni alat. Prema informacijama koje je objavila policija, razbojnik je na podru\u010dju Dugog Sela provalio u vi\u0161e kontejnera smje\u0161tenih unutar kruga gradili\u0161ta. Iz njih je ukrao razni ru\u010dni, elektri\u010dni i akumulatorski alat, ali i dva aparata za kavu te druge predmete koji su se nalazili u kontejnerima. Materijalna [&hellip;]<\/p>\n","protected":false},"author":24,"featured_media":107446,"comment_status":"closed","ping_status":"closed","sticky":false,"template":"","format":"standard","meta":{"limit_modified_date":"1","last_modified_date":"","jnews-multi-image_gallery":[],"jnews_single_post":{"format":"standard","override":[{"template":"3","parallax":"1","fullscreen":"1","layout":"right-sidebar","sidebar":"default-sidebar","second_sidebar":"default-sidebar","sticky_sidebar":"1","share_position":"top","share_float_style":"share-monocrhome","show_featured":"1","show_post_meta":"1","show_post_author":"1","show_post_author_image":"1","show_post_date":"1","post_date_format":"default","post_date_format_custom":"Y\/m\/d","show_post_category":"1","show_post_reading_time":"1","post_reading_time_wpm":"300","post_calculate_word_method":"str_word_count","zoom_button_out_step":"2","zoom_button_in_step":"3","show_post_tag":"1","show_popup_post":"1","show_comment_section":"1","number_popup_post":"1","show_post_related":"1"}],"image_override":[{"single_post_thumbnail_size":"crop-500","single_post_gallery_size":"crop-500"}],"trending_post_position":"meta","trending_post_label":"Trending","sponsored_post_label":"Sponsored by","disable_ad":"0","subtitle":"Razbojnik je provalio u vi\u0161e kontejnera smje\u0161tenih unutar kruga gradili\u0161ta \/\/\/ Iz njih je ukrao razni ru\u010dni, elektri\u010dni i akumulatorski alat, ali i dva aparata za kavu te druge predmete"},"jnews_primary_category":[],"jnews_override_counter":{"view_counter_number":"0","share_counter_number":"0","like_counter_number":"0","dislike_counter_number":"0"},"footnotes":""},"categories":[96],"tags":[3692,25067,2212,22754,25066,266,25068,1066,25069],"class_list":["post-107445","post","type-post","status-publish","format-standard","has-post-thumbnail","hentry","category-vijesti","tag-dugo-selo","tag-krada-alata","tag-kriminalisticko-istrazivanje","tag-nocna-krada","tag-pljacka-gradilista","tag-policija","tag-provala-kontejneri","tag-steta","tag-zagreb-okolica"],"yoast_head":"<!-- This site is optimized with the Yoast SEO Premium plugin v27.5 (Yoast SEO v27.5) - https:\/\/yoast.com\/product\/yoast-seo-premium-wordpress\/ -->\n<title>No\u0107na plja\u010dka na gradili\u0161tu: Ukraden alat vrijedan desetke tisu\u0107a eura - Gorica Info<\/title>\n<meta name=\"description\" content=\"Nepoznati po\u010dinitelj provalio je u vi\u0161e kontejnera na gradili\u0161tu i ukrao vrijedan alat. \u0160teta iznosi desetke tisu\u0107a eura.\" \/>\n<meta name=\"robots\" content=\"index, follow, max-snippet:-1, max-image-preview:large, max-video-preview:-1\" \/>\n<link rel=\"canonical\" href=\"https:\/\/gorica.info\/en\/nocna-pljacka-na-gradilistu-ukraden-alat-vrijedan-desetke-tisuca-eura\/\" \/>\n<meta property=\"og:locale\" content=\"en_US\" \/>\n<meta property=\"og:type\" content=\"article\" \/>\n<meta property=\"og:title\" content=\"No\u0107na plja\u010dka na gradili\u0161tu: Ukraden alat vrijedan desetke tisu\u0107a eura\" \/>\n<meta property=\"og:description\" content=\"Nepoznati po\u010dinitelj provalio je u vi\u0161e kontejnera na gradili\u0161tu i ukrao vrijedan alat. \u0160teta iznosi desetke tisu\u0107a eura.\" \/>\n<meta property=\"og:url\" content=\"https:\/\/gorica.info\/en\/nocna-pljacka-na-gradilistu-ukraden-alat-vrijedan-desetke-tisuca-eura\/\" \/>\n<meta property=\"og:site_name\" content=\"Gorica Info\" \/>\n<meta property=\"article:publisher\" content=\"https:\/\/www.facebook.com\/Goricainfo-106005144489262\" \/>\n<meta property=\"article:published_time\" content=\"2026-05-01T07:24:44+00:00\" \/>\n<meta property=\"article:modified_time\" content=\"2026-05-01T08:06:55+00:00\" \/>\n<meta property=\"og:image\" content=\"https:\/\/gorica.info\/wp-content\/uploads\/2026\/05\/gradiliste-pljacka-ai.jpg\" \/>\n\t<meta property=\"og:image:width\" content=\"900\" \/>\n\t<meta property=\"og:image:height\" content=\"599\" \/>\n\t<meta property=\"og:image:type\" content=\"image\/jpeg\" \/>\n<meta name=\"author\" content=\"Marija Stip\u010di\u0107\" \/>\n<meta name=\"twitter:card\" content=\"summary_large_image\" \/>\n<meta name=\"twitter:creator\" content=\"@GoricaInfo\" \/>\n<meta name=\"twitter:site\" content=\"@GoricaInfo\" \/>\n<meta name=\"twitter:label1\" content=\"Written by\" \/>\n\t<meta name=\"twitter:data1\" content=\"Marija Stip\u010di\u0107\" \/>\n\t<meta name=\"twitter:label2\" content=\"Est. reading time\" \/>\n\t<meta name=\"twitter:data2\" content=\"1 minute\" \/>\n<meta name=\"geo.placename\" content=\"Velika Gorica\" \/>\n<meta name=\"geo.region\" content=\"Croatia\" \/>\n<!-- \/ Yoast SEO Premium plugin. -->","yoast_head_json":{"title":"No\u0107na plja\u010dka na gradili\u0161tu: Ukraden alat vrijedan desetke tisu\u0107a eura - Gorica Info","description":"Nepoznati po\u010dinitelj provalio je u vi\u0161e kontejnera na gradili\u0161tu i ukrao vrijedan alat. \u0160teta iznosi desetke tisu\u0107a eura.","robots":{"index":"index","follow":"follow","max-snippet":"max-snippet:-1","max-image-preview":"max-image-preview:large","max-video-preview":"max-video-preview:-1"},"canonical":"https:\/\/gorica.info\/en\/nocna-pljacka-na-gradilistu-ukraden-alat-vrijedan-desetke-tisuca-eura\/","og_locale":"en_US","og_type":"article","og_title":"No\u0107na plja\u010dka na gradili\u0161tu: Ukraden alat vrijedan desetke tisu\u0107a eura","og_description":"Nepoznati po\u010dinitelj provalio je u vi\u0161e kontejnera na gradili\u0161tu i ukrao vrijedan alat. \u0160teta iznosi desetke tisu\u0107a eura.","og_url":"https:\/\/gorica.info\/en\/nocna-pljacka-na-gradilistu-ukraden-alat-vrijedan-desetke-tisuca-eura\/","og_site_name":"Gorica Info","article_publisher":"https:\/\/www.facebook.com\/Goricainfo-106005144489262","article_published_time":"2026-05-01T07:24:44+00:00","article_modified_time":"2026-05-01T08:06:55+00:00","og_image":[{"width":900,"height":599,"url":"https:\/\/gorica.info\/wp-content\/uploads\/2026\/05\/gradiliste-pljacka-ai.jpg","type":"image\/jpeg"}],"author":"Marija Stip\u010di\u0107","twitter_card":"summary_large_image","twitter_creator":"@GoricaInfo","twitter_site":"@GoricaInfo","twitter_misc":{"Written by":"Marija Stip\u010di\u0107","Est. reading time":"1 minute"},"schema":{"@context":"https:\/\/schema.org","@graph":[{"@type":"NewsArticle","@id":"https:\/\/gorica.info\/nocna-pljacka-na-gradilistu-ukraden-alat-vrijedan-desetke-tisuca-eura\/#article","isPartOf":{"@id":"https:\/\/gorica.info\/nocna-pljacka-na-gradilistu-ukraden-alat-vrijedan-desetke-tisuca-eura\/"},"author":{"name":"Marija Stip\u010di\u0107","@id":"https:\/\/gorica.info\/#\/schema\/person\/9333bbb1dc58fe60ed05834f4e88dc63"},"headline":"No\u0107na plja\u010dka na gradili\u0161tu: Ukraden alat vrijedan desetke tisu\u0107a eura","datePublished":"2026-05-01T07:24:44+00:00","dateModified":"2026-05-01T08:06:55+00:00","mainEntityOfPage":{"@id":"https:\/\/gorica.info\/nocna-pljacka-na-gradilistu-ukraden-alat-vrijedan-desetke-tisuca-eura\/"},"wordCount":180,"publisher":{"@id":"https:\/\/gorica.info\/#organization"},"image":{"@id":"https:\/\/gorica.info\/nocna-pljacka-na-gradilistu-ukraden-alat-vrijedan-desetke-tisuca-eura\/#primaryimage"},"thumbnailUrl":"https:\/\/gorica.info\/wp-content\/uploads\/2026\/05\/gradiliste-pljacka-ai.jpg","keywords":["dugo selo","kra\u0111a alata","kriminalisti\u010dko istra\u017eivanje","no\u0107na kra\u0111a","plja\u010dka gradili\u0161ta","policija","provala kontejneri","\u0161teta","Zagreb okolica"],"articleSection":["VIJESTI"],"inLanguage":"en-US","copyrightYear":"2026","copyrightHolder":{"@id":"https:\/\/gorica.info\/en\/#organization"}},{"@type":"WebPage","@id":"https:\/\/gorica.info\/nocna-pljacka-na-gradilistu-ukraden-alat-vrijedan-desetke-tisuca-eura\/","url":"https:\/\/gorica.info\/nocna-pljacka-na-gradilistu-ukraden-alat-vrijedan-desetke-tisuca-eura\/","name":"No\u0107na plja\u010dka na gradili\u0161tu: Ukraden alat vrijedan desetke tisu\u0107a eura - Gorica Info","isPartOf":{"@id":"https:\/\/gorica.info\/#website"},"primaryImageOfPage":{"@id":"https:\/\/gorica.info\/nocna-pljacka-na-gradilistu-ukraden-alat-vrijedan-desetke-tisuca-eura\/#primaryimage"},"image":{"@id":"https:\/\/gorica.info\/nocna-pljacka-na-gradilistu-ukraden-alat-vrijedan-desetke-tisuca-eura\/#primaryimage"},"thumbnailUrl":"https:\/\/gorica.info\/wp-content\/uploads\/2026\/05\/gradiliste-pljacka-ai.jpg","datePublished":"2026-05-01T07:24:44+00:00","dateModified":"2026-05-01T08:06:55+00:00","description":"Nepoznati po\u010dinitelj provalio je u vi\u0161e kontejnera na gradili\u0161tu i ukrao vrijedan alat. \u0160teta iznosi desetke tisu\u0107a eura.","breadcrumb":{"@id":"https:\/\/gorica.info\/nocna-pljacka-na-gradilistu-ukraden-alat-vrijedan-desetke-tisuca-eura\/#breadcrumb"},"inLanguage":"en-US","potentialAction":[{"@type":"ReadAction","target":["https:\/\/gorica.info\/nocna-pljacka-na-gradilistu-ukraden-alat-vrijedan-desetke-tisuca-eura\/"]}]},{"@type":"ImageObject","inLanguage":"en-US","@id":"https:\/\/gorica.info\/nocna-pljacka-na-gradilistu-ukraden-alat-vrijedan-desetke-tisuca-eura\/#primaryimage","url":"https:\/\/gorica.info\/wp-content\/uploads\/2026\/05\/gradiliste-pljacka-ai.jpg","contentUrl":"https:\/\/gorica.info\/wp-content\/uploads\/2026\/05\/gradiliste-pljacka-ai.jpg","width":900,"height":599,"caption":"Ilustrativna fotografija: AI"},{"@type":"BreadcrumbList","@id":"https:\/\/gorica.info\/nocna-pljacka-na-gradilistu-ukraden-alat-vrijedan-desetke-tisuca-eura\/#breadcrumb","itemListElement":[{"@type":"ListItem","position":1,"name":"Po\u010detna stranica","item":"https:\/\/gorica.info\/"},{"@type":"ListItem","position":2,"name":"No\u0107na plja\u010dka na gradili\u0161tu: Ukraden alat vrijedan desetke tisu\u0107a eura"}]},{"@type":"WebSite","@id":"https:\/\/gorica.info\/#website","url":"https:\/\/gorica.info\/","name":"Gorica Info","description":"Vijesti iz Velike Gorice i okolice.","publisher":{"@id":"https:\/\/gorica.info\/#organization"},"potentialAction":[{"@type":"SearchAction","target":{"@type":"EntryPoint","urlTemplate":"https:\/\/gorica.info\/?s={search_term_string}"},"query-input":{"@type":"PropertyValueSpecification","valueRequired":true,"valueName":"search_term_string"}}],"inLanguage":"en-US"},{"@type":["Organization","Place","NewsMediaOrganization"],"@id":"https:\/\/gorica.info\/#organization","name":"Gorica Info","url":"https:\/\/gorica.info\/","logo":{"@id":"https:\/\/gorica.info\/nocna-pljacka-na-gradilistu-ukraden-alat-vrijedan-desetke-tisuca-eura\/#local-main-organization-logo"},"image":{"@id":"https:\/\/gorica.info\/nocna-pljacka-na-gradilistu-ukraden-alat-vrijedan-desetke-tisuca-eura\/#local-main-organization-logo"},"sameAs":["https:\/\/www.facebook.com\/Goricainfo-106005144489262","https:\/\/x.com\/GoricaInfo","https:\/\/www.instagram.com\/gorica.info\/"],"address":{"@id":"https:\/\/gorica.info\/nocna-pljacka-na-gradilistu-ukraden-alat-vrijedan-desetke-tisuca-eura\/#local-main-place-address"},"telephone":[],"openingHoursSpecification":[{"@type":"OpeningHoursSpecification","dayOfWeek":["Monday","Tuesday","Wednesday","Thursday","Friday","Saturday","Sunday"],"opens":"09:00","closes":"17:00"}],"email":"redakcija@gorica.info"},{"@type":"Person","@id":"https:\/\/gorica.info\/#\/schema\/person\/9333bbb1dc58fe60ed05834f4e88dc63","name":"Marija Stip\u010di\u0107","description":"Marija Stip\u010di\u0107 novinarske vje\u0161tine brusila je na portalu Gorica.info. Redovito pi\u0161e za rubrike Info, Gorica, \u017divot, Danas kuham.","url":"https:\/\/gorica.info\/en\/author\/marija-stipcic\/"},{"@type":"PostalAddress","@id":"https:\/\/gorica.info\/nocna-pljacka-na-gradilistu-ukraden-alat-vrijedan-desetke-tisuca-eura\/#local-main-place-address","streetAddress":"Horvatova 97","addressLocality":"Velika Gorica","postalCode":"10410","addressRegion":"Croatia","addressCountry":"HR"},{"@type":"ImageObject","inLanguage":"en-US","@id":"https:\/\/gorica.info\/nocna-pljacka-na-gradilistu-ukraden-alat-vrijedan-desetke-tisuca-eura\/#local-main-organization-logo","url":"https:\/\/gorica.info\/wp-content\/uploads\/2024\/07\/Gorica-Info-Logo-mali.png","contentUrl":"https:\/\/gorica.info\/wp-content\/uploads\/2024\/07\/Gorica-Info-Logo-mali.png","width":450,"height":85,"caption":"Gorica Info"}]},"geo.placename":"Velika Gorica","geo.region":"Croatia"},"_links":{"self":[{"href":"https:\/\/gorica.info\/en\/wp-json\/wp\/v2\/posts\/107445","targetHints":{"allow":["GET"]}}],"collection":[{"href":"https:\/\/gorica.info\/en\/wp-json\/wp\/v2\/posts"}],"about":[{"href":"https:\/\/gorica.info\/en\/wp-json\/wp\/v2\/types\/post"}],"author":[{"embeddable":true,"href":"https:\/\/gorica.info\/en\/wp-json\/wp\/v2\/users\/24"}],"replies":[{"embeddable":true,"href":"https:\/\/gorica.info\/en\/wp-json\/wp\/v2\/comments?post=107445"}],"version-history":[{"count":3,"href":"https:\/\/gorica.info\/en\/wp-json\/wp\/v2\/posts\/107445\/revisions"}],"predecessor-version":[{"id":107449,"href":"https:\/\/gorica.info\/en\/wp-json\/wp\/v2\/posts\/107445\/revisions\/107449"}],"wp:featuredmedia":[{"embeddable":true,"href":"https:\/\/gorica.info\/en\/wp-json\/wp\/v2\/media\/107446"}],"wp:attachment":[{"href":"https:\/\/gorica.info\/en\/wp-json\/wp\/v2\/media?parent=107445"}],"wp:term":[{"taxonomy":"category","embeddable":true,"href":"https:\/\/gorica.info\/en\/wp-json\/wp\/v2\/categories?post=107445"},{"taxonomy":"post_tag","embeddable":true,"href":"https:\/\/gorica.info\/en\/wp-json\/wp\/v2\/tags?post=107445"}],"curies":[{"name":"wp","href":"https:\/\/api.w.org\/{rel}","templated":true}]}}