{"id":107451,"date":"2026-05-01T15:23:05","date_gmt":"2026-05-01T13:23:05","guid":{"rendered":"https:\/\/gorica.info\/?p=107451"},"modified":"2026-05-01T16:31:54","modified_gmt":"2026-05-01T14:31:54","slug":"voznja-bez-dozvole-skupo-ga-kostala-sud-ga-poslao-u-remetinec-na-15-dana","status":"publish","type":"post","link":"https:\/\/gorica.info\/en\/voznja-bez-dozvole-skupo-ga-kostala-sud-ga-poslao-u-remetinec-na-15-dana\/","title":{"rendered":"Vo\u017enja bez dozvole skupo ga ko\u0161tala: Sud ga poslao u Remetinec na 15 dana"},"content":{"rendered":"<p><span style=\"font-size: 20px\"><strong>Sljede\u0107ih 15 dana<\/strong> u zatvoru u Remetincu provest \u0107e 40-godi\u0161njak kojeg je <a href=\"https:\/\/zagrebacka-policija.gov.hr\/vijesti\/na-velikogorickom-podrucju-zbog-niza-tezih-prekrsaja-u-prometu-uhicen-40-godisnjak\/107018\">policija<\/a> zaustavila tijekom redovne kontrole prometa u <strong>Novom \u010ci\u010du<\/strong>.<\/span><\/p>\n<p><span style=\"font-size: 20px\">U srijedu oko 13.45 sati <a href=\"https:\/\/gorica.info\/en\/opet-uhvacen-u-prekrsaju-vozio-bez-dozvole-i-pod-zabranom-zavrsio-u-remetincu\/\">policijski slu\u017ebenici<\/a> zaustavili su osobni automobil zagreba\u010dkih registarskih oznaka kojim je upravljao 40-godi\u0161nji voza\u010d. Ve\u0107 tijekom nadzora utvr\u0111eno je kako se radi o nizu <strong>ozbiljnih prekr\u0161aja.<\/strong><\/span><\/p>\n<p><span style=\"font-size: 20px\">Naime, voza\u010d je upravljao vozilom iako mu je <strong>voza\u010dka dozvola<\/strong> ranije ukinuta zbog prikupljenih negativnih prekr\u0161ajnih bodova. Osim toga, vozilo kojim je upravljao bilo je u izrazito<strong> lo\u0161em tehni\u010dkom stanju,<\/strong> utvr\u0111ena su opasna o\u0161te\u0107enja, uklju\u010duju\u0107i <strong>puknu\u0107e zadnjeg branika<\/strong>\u00a0i potpuno\u00a0<strong>dotrajale gume<\/strong><\/span><span style=\"font-size: 20px\">, \u0161to predstavlja ozbiljan rizik za sigurnost u prometu.<\/span><\/p>\n<blockquote><p><span style=\"font-size: 20px\">Tijekom vo\u017enje nije koristio sigurnosni pojas, a kod sebe nije imao ni va\u017ee\u0107u osobnu iskaznicu.<\/span><\/p><\/blockquote>\n<p><span style=\"font-size: 20px\">Policijski slu\u017ebenici su <strong>voza\u010da uhitili<\/strong> te ga doveli na Op\u0107inski prekr\u0161ajni sud u Velikoj Gorici. Protiv njega je podnesen optu\u017eni prijedlog kojim je policija tra\u017eila <strong>kaznu zatvora od 60 dana i nov\u010danu kaznu u iznosu od 410 eura.<\/strong><\/span><\/p>\n<p><span style=\"font-size: 20px\">Nakon provedenog postupka, sud je okrivljeniku <strong>izrekao kaznu zatvora<\/strong> u trajanju od 30 dana uz uvjetnu osudu na rok od jedne godine. To zna\u010di da se kazna ne\u0107e izvr\u0161iti ako u tom razdoblju ne po\u010dini isti ili sli\u010dan prekr\u0161aj.<\/span><\/p>\n<p><span style=\"font-size: 20px\">Istodobno mu je <strong>odre\u0111ena mjera zadr\u017eavanja u trajanju od 15 dana<\/strong>, nakon \u010dega je sproveden u Zatvor u Zagrebu. Uz to, izre\u010dena mu je i <strong>nov\u010dana kazna od 200 eura<\/strong>.<\/span><\/p>\n<p><span style=\"font-size: 20px\">Ovaj slu\u010daj jo\u0161 jednom upozorava na va\u017enost po\u0161tivanja prometnih propisa i tehni\u010dke ispravnosti vozila, koji su klju\u010dni za sigurnost svih sudionika u prometu.<\/span><\/p>","protected":false},"excerpt":{"rendered":"<p>Sljede\u0107ih 15 dana u zatvoru u Remetincu provest \u0107e 40-godi\u0161njak kojeg je policija zaustavila tijekom redovne kontrole prometa u Novom \u010ci\u010du. U srijedu oko 13.45 sati policijski slu\u017ebenici zaustavili su osobni automobil zagreba\u010dkih registarskih oznaka kojim je upravljao 40-godi\u0161nji voza\u010d. Ve\u0107 tijekom nadzora utvr\u0111eno je kako se radi o nizu ozbiljnih prekr\u0161aja. Naime, voza\u010d je [&hellip;]<\/p>\n","protected":false},"author":25,"featured_media":107452,"comment_status":"closed","ping_status":"closed","sticky":false,"template":"","format":"standard","meta":{"limit_modified_date":"1","last_modified_date":"","jnews-multi-image_gallery":[],"jnews_single_post":{"format":"standard","override":[{"template":"3","parallax":"1","fullscreen":"1","layout":"right-sidebar","sidebar":"default-sidebar","second_sidebar":"default-sidebar","sticky_sidebar":"1","share_position":"top","share_float_style":"share-monocrhome","show_featured":"1","show_post_meta":"1","show_post_author":"1","show_post_author_image":"1","show_post_date":"1","post_date_format":"default","post_date_format_custom":"Y\/m\/d","show_post_category":"1","show_post_reading_time":"1","post_reading_time_wpm":"300","post_calculate_word_method":"str_word_count","zoom_button_out_step":"2","zoom_button_in_step":"3","show_post_tag":"1","show_popup_post":"1","show_comment_section":"1","number_popup_post":"1","show_post_related":"1"}],"image_override":[{"single_post_thumbnail_size":"crop-500","single_post_gallery_size":"crop-500"}],"trending_post_position":"meta","trending_post_label":"Trending","sponsored_post_label":"Sponsored by","disable_ad":"0","subtitle":"Voza\u010d je upravljao vozilom iako mu je voza\u010dka dozvola ranije ukinuta zbog prikupljenih negativnih prekr\u0161ajnih bodova"},"jnews_primary_category":[],"jnews_override_counter":{"view_counter_number":"0","share_counter_number":"0","like_counter_number":"0","dislike_counter_number":"0"},"footnotes":""},"categories":[96],"tags":[2113,25070,22711,25072,22057,1118,8253,25073,22686,15554,22171,25071],"class_list":["post-107451","post","type-post","status-publish","format-standard","has-post-thumbnail","hentry","category-vijesti","tag-kazna-zatvora","tag-novi-cice","tag-policija-velika-gorica","tag-prekrsaji-u-prometu","tag-prometna-kontrola","tag-remetinec","tag-sigurnost-u-prometu","tag-sud-velika-gorica","tag-vg-info","tag-vg-vijesti","tag-voznja-bez-dozvole","tag-zatvor-u-zagrebu"],"yoast_head":"<!-- This site is optimized with the Yoast SEO Premium plugin v27.5 (Yoast SEO v27.5) - https:\/\/yoast.com\/product\/yoast-seo-premium-wordpress\/ -->\n<title>Vo\u017enja bez dozvole skupo ga ko\u0161tala: Sud ga poslao u Remetinec na 15 dana - Gorica Info<\/title>\n<meta name=\"description\" content=\"Policija u Novom \u010ci\u010du zaustavila 40-godi\u0161njaka bez voza\u010dke dozvole i s tehni\u010dki neispravnim vozilom. Sud ga psolao na 15 dana u zatvor.\" \/>\n<meta name=\"robots\" content=\"index, follow, max-snippet:-1, max-image-preview:large, max-video-preview:-1\" \/>\n<link rel=\"canonical\" href=\"https:\/\/gorica.info\/en\/voznja-bez-dozvole-skupo-ga-kostala-sud-ga-poslao-u-remetinec-na-15-dana\/\" \/>\n<meta property=\"og:locale\" content=\"en_US\" \/>\n<meta property=\"og:type\" content=\"article\" \/>\n<meta property=\"og:title\" content=\"Vo\u017enja bez dozvole skupo ga ko\u0161tala: Sud ga poslao u Remetinec na 15 dana\" \/>\n<meta property=\"og:description\" content=\"Policija u Novom \u010ci\u010du zaustavila 40-godi\u0161njaka bez voza\u010dke dozvole i s tehni\u010dki neispravnim vozilom. Sud ga psolao na 15 dana u zatvor.\" \/>\n<meta property=\"og:url\" content=\"https:\/\/gorica.info\/en\/voznja-bez-dozvole-skupo-ga-kostala-sud-ga-poslao-u-remetinec-na-15-dana\/\" \/>\n<meta property=\"og:site_name\" content=\"Gorica Info\" \/>\n<meta property=\"article:publisher\" content=\"https:\/\/www.facebook.com\/Goricainfo-106005144489262\" \/>\n<meta property=\"article:published_time\" content=\"2026-05-01T13:23:05+00:00\" \/>\n<meta property=\"article:modified_time\" content=\"2026-05-01T14:31:54+00:00\" \/>\n<meta property=\"og:image\" content=\"https:\/\/gorica.info\/wp-content\/uploads\/2026\/05\/policajac-i-palica.jpg\" \/>\n\t<meta property=\"og:image:width\" content=\"750\" \/>\n\t<meta property=\"og:image:height\" content=\"431\" \/>\n\t<meta property=\"og:image:type\" content=\"image\/jpeg\" \/>\n<meta name=\"author\" content=\"Marta Horvat\" \/>\n<meta name=\"twitter:card\" content=\"summary_large_image\" \/>\n<meta name=\"twitter:creator\" content=\"@GoricaInfo\" \/>\n<meta name=\"twitter:site\" content=\"@GoricaInfo\" \/>\n<meta name=\"twitter:label1\" content=\"Written by\" \/>\n\t<meta name=\"twitter:data1\" content=\"Marta Horvat\" \/>\n\t<meta name=\"twitter:label2\" content=\"Est. reading time\" \/>\n\t<meta name=\"twitter:data2\" content=\"2 minutes\" \/>\n<meta name=\"geo.placename\" content=\"Velika Gorica\" \/>\n<meta name=\"geo.region\" content=\"Croatia\" \/>\n<!-- \/ Yoast SEO Premium plugin. -->","yoast_head_json":{"title":"Vo\u017enja bez dozvole skupo ga ko\u0161tala: Sud ga poslao u Remetinec na 15 dana - Gorica Info","description":"Policija u Novom \u010ci\u010du zaustavila 40-godi\u0161njaka bez voza\u010dke dozvole i s tehni\u010dki neispravnim vozilom. Sud ga psolao na 15 dana u zatvor.","robots":{"index":"index","follow":"follow","max-snippet":"max-snippet:-1","max-image-preview":"max-image-preview:large","max-video-preview":"max-video-preview:-1"},"canonical":"https:\/\/gorica.info\/en\/voznja-bez-dozvole-skupo-ga-kostala-sud-ga-poslao-u-remetinec-na-15-dana\/","og_locale":"en_US","og_type":"article","og_title":"Vo\u017enja bez dozvole skupo ga ko\u0161tala: Sud ga poslao u Remetinec na 15 dana","og_description":"Policija u Novom \u010ci\u010du zaustavila 40-godi\u0161njaka bez voza\u010dke dozvole i s tehni\u010dki neispravnim vozilom. Sud ga psolao na 15 dana u zatvor.","og_url":"https:\/\/gorica.info\/en\/voznja-bez-dozvole-skupo-ga-kostala-sud-ga-poslao-u-remetinec-na-15-dana\/","og_site_name":"Gorica Info","article_publisher":"https:\/\/www.facebook.com\/Goricainfo-106005144489262","article_published_time":"2026-05-01T13:23:05+00:00","article_modified_time":"2026-05-01T14:31:54+00:00","og_image":[{"width":750,"height":431,"url":"https:\/\/gorica.info\/wp-content\/uploads\/2026\/05\/policajac-i-palica.jpg","type":"image\/jpeg"}],"author":"Marta Horvat","twitter_card":"summary_large_image","twitter_creator":"@GoricaInfo","twitter_site":"@GoricaInfo","twitter_misc":{"Written by":"Marta Horvat","Est. reading time":"2 minutes"},"schema":{"@context":"https:\/\/schema.org","@graph":[{"@type":"NewsArticle","@id":"https:\/\/gorica.info\/voznja-bez-dozvole-skupo-ga-kostala-sud-ga-poslao-u-remetinec-na-15-dana\/#article","isPartOf":{"@id":"https:\/\/gorica.info\/voznja-bez-dozvole-skupo-ga-kostala-sud-ga-poslao-u-remetinec-na-15-dana\/"},"author":{"name":"Marta Horvat","@id":"https:\/\/gorica.info\/#\/schema\/person\/b2df2f6fb2a9073c0fa5af2672befd52"},"headline":"Vo\u017enja bez dozvole skupo ga ko\u0161tala: Sud ga poslao u Remetinec na 15 dana","datePublished":"2026-05-01T13:23:05+00:00","dateModified":"2026-05-01T14:31:54+00:00","mainEntityOfPage":{"@id":"https:\/\/gorica.info\/voznja-bez-dozvole-skupo-ga-kostala-sud-ga-poslao-u-remetinec-na-15-dana\/"},"wordCount":298,"publisher":{"@id":"https:\/\/gorica.info\/#organization"},"image":{"@id":"https:\/\/gorica.info\/voznja-bez-dozvole-skupo-ga-kostala-sud-ga-poslao-u-remetinec-na-15-dana\/#primaryimage"},"thumbnailUrl":"https:\/\/gorica.info\/wp-content\/uploads\/2026\/05\/policajac-i-palica.jpg","keywords":["kazna zatvora","Novi \u010ci\u010de","policija Velika Gorica","prekr\u0161aji u prometu","prometna kontrola","remetinec","sigurnost u prometu","sud Velika Gorica","vg info","vg vijesti","vo\u017enja bez dozvole","Zatvor u Zagrebu"],"articleSection":["VIJESTI"],"inLanguage":"en-US","copyrightYear":"2026","copyrightHolder":{"@id":"https:\/\/gorica.info\/en\/#organization"}},{"@type":"WebPage","@id":"https:\/\/gorica.info\/voznja-bez-dozvole-skupo-ga-kostala-sud-ga-poslao-u-remetinec-na-15-dana\/","url":"https:\/\/gorica.info\/voznja-bez-dozvole-skupo-ga-kostala-sud-ga-poslao-u-remetinec-na-15-dana\/","name":"Vo\u017enja bez dozvole skupo ga ko\u0161tala: Sud ga poslao u Remetinec na 15 dana - Gorica Info","isPartOf":{"@id":"https:\/\/gorica.info\/#website"},"primaryImageOfPage":{"@id":"https:\/\/gorica.info\/voznja-bez-dozvole-skupo-ga-kostala-sud-ga-poslao-u-remetinec-na-15-dana\/#primaryimage"},"image":{"@id":"https:\/\/gorica.info\/voznja-bez-dozvole-skupo-ga-kostala-sud-ga-poslao-u-remetinec-na-15-dana\/#primaryimage"},"thumbnailUrl":"https:\/\/gorica.info\/wp-content\/uploads\/2026\/05\/policajac-i-palica.jpg","datePublished":"2026-05-01T13:23:05+00:00","dateModified":"2026-05-01T14:31:54+00:00","description":"Policija u Novom \u010ci\u010du zaustavila 40-godi\u0161njaka bez voza\u010dke dozvole i s tehni\u010dki neispravnim vozilom. Sud ga psolao na 15 dana u zatvor.","breadcrumb":{"@id":"https:\/\/gorica.info\/voznja-bez-dozvole-skupo-ga-kostala-sud-ga-poslao-u-remetinec-na-15-dana\/#breadcrumb"},"inLanguage":"en-US","potentialAction":[{"@type":"ReadAction","target":["https:\/\/gorica.info\/voznja-bez-dozvole-skupo-ga-kostala-sud-ga-poslao-u-remetinec-na-15-dana\/"]}]},{"@type":"ImageObject","inLanguage":"en-US","@id":"https:\/\/gorica.info\/voznja-bez-dozvole-skupo-ga-kostala-sud-ga-poslao-u-remetinec-na-15-dana\/#primaryimage","url":"https:\/\/gorica.info\/wp-content\/uploads\/2026\/05\/policajac-i-palica.jpg","contentUrl":"https:\/\/gorica.info\/wp-content\/uploads\/2026\/05\/policajac-i-palica.jpg","width":750,"height":431,"caption":"Foto: Policija"},{"@type":"BreadcrumbList","@id":"https:\/\/gorica.info\/voznja-bez-dozvole-skupo-ga-kostala-sud-ga-poslao-u-remetinec-na-15-dana\/#breadcrumb","itemListElement":[{"@type":"ListItem","position":1,"name":"Po\u010detna stranica","item":"https:\/\/gorica.info\/"},{"@type":"ListItem","position":2,"name":"Vo\u017enja bez dozvole skupo ga ko\u0161tala: Sud ga poslao u Remetinec na 15 dana"}]},{"@type":"WebSite","@id":"https:\/\/gorica.info\/#website","url":"https:\/\/gorica.info\/","name":"Gorica Info","description":"Vijesti iz Velike Gorice i okolice.","publisher":{"@id":"https:\/\/gorica.info\/#organization"},"potentialAction":[{"@type":"SearchAction","target":{"@type":"EntryPoint","urlTemplate":"https:\/\/gorica.info\/?s={search_term_string}"},"query-input":{"@type":"PropertyValueSpecification","valueRequired":true,"valueName":"search_term_string"}}],"inLanguage":"en-US"},{"@type":["Organization","Place","NewsMediaOrganization"],"@id":"https:\/\/gorica.info\/#organization","name":"Gorica Info","url":"https:\/\/gorica.info\/","logo":{"@id":"https:\/\/gorica.info\/voznja-bez-dozvole-skupo-ga-kostala-sud-ga-poslao-u-remetinec-na-15-dana\/#local-main-organization-logo"},"image":{"@id":"https:\/\/gorica.info\/voznja-bez-dozvole-skupo-ga-kostala-sud-ga-poslao-u-remetinec-na-15-dana\/#local-main-organization-logo"},"sameAs":["https:\/\/www.facebook.com\/Goricainfo-106005144489262","https:\/\/x.com\/GoricaInfo","https:\/\/www.instagram.com\/gorica.info\/"],"address":{"@id":"https:\/\/gorica.info\/voznja-bez-dozvole-skupo-ga-kostala-sud-ga-poslao-u-remetinec-na-15-dana\/#local-main-place-address"},"telephone":[],"openingHoursSpecification":[{"@type":"OpeningHoursSpecification","dayOfWeek":["Monday","Tuesday","Wednesday","Thursday","Friday","Saturday","Sunday"],"opens":"09:00","closes":"17:00"}],"email":"redakcija@gorica.info"},{"@type":"Person","@id":"https:\/\/gorica.info\/#\/schema\/person\/b2df2f6fb2a9073c0fa5af2672befd52","name":"Marta Horvat","description":"Marta Horvat je studentica koja redovito pi\u0161e za portal, prati sva gradska doga\u0111anja i u\u017eiva isprobavati nove recept koje dijeli s na\u0161im \u010ditateljima.","url":"https:\/\/gorica.info\/en\/author\/marta-horvat\/"},{"@type":"PostalAddress","@id":"https:\/\/gorica.info\/voznja-bez-dozvole-skupo-ga-kostala-sud-ga-poslao-u-remetinec-na-15-dana\/#local-main-place-address","streetAddress":"Horvatova 97","addressLocality":"Velika Gorica","postalCode":"10410","addressRegion":"Croatia","addressCountry":"HR"},{"@type":"ImageObject","inLanguage":"en-US","@id":"https:\/\/gorica.info\/voznja-bez-dozvole-skupo-ga-kostala-sud-ga-poslao-u-remetinec-na-15-dana\/#local-main-organization-logo","url":"https:\/\/gorica.info\/wp-content\/uploads\/2024\/07\/Gorica-Info-Logo-mali.png","contentUrl":"https:\/\/gorica.info\/wp-content\/uploads\/2024\/07\/Gorica-Info-Logo-mali.png","width":450,"height":85,"caption":"Gorica Info"}]},"geo.placename":"Velika Gorica","geo.region":"Croatia"},"_links":{"self":[{"href":"https:\/\/gorica.info\/en\/wp-json\/wp\/v2\/posts\/107451","targetHints":{"allow":["GET"]}}],"collection":[{"href":"https:\/\/gorica.info\/en\/wp-json\/wp\/v2\/posts"}],"about":[{"href":"https:\/\/gorica.info\/en\/wp-json\/wp\/v2\/types\/post"}],"author":[{"embeddable":true,"href":"https:\/\/gorica.info\/en\/wp-json\/wp\/v2\/users\/25"}],"replies":[{"embeddable":true,"href":"https:\/\/gorica.info\/en\/wp-json\/wp\/v2\/comments?post=107451"}],"version-history":[{"count":1,"href":"https:\/\/gorica.info\/en\/wp-json\/wp\/v2\/posts\/107451\/revisions"}],"predecessor-version":[{"id":107453,"href":"https:\/\/gorica.info\/en\/wp-json\/wp\/v2\/posts\/107451\/revisions\/107453"}],"wp:featuredmedia":[{"embeddable":true,"href":"https:\/\/gorica.info\/en\/wp-json\/wp\/v2\/media\/107452"}],"wp:attachment":[{"href":"https:\/\/gorica.info\/en\/wp-json\/wp\/v2\/media?parent=107451"}],"wp:term":[{"taxonomy":"category","embeddable":true,"href":"https:\/\/gorica.info\/en\/wp-json\/wp\/v2\/categories?post=107451"},{"taxonomy":"post_tag","embeddable":true,"href":"https:\/\/gorica.info\/en\/wp-json\/wp\/v2\/tags?post=107451"}],"curies":[{"name":"wp","href":"https:\/\/api.w.org\/{rel}","templated":true}]}}