{"id":107498,"date":"2026-05-03T10:13:58","date_gmt":"2026-05-03T08:13:58","guid":{"rendered":"https:\/\/gorica.info\/?p=107498"},"modified":"2026-05-03T10:15:15","modified_gmt":"2026-05-03T08:15:15","slug":"predstava-gospodica-necu-prica-o-odrastanju-za-djecu-i-roditelje","status":"publish","type":"post","link":"https:\/\/gorica.info\/en\/predstava-gospodica-necu-prica-o-odrastanju-za-djecu-i-roditelje\/","title":{"rendered":"Predstava \u201eGospo\u0111ica Ne\u0107u\u201c: Pri\u010da o odrastanju za djecu i roditelje"},"content":{"rendered":"<p><span style=\"font-size: 20px\"><strong>U nedjelju<\/strong> s po\u010detkom u 17 sati u <a href=\"https:\/\/www.pouvg.hr\/kazaliste\/raspored-predstava\/gospodica-necu\/\">Pu\u010dkom u\u010dili\u0161tu<\/a> igra pou\u010dna dje\u010dja predstava <strong>\u201eGospo\u0111ica Ne\u0107u\u201c<\/strong>, nastala prema tekstu<strong> Sun\u010dana \u0160krinjari\u0107<\/strong>, a re\u017eiju potpisuje Leo Vukeli\u0107. U predstavi Scene Gorica igraju <a href=\"https:\/\/gorica.info\/en\/goricanka-karmen-suncana-lovric-otkriva-gluma-me-osvojila-jako-rano-bila-je-to-ljubav-na-prvi-pogled\/\"><strong>Karmen Sun\u010dana Lovri\u0107<\/strong><\/a>, <strong>Lidija Kralji\u0107<\/strong> i <strong>Lovro Ivankovi\u0107<\/strong>.<\/span><\/p>\n<p><span style=\"font-size: 20px\">\u201eGospo\u0111ica Ne\u0107u\u201c donosi pri\u010du o <strong>djevoj\u010dici Mini<\/strong>, koja na prvi pogled ne odudara od svojih vr\u0161njaka, no krije jednu neobi\u010dnu osobinu, uporno i tvrdoglavo odbija gotovo sve \u0161to joj se na\u0111e na putu.<\/span><\/p>\n<figure id=\"attachment_107500\" aria-describedby=\"caption-attachment-107500\" style=\"width: 900px\" class=\"wp-caption alignnone\"><img fetchpriority=\"high\" decoding=\"async\" class=\"wp-image-107500 size-full\" src=\"https:\/\/gorica.info\/wp-content\/uploads\/2026\/05\/predstava-gospodica-necu-foto-scena-gorica.jpg\" alt=\"gospo\u0111ica ne\u0107u\" width=\"900\" height=\"1200\" srcset=\"https:\/\/gorica.info\/wp-content\/uploads\/2026\/05\/predstava-gospodica-necu-foto-scena-gorica.jpg 900w, https:\/\/gorica.info\/wp-content\/uploads\/2026\/05\/predstava-gospodica-necu-foto-scena-gorica-225x300.jpg 225w, https:\/\/gorica.info\/wp-content\/uploads\/2026\/05\/predstava-gospodica-necu-foto-scena-gorica-768x1024.jpg 768w, https:\/\/gorica.info\/wp-content\/uploads\/2026\/05\/predstava-gospodica-necu-foto-scena-gorica-9x12.jpg 9w, https:\/\/gorica.info\/wp-content\/uploads\/2026\/05\/predstava-gospodica-necu-foto-scena-gorica-750x1000.jpg 750w\" sizes=\"(max-width: 900px) 100vw, 900px\" \/><figcaption id=\"caption-attachment-107500\" class=\"wp-caption-text\">Foto: Scena Gorica<\/figcaption><\/figure>\n<p><span style=\"font-size: 20px\">Mina uporno<strong> svaki dan govori \u201ene\u0107u\u201c<\/strong> mami, tati, baki, \u0161koli, pa \u010dak i prijateljima i igri. Me\u0111utim, njezin svijet se iznenada mijenja kada se sve ono \u0161to je odbijala okrene protiv nje.<\/span><\/p>\n<p><span style=\"font-size: 20px\">U tom trenutku zapo\u010dinje njezino <strong>neobi\u010dno putovanje<\/strong> u kojem, uz pomo\u0107 likova poput Slona i Pingvina, Mina <strong>po\u010dinje razumijevati posljedice<\/strong> svog pona\u0161anja. Kroz niz ma\u0161tovitih situacija, djevoj\u010dica polako u\u010di va\u017enu \u017eivotnu lekciju: umjesto \u201ene\u0107u\u201c, po\u010dinje govoriti \u201eho\u0107u\u201c.<\/span><\/p>\n<p><span style=\"font-size: 20px\">Predstava <strong>kombinira glumu i lutkarstvo<\/strong> na kreativan i vizualno zanimljiv na\u010din, spajaju\u0107i ljudske i lutkarske elemente te stvaraju\u0107i jedinstven kazali\u0161ni do\u017eivljaj.<\/span><\/p>\n<blockquote><p><span style=\"font-size: 20px\"> Upravo taj spoj omogu\u0107uje djeci da se lak\u0161e poistovjete s pri\u010dom i likovima, ali i da kroz zabavu usvoje va\u017ene poruke o odrastanju, prihva\u0107anju i suradnji.<\/span><\/p><\/blockquote>\n<p><span style=\"font-size: 20px\">\u201eGospo\u0111ica Ne\u0107u\u201c vodi svoju publiku kroz Minin svijet u kojem svakodnevni predmeti \u2013 poput \u010detkice za zube, kreveta ili parka \u2013 postaju dio pri\u010de i simboli promjene. Kada se sve protiv nje okrene, Mina je prisiljena preispitati svoje postupke i prona\u0107i novi na\u010din komunikacije sa svijetom.<\/span><\/p>\n<p><span style=\"font-size: 20px\">Ova predstava nije samo zabavna, ve\u0107 i <strong>edukativna<\/strong>, djecu u\u010di kako tvrdoglavost mo\u017ee dovesti do usamljenosti, ali i kako promjena stava otvara vrata prijateljstvu, igri i sre\u0107i. Idealna je za djecu, ali i roditelje koji \u017eele kroz kazali\u0161te prenijeti va\u017ene \u017eivotne vrijednosti.<\/span><\/p>\n<p><span style=\"font-size: 20px\">Ne propustite ovu toplu i ma\u0161tovitu kazali\u0161nu pri\u010du koja \u0107e nasmijati, razveseliti i potaknuti na razmi\u0161ljanje, \u201eGospo\u0111ica Ne\u0107u\u201c \u010deka vas ove nedjelje!<\/span><\/p>","protected":false},"excerpt":{"rendered":"<p>U nedjelju s po\u010detkom u 17 sati u Pu\u010dkom u\u010dili\u0161tu igra pou\u010dna dje\u010dja predstava \u201eGospo\u0111ica Ne\u0107u\u201c, nastala prema tekstu Sun\u010dana \u0160krinjari\u0107, a re\u017eiju potpisuje Leo Vukeli\u0107. U predstavi Scene Gorica igraju Karmen Sun\u010dana Lovri\u0107, Lidija Kralji\u0107 i Lovro Ivankovi\u0107. \u201eGospo\u0111ica Ne\u0107u\u201c donosi pri\u010du o djevoj\u010dici Mini, koja na prvi pogled ne odudara od svojih vr\u0161njaka, [&hellip;]<\/p>\n","protected":false},"author":32,"featured_media":107499,"comment_status":"closed","ping_status":"closed","sticky":false,"template":"","format":"standard","meta":{"limit_modified_date":"1","last_modified_date":"","jnews-multi-image_gallery":[],"jnews_single_post":{"format":"standard","override":[{"template":"3","parallax":"1","fullscreen":"1","layout":"right-sidebar","sidebar":"default-sidebar","second_sidebar":"default-sidebar","sticky_sidebar":"1","share_position":"top","share_float_style":"share-monocrhome","show_featured":"1","show_post_meta":"1","show_post_author":"1","show_post_author_image":"1","show_post_date":"1","post_date_format":"default","post_date_format_custom":"Y\/m\/d","show_post_category":"1","show_post_reading_time":"1","post_reading_time_wpm":"300","post_calculate_word_method":"str_word_count","zoom_button_out_step":"2","zoom_button_in_step":"3","show_post_tag":"1","show_popup_post":"1","show_comment_section":"1","number_popup_post":"1","show_post_related":"1"}],"image_override":[{"single_post_thumbnail_size":"crop-500","single_post_gallery_size":"crop-500"}],"trending_post_position":"meta","trending_post_label":"Trending","sponsored_post_label":"Sponsored by","disable_ad":"0","subtitle":"Ovo je pri\u010da o djevoj\u010dici Mini, koja na prvi pogled ne odudara od svojih vr\u0161njaka, no krije jednu neobi\u010dnu osobinu \/\/\/ Uporno i tvrdoglavo odbija gotovo sve \u0161to joj se na\u0111e na putu"},"jnews_primary_category":[],"jnews_override_counter":{"view_counter_number":"0","share_counter_number":"0","like_counter_number":"0","dislike_counter_number":"0"},"footnotes":""},"categories":[84],"tags":[296,12371,22268,25097,25098,10851,25096,5348,3473,25095,22686,15554],"class_list":["post-107498","post","type-post","status-publish","format-standard","has-post-thumbnail","hentry","category-kultura","tag-djecja-predstava","tag-gospodica-necu","tag-kazaliste-za-djecu","tag-lutkarstvo","tag-mina","tag-odrastanje","tag-predstava-za-obitelj","tag-pucko-uciliste","tag-scena-gorica","tag-suncana-skrinjaric","tag-vg-info","tag-vg-vijesti"],"yoast_head":"<!-- This site is optimized with the Yoast SEO Premium plugin v27.5 (Yoast SEO v27.5) - https:\/\/yoast.com\/product\/yoast-seo-premium-wordpress\/ -->\n<title>Predstava \u201eGospo\u0111ica Ne\u0107u\u201c: Pri\u010da o odrastanju za djecu i roditelje - Gorica Info<\/title>\n<meta name=\"description\" content=\"Ne propustite dje\u010dju predstavu \u201eGospo\u0111ica Ne\u0107u\u201c u nedjelju od 17 sati u Pu\u010dkom u\u010dili\u0161tu. Dirljiva pri\u010da o djevoj\u010dici Mini koja je tvrdoglava.\" \/>\n<meta name=\"robots\" content=\"index, follow, max-snippet:-1, max-image-preview:large, max-video-preview:-1\" \/>\n<link rel=\"canonical\" href=\"https:\/\/gorica.info\/en\/predstava-gospodica-necu-prica-o-odrastanju-za-djecu-i-roditelje\/\" \/>\n<meta property=\"og:locale\" content=\"en_US\" \/>\n<meta property=\"og:type\" content=\"article\" \/>\n<meta property=\"og:title\" content=\"Predstava \u201eGospo\u0111ica Ne\u0107u\u201c: Pri\u010da o odrastanju za djecu i roditelje\" \/>\n<meta property=\"og:description\" content=\"Ne propustite dje\u010dju predstavu \u201eGospo\u0111ica Ne\u0107u\u201c u nedjelju od 17 sati u Pu\u010dkom u\u010dili\u0161tu. Dirljiva pri\u010da o djevoj\u010dici Mini koja je tvrdoglava.\" \/>\n<meta property=\"og:url\" content=\"https:\/\/gorica.info\/en\/predstava-gospodica-necu-prica-o-odrastanju-za-djecu-i-roditelje\/\" \/>\n<meta property=\"og:site_name\" content=\"Gorica Info\" \/>\n<meta property=\"article:publisher\" content=\"https:\/\/www.facebook.com\/Goricainfo-106005144489262\" \/>\n<meta property=\"article:published_time\" content=\"2026-05-03T08:13:58+00:00\" \/>\n<meta property=\"article:modified_time\" content=\"2026-05-03T08:15:15+00:00\" \/>\n<meta property=\"og:image\" content=\"https:\/\/gorica.info\/wp-content\/uploads\/2026\/05\/predstava-gospodica-necu.jpg\" \/>\n\t<meta property=\"og:image:width\" content=\"1080\" \/>\n\t<meta property=\"og:image:height\" content=\"810\" \/>\n\t<meta property=\"og:image:type\" content=\"image\/jpeg\" \/>\n<meta name=\"author\" content=\"Marta Ivanu\u0161\" \/>\n<meta name=\"twitter:card\" content=\"summary_large_image\" \/>\n<meta name=\"twitter:creator\" content=\"@GoricaInfo\" \/>\n<meta name=\"twitter:site\" content=\"@GoricaInfo\" \/>\n<meta name=\"twitter:label1\" content=\"Written by\" \/>\n\t<meta name=\"twitter:data1\" content=\"Marta Ivanu\u0161\" \/>\n\t<meta name=\"twitter:label2\" content=\"Est. reading time\" \/>\n\t<meta name=\"twitter:data2\" content=\"2 minutes\" \/>\n<meta name=\"geo.placename\" content=\"Velika Gorica\" \/>\n<meta name=\"geo.region\" content=\"Croatia\" \/>\n<!-- \/ Yoast SEO Premium plugin. -->","yoast_head_json":{"title":"Predstava \u201eGospo\u0111ica Ne\u0107u\u201c: Pri\u010da o odrastanju za djecu i roditelje - Gorica Info","description":"Ne propustite dje\u010dju predstavu \u201eGospo\u0111ica Ne\u0107u\u201c u nedjelju od 17 sati u Pu\u010dkom u\u010dili\u0161tu. Dirljiva pri\u010da o djevoj\u010dici Mini koja je tvrdoglava.","robots":{"index":"index","follow":"follow","max-snippet":"max-snippet:-1","max-image-preview":"max-image-preview:large","max-video-preview":"max-video-preview:-1"},"canonical":"https:\/\/gorica.info\/en\/predstava-gospodica-necu-prica-o-odrastanju-za-djecu-i-roditelje\/","og_locale":"en_US","og_type":"article","og_title":"Predstava \u201eGospo\u0111ica Ne\u0107u\u201c: Pri\u010da o odrastanju za djecu i roditelje","og_description":"Ne propustite dje\u010dju predstavu \u201eGospo\u0111ica Ne\u0107u\u201c u nedjelju od 17 sati u Pu\u010dkom u\u010dili\u0161tu. Dirljiva pri\u010da o djevoj\u010dici Mini koja je tvrdoglava.","og_url":"https:\/\/gorica.info\/en\/predstava-gospodica-necu-prica-o-odrastanju-za-djecu-i-roditelje\/","og_site_name":"Gorica Info","article_publisher":"https:\/\/www.facebook.com\/Goricainfo-106005144489262","article_published_time":"2026-05-03T08:13:58+00:00","article_modified_time":"2026-05-03T08:15:15+00:00","og_image":[{"width":1080,"height":810,"url":"https:\/\/gorica.info\/wp-content\/uploads\/2026\/05\/predstava-gospodica-necu.jpg","type":"image\/jpeg"}],"author":"Marta Ivanu\u0161","twitter_card":"summary_large_image","twitter_creator":"@GoricaInfo","twitter_site":"@GoricaInfo","twitter_misc":{"Written by":"Marta Ivanu\u0161","Est. reading time":"2 minutes"},"schema":{"@context":"https:\/\/schema.org","@graph":[{"@type":"NewsArticle","@id":"https:\/\/gorica.info\/predstava-gospodica-necu-prica-o-odrastanju-za-djecu-i-roditelje\/#article","isPartOf":{"@id":"https:\/\/gorica.info\/predstava-gospodica-necu-prica-o-odrastanju-za-djecu-i-roditelje\/"},"author":{"name":"Marta Ivanu\u0161","@id":"https:\/\/gorica.info\/#\/schema\/person\/e2053d495fcf159805e1a9aa5692ef15"},"headline":"Predstava \u201eGospo\u0111ica Ne\u0107u\u201c: Pri\u010da o odrastanju za djecu i roditelje","datePublished":"2026-05-03T08:13:58+00:00","dateModified":"2026-05-03T08:15:15+00:00","mainEntityOfPage":{"@id":"https:\/\/gorica.info\/predstava-gospodica-necu-prica-o-odrastanju-za-djecu-i-roditelje\/"},"wordCount":375,"publisher":{"@id":"https:\/\/gorica.info\/#organization"},"image":{"@id":"https:\/\/gorica.info\/predstava-gospodica-necu-prica-o-odrastanju-za-djecu-i-roditelje\/#primaryimage"},"thumbnailUrl":"https:\/\/gorica.info\/wp-content\/uploads\/2026\/05\/predstava-gospodica-necu.jpg","keywords":["dje\u010dja predstava","gospo\u0111ica ne\u0107u","kazali\u0161te za djecu","lutkarstvo","Mina","odrastanje","predstava za obitelj","pu\u010dko u\u010dili\u0161te","scena gorica","Sun\u010dana \u0160krinjari\u0107","vg info","vg vijesti"],"articleSection":["KULTURA"],"inLanguage":"en-US","copyrightYear":"2026","copyrightHolder":{"@id":"https:\/\/gorica.info\/en\/#organization"}},{"@type":"WebPage","@id":"https:\/\/gorica.info\/predstava-gospodica-necu-prica-o-odrastanju-za-djecu-i-roditelje\/","url":"https:\/\/gorica.info\/predstava-gospodica-necu-prica-o-odrastanju-za-djecu-i-roditelje\/","name":"Predstava \u201eGospo\u0111ica Ne\u0107u\u201c: Pri\u010da o odrastanju za djecu i roditelje - Gorica Info","isPartOf":{"@id":"https:\/\/gorica.info\/#website"},"primaryImageOfPage":{"@id":"https:\/\/gorica.info\/predstava-gospodica-necu-prica-o-odrastanju-za-djecu-i-roditelje\/#primaryimage"},"image":{"@id":"https:\/\/gorica.info\/predstava-gospodica-necu-prica-o-odrastanju-za-djecu-i-roditelje\/#primaryimage"},"thumbnailUrl":"https:\/\/gorica.info\/wp-content\/uploads\/2026\/05\/predstava-gospodica-necu.jpg","datePublished":"2026-05-03T08:13:58+00:00","dateModified":"2026-05-03T08:15:15+00:00","description":"Ne propustite dje\u010dju predstavu \u201eGospo\u0111ica Ne\u0107u\u201c u nedjelju od 17 sati u Pu\u010dkom u\u010dili\u0161tu. Dirljiva pri\u010da o djevoj\u010dici Mini koja je tvrdoglava.","breadcrumb":{"@id":"https:\/\/gorica.info\/predstava-gospodica-necu-prica-o-odrastanju-za-djecu-i-roditelje\/#breadcrumb"},"inLanguage":"en-US","potentialAction":[{"@type":"ReadAction","target":["https:\/\/gorica.info\/predstava-gospodica-necu-prica-o-odrastanju-za-djecu-i-roditelje\/"]}]},{"@type":"ImageObject","inLanguage":"en-US","@id":"https:\/\/gorica.info\/predstava-gospodica-necu-prica-o-odrastanju-za-djecu-i-roditelje\/#primaryimage","url":"https:\/\/gorica.info\/wp-content\/uploads\/2026\/05\/predstava-gospodica-necu.jpg","contentUrl":"https:\/\/gorica.info\/wp-content\/uploads\/2026\/05\/predstava-gospodica-necu.jpg","width":1080,"height":810,"caption":"Foto: Scena Gorica"},{"@type":"BreadcrumbList","@id":"https:\/\/gorica.info\/predstava-gospodica-necu-prica-o-odrastanju-za-djecu-i-roditelje\/#breadcrumb","itemListElement":[{"@type":"ListItem","position":1,"name":"Po\u010detna stranica","item":"https:\/\/gorica.info\/"},{"@type":"ListItem","position":2,"name":"Predstava \u201eGospo\u0111ica Ne\u0107u\u201c: Pri\u010da o odrastanju za djecu i roditelje"}]},{"@type":"WebSite","@id":"https:\/\/gorica.info\/#website","url":"https:\/\/gorica.info\/","name":"Gorica Info","description":"Vijesti iz Velike Gorice i okolice.","publisher":{"@id":"https:\/\/gorica.info\/#organization"},"potentialAction":[{"@type":"SearchAction","target":{"@type":"EntryPoint","urlTemplate":"https:\/\/gorica.info\/?s={search_term_string}"},"query-input":{"@type":"PropertyValueSpecification","valueRequired":true,"valueName":"search_term_string"}}],"inLanguage":"en-US"},{"@type":["Organization","Place","NewsMediaOrganization"],"@id":"https:\/\/gorica.info\/#organization","name":"Gorica Info","url":"https:\/\/gorica.info\/","logo":{"@id":"https:\/\/gorica.info\/predstava-gospodica-necu-prica-o-odrastanju-za-djecu-i-roditelje\/#local-main-organization-logo"},"image":{"@id":"https:\/\/gorica.info\/predstava-gospodica-necu-prica-o-odrastanju-za-djecu-i-roditelje\/#local-main-organization-logo"},"sameAs":["https:\/\/www.facebook.com\/Goricainfo-106005144489262","https:\/\/x.com\/GoricaInfo","https:\/\/www.instagram.com\/gorica.info\/"],"address":{"@id":"https:\/\/gorica.info\/predstava-gospodica-necu-prica-o-odrastanju-za-djecu-i-roditelje\/#local-main-place-address"},"telephone":[],"openingHoursSpecification":[{"@type":"OpeningHoursSpecification","dayOfWeek":["Monday","Tuesday","Wednesday","Thursday","Friday","Saturday","Sunday"],"opens":"09:00","closes":"17:00"}],"email":"redakcija@gorica.info"},{"@type":"Person","@id":"https:\/\/gorica.info\/#\/schema\/person\/e2053d495fcf159805e1a9aa5692ef15","name":"Marta Ivanu\u0161","description":"Marta Ivanu\u0161 je studentica novinarstva, voli dru\u0161tvene mre\u017ee i digitalni marketing. Osim pisanja tekstova, zadu\u017eena je i za objave na dru\u0161tvenim mre\u017eama Gorice.info.","url":"https:\/\/gorica.info\/en\/author\/marta-ivanus\/"},{"@type":"PostalAddress","@id":"https:\/\/gorica.info\/predstava-gospodica-necu-prica-o-odrastanju-za-djecu-i-roditelje\/#local-main-place-address","streetAddress":"Horvatova 97","addressLocality":"Velika Gorica","postalCode":"10410","addressRegion":"Croatia","addressCountry":"HR"},{"@type":"ImageObject","inLanguage":"en-US","@id":"https:\/\/gorica.info\/predstava-gospodica-necu-prica-o-odrastanju-za-djecu-i-roditelje\/#local-main-organization-logo","url":"https:\/\/gorica.info\/wp-content\/uploads\/2024\/07\/Gorica-Info-Logo-mali.png","contentUrl":"https:\/\/gorica.info\/wp-content\/uploads\/2024\/07\/Gorica-Info-Logo-mali.png","width":450,"height":85,"caption":"Gorica Info"}]},"geo.placename":"Velika Gorica","geo.region":"Croatia"},"_links":{"self":[{"href":"https:\/\/gorica.info\/en\/wp-json\/wp\/v2\/posts\/107498","targetHints":{"allow":["GET"]}}],"collection":[{"href":"https:\/\/gorica.info\/en\/wp-json\/wp\/v2\/posts"}],"about":[{"href":"https:\/\/gorica.info\/en\/wp-json\/wp\/v2\/types\/post"}],"author":[{"embeddable":true,"href":"https:\/\/gorica.info\/en\/wp-json\/wp\/v2\/users\/32"}],"replies":[{"embeddable":true,"href":"https:\/\/gorica.info\/en\/wp-json\/wp\/v2\/comments?post=107498"}],"version-history":[{"count":2,"href":"https:\/\/gorica.info\/en\/wp-json\/wp\/v2\/posts\/107498\/revisions"}],"predecessor-version":[{"id":107502,"href":"https:\/\/gorica.info\/en\/wp-json\/wp\/v2\/posts\/107498\/revisions\/107502"}],"wp:featuredmedia":[{"embeddable":true,"href":"https:\/\/gorica.info\/en\/wp-json\/wp\/v2\/media\/107499"}],"wp:attachment":[{"href":"https:\/\/gorica.info\/en\/wp-json\/wp\/v2\/media?parent=107498"}],"wp:term":[{"taxonomy":"category","embeddable":true,"href":"https:\/\/gorica.info\/en\/wp-json\/wp\/v2\/categories?post=107498"},{"taxonomy":"post_tag","embeddable":true,"href":"https:\/\/gorica.info\/en\/wp-json\/wp\/v2\/tags?post=107498"}],"curies":[{"name":"wp","href":"https:\/\/api.w.org\/{rel}","templated":true}]}}