{"id":107503,"date":"2026-05-03T12:42:33","date_gmt":"2026-05-03T10:42:33","guid":{"rendered":"https:\/\/gorica.info\/?p=107503"},"modified":"2026-05-03T12:41:46","modified_gmt":"2026-05-03T10:41:46","slug":"vazna-prometna-obavijest-pocinju-radovi-na-zagrebackoj-aveniji-kod-selske","status":"publish","type":"post","link":"https:\/\/gorica.info\/en\/vazna-prometna-obavijest-pocinju-radovi-na-zagrebackoj-aveniji-kod-selske\/","title":{"rendered":"Va\u017ena prometna obavijest: Po\u010dinju radovi na Zagreba\u010dkoj aveniji kod Selske"},"content":{"rendered":"<p><span style=\"font-size: 20px\"><strong>Na Zagreba\u010dkoj aveniji<\/strong> iznad Selske ceste u ponedjeljak, 4. svibnja od 9 sati po\u010dinju <strong>radovi na odr\u017eavanju nadvo\u017enjaka.<\/strong><\/span><\/p>\n<p><span style=\"font-size: 20px\">U prvoj fazi <strong>zatvara se ju\u017eni kolnik nadvo\u017enjaka<\/strong>, dok \u0107e se promet na sjevernom kolniku odvijati dvosmjerno, po jednom trakom u svakom smjeru. <\/span><\/p>\n<p><span style=\"font-size: 20px\"><strong>Na donjoj razini raskri\u017eja<\/strong> promet \u0107e se i dalje odvijati u oba smjera, s po dvije prometne trake za istok i zapad. <\/span><\/p>\n<p><span style=\"font-size: 20px\">Nakon zavr\u0161etka radova na ju\u017enom kolniku, radovi se <strong>sele na sjeverni kolnik<\/strong>, uz zadr\u017eavanje dvosmjernog prometa bez potpunog prekida u smjeru istok\u2013zapad.<\/span><\/p>\n<p><span style=\"font-size: 20px\">U razdoblju <strong>od 15. srpnja do 15. kolovoza<\/strong> bit \u0107e ukinuto lijevo skretanje preko raskri\u017eja.<\/span><\/p>\n<p><span style=\"font-size: 20px\">Radovi na nadvo\u017enjaku provode se radi o\u010duvanja njegove stati\u010dke sigurnosti, funkcionalnosti i dugotrajnog kori\u0161tenja, \u010dime se gra\u0111anima osigurava sigurnije i pouzdanije svakodnevno prometovanje. Pravovremenim zahvatima sprje\u010davaju se ve\u0107a o\u0161te\u0107enja i skupe, dugotrajne rekonstrukcije u budu\u0107nosti, \u0161to zna\u010di manje zastoja i ni\u017ee tro\u0161kove za zajednicu.<\/span><\/p>\n<p><span style=\"font-size: 20px\">Radi se <strong>cjelovita sanaciju konstrukcije<\/strong>, uklju\u010duju\u0107i popravke betona, injektiranje pukotina, obnovu rubnjaka i zamjenu prijelaznih elemenata, \u010dime se dodatno pove\u0107ava sigurnost svih sudionika u prometu i produ\u017euje vijek trajanja infrastrukture, poru\u010duju iz <a href=\"https:\/\/zagreb.hr\/krecu-radovi-na-odrzavanju-nadvoznjaka-zagrebacka-\/219276\">zagreba\u010dke gradske uprave.<\/a><\/span><\/p>\n<p><span style=\"font-size: 20px\">Svi radovi koji utje\u010du na promet su u cijelosti prikazani na internetskoj stranici regulacije.zagreb.hr , a prometne regulacije u realnom vremenu su dostupne u navigacijskim aplikacijama Google Maps i Waze.<\/span><\/p>","protected":false},"excerpt":{"rendered":"<p>Na Zagreba\u010dkoj aveniji iznad Selske ceste u ponedjeljak, 4. svibnja od 9 sati po\u010dinju radovi na odr\u017eavanju nadvo\u017enjaka. U prvoj fazi zatvara se ju\u017eni kolnik nadvo\u017enjaka, dok \u0107e se promet na sjevernom kolniku odvijati dvosmjerno, po jednom trakom u svakom smjeru. Na donjoj razini raskri\u017eja promet \u0107e se i dalje odvijati u oba smjera, s [&hellip;]<\/p>\n","protected":false},"author":23,"featured_media":107504,"comment_status":"closed","ping_status":"closed","sticky":false,"template":"","format":"standard","meta":{"limit_modified_date":"1","last_modified_date":"","jnews-multi-image_gallery":[],"jnews_single_post":{"format":"standard","override":[{"template":"3","parallax":"1","fullscreen":"1","layout":"right-sidebar","sidebar":"default-sidebar","second_sidebar":"default-sidebar","sticky_sidebar":"1","share_position":"top","share_float_style":"share-monocrhome","show_featured":"1","show_post_meta":"1","show_post_author":"1","show_post_author_image":"1","show_post_date":"1","post_date_format":"default","post_date_format_custom":"Y\/m\/d","show_post_category":"1","show_post_reading_time":"1","post_reading_time_wpm":"300","post_calculate_word_method":"str_word_count","zoom_button_out_step":"2","zoom_button_in_step":"3","show_post_tag":"1","show_popup_post":"1","show_comment_section":"1","number_popup_post":"1","show_post_related":"1"}],"image_override":[{"single_post_thumbnail_size":"crop-500","single_post_gallery_size":"crop-500"}],"trending_post_position":"meta","trending_post_label":"Trending","sponsored_post_label":"Sponsored by","disable_ad":"0","subtitle":"U prvoj fazi zatvara se ju\u017eni kolnik nadvo\u017enjaka, dok \u0107e se promet na sjevernom kolniku odvijati dvosmjerno, po jednom trakom u svakom smjeru"},"jnews_primary_category":[],"jnews_override_counter":{"view_counter_number":"0","share_counter_number":"0","like_counter_number":"0","dislike_counter_number":"0"},"footnotes":""},"categories":[107],"tags":[25101,25105,25103,25102,25106,25100,25099,25104],"class_list":["post-107503","post","type-post","status-publish","format-standard","has-post-thumbnail","hentry","category-zagreb","tag-nadvoznjak-zagreb","tag-prometne-izmjene-zagreb","tag-radovi-zagreb-svibanj","tag-regulacija-prometa-zagreb","tag-sanacija-nadvoznjaka","tag-selska-cesta-promet","tag-zagrebacka-avenija-radovi","tag-zatvaranje-kolnika-zagreb"],"yoast_head":"<!-- This site is optimized with the Yoast SEO Premium plugin v27.5 (Yoast SEO v27.5) - https:\/\/yoast.com\/product\/yoast-seo-premium-wordpress\/ -->\n<title>Va\u017ena prometna obavijest: Po\u010dinju radovi na Zagreba\u010dkoj aveniji kod Selske - Gorica Info<\/title>\n<meta name=\"description\" content=\"Od 4. svibnja po\u010dinju radovi na nadvo\u017enjaku na Zagreba\u010dkoj aveniji iznad Selske. Donosimo detalje o regulaciji prometa i o\u010dekivanim izmjenama.\" \/>\n<meta name=\"robots\" content=\"index, follow, max-snippet:-1, max-image-preview:large, max-video-preview:-1\" \/>\n<link rel=\"canonical\" href=\"https:\/\/gorica.info\/en\/vazna-prometna-obavijest-pocinju-radovi-na-zagrebackoj-aveniji-kod-selske\/\" \/>\n<meta property=\"og:locale\" content=\"en_US\" \/>\n<meta property=\"og:type\" content=\"article\" \/>\n<meta property=\"og:title\" content=\"Va\u017ena prometna obavijest: Po\u010dinju radovi na Zagreba\u010dkoj aveniji kod Selske\" \/>\n<meta property=\"og:description\" content=\"Od 4. svibnja po\u010dinju radovi na nadvo\u017enjaku na Zagreba\u010dkoj aveniji iznad Selske. Donosimo detalje o regulaciji prometa i o\u010dekivanim izmjenama.\" \/>\n<meta property=\"og:url\" content=\"https:\/\/gorica.info\/en\/vazna-prometna-obavijest-pocinju-radovi-na-zagrebackoj-aveniji-kod-selske\/\" \/>\n<meta property=\"og:site_name\" content=\"Gorica Info\" \/>\n<meta property=\"article:publisher\" content=\"https:\/\/www.facebook.com\/Goricainfo-106005144489262\" \/>\n<meta property=\"article:published_time\" content=\"2026-05-03T10:42:33+00:00\" \/>\n<meta property=\"og:image\" content=\"https:\/\/gorica.info\/wp-content\/uploads\/2026\/05\/promet-guzve-zagrebacka-obilaznica-foto-goricainfo.jpg\" \/>\n\t<meta property=\"og:image:width\" content=\"1200\" \/>\n\t<meta property=\"og:image:height\" content=\"567\" \/>\n\t<meta property=\"og:image:type\" content=\"image\/jpeg\" \/>\n<meta name=\"author\" content=\"Gorica. info\" \/>\n<meta name=\"twitter:card\" content=\"summary_large_image\" \/>\n<meta name=\"twitter:creator\" content=\"@GoricaInfo\" \/>\n<meta name=\"twitter:site\" content=\"@GoricaInfo\" \/>\n<meta name=\"twitter:label1\" content=\"Written by\" \/>\n\t<meta name=\"twitter:data1\" content=\"Gorica. info\" \/>\n\t<meta name=\"twitter:label2\" content=\"Est. reading time\" \/>\n\t<meta name=\"twitter:data2\" content=\"2 minutes\" \/>\n<meta name=\"geo.placename\" content=\"Velika Gorica\" \/>\n<meta name=\"geo.region\" content=\"Croatia\" \/>\n<!-- \/ Yoast SEO Premium plugin. -->","yoast_head_json":{"title":"Va\u017ena prometna obavijest: Po\u010dinju radovi na Zagreba\u010dkoj aveniji kod Selske - Gorica Info","description":"Od 4. svibnja po\u010dinju radovi na nadvo\u017enjaku na Zagreba\u010dkoj aveniji iznad Selske. Donosimo detalje o regulaciji prometa i o\u010dekivanim izmjenama.","robots":{"index":"index","follow":"follow","max-snippet":"max-snippet:-1","max-image-preview":"max-image-preview:large","max-video-preview":"max-video-preview:-1"},"canonical":"https:\/\/gorica.info\/en\/vazna-prometna-obavijest-pocinju-radovi-na-zagrebackoj-aveniji-kod-selske\/","og_locale":"en_US","og_type":"article","og_title":"Va\u017ena prometna obavijest: Po\u010dinju radovi na Zagreba\u010dkoj aveniji kod Selske","og_description":"Od 4. svibnja po\u010dinju radovi na nadvo\u017enjaku na Zagreba\u010dkoj aveniji iznad Selske. Donosimo detalje o regulaciji prometa i o\u010dekivanim izmjenama.","og_url":"https:\/\/gorica.info\/en\/vazna-prometna-obavijest-pocinju-radovi-na-zagrebackoj-aveniji-kod-selske\/","og_site_name":"Gorica Info","article_publisher":"https:\/\/www.facebook.com\/Goricainfo-106005144489262","article_published_time":"2026-05-03T10:42:33+00:00","og_image":[{"width":1200,"height":567,"url":"https:\/\/gorica.info\/wp-content\/uploads\/2026\/05\/promet-guzve-zagrebacka-obilaznica-foto-goricainfo.jpg","type":"image\/jpeg"}],"author":"Gorica. info","twitter_card":"summary_large_image","twitter_creator":"@GoricaInfo","twitter_site":"@GoricaInfo","twitter_misc":{"Written by":"Gorica. info","Est. reading time":"2 minutes"},"schema":{"@context":"https:\/\/schema.org","@graph":[{"@type":"NewsArticle","@id":"https:\/\/gorica.info\/vazna-prometna-obavijest-pocinju-radovi-na-zagrebackoj-aveniji-kod-selske\/#article","isPartOf":{"@id":"https:\/\/gorica.info\/vazna-prometna-obavijest-pocinju-radovi-na-zagrebackoj-aveniji-kod-selske\/"},"author":{"name":"Gorica. info","@id":"https:\/\/gorica.info\/#\/schema\/person\/4499af1f22f322670b9b5977ccc2e3de"},"headline":"Va\u017ena prometna obavijest: Po\u010dinju radovi na Zagreba\u010dkoj aveniji kod Selske","datePublished":"2026-05-03T10:42:33+00:00","mainEntityOfPage":{"@id":"https:\/\/gorica.info\/vazna-prometna-obavijest-pocinju-radovi-na-zagrebackoj-aveniji-kod-selske\/"},"wordCount":251,"publisher":{"@id":"https:\/\/gorica.info\/#organization"},"image":{"@id":"https:\/\/gorica.info\/vazna-prometna-obavijest-pocinju-radovi-na-zagrebackoj-aveniji-kod-selske\/#primaryimage"},"thumbnailUrl":"https:\/\/gorica.info\/wp-content\/uploads\/2026\/05\/promet-guzve-zagrebacka-obilaznica-foto-goricainfo.jpg","keywords":["nadvo\u017enjak Zagreb","prometne izmjene Zagreb","radovi Zagreb svibanj","regulacija prometa Zagreb","sanacija nadvo\u017enjaka","Selska cesta promet","Zagreba\u010dka avenija radovi","zatvaranje kolnika Zagreb"],"articleSection":["ZAGREB"],"inLanguage":"en-US","copyrightYear":"2026","copyrightHolder":{"@id":"https:\/\/gorica.info\/en\/#organization"}},{"@type":"WebPage","@id":"https:\/\/gorica.info\/vazna-prometna-obavijest-pocinju-radovi-na-zagrebackoj-aveniji-kod-selske\/","url":"https:\/\/gorica.info\/vazna-prometna-obavijest-pocinju-radovi-na-zagrebackoj-aveniji-kod-selske\/","name":"Va\u017ena prometna obavijest: Po\u010dinju radovi na Zagreba\u010dkoj aveniji kod Selske - Gorica Info","isPartOf":{"@id":"https:\/\/gorica.info\/#website"},"primaryImageOfPage":{"@id":"https:\/\/gorica.info\/vazna-prometna-obavijest-pocinju-radovi-na-zagrebackoj-aveniji-kod-selske\/#primaryimage"},"image":{"@id":"https:\/\/gorica.info\/vazna-prometna-obavijest-pocinju-radovi-na-zagrebackoj-aveniji-kod-selske\/#primaryimage"},"thumbnailUrl":"https:\/\/gorica.info\/wp-content\/uploads\/2026\/05\/promet-guzve-zagrebacka-obilaznica-foto-goricainfo.jpg","datePublished":"2026-05-03T10:42:33+00:00","description":"Od 4. svibnja po\u010dinju radovi na nadvo\u017enjaku na Zagreba\u010dkoj aveniji iznad Selske. Donosimo detalje o regulaciji prometa i o\u010dekivanim izmjenama.","breadcrumb":{"@id":"https:\/\/gorica.info\/vazna-prometna-obavijest-pocinju-radovi-na-zagrebackoj-aveniji-kod-selske\/#breadcrumb"},"inLanguage":"en-US","potentialAction":[{"@type":"ReadAction","target":["https:\/\/gorica.info\/vazna-prometna-obavijest-pocinju-radovi-na-zagrebackoj-aveniji-kod-selske\/"]}]},{"@type":"ImageObject","inLanguage":"en-US","@id":"https:\/\/gorica.info\/vazna-prometna-obavijest-pocinju-radovi-na-zagrebackoj-aveniji-kod-selske\/#primaryimage","url":"https:\/\/gorica.info\/wp-content\/uploads\/2026\/05\/promet-guzve-zagrebacka-obilaznica-foto-goricainfo.jpg","contentUrl":"https:\/\/gorica.info\/wp-content\/uploads\/2026\/05\/promet-guzve-zagrebacka-obilaznica-foto-goricainfo.jpg","width":1200,"height":567,"caption":"Arhivska fotografija: Gorica.info"},{"@type":"BreadcrumbList","@id":"https:\/\/gorica.info\/vazna-prometna-obavijest-pocinju-radovi-na-zagrebackoj-aveniji-kod-selske\/#breadcrumb","itemListElement":[{"@type":"ListItem","position":1,"name":"Po\u010detna stranica","item":"https:\/\/gorica.info\/"},{"@type":"ListItem","position":2,"name":"Va\u017ena prometna obavijest: Po\u010dinju radovi na Zagreba\u010dkoj aveniji kod Selske"}]},{"@type":"WebSite","@id":"https:\/\/gorica.info\/#website","url":"https:\/\/gorica.info\/","name":"Gorica Info","description":"Vijesti iz Velike Gorice i okolice.","publisher":{"@id":"https:\/\/gorica.info\/#organization"},"potentialAction":[{"@type":"SearchAction","target":{"@type":"EntryPoint","urlTemplate":"https:\/\/gorica.info\/?s={search_term_string}"},"query-input":{"@type":"PropertyValueSpecification","valueRequired":true,"valueName":"search_term_string"}}],"inLanguage":"en-US"},{"@type":["Organization","Place","NewsMediaOrganization"],"@id":"https:\/\/gorica.info\/#organization","name":"Gorica Info","url":"https:\/\/gorica.info\/","logo":{"@id":"https:\/\/gorica.info\/vazna-prometna-obavijest-pocinju-radovi-na-zagrebackoj-aveniji-kod-selske\/#local-main-organization-logo"},"image":{"@id":"https:\/\/gorica.info\/vazna-prometna-obavijest-pocinju-radovi-na-zagrebackoj-aveniji-kod-selske\/#local-main-organization-logo"},"sameAs":["https:\/\/www.facebook.com\/Goricainfo-106005144489262","https:\/\/x.com\/GoricaInfo","https:\/\/www.instagram.com\/gorica.info\/"],"address":{"@id":"https:\/\/gorica.info\/vazna-prometna-obavijest-pocinju-radovi-na-zagrebackoj-aveniji-kod-selske\/#local-main-place-address"},"telephone":[],"openingHoursSpecification":[{"@type":"OpeningHoursSpecification","dayOfWeek":["Monday","Tuesday","Wednesday","Thursday","Friday","Saturday","Sunday"],"opens":"09:00","closes":"17:00"}],"email":"redakcija@gorica.info"},{"@type":"Person","@id":"https:\/\/gorica.info\/#\/schema\/person\/4499af1f22f322670b9b5977ccc2e3de","name":"Gorica. info","description":"Gorica.info je lokalni portal koji prati Veliku Goricu i okolici, svakodnevno donosi najnovije vijesti i pri\u010de, kulturna doga\u0111anja i aktualnosti koje oblikuju \u017eivot gra\u0111ana.","url":"https:\/\/gorica.info\/en\/author\/gorica-info\/"},{"@type":"PostalAddress","@id":"https:\/\/gorica.info\/vazna-prometna-obavijest-pocinju-radovi-na-zagrebackoj-aveniji-kod-selske\/#local-main-place-address","streetAddress":"Horvatova 97","addressLocality":"Velika Gorica","postalCode":"10410","addressRegion":"Croatia","addressCountry":"HR"},{"@type":"ImageObject","inLanguage":"en-US","@id":"https:\/\/gorica.info\/vazna-prometna-obavijest-pocinju-radovi-na-zagrebackoj-aveniji-kod-selske\/#local-main-organization-logo","url":"https:\/\/gorica.info\/wp-content\/uploads\/2024\/07\/Gorica-Info-Logo-mali.png","contentUrl":"https:\/\/gorica.info\/wp-content\/uploads\/2024\/07\/Gorica-Info-Logo-mali.png","width":450,"height":85,"caption":"Gorica Info"}]},"geo.placename":"Velika Gorica","geo.region":"Croatia"},"_links":{"self":[{"href":"https:\/\/gorica.info\/en\/wp-json\/wp\/v2\/posts\/107503","targetHints":{"allow":["GET"]}}],"collection":[{"href":"https:\/\/gorica.info\/en\/wp-json\/wp\/v2\/posts"}],"about":[{"href":"https:\/\/gorica.info\/en\/wp-json\/wp\/v2\/types\/post"}],"author":[{"embeddable":true,"href":"https:\/\/gorica.info\/en\/wp-json\/wp\/v2\/users\/23"}],"replies":[{"embeddable":true,"href":"https:\/\/gorica.info\/en\/wp-json\/wp\/v2\/comments?post=107503"}],"version-history":[{"count":1,"href":"https:\/\/gorica.info\/en\/wp-json\/wp\/v2\/posts\/107503\/revisions"}],"predecessor-version":[{"id":107505,"href":"https:\/\/gorica.info\/en\/wp-json\/wp\/v2\/posts\/107503\/revisions\/107505"}],"wp:featuredmedia":[{"embeddable":true,"href":"https:\/\/gorica.info\/en\/wp-json\/wp\/v2\/media\/107504"}],"wp:attachment":[{"href":"https:\/\/gorica.info\/en\/wp-json\/wp\/v2\/media?parent=107503"}],"wp:term":[{"taxonomy":"category","embeddable":true,"href":"https:\/\/gorica.info\/en\/wp-json\/wp\/v2\/categories?post=107503"},{"taxonomy":"post_tag","embeddable":true,"href":"https:\/\/gorica.info\/en\/wp-json\/wp\/v2\/tags?post=107503"}],"curies":[{"name":"wp","href":"https:\/\/api.w.org\/{rel}","templated":true}]}}