{"id":34046,"date":"2023-07-22T12:24:54","date_gmt":"2023-07-22T10:24:54","guid":{"rendered":"https:\/\/gorica.info\/?p=34046"},"modified":"2023-07-22T12:24:54","modified_gmt":"2023-07-22T10:24:54","slug":"ljetna-razbibriga-ova-opticka-iluzija-otkrit-ce-vam-jeste-li-pod-stresom-ili-ste-savrseno-mirni-i-opusteni","status":"publish","type":"post","link":"https:\/\/gorica.info\/en\/ljetna-razbibriga-ova-opticka-iluzija-otkrit-ce-vam-jeste-li-pod-stresom-ili-ste-savrseno-mirni-i-opusteni\/","title":{"rendered":"LJETNA RAZBIBRIGA: Ova opti\u010dka iluzija otkrit \u0107e vam jeste li pod stresom ili ste savr\u0161eno mirni i opu\u0161teni"},"content":{"rendered":"<p>Pogledajte dobro ovu sliku. Jesu li krugovi na njoj mirni ili se okre\u0107u? Kojom brzinom se okre\u0107u? Odgovori na ta pitanja, tvrdi japanski psiholog <a href=\"http:\/\/www.ritsumei.ac.jp\/~akitaoka\/index-e.html\">Akiyoshi Kitaoka<\/a>, pokazat \u0107e jeste li pod stresom ili ne.<\/p>\n<p>On je i napavio ovu ilustraciju koju je nazvao \u201crotiraju\u0107e zmije\u201c.<\/p>\n<p>Ako su krugovi mirni i stoje na mjestu zna\u010di da ste i vi mirni. Ako se okre\u0107u to zna\u010di da ste pod stresom. Ako se okre\u0107u jako brzo, kao na vrtuljku, zna\u010di da je i ja\u010dina stresa ve\u0107a. Dakle, \u0161to se krugovi br\u017ee vrte i va\u0161 je stres ja\u010di. Ako je tako &#8211; odmorite se, predahnite, razbistrite misli i \u201co\u010distite glavu\u201c od negativne energije.<\/p>","protected":false},"excerpt":{"rendered":"<p>Pogledajte dobro ovu sliku. Jesu li krugovi na njoj mirni ili se okre\u0107u? Kojom brzinom se okre\u0107u? Odgovori na ta pitanja, tvrdi japanski psiholog Akiyoshi Kitaoka, pokazat \u0107e jeste li pod stresom ili ne. On je i napavio ovu ilustraciju koju je nazvao \u201crotiraju\u0107e zmije\u201c. Ako su krugovi mirni i stoje na mjestu zna\u010di da [&hellip;]<\/p>\n","protected":false},"author":23,"featured_media":34047,"comment_status":"open","ping_status":"open","sticky":false,"template":"","format":"standard","meta":{"limit_modified_date":"","last_modified_date":"","jnews-multi-image_gallery":[],"jnews_single_post":[],"jnews_primary_category":[],"jnews_override_counter":[],"footnotes":""},"categories":[109],"tags":[437,10752,10718],"class_list":["post-34046","post","type-post","status-publish","format-standard","has-post-thumbnail","hentry","category-zivot","tag-ljeto","tag-opticka-iluzija","tag-razbibriga"],"yoast_head":"<!-- This site is optimized with the Yoast SEO Premium plugin v27.5 (Yoast SEO v27.5) - https:\/\/yoast.com\/product\/yoast-seo-premium-wordpress\/ -->\n<title>LJETNA RAZBIBRIGA: Ova opti\u010dka iluzija otkrit \u0107e vam jeste li pod stresom ili ste savr\u0161eno mirni i opu\u0161teni - Gorica Info<\/title>\n<meta name=\"description\" content=\"Donosimo opti\u010dku iluziju koja je idealna za ljetnu razbibrigu, malo razmi\u0161ljanja, razgovor uz jutarnju kavu ili pod suncobranom na pla\u017ei\" \/>\n<meta name=\"robots\" content=\"index, follow, max-snippet:-1, max-image-preview:large, max-video-preview:-1\" \/>\n<link rel=\"canonical\" href=\"https:\/\/gorica.info\/en\/ljetna-razbibriga-ova-opticka-iluzija-otkrit-ce-vam-jeste-li-pod-stresom-ili-ste-savrseno-mirni-i-opusteni\/\" \/>\n<meta property=\"og:locale\" content=\"en_US\" \/>\n<meta property=\"og:type\" content=\"article\" \/>\n<meta property=\"og:title\" content=\"LJETNA RAZBIBRIGA: Ova opti\u010dka iluzija otkrit \u0107e vam jeste li pod stresom ili ste savr\u0161eno mirni i opu\u0161teni\" \/>\n<meta property=\"og:description\" content=\"Donosimo opti\u010dku iluziju koja je idealna za ljetnu razbibrigu, malo razmi\u0161ljanja, razgovor uz jutarnju kavu ili pod suncobranom na pla\u017ei\" \/>\n<meta property=\"og:url\" content=\"https:\/\/gorica.info\/en\/ljetna-razbibriga-ova-opticka-iluzija-otkrit-ce-vam-jeste-li-pod-stresom-ili-ste-savrseno-mirni-i-opusteni\/\" \/>\n<meta property=\"og:site_name\" content=\"Gorica Info\" \/>\n<meta property=\"article:publisher\" content=\"https:\/\/www.facebook.com\/Goricainfo-106005144489262\" \/>\n<meta property=\"article:published_time\" content=\"2023-07-22T10:24:54+00:00\" \/>\n<meta property=\"og:image\" content=\"https:\/\/gorica.info\/wp-content\/uploads\/2022\/07\/rotsnake.gif\" \/>\n\t<meta property=\"og:image:width\" content=\"1024\" \/>\n\t<meta property=\"og:image:height\" content=\"768\" \/>\n\t<meta property=\"og:image:type\" content=\"image\/gif\" \/>\n<meta name=\"author\" content=\"Gorica. info\" \/>\n<meta name=\"twitter:card\" content=\"summary_large_image\" \/>\n<meta name=\"twitter:creator\" content=\"@GoricaInfo\" \/>\n<meta name=\"twitter:site\" content=\"@GoricaInfo\" \/>\n<meta name=\"twitter:label1\" content=\"Written by\" \/>\n\t<meta name=\"twitter:data1\" content=\"Gorica. info\" \/>\n\t<meta name=\"twitter:label2\" content=\"Est. reading time\" \/>\n\t<meta name=\"twitter:data2\" content=\"1 minute\" \/>\n<meta name=\"geo.placename\" content=\"Velika Gorica\" \/>\n<meta name=\"geo.region\" content=\"Croatia\" \/>\n<!-- \/ Yoast SEO Premium plugin. -->","yoast_head_json":{"title":"LJETNA RAZBIBRIGA: Ova opti\u010dka iluzija otkrit \u0107e vam jeste li pod stresom ili ste savr\u0161eno mirni i opu\u0161teni - Gorica Info","description":"Donosimo opti\u010dku iluziju koja je idealna za ljetnu razbibrigu, malo razmi\u0161ljanja, razgovor uz jutarnju kavu ili pod suncobranom na pla\u017ei","robots":{"index":"index","follow":"follow","max-snippet":"max-snippet:-1","max-image-preview":"max-image-preview:large","max-video-preview":"max-video-preview:-1"},"canonical":"https:\/\/gorica.info\/en\/ljetna-razbibriga-ova-opticka-iluzija-otkrit-ce-vam-jeste-li-pod-stresom-ili-ste-savrseno-mirni-i-opusteni\/","og_locale":"en_US","og_type":"article","og_title":"LJETNA RAZBIBRIGA: Ova opti\u010dka iluzija otkrit \u0107e vam jeste li pod stresom ili ste savr\u0161eno mirni i opu\u0161teni","og_description":"Donosimo opti\u010dku iluziju koja je idealna za ljetnu razbibrigu, malo razmi\u0161ljanja, razgovor uz jutarnju kavu ili pod suncobranom na pla\u017ei","og_url":"https:\/\/gorica.info\/en\/ljetna-razbibriga-ova-opticka-iluzija-otkrit-ce-vam-jeste-li-pod-stresom-ili-ste-savrseno-mirni-i-opusteni\/","og_site_name":"Gorica Info","article_publisher":"https:\/\/www.facebook.com\/Goricainfo-106005144489262","article_published_time":"2023-07-22T10:24:54+00:00","og_image":[{"width":1024,"height":768,"url":"https:\/\/gorica.info\/wp-content\/uploads\/2022\/07\/rotsnake.gif","type":"image\/gif"}],"author":"Gorica. info","twitter_card":"summary_large_image","twitter_creator":"@GoricaInfo","twitter_site":"@GoricaInfo","twitter_misc":{"Written by":"Gorica. info","Est. reading time":"1 minute"},"schema":{"@context":"https:\/\/schema.org","@graph":[{"@type":"NewsArticle","@id":"https:\/\/gorica.info\/ljetna-razbibriga-ova-opticka-iluzija-otkrit-ce-vam-jeste-li-pod-stresom-ili-ste-savrseno-mirni-i-opusteni\/#article","isPartOf":{"@id":"https:\/\/gorica.info\/ljetna-razbibriga-ova-opticka-iluzija-otkrit-ce-vam-jeste-li-pod-stresom-ili-ste-savrseno-mirni-i-opusteni\/"},"author":{"name":"Gorica. info","@id":"https:\/\/gorica.info\/#\/schema\/person\/4499af1f22f322670b9b5977ccc2e3de"},"headline":"LJETNA RAZBIBRIGA: Ova opti\u010dka iluzija otkrit \u0107e vam jeste li pod stresom ili ste savr\u0161eno mirni i opu\u0161teni","datePublished":"2023-07-22T10:24:54+00:00","mainEntityOfPage":{"@id":"https:\/\/gorica.info\/ljetna-razbibriga-ova-opticka-iluzija-otkrit-ce-vam-jeste-li-pod-stresom-ili-ste-savrseno-mirni-i-opusteni\/"},"wordCount":143,"commentCount":0,"publisher":{"@id":"https:\/\/gorica.info\/#organization"},"image":{"@id":"https:\/\/gorica.info\/ljetna-razbibriga-ova-opticka-iluzija-otkrit-ce-vam-jeste-li-pod-stresom-ili-ste-savrseno-mirni-i-opusteni\/#primaryimage"},"thumbnailUrl":"https:\/\/gorica.info\/wp-content\/uploads\/2022\/07\/rotsnake.gif","keywords":["ljeto","opti\u010dka iluzija","razbibriga"],"articleSection":["\u017dIVOT"],"inLanguage":"en-US","potentialAction":[{"@type":"CommentAction","name":"Comment","target":["https:\/\/gorica.info\/ljetna-razbibriga-ova-opticka-iluzija-otkrit-ce-vam-jeste-li-pod-stresom-ili-ste-savrseno-mirni-i-opusteni\/#respond"]}],"copyrightYear":"2023","copyrightHolder":{"@id":"https:\/\/gorica.info\/en\/#organization"}},{"@type":"WebPage","@id":"https:\/\/gorica.info\/ljetna-razbibriga-ova-opticka-iluzija-otkrit-ce-vam-jeste-li-pod-stresom-ili-ste-savrseno-mirni-i-opusteni\/","url":"https:\/\/gorica.info\/ljetna-razbibriga-ova-opticka-iluzija-otkrit-ce-vam-jeste-li-pod-stresom-ili-ste-savrseno-mirni-i-opusteni\/","name":"LJETNA RAZBIBRIGA: Ova opti\u010dka iluzija otkrit \u0107e vam jeste li pod stresom ili ste savr\u0161eno mirni i opu\u0161teni - Gorica Info","isPartOf":{"@id":"https:\/\/gorica.info\/#website"},"primaryImageOfPage":{"@id":"https:\/\/gorica.info\/ljetna-razbibriga-ova-opticka-iluzija-otkrit-ce-vam-jeste-li-pod-stresom-ili-ste-savrseno-mirni-i-opusteni\/#primaryimage"},"image":{"@id":"https:\/\/gorica.info\/ljetna-razbibriga-ova-opticka-iluzija-otkrit-ce-vam-jeste-li-pod-stresom-ili-ste-savrseno-mirni-i-opusteni\/#primaryimage"},"thumbnailUrl":"https:\/\/gorica.info\/wp-content\/uploads\/2022\/07\/rotsnake.gif","datePublished":"2023-07-22T10:24:54+00:00","description":"Donosimo opti\u010dku iluziju koja je idealna za ljetnu razbibrigu, malo razmi\u0161ljanja, razgovor uz jutarnju kavu ili pod suncobranom na pla\u017ei","breadcrumb":{"@id":"https:\/\/gorica.info\/ljetna-razbibriga-ova-opticka-iluzija-otkrit-ce-vam-jeste-li-pod-stresom-ili-ste-savrseno-mirni-i-opusteni\/#breadcrumb"},"inLanguage":"en-US","potentialAction":[{"@type":"ReadAction","target":["https:\/\/gorica.info\/ljetna-razbibriga-ova-opticka-iluzija-otkrit-ce-vam-jeste-li-pod-stresom-ili-ste-savrseno-mirni-i-opusteni\/"]}]},{"@type":"ImageObject","inLanguage":"en-US","@id":"https:\/\/gorica.info\/ljetna-razbibriga-ova-opticka-iluzija-otkrit-ce-vam-jeste-li-pod-stresom-ili-ste-savrseno-mirni-i-opusteni\/#primaryimage","url":"https:\/\/gorica.info\/wp-content\/uploads\/2022\/07\/rotsnake.gif","contentUrl":"https:\/\/gorica.info\/wp-content\/uploads\/2022\/07\/rotsnake.gif","width":1024,"height":768,"caption":"Ilustracija: Akiyoshi Kitaoka"},{"@type":"BreadcrumbList","@id":"https:\/\/gorica.info\/ljetna-razbibriga-ova-opticka-iluzija-otkrit-ce-vam-jeste-li-pod-stresom-ili-ste-savrseno-mirni-i-opusteni\/#breadcrumb","itemListElement":[{"@type":"ListItem","position":1,"name":"Po\u010detna stranica","item":"https:\/\/gorica.info\/"},{"@type":"ListItem","position":2,"name":"LJETNA RAZBIBRIGA: Ova opti\u010dka iluzija otkrit \u0107e vam jeste li pod stresom ili ste savr\u0161eno mirni i opu\u0161teni"}]},{"@type":"WebSite","@id":"https:\/\/gorica.info\/#website","url":"https:\/\/gorica.info\/","name":"Gorica Info","description":"Vijesti iz Velike Gorice i okolice.","publisher":{"@id":"https:\/\/gorica.info\/#organization"},"potentialAction":[{"@type":"SearchAction","target":{"@type":"EntryPoint","urlTemplate":"https:\/\/gorica.info\/?s={search_term_string}"},"query-input":{"@type":"PropertyValueSpecification","valueRequired":true,"valueName":"search_term_string"}}],"inLanguage":"en-US"},{"@type":["Organization","Place","NewsMediaOrganization"],"@id":"https:\/\/gorica.info\/#organization","name":"Gorica Info","url":"https:\/\/gorica.info\/","logo":{"@id":"https:\/\/gorica.info\/ljetna-razbibriga-ova-opticka-iluzija-otkrit-ce-vam-jeste-li-pod-stresom-ili-ste-savrseno-mirni-i-opusteni\/#local-main-organization-logo"},"image":{"@id":"https:\/\/gorica.info\/ljetna-razbibriga-ova-opticka-iluzija-otkrit-ce-vam-jeste-li-pod-stresom-ili-ste-savrseno-mirni-i-opusteni\/#local-main-organization-logo"},"sameAs":["https:\/\/www.facebook.com\/Goricainfo-106005144489262","https:\/\/x.com\/GoricaInfo","https:\/\/www.instagram.com\/gorica.info\/"],"address":{"@id":"https:\/\/gorica.info\/ljetna-razbibriga-ova-opticka-iluzija-otkrit-ce-vam-jeste-li-pod-stresom-ili-ste-savrseno-mirni-i-opusteni\/#local-main-place-address"},"telephone":[],"openingHoursSpecification":[{"@type":"OpeningHoursSpecification","dayOfWeek":["Monday","Tuesday","Wednesday","Thursday","Friday","Saturday","Sunday"],"opens":"09:00","closes":"17:00"}],"email":"redakcija@gorica.info"},{"@type":"Person","@id":"https:\/\/gorica.info\/#\/schema\/person\/4499af1f22f322670b9b5977ccc2e3de","name":"Gorica. info","description":"Gorica.info je lokalni portal koji prati Veliku Goricu i okolici, svakodnevno donosi najnovije vijesti i pri\u010de, kulturna doga\u0111anja i aktualnosti koje oblikuju \u017eivot gra\u0111ana.","url":"https:\/\/gorica.info\/en\/author\/gorica-info\/"},{"@type":"PostalAddress","@id":"https:\/\/gorica.info\/ljetna-razbibriga-ova-opticka-iluzija-otkrit-ce-vam-jeste-li-pod-stresom-ili-ste-savrseno-mirni-i-opusteni\/#local-main-place-address","streetAddress":"Horvatova 97","addressLocality":"Velika Gorica","postalCode":"10410","addressRegion":"Croatia","addressCountry":"HR"},{"@type":"ImageObject","inLanguage":"en-US","@id":"https:\/\/gorica.info\/ljetna-razbibriga-ova-opticka-iluzija-otkrit-ce-vam-jeste-li-pod-stresom-ili-ste-savrseno-mirni-i-opusteni\/#local-main-organization-logo","url":"https:\/\/gorica.info\/wp-content\/uploads\/2024\/07\/Gorica-Info-Logo-mali.png","contentUrl":"https:\/\/gorica.info\/wp-content\/uploads\/2024\/07\/Gorica-Info-Logo-mali.png","width":450,"height":85,"caption":"Gorica Info"}]},"geo.placename":"Velika Gorica","geo.region":"Croatia"},"_links":{"self":[{"href":"https:\/\/gorica.info\/en\/wp-json\/wp\/v2\/posts\/34046","targetHints":{"allow":["GET"]}}],"collection":[{"href":"https:\/\/gorica.info\/en\/wp-json\/wp\/v2\/posts"}],"about":[{"href":"https:\/\/gorica.info\/en\/wp-json\/wp\/v2\/types\/post"}],"author":[{"embeddable":true,"href":"https:\/\/gorica.info\/en\/wp-json\/wp\/v2\/users\/23"}],"replies":[{"embeddable":true,"href":"https:\/\/gorica.info\/en\/wp-json\/wp\/v2\/comments?post=34046"}],"version-history":[{"count":0,"href":"https:\/\/gorica.info\/en\/wp-json\/wp\/v2\/posts\/34046\/revisions"}],"wp:featuredmedia":[{"embeddable":true,"href":"https:\/\/gorica.info\/en\/wp-json\/wp\/v2\/media\/34047"}],"wp:attachment":[{"href":"https:\/\/gorica.info\/en\/wp-json\/wp\/v2\/media?parent=34046"}],"wp:term":[{"taxonomy":"category","embeddable":true,"href":"https:\/\/gorica.info\/en\/wp-json\/wp\/v2\/categories?post=34046"},{"taxonomy":"post_tag","embeddable":true,"href":"https:\/\/gorica.info\/en\/wp-json\/wp\/v2\/tags?post=34046"}],"curies":[{"name":"wp","href":"https:\/\/api.w.org\/{rel}","templated":true}]}}