{"id":42379,"date":"2023-01-05T12:24:01","date_gmt":"2023-01-05T11:24:01","guid":{"rendered":"https:\/\/gorica.info\/?p=42379"},"modified":"2023-01-05T12:24:01","modified_gmt":"2023-01-05T11:24:01","slug":"zagrebacka-policija-objavila-kronologiju-stravicnog-zlocina-u-kojem-je-tesko-stradala-majka-i-ubijeno-dijete","status":"publish","type":"post","link":"https:\/\/gorica.info\/en\/zagrebacka-policija-objavila-kronologiju-stravicnog-zlocina-u-kojem-je-tesko-stradala-majka-i-ubijeno-dijete\/","title":{"rendered":"Zagreba\u010dka policija objavila kronologiju stravi\u010dnog zlo\u010dina u kojem je te\u0161ko stradala majka i ubijeno dijete"},"content":{"rendered":"<p>Policija je upravo objavila priop\u0107enje o stravi\u010dnom zlo\u010dinu koji se u srijedu nave\u010der dogodio u naselju <a href=\"https:\/\/gorica.info\/en\/2023\/01\/05\/muskarac-upao-u-kucu-bivse-partnerice-ostrim-predmetom-napao-nju-i-dijete-od-zadobivenih-ozljeda-dijete-je-preminulo\/\">Kozari Putevi<\/a>. \u017divot je izgubilo dijete, majka je u te\u0161kom stanju u bolnici a po\u010dinitelji je kasnije po\u010dinio samoubojstvo.<\/p>\n<p>Priop\u0107enje policije prenosimo u cijelosti.<\/p>\n<p>&#8220;<em>U srijedu, 4. sije\u010dnja 2023. godine u 20:26 sati te u idu\u0107ih 12 minuta zagreba\u010dka je policija zaprimila vi\u0161e poziva koji su upu\u0107ivala na nasilje u obitelji na podru\u010dju naselja Pe\u0161\u010denica.<\/em><\/p>\n<p><em>Prvi je poziv uputila \u017eena &#8211; \u017ertva starosti 42 godine te prijavila zlostavljanje od strane najvjerojatnije alkoholiziranog biv\u0161eg supruga starosti 43 godine. Nakon toga, uslijedila su jo\u0161 dva poziva, jedan o sva\u0111i na cesti, a potom i ozlje\u0111ivanju osoba sjekirom.<\/em><\/p>\n<p><em>Odmah po prvom pozivu policiji, na mjesto doga\u0111aja upu\u0107eni su policijski slu\u017ebenici koji su dolaskom na mjesto doga\u0111aja utvrdili da je 43-godi\u0161njak sjekirom zadao udarce u podru\u010dje glave djetetu i majki djeteta koje su prona\u0111ene u te\u0161kom stanju i kojima su policijski slu\u017ebenici na mjestu doga\u0111aja odmah po\u010deli pru\u017eati prvu pomo\u0107 da bi potom, po dolasku hitne medicinske pomo\u0107i, \u017ertvama kaznenog djela lije\u010dni\u010dka pomo\u0107 bila pru\u017eena u bolnicama na podru\u010dju Grada Zagreba.<\/em><\/p>\n<p><em>Ujedno, poduzetim \u017eurnim policijskim radnjama u smislu samih \u010dinjenica o tom doga\u0111aju, utvr\u0111eno je da se po\u010dinitelj udaljio s mjesta doga\u0111aja te pobjegao u nepoznatom smjeru osobnim automobilom, u tom trenutku nepoznatih registarskih oznaka.<\/em><\/p>\n<p><em>Naknadno je zaprimljena informacija o smrtnom stradavanju mu\u0161karca u prometnoj nesre\u0107i na AC A3. Na mjestu smrtnog stradavanja mu\u0161karca proveden je o\u010devid od strane de\u017eurne zamjenice \u017dDO-a u Zagrebu i ekipe za o\u010devide PU zagreba\u010dke te je utvr\u0111eno da se radi o samoubojstvu.<\/em><\/p>\n<p><em>U ranim jutarnjim satima, 5. sije\u010dnja\u00a0 2023. godine zaprimljena je informacija da je dijete od zadobivenih ozljeda preminulo<\/em>\u201c \u2013 navode iz <a href=\"https:\/\/zagrebacka-policija.gov.hr\/vijesti\/tesko-ubojstvo-na-stetu-djeteta-i-pokusaj-teskog-ubojstva\/92859\">Policijske uprave zagreba\u010dke<\/a>.<\/p>\n<p>&nbsp;<\/p>\n<p>&nbsp;<\/p>\n<p>&nbsp;<\/p>","protected":false},"excerpt":{"rendered":"<p>Policija je upravo objavila priop\u0107enje o stravi\u010dnom zlo\u010dinu koji se u srijedu nave\u010der dogodio u naselju Kozari Putevi. \u017divot je izgubilo dijete, majka je u te\u0161kom stanju u bolnici a po\u010dinitelji je kasnije po\u010dinio samoubojstvo. Priop\u0107enje policije prenosimo u cijelosti. &#8220;U srijedu, 4. sije\u010dnja 2023. godine u 20:26 sati te u idu\u0107ih 12 minuta zagreba\u010dka [&hellip;]<\/p>\n","protected":false},"author":23,"featured_media":42380,"comment_status":"open","ping_status":"open","sticky":false,"template":"","format":"standard","meta":{"limit_modified_date":"","last_modified_date":"","jnews-multi-image_gallery":[],"jnews_single_post":[],"jnews_primary_category":[],"jnews_override_counter":[],"footnotes":""},"categories":[93],"tags":[8467,8468,8469,288],"class_list":["post-42379","post","type-post","status-publish","format-standard","has-post-thumbnail","hentry","category-crna-kronika","tag-kozari-putevi","tag-stravicni-zlocin","tag-ubijeno-dijete","tag-zagreb"],"yoast_head":"<!-- This site is optimized with the Yoast SEO Premium plugin v27.4 (Yoast SEO v27.4) - https:\/\/yoast.com\/product\/yoast-seo-premium-wordpress\/ -->\n<title>Zagreba\u010dka policija objavila kronologiju stravi\u010dnog zlo\u010dina u kojem je te\u0161ko stradala majka i ubijeno dijete - Gorica Info<\/title>\n<meta name=\"description\" content=\"Zagreba\u010dka policija objavila kronologiju stravi\u010dnog zlo\u010dina u kojem je te\u0161ko stradala majka i ubijeno dijete\" \/>\n<meta name=\"robots\" content=\"index, follow, max-snippet:-1, max-image-preview:large, max-video-preview:-1\" \/>\n<link rel=\"canonical\" href=\"https:\/\/gorica.info\/en\/zagrebacka-policija-objavila-kronologiju-stravicnog-zlocina-u-kojem-je-tesko-stradala-majka-i-ubijeno-dijete\/\" \/>\n<meta property=\"og:locale\" content=\"en_US\" \/>\n<meta property=\"og:type\" content=\"article\" \/>\n<meta property=\"og:title\" content=\"Zagreba\u010dka policija objavila kronologiju stravi\u010dnog zlo\u010dina u kojem je te\u0161ko stradala majka i ubijeno dijete\" \/>\n<meta property=\"og:description\" content=\"Zagreba\u010dka policija objavila kronologiju stravi\u010dnog zlo\u010dina u kojem je te\u0161ko stradala majka i ubijeno dijete\" \/>\n<meta property=\"og:url\" content=\"https:\/\/gorica.info\/en\/zagrebacka-policija-objavila-kronologiju-stravicnog-zlocina-u-kojem-je-tesko-stradala-majka-i-ubijeno-dijete\/\" \/>\n<meta property=\"og:site_name\" content=\"Gorica Info\" \/>\n<meta property=\"article:publisher\" content=\"https:\/\/www.facebook.com\/Goricainfo-106005144489262\" \/>\n<meta property=\"article:published_time\" content=\"2023-01-05T11:24:01+00:00\" \/>\n<meta property=\"og:image\" content=\"https:\/\/gorica.info\/wp-content\/uploads\/2023\/01\/policija-auti-6.jpg\" \/>\n\t<meta property=\"og:image:width\" content=\"750\" \/>\n\t<meta property=\"og:image:height\" content=\"500\" \/>\n\t<meta property=\"og:image:type\" content=\"image\/jpeg\" \/>\n<meta name=\"author\" content=\"Gorica. info\" \/>\n<meta name=\"twitter:card\" content=\"summary_large_image\" \/>\n<meta name=\"twitter:creator\" content=\"@GoricaInfo\" \/>\n<meta name=\"twitter:site\" content=\"@GoricaInfo\" \/>\n<meta name=\"twitter:label1\" content=\"Written by\" \/>\n\t<meta name=\"twitter:data1\" content=\"Gorica. info\" \/>\n\t<meta name=\"twitter:label2\" content=\"Est. reading time\" \/>\n\t<meta name=\"twitter:data2\" content=\"2 minutes\" \/>\n<meta name=\"geo.placename\" content=\"Velika Gorica\" \/>\n<meta name=\"geo.region\" content=\"Croatia\" \/>\n<!-- \/ Yoast SEO Premium plugin. -->","yoast_head_json":{"title":"Zagreba\u010dka policija objavila kronologiju stravi\u010dnog zlo\u010dina u kojem je te\u0161ko stradala majka i ubijeno dijete - Gorica Info","description":"Zagreba\u010dka policija objavila kronologiju stravi\u010dnog zlo\u010dina u kojem je te\u0161ko stradala majka i ubijeno dijete","robots":{"index":"index","follow":"follow","max-snippet":"max-snippet:-1","max-image-preview":"max-image-preview:large","max-video-preview":"max-video-preview:-1"},"canonical":"https:\/\/gorica.info\/en\/zagrebacka-policija-objavila-kronologiju-stravicnog-zlocina-u-kojem-je-tesko-stradala-majka-i-ubijeno-dijete\/","og_locale":"en_US","og_type":"article","og_title":"Zagreba\u010dka policija objavila kronologiju stravi\u010dnog zlo\u010dina u kojem je te\u0161ko stradala majka i ubijeno dijete","og_description":"Zagreba\u010dka policija objavila kronologiju stravi\u010dnog zlo\u010dina u kojem je te\u0161ko stradala majka i ubijeno dijete","og_url":"https:\/\/gorica.info\/en\/zagrebacka-policija-objavila-kronologiju-stravicnog-zlocina-u-kojem-je-tesko-stradala-majka-i-ubijeno-dijete\/","og_site_name":"Gorica Info","article_publisher":"https:\/\/www.facebook.com\/Goricainfo-106005144489262","article_published_time":"2023-01-05T11:24:01+00:00","og_image":[{"width":750,"height":500,"url":"https:\/\/gorica.info\/wp-content\/uploads\/2023\/01\/policija-auti-6.jpg","type":"image\/jpeg"}],"author":"Gorica. info","twitter_card":"summary_large_image","twitter_creator":"@GoricaInfo","twitter_site":"@GoricaInfo","twitter_misc":{"Written by":"Gorica. info","Est. reading time":"2 minutes"},"schema":{"@context":"https:\/\/schema.org","@graph":[{"@type":"NewsArticle","@id":"https:\/\/gorica.info\/zagrebacka-policija-objavila-kronologiju-stravicnog-zlocina-u-kojem-je-tesko-stradala-majka-i-ubijeno-dijete\/#article","isPartOf":{"@id":"https:\/\/gorica.info\/zagrebacka-policija-objavila-kronologiju-stravicnog-zlocina-u-kojem-je-tesko-stradala-majka-i-ubijeno-dijete\/"},"author":{"name":"Gorica. info","@id":"https:\/\/gorica.info\/#\/schema\/person\/4499af1f22f322670b9b5977ccc2e3de"},"headline":"Zagreba\u010dka policija objavila kronologiju stravi\u010dnog zlo\u010dina u kojem je te\u0161ko stradala majka i ubijeno dijete","datePublished":"2023-01-05T11:24:01+00:00","mainEntityOfPage":{"@id":"https:\/\/gorica.info\/zagrebacka-policija-objavila-kronologiju-stravicnog-zlocina-u-kojem-je-tesko-stradala-majka-i-ubijeno-dijete\/"},"wordCount":346,"commentCount":0,"publisher":{"@id":"https:\/\/gorica.info\/#organization"},"image":{"@id":"https:\/\/gorica.info\/zagrebacka-policija-objavila-kronologiju-stravicnog-zlocina-u-kojem-je-tesko-stradala-majka-i-ubijeno-dijete\/#primaryimage"},"thumbnailUrl":"https:\/\/gorica.info\/wp-content\/uploads\/2023\/01\/policija-auti-6.jpg","keywords":["kozari putevi","stravi\u010dni zlo\u010din","ubijeno dijete","Zagreb"],"articleSection":["CRNA KRONIKA"],"inLanguage":"en-US","potentialAction":[{"@type":"CommentAction","name":"Comment","target":["https:\/\/gorica.info\/zagrebacka-policija-objavila-kronologiju-stravicnog-zlocina-u-kojem-je-tesko-stradala-majka-i-ubijeno-dijete\/#respond"]}],"copyrightYear":"2023","copyrightHolder":{"@id":"https:\/\/gorica.info\/en\/#organization"}},{"@type":"WebPage","@id":"https:\/\/gorica.info\/zagrebacka-policija-objavila-kronologiju-stravicnog-zlocina-u-kojem-je-tesko-stradala-majka-i-ubijeno-dijete\/","url":"https:\/\/gorica.info\/zagrebacka-policija-objavila-kronologiju-stravicnog-zlocina-u-kojem-je-tesko-stradala-majka-i-ubijeno-dijete\/","name":"Zagreba\u010dka policija objavila kronologiju stravi\u010dnog zlo\u010dina u kojem je te\u0161ko stradala majka i ubijeno dijete - Gorica Info","isPartOf":{"@id":"https:\/\/gorica.info\/#website"},"primaryImageOfPage":{"@id":"https:\/\/gorica.info\/zagrebacka-policija-objavila-kronologiju-stravicnog-zlocina-u-kojem-je-tesko-stradala-majka-i-ubijeno-dijete\/#primaryimage"},"image":{"@id":"https:\/\/gorica.info\/zagrebacka-policija-objavila-kronologiju-stravicnog-zlocina-u-kojem-je-tesko-stradala-majka-i-ubijeno-dijete\/#primaryimage"},"thumbnailUrl":"https:\/\/gorica.info\/wp-content\/uploads\/2023\/01\/policija-auti-6.jpg","datePublished":"2023-01-05T11:24:01+00:00","description":"Zagreba\u010dka policija objavila kronologiju stravi\u010dnog zlo\u010dina u kojem je te\u0161ko stradala majka i ubijeno dijete","breadcrumb":{"@id":"https:\/\/gorica.info\/zagrebacka-policija-objavila-kronologiju-stravicnog-zlocina-u-kojem-je-tesko-stradala-majka-i-ubijeno-dijete\/#breadcrumb"},"inLanguage":"en-US","potentialAction":[{"@type":"ReadAction","target":["https:\/\/gorica.info\/zagrebacka-policija-objavila-kronologiju-stravicnog-zlocina-u-kojem-je-tesko-stradala-majka-i-ubijeno-dijete\/"]}]},{"@type":"ImageObject","inLanguage":"en-US","@id":"https:\/\/gorica.info\/zagrebacka-policija-objavila-kronologiju-stravicnog-zlocina-u-kojem-je-tesko-stradala-majka-i-ubijeno-dijete\/#primaryimage","url":"https:\/\/gorica.info\/wp-content\/uploads\/2023\/01\/policija-auti-6.jpg","contentUrl":"https:\/\/gorica.info\/wp-content\/uploads\/2023\/01\/policija-auti-6.jpg","width":750,"height":500,"caption":"Foto: Policija"},{"@type":"BreadcrumbList","@id":"https:\/\/gorica.info\/zagrebacka-policija-objavila-kronologiju-stravicnog-zlocina-u-kojem-je-tesko-stradala-majka-i-ubijeno-dijete\/#breadcrumb","itemListElement":[{"@type":"ListItem","position":1,"name":"Po\u010detna stranica","item":"https:\/\/gorica.info\/"},{"@type":"ListItem","position":2,"name":"Zagreba\u010dka policija objavila kronologiju stravi\u010dnog zlo\u010dina u kojem je te\u0161ko stradala majka i ubijeno dijete"}]},{"@type":"WebSite","@id":"https:\/\/gorica.info\/#website","url":"https:\/\/gorica.info\/","name":"Gorica Info","description":"Vijesti iz Velike Gorice i okolice.","publisher":{"@id":"https:\/\/gorica.info\/#organization"},"potentialAction":[{"@type":"SearchAction","target":{"@type":"EntryPoint","urlTemplate":"https:\/\/gorica.info\/?s={search_term_string}"},"query-input":{"@type":"PropertyValueSpecification","valueRequired":true,"valueName":"search_term_string"}}],"inLanguage":"en-US"},{"@type":["Organization","Place","NewsMediaOrganization"],"@id":"https:\/\/gorica.info\/#organization","name":"Gorica Info","url":"https:\/\/gorica.info\/","logo":{"@id":"https:\/\/gorica.info\/zagrebacka-policija-objavila-kronologiju-stravicnog-zlocina-u-kojem-je-tesko-stradala-majka-i-ubijeno-dijete\/#local-main-organization-logo"},"image":{"@id":"https:\/\/gorica.info\/zagrebacka-policija-objavila-kronologiju-stravicnog-zlocina-u-kojem-je-tesko-stradala-majka-i-ubijeno-dijete\/#local-main-organization-logo"},"sameAs":["https:\/\/www.facebook.com\/Goricainfo-106005144489262","https:\/\/x.com\/GoricaInfo","https:\/\/www.instagram.com\/gorica.info\/"],"address":{"@id":"https:\/\/gorica.info\/zagrebacka-policija-objavila-kronologiju-stravicnog-zlocina-u-kojem-je-tesko-stradala-majka-i-ubijeno-dijete\/#local-main-place-address"},"telephone":[],"openingHoursSpecification":[{"@type":"OpeningHoursSpecification","dayOfWeek":["Monday","Tuesday","Wednesday","Thursday","Friday","Saturday","Sunday"],"opens":"09:00","closes":"17:00"}],"email":"redakcija@gorica.info"},{"@type":"Person","@id":"https:\/\/gorica.info\/#\/schema\/person\/4499af1f22f322670b9b5977ccc2e3de","name":"Gorica. info","description":"Gorica.info je lokalni portal koji prati Veliku Goricu i okolici, svakodnevno donosi najnovije vijesti i pri\u010de, kulturna doga\u0111anja i aktualnosti koje oblikuju \u017eivot gra\u0111ana.","url":"https:\/\/gorica.info\/en\/author\/gorica-info\/"},{"@type":"PostalAddress","@id":"https:\/\/gorica.info\/zagrebacka-policija-objavila-kronologiju-stravicnog-zlocina-u-kojem-je-tesko-stradala-majka-i-ubijeno-dijete\/#local-main-place-address","streetAddress":"Horvatova 97","addressLocality":"Velika Gorica","postalCode":"10410","addressRegion":"Croatia","addressCountry":"HR"},{"@type":"ImageObject","inLanguage":"en-US","@id":"https:\/\/gorica.info\/zagrebacka-policija-objavila-kronologiju-stravicnog-zlocina-u-kojem-je-tesko-stradala-majka-i-ubijeno-dijete\/#local-main-organization-logo","url":"https:\/\/gorica.info\/wp-content\/uploads\/2024\/07\/Gorica-Info-Logo-mali.png","contentUrl":"https:\/\/gorica.info\/wp-content\/uploads\/2024\/07\/Gorica-Info-Logo-mali.png","width":450,"height":85,"caption":"Gorica Info"}]},"geo.placename":"Velika Gorica","geo.region":"Croatia"},"_links":{"self":[{"href":"https:\/\/gorica.info\/en\/wp-json\/wp\/v2\/posts\/42379","targetHints":{"allow":["GET"]}}],"collection":[{"href":"https:\/\/gorica.info\/en\/wp-json\/wp\/v2\/posts"}],"about":[{"href":"https:\/\/gorica.info\/en\/wp-json\/wp\/v2\/types\/post"}],"author":[{"embeddable":true,"href":"https:\/\/gorica.info\/en\/wp-json\/wp\/v2\/users\/23"}],"replies":[{"embeddable":true,"href":"https:\/\/gorica.info\/en\/wp-json\/wp\/v2\/comments?post=42379"}],"version-history":[{"count":0,"href":"https:\/\/gorica.info\/en\/wp-json\/wp\/v2\/posts\/42379\/revisions"}],"wp:featuredmedia":[{"embeddable":true,"href":"https:\/\/gorica.info\/en\/wp-json\/wp\/v2\/media\/42380"}],"wp:attachment":[{"href":"https:\/\/gorica.info\/en\/wp-json\/wp\/v2\/media?parent=42379"}],"wp:term":[{"taxonomy":"category","embeddable":true,"href":"https:\/\/gorica.info\/en\/wp-json\/wp\/v2\/categories?post=42379"},{"taxonomy":"post_tag","embeddable":true,"href":"https:\/\/gorica.info\/en\/wp-json\/wp\/v2\/tags?post=42379"}],"curies":[{"name":"wp","href":"https:\/\/api.w.org\/{rel}","templated":true}]}}