{"id":42435,"date":"2023-01-08T06:15:25","date_gmt":"2023-01-08T05:15:25","guid":{"rendered":"https:\/\/gorica.info\/?p=42435"},"modified":"2023-01-08T06:15:25","modified_gmt":"2023-01-08T05:15:25","slug":"velikogoricki-zupanijski-sud-oslobodio-covjeka-koji-je-nevin-odrobijao-sedam-godina-optuzili-ga-za-trostruko-ubojstvo-i-sad-odustali-jer-nemaju-dokaza","status":"publish","type":"post","link":"https:\/\/gorica.info\/en\/velikogoricki-zupanijski-sud-oslobodio-covjeka-koji-je-nevin-odrobijao-sedam-godina-optuzili-ga-za-trostruko-ubojstvo-i-sad-odustali-jer-nemaju-dokaza\/","title":{"rendered":"Velikogori\u010dki \u017dupanijski sud oslobodio \u010dovjeka koji je nevin odrobijao sedam godina: Optu\u017eili ga za trostruko ubojstvo i sad odustali jer nemaju dokaza"},"content":{"rendered":"<p>\u017dupanijski sud <a href=\"https:\/\/gorica.info\/en\/2023\/01\/03\/opcinski-i-zupanijski-sud-u-velikoj-gorici-traze-suce-porotnike-donosimo-uvjete-koje-moraju-zadovoljiti-kandidati\/\">u Velikoj Gorici<\/a> donio je osloba\u0111aju\u0107u presudu za <strong>Ne\u0111u Ajdari\u0107a<\/strong> kojeg je za trostruko ubojstvo u Kutini 1998. godine \u017dupanijski sud u Sisku osudio na<strong> 40 godina zatvora<\/strong>. Ajdari\u0107 je u zatvorima proveo vi\u0161e od sedam godina &#8211; godinu i pol u Sisku, \u010detiri i pol godine u Lepoglavi i 20 mjeseci u Fo\u010di (BiH).<\/p>\n<p>Ajdari\u0107a su optu\u017eili da je s jo\u0161 jednom osobom u Kutini ubio troje ljudi na spavanju. Razlog tim brutalnim ubojstvima bilo je koristoljublje.<\/p>\n<h4>Jedini dokaz &#8211; navodni razgovor kojeg je \u010duo svjedok o\u0161te\u0107enog sluha<\/h4>\n<p>Ajdari\u0107 i njegov navodni sudionik <strong>Marko Grgi\u0107<\/strong> iz Bjelovara osu\u0111eni su zbog ubojstva supru\u017enika <strong>Ingrid \u0160ipek<\/strong> i <strong>Renata Serdaru\u0161i\u0107a<\/strong> te njihova prijatelja i djelatnika <strong>Gorana Cvrtka<\/strong> hicima u glavu na spavanju. Ubijeni su bili vlasnici mjenja\u010dnica, a Ajdari\u0107a i Grgi\u0107a su sumnji\u010dili da su odnijeli gotovo milijun kuna.<\/p>\n<p>Temelj osudi bio je iskaz biv\u0161eg policajca kojem je prije su\u0111enja dijagnosticiran poreme\u0107aj li\u010dnosti, a imao je i o\u0161te\u0107en sluh. Taj svjedom navodno je \u010duo razgovor Ajdari\u0107a i Grgi\u0107a u zagreba\u010dkoj zatvorskoj bolnici 2005. u kojem se navodno spominjao zlo\u010din iz Kutine.<\/p>\n<p>Ajdari\u0107 je, pak, tvrdio da nikada u \u017eivotu nije bio u Kutini. Presuda kojom je dobio 40 godina zatvora donijeta je 2006. godine. Ajdari\u0107 se dva puta \u017ealio, ali je dva puta tu presudu potvrdio i Vrhovni sud RH.<\/p>\n<p><strong>Europski sud nala\u017ee obnovu postupka zbog manjka dokaza<\/strong><\/p>\n<p>No, Europski sud za ljudska prava jo\u0161 je 2011. godine utvrdio da je Ajdari\u0107 osu\u0111en bez dokaza i naredio ponavljanje postupka.<\/p>\n<p>Sudsko vije\u0107e Europskog suda za ljudska prava u Strasbourgu donesena je jednoglasno jer je, kako je istaknuto, odluka hrvatskog suda donesena na temelju &#8220;rekla-kazala&#8221; dokaza.\u00a0Time je prekr\u0161ena Europska konvencija o ljudskim pravima. Sud je nalo\u017eio da hrvatsko pravosu\u0111e tijekom sljede\u0107ih \u0161est mjeseci otvori novi postupak i provede pravednije su\u0111enje te da Ajdari\u0107u plati ukupno 17.674 eura od\u0161tete i tro\u0161kova, pisao je prije 12 godina <a href=\"https:\/\/www.vecernji.hr\/vijesti\/europski-sud-ponistio-osudu-nedje-ajdarica-zbog-trostrukog-ubojstva-356357\">Ve\u010dernji list<\/a>.<\/p>\n<p>Nakon toga po\u010delo je su\u0111enje na sudu u Velikoj Gorici.<\/p>\n<p>Tu\u017eiteljstvo je sada odustalo od daljnjeg postupka jer, navodi <a href=\"https:\/\/danas.hr\/rtl-danas\/filmski-obrat-slucaja-iz-1998-osuden-na-40-godina-zbog-ubojstava-dio-odrobijao-pa-pusten-594c3cee-8b91-11ed-a016-7a43d4ef05cd\">RTL<\/a>, nemaju dokaza. Gori\u010dki \u017dupanijski sud odmah je donio presudu kojom Ne\u0111o Ajdari\u0107 postaje slobodan \u010dovjek koji je nevin odrobijao vi\u0161e od sedam godina.<\/p>\n<h4>Kolika od\u0161teta mo\u017ee nadoknaditi patnje nevinom Ajdari\u0107u?<\/h4>\n<p>Sada po\u010dinje sudska bitka za nadoknadu \u0161tete nevino osu\u0111enom \u010dovjeku. Ajdari\u0107ev je odvjetnik <strong>\u017deljko Oluji\u0107<\/strong> koji je najavio koliko \u0107e iznositi od\u0161tetni zahtjev.<\/p>\n<p>&#8211; Samo njegovo zadr\u017eavanje \u0161to je bio li\u0161en slobode punih sedam godina iznosi preko 200 tisu\u0107a eura. To je samo to, a gdje je njegova izgubljena dobit, gdje je medicinska dokumentacija koja pokazuje da je te\u0161ko obolio i to jer je bio zatvoren. Tako da \u0107e na\u0161 zahtjev sigurno prema\u0161iti 500 tisu\u0107a eura &#8211; objasnio je Oluji\u0107 <a href=\"https:\/\/danas.hr\/rtl-danas\/filmski-obrat-slucaja-iz-1998-osuden-na-40-godina-zbog-ubojstava-dio-odrobijao-pa-pusten-594c3cee-8b91-11ed-a016-7a43d4ef05cd\">za RTL<\/a>.<\/p>\n<p>Ajdari\u0107 je danas na pragu 70. godine \u017eivota koji bi mogao poslu\u017eiti kao predlo\u017eak za film, ali \u017eivota kojeg nitko ne bi \u017eelio pro\u017eivjeti. \u0160to njemu danas, nakon godina zatvora i \u017eivota pod teretom stra\u0161nog zlo\u010dina kojeg o\u010dito nije po\u010dinio, mogu zna\u010diti stotine tisu\u0107a eura od\u0161tete?<\/p>\n<h4>Protiv Grgi\u0107a su\u0111enje se nastavlja<\/h4>\n<p>Marko Grgi\u0107, koji je kao i Ajdari\u0107 jo\u0161 2006. osu\u0111en na 40 godina zatvora, i dalje je osumnji\u010den za trostruko ubojstvo u Kutini, pa se protiv njega vodi postupak na \u017dupanijskom sudu u Velikoj Gorici. Grgi\u0107 je, prema vlastitom iskazu, poznavao ubijene, a s vlasnikom mjenja\u010dnice bio je prijatelj.<\/p>\n<p>Budu\u0107i je krajem &#8217;90-ih godina pro\u0161log stolje\u0107a cvjetao \u0161vrec devizama i on je u to bio uklju\u010den, pa je i sura\u0111ivao s vlasnicima mjenja\u010dnice. No, nije\u010de da je po\u010dinio ubojstva i da je tog dana bio u Kutini.<\/p>\n<p>Ipak, tu\u017eitelji ga i dalje terete da je s jo\u0161 jednom nepoznatom osobom po\u010dinio trostruki zlo\u010din u Kutini 1998. godine iz koristoljublja.<\/p>","protected":false},"excerpt":{"rendered":"<p>\u017dupanijski sud u Velikoj Gorici donio je osloba\u0111aju\u0107u presudu za Ne\u0111u Ajdari\u0107a kojeg je za trostruko ubojstvo u Kutini 1998. godine \u017dupanijski sud u Sisku osudio na 40 godina zatvora. Ajdari\u0107 je u zatvorima proveo vi\u0161e od sedam godina &#8211; godinu i pol u Sisku, \u010detiri i pol godine u Lepoglavi i 20 mjeseci u [&hellip;]<\/p>\n","protected":false},"author":23,"featured_media":42436,"comment_status":"open","ping_status":"open","sticky":false,"template":"","format":"standard","meta":{"limit_modified_date":"","last_modified_date":"","jnews-multi-image_gallery":[],"jnews_single_post":[],"jnews_primary_category":[],"jnews_override_counter":[],"footnotes":""},"categories":[92],"tags":[8488,8487,8489,8490,8491],"class_list":["post-42435","post","type-post","status-publish","format-standard","has-post-thumbnail","hentry","category-info","tag-nevin-osuden","tag-nedo-ajdaric","tag-trostruko-ubojstvo","tag-zeljko-olujic","tag-zupanijski-sud-velika-gorica"],"yoast_head":"<!-- This site is optimized with the Yoast SEO Premium plugin v27.4 (Yoast SEO v27.4) - https:\/\/yoast.com\/product\/yoast-seo-premium-wordpress\/ -->\n<title>Velikogori\u010dki \u017dupanijski sud oslobodio \u010dovjeka koji je nevin odrobijao sedam godina: Optu\u017eili ga za trostruko ubojstvo i sad odustali jer nemaju dokaza - Gorica Info<\/title>\n<meta name=\"description\" content=\"\u017dupanijski sud u Velikoj Gorici oslobodio je Ne\u0111u Ajdari\u0107a koji je bio osu\u0111en na 40 godina zatvora za trostruko ubojstvo u Kutini 1998. godine\" \/>\n<meta name=\"robots\" content=\"index, follow, max-snippet:-1, max-image-preview:large, max-video-preview:-1\" \/>\n<link rel=\"canonical\" href=\"https:\/\/gorica.info\/en\/velikogoricki-zupanijski-sud-oslobodio-covjeka-koji-je-nevin-odrobijao-sedam-godina-optuzili-ga-za-trostruko-ubojstvo-i-sad-odustali-jer-nemaju-dokaza\/\" \/>\n<meta property=\"og:locale\" content=\"en_US\" \/>\n<meta property=\"og:type\" content=\"article\" \/>\n<meta property=\"og:title\" content=\"Velikogori\u010dki \u017dupanijski sud oslobodio \u010dovjeka koji je nevin odrobijao sedam godina: Optu\u017eili ga za trostruko ubojstvo i sad odustali jer nemaju dokaza\" \/>\n<meta property=\"og:description\" content=\"\u017dupanijski sud u Velikoj Gorici oslobodio je Ne\u0111u Ajdari\u0107a koji je bio osu\u0111en na 40 godina zatvora za trostruko ubojstvo u Kutini 1998. godine\" \/>\n<meta property=\"og:url\" content=\"https:\/\/gorica.info\/en\/velikogoricki-zupanijski-sud-oslobodio-covjeka-koji-je-nevin-odrobijao-sedam-godina-optuzili-ga-za-trostruko-ubojstvo-i-sad-odustali-jer-nemaju-dokaza\/\" \/>\n<meta property=\"og:site_name\" content=\"Gorica Info\" \/>\n<meta property=\"article:publisher\" content=\"https:\/\/www.facebook.com\/Goricainfo-106005144489262\" \/>\n<meta property=\"article:published_time\" content=\"2023-01-08T05:15:25+00:00\" \/>\n<meta property=\"og:image\" content=\"https:\/\/gorica.info\/wp-content\/uploads\/2023\/01\/zupanijski-sud-scaled-e1673028395950.jpg\" \/>\n\t<meta property=\"og:image:width\" content=\"1060\" \/>\n\t<meta property=\"og:image:height\" content=\"795\" \/>\n\t<meta property=\"og:image:type\" content=\"image\/jpeg\" \/>\n<meta name=\"author\" content=\"Gorica. info\" \/>\n<meta name=\"twitter:card\" content=\"summary_large_image\" \/>\n<meta name=\"twitter:creator\" content=\"@GoricaInfo\" \/>\n<meta name=\"twitter:site\" content=\"@GoricaInfo\" \/>\n<meta name=\"twitter:label1\" content=\"Written by\" \/>\n\t<meta name=\"twitter:data1\" content=\"Gorica. info\" \/>\n\t<meta name=\"twitter:label2\" content=\"Est. reading time\" \/>\n\t<meta name=\"twitter:data2\" content=\"4 minutes\" \/>\n<meta name=\"geo.placename\" content=\"Velika Gorica\" \/>\n<meta name=\"geo.region\" content=\"Croatia\" \/>\n<!-- \/ Yoast SEO Premium plugin. -->","yoast_head_json":{"title":"Velikogori\u010dki \u017dupanijski sud oslobodio \u010dovjeka koji je nevin odrobijao sedam godina: Optu\u017eili ga za trostruko ubojstvo i sad odustali jer nemaju dokaza - Gorica Info","description":"\u017dupanijski sud u Velikoj Gorici oslobodio je Ne\u0111u Ajdari\u0107a koji je bio osu\u0111en na 40 godina zatvora za trostruko ubojstvo u Kutini 1998. godine","robots":{"index":"index","follow":"follow","max-snippet":"max-snippet:-1","max-image-preview":"max-image-preview:large","max-video-preview":"max-video-preview:-1"},"canonical":"https:\/\/gorica.info\/en\/velikogoricki-zupanijski-sud-oslobodio-covjeka-koji-je-nevin-odrobijao-sedam-godina-optuzili-ga-za-trostruko-ubojstvo-i-sad-odustali-jer-nemaju-dokaza\/","og_locale":"en_US","og_type":"article","og_title":"Velikogori\u010dki \u017dupanijski sud oslobodio \u010dovjeka koji je nevin odrobijao sedam godina: Optu\u017eili ga za trostruko ubojstvo i sad odustali jer nemaju dokaza","og_description":"\u017dupanijski sud u Velikoj Gorici oslobodio je Ne\u0111u Ajdari\u0107a koji je bio osu\u0111en na 40 godina zatvora za trostruko ubojstvo u Kutini 1998. godine","og_url":"https:\/\/gorica.info\/en\/velikogoricki-zupanijski-sud-oslobodio-covjeka-koji-je-nevin-odrobijao-sedam-godina-optuzili-ga-za-trostruko-ubojstvo-i-sad-odustali-jer-nemaju-dokaza\/","og_site_name":"Gorica Info","article_publisher":"https:\/\/www.facebook.com\/Goricainfo-106005144489262","article_published_time":"2023-01-08T05:15:25+00:00","og_image":[{"width":1060,"height":795,"url":"https:\/\/gorica.info\/wp-content\/uploads\/2023\/01\/zupanijski-sud-scaled-e1673028395950.jpg","type":"image\/jpeg"}],"author":"Gorica. info","twitter_card":"summary_large_image","twitter_creator":"@GoricaInfo","twitter_site":"@GoricaInfo","twitter_misc":{"Written by":"Gorica. info","Est. reading time":"4 minutes"},"schema":{"@context":"https:\/\/schema.org","@graph":[{"@type":"NewsArticle","@id":"https:\/\/gorica.info\/velikogoricki-zupanijski-sud-oslobodio-covjeka-koji-je-nevin-odrobijao-sedam-godina-optuzili-ga-za-trostruko-ubojstvo-i-sad-odustali-jer-nemaju-dokaza\/#article","isPartOf":{"@id":"https:\/\/gorica.info\/velikogoricki-zupanijski-sud-oslobodio-covjeka-koji-je-nevin-odrobijao-sedam-godina-optuzili-ga-za-trostruko-ubojstvo-i-sad-odustali-jer-nemaju-dokaza\/"},"author":{"name":"Gorica. info","@id":"https:\/\/gorica.info\/#\/schema\/person\/4499af1f22f322670b9b5977ccc2e3de"},"headline":"Velikogori\u010dki \u017dupanijski sud oslobodio \u010dovjeka koji je nevin odrobijao sedam godina: Optu\u017eili ga za trostruko ubojstvo i sad odustali jer nemaju dokaza","datePublished":"2023-01-08T05:15:25+00:00","mainEntityOfPage":{"@id":"https:\/\/gorica.info\/velikogoricki-zupanijski-sud-oslobodio-covjeka-koji-je-nevin-odrobijao-sedam-godina-optuzili-ga-za-trostruko-ubojstvo-i-sad-odustali-jer-nemaju-dokaza\/"},"wordCount":702,"commentCount":0,"publisher":{"@id":"https:\/\/gorica.info\/#organization"},"image":{"@id":"https:\/\/gorica.info\/velikogoricki-zupanijski-sud-oslobodio-covjeka-koji-je-nevin-odrobijao-sedam-godina-optuzili-ga-za-trostruko-ubojstvo-i-sad-odustali-jer-nemaju-dokaza\/#primaryimage"},"thumbnailUrl":"https:\/\/gorica.info\/wp-content\/uploads\/2023\/01\/zupanijski-sud-scaled-e1673028395950.jpg","keywords":["nevin osu\u0111en","ne\u0111o ajdari\u0107","trostruko ubojstvo","\u017eeljko oluji\u0107","\u017eupanijski sud velika gorica"],"articleSection":["INFO"],"inLanguage":"en-US","potentialAction":[{"@type":"CommentAction","name":"Comment","target":["https:\/\/gorica.info\/velikogoricki-zupanijski-sud-oslobodio-covjeka-koji-je-nevin-odrobijao-sedam-godina-optuzili-ga-za-trostruko-ubojstvo-i-sad-odustali-jer-nemaju-dokaza\/#respond"]}],"copyrightYear":"2023","copyrightHolder":{"@id":"https:\/\/gorica.info\/en\/#organization"}},{"@type":"WebPage","@id":"https:\/\/gorica.info\/velikogoricki-zupanijski-sud-oslobodio-covjeka-koji-je-nevin-odrobijao-sedam-godina-optuzili-ga-za-trostruko-ubojstvo-i-sad-odustali-jer-nemaju-dokaza\/","url":"https:\/\/gorica.info\/velikogoricki-zupanijski-sud-oslobodio-covjeka-koji-je-nevin-odrobijao-sedam-godina-optuzili-ga-za-trostruko-ubojstvo-i-sad-odustali-jer-nemaju-dokaza\/","name":"Velikogori\u010dki \u017dupanijski sud oslobodio \u010dovjeka koji je nevin odrobijao sedam godina: Optu\u017eili ga za trostruko ubojstvo i sad odustali jer nemaju dokaza - Gorica Info","isPartOf":{"@id":"https:\/\/gorica.info\/#website"},"primaryImageOfPage":{"@id":"https:\/\/gorica.info\/velikogoricki-zupanijski-sud-oslobodio-covjeka-koji-je-nevin-odrobijao-sedam-godina-optuzili-ga-za-trostruko-ubojstvo-i-sad-odustali-jer-nemaju-dokaza\/#primaryimage"},"image":{"@id":"https:\/\/gorica.info\/velikogoricki-zupanijski-sud-oslobodio-covjeka-koji-je-nevin-odrobijao-sedam-godina-optuzili-ga-za-trostruko-ubojstvo-i-sad-odustali-jer-nemaju-dokaza\/#primaryimage"},"thumbnailUrl":"https:\/\/gorica.info\/wp-content\/uploads\/2023\/01\/zupanijski-sud-scaled-e1673028395950.jpg","datePublished":"2023-01-08T05:15:25+00:00","description":"\u017dupanijski sud u Velikoj Gorici oslobodio je Ne\u0111u Ajdari\u0107a koji je bio osu\u0111en na 40 godina zatvora za trostruko ubojstvo u Kutini 1998. godine","breadcrumb":{"@id":"https:\/\/gorica.info\/velikogoricki-zupanijski-sud-oslobodio-covjeka-koji-je-nevin-odrobijao-sedam-godina-optuzili-ga-za-trostruko-ubojstvo-i-sad-odustali-jer-nemaju-dokaza\/#breadcrumb"},"inLanguage":"en-US","potentialAction":[{"@type":"ReadAction","target":["https:\/\/gorica.info\/velikogoricki-zupanijski-sud-oslobodio-covjeka-koji-je-nevin-odrobijao-sedam-godina-optuzili-ga-za-trostruko-ubojstvo-i-sad-odustali-jer-nemaju-dokaza\/"]}]},{"@type":"ImageObject","inLanguage":"en-US","@id":"https:\/\/gorica.info\/velikogoricki-zupanijski-sud-oslobodio-covjeka-koji-je-nevin-odrobijao-sedam-godina-optuzili-ga-za-trostruko-ubojstvo-i-sad-odustali-jer-nemaju-dokaza\/#primaryimage","url":"https:\/\/gorica.info\/wp-content\/uploads\/2023\/01\/zupanijski-sud-scaled-e1673028395950.jpg","contentUrl":"https:\/\/gorica.info\/wp-content\/uploads\/2023\/01\/zupanijski-sud-scaled-e1673028395950.jpg","width":1060,"height":795,"caption":"U \u017dupanijski sud u Velikoj Gorici nevino osu\u0111eni Ne\u0111o Ajdari\u0107 nikada nije kro\u010dio, postupak je vo\u0111en u njegovoj odsutnosti \/ Foto: Gorica.info"},{"@type":"BreadcrumbList","@id":"https:\/\/gorica.info\/velikogoricki-zupanijski-sud-oslobodio-covjeka-koji-je-nevin-odrobijao-sedam-godina-optuzili-ga-za-trostruko-ubojstvo-i-sad-odustali-jer-nemaju-dokaza\/#breadcrumb","itemListElement":[{"@type":"ListItem","position":1,"name":"Po\u010detna stranica","item":"https:\/\/gorica.info\/"},{"@type":"ListItem","position":2,"name":"Velikogori\u010dki \u017dupanijski sud oslobodio \u010dovjeka koji je nevin odrobijao sedam godina: Optu\u017eili ga za trostruko ubojstvo i sad odustali jer nemaju dokaza"}]},{"@type":"WebSite","@id":"https:\/\/gorica.info\/#website","url":"https:\/\/gorica.info\/","name":"Gorica Info","description":"Vijesti iz Velike Gorice i okolice.","publisher":{"@id":"https:\/\/gorica.info\/#organization"},"potentialAction":[{"@type":"SearchAction","target":{"@type":"EntryPoint","urlTemplate":"https:\/\/gorica.info\/?s={search_term_string}"},"query-input":{"@type":"PropertyValueSpecification","valueRequired":true,"valueName":"search_term_string"}}],"inLanguage":"en-US"},{"@type":["Organization","Place","NewsMediaOrganization"],"@id":"https:\/\/gorica.info\/#organization","name":"Gorica Info","url":"https:\/\/gorica.info\/","logo":{"@id":"https:\/\/gorica.info\/velikogoricki-zupanijski-sud-oslobodio-covjeka-koji-je-nevin-odrobijao-sedam-godina-optuzili-ga-za-trostruko-ubojstvo-i-sad-odustali-jer-nemaju-dokaza\/#local-main-organization-logo"},"image":{"@id":"https:\/\/gorica.info\/velikogoricki-zupanijski-sud-oslobodio-covjeka-koji-je-nevin-odrobijao-sedam-godina-optuzili-ga-za-trostruko-ubojstvo-i-sad-odustali-jer-nemaju-dokaza\/#local-main-organization-logo"},"sameAs":["https:\/\/www.facebook.com\/Goricainfo-106005144489262","https:\/\/x.com\/GoricaInfo","https:\/\/www.instagram.com\/gorica.info\/"],"address":{"@id":"https:\/\/gorica.info\/velikogoricki-zupanijski-sud-oslobodio-covjeka-koji-je-nevin-odrobijao-sedam-godina-optuzili-ga-za-trostruko-ubojstvo-i-sad-odustali-jer-nemaju-dokaza\/#local-main-place-address"},"telephone":[],"openingHoursSpecification":[{"@type":"OpeningHoursSpecification","dayOfWeek":["Monday","Tuesday","Wednesday","Thursday","Friday","Saturday","Sunday"],"opens":"09:00","closes":"17:00"}],"email":"redakcija@gorica.info"},{"@type":"Person","@id":"https:\/\/gorica.info\/#\/schema\/person\/4499af1f22f322670b9b5977ccc2e3de","name":"Gorica. info","description":"Gorica.info je lokalni portal koji prati Veliku Goricu i okolici, svakodnevno donosi najnovije vijesti i pri\u010de, kulturna doga\u0111anja i aktualnosti koje oblikuju \u017eivot gra\u0111ana.","url":"https:\/\/gorica.info\/en\/author\/gorica-info\/"},{"@type":"PostalAddress","@id":"https:\/\/gorica.info\/velikogoricki-zupanijski-sud-oslobodio-covjeka-koji-je-nevin-odrobijao-sedam-godina-optuzili-ga-za-trostruko-ubojstvo-i-sad-odustali-jer-nemaju-dokaza\/#local-main-place-address","streetAddress":"Horvatova 97","addressLocality":"Velika Gorica","postalCode":"10410","addressRegion":"Croatia","addressCountry":"HR"},{"@type":"ImageObject","inLanguage":"en-US","@id":"https:\/\/gorica.info\/velikogoricki-zupanijski-sud-oslobodio-covjeka-koji-je-nevin-odrobijao-sedam-godina-optuzili-ga-za-trostruko-ubojstvo-i-sad-odustali-jer-nemaju-dokaza\/#local-main-organization-logo","url":"https:\/\/gorica.info\/wp-content\/uploads\/2024\/07\/Gorica-Info-Logo-mali.png","contentUrl":"https:\/\/gorica.info\/wp-content\/uploads\/2024\/07\/Gorica-Info-Logo-mali.png","width":450,"height":85,"caption":"Gorica Info"}]},"geo.placename":"Velika Gorica","geo.region":"Croatia"},"_links":{"self":[{"href":"https:\/\/gorica.info\/en\/wp-json\/wp\/v2\/posts\/42435","targetHints":{"allow":["GET"]}}],"collection":[{"href":"https:\/\/gorica.info\/en\/wp-json\/wp\/v2\/posts"}],"about":[{"href":"https:\/\/gorica.info\/en\/wp-json\/wp\/v2\/types\/post"}],"author":[{"embeddable":true,"href":"https:\/\/gorica.info\/en\/wp-json\/wp\/v2\/users\/23"}],"replies":[{"embeddable":true,"href":"https:\/\/gorica.info\/en\/wp-json\/wp\/v2\/comments?post=42435"}],"version-history":[{"count":0,"href":"https:\/\/gorica.info\/en\/wp-json\/wp\/v2\/posts\/42435\/revisions"}],"wp:featuredmedia":[{"embeddable":true,"href":"https:\/\/gorica.info\/en\/wp-json\/wp\/v2\/media\/42436"}],"wp:attachment":[{"href":"https:\/\/gorica.info\/en\/wp-json\/wp\/v2\/media?parent=42435"}],"wp:term":[{"taxonomy":"category","embeddable":true,"href":"https:\/\/gorica.info\/en\/wp-json\/wp\/v2\/categories?post=42435"},{"taxonomy":"post_tag","embeddable":true,"href":"https:\/\/gorica.info\/en\/wp-json\/wp\/v2\/tags?post=42435"}],"curies":[{"name":"wp","href":"https:\/\/api.w.org\/{rel}","templated":true}]}}