{"id":42558,"date":"2023-01-10T09:17:20","date_gmt":"2023-01-10T08:17:20","guid":{"rendered":"https:\/\/gorica.info\/?p=42558"},"modified":"2023-01-10T09:17:20","modified_gmt":"2023-01-10T08:17:20","slug":"u-os-eugena-kumicica-spremni-docekali-uvodenje-besplatne-prehrane-u-jutarnjoj-smjeni-ucenici-ce-dobivati-mlijecni-obrok-a-u-popodnevnoj-kuhani","status":"publish","type":"post","link":"https:\/\/gorica.info\/en\/u-os-eugena-kumicica-spremni-docekali-uvodenje-besplatne-prehrane-u-jutarnjoj-smjeni-ucenici-ce-dobivati-mlijecni-obrok-a-u-popodnevnoj-kuhani\/","title":{"rendered":"U O\u0160 Eugena Kumi\u010di\u0107a spremni do\u010dekali uvo\u0111enje besplatne prehrane: U jutarnjoj smjeni u\u010denici \u0107e dobivati mlije\u010dni obrok, a u popodnevnoj kuhani"},"content":{"rendered":"<p>Dugi niz godina u javnosti je vladalo mi\u0161ljenje kako bi sva djeca trebala imati <strong>besplatnu prehranu<\/strong> u osnovnim \u0161kolama, ponajvi\u0161e zbog \u010dinjenice kako je nekima to jedini obrok u danu. Iako se \u010dinilo da \u0107e sve ostati na pri\u010dama, u ponedjeljak je ipak krenula realizacija projekta <a href=\"https:\/\/gorica.info\/en\/2022\/11\/29\/od-drugog-polugodista-svi-osnovnoskolci-dobivat-ce-jedan-besplatan-obrok-dnevno\/\">\u201e<strong>\u0160kolska prehrana<\/strong><\/a>\u201c.<\/p>\n<p>U gori\u010dkoj <strong>Osnovnoj \u0161koli Eugena Kumi\u010di\u0107a<\/strong> se zahvaljuju\u0107i tome hrani <strong>430 u\u010denika vi\u0161e<\/strong> nego ranije \u0161to nije zanemariv broj, a to je iziskivalo opse\u017enu pripremu \u0161to nam je potvrdila i v.d. ravnatelja <strong>Snje\u017eana Rukli\u0107<\/strong>.<\/p>\n<p>&#8211; Za vrijeme zimskih \u0161kolskih praznika nabavili smo potrebne ure\u0111aje i posu\u0111e potrebno za realizaciju projekta. Privremeno smo pove\u0107ali <strong>broj osoblja<\/strong> u kuhinji za dvije kuharice, a reorganizirali smo i rad sprema\u010dica &#8211; ka\u017ee nam ravnateljica.<\/p>\n<p><img fetchpriority=\"high\" decoding=\"async\" class=\"aligncenter wp-image-42560 size-large\" src=\"https:\/\/gorica.info\/wp-content\/uploads\/2023\/01\/os-eugena-kumicica1-prehrana-e1673336319265-1024x623.jpg\" alt=\"prehrane\" width=\"810\" height=\"493\" srcset=\"https:\/\/gorica.info\/wp-content\/uploads\/2023\/01\/os-eugena-kumicica1-prehrana-e1673336319265-1024x623.jpg 1024w, https:\/\/gorica.info\/wp-content\/uploads\/2023\/01\/os-eugena-kumicica1-prehrana-e1673336319265-300x183.jpg 300w, https:\/\/gorica.info\/wp-content\/uploads\/2023\/01\/os-eugena-kumicica1-prehrana-e1673336319265-768x467.jpg 768w, https:\/\/gorica.info\/wp-content\/uploads\/2023\/01\/os-eugena-kumicica1-prehrana-e1673336319265-18x12.jpg 18w, https:\/\/gorica.info\/wp-content\/uploads\/2023\/01\/os-eugena-kumicica1-prehrana-e1673336319265-750x456.jpg 750w, https:\/\/gorica.info\/wp-content\/uploads\/2023\/01\/os-eugena-kumicica1-prehrana-e1673336319265-1140x694.jpg 1140w, https:\/\/gorica.info\/wp-content\/uploads\/2023\/01\/os-eugena-kumicica1-prehrana-e1673336319265.jpg 1100w\" sizes=\"(max-width: 810px) 100vw, 810px\" \/><\/p>\n<h4><strong>Jutarnja smjena po\u010dinje ranije, a veliki odmor traje du\u017ee<\/strong><\/h4>\n<p>Zbog ograni\u010denog prostora u \u0161kolskoj blagovaonici u ovoj \u0161koli produ\u017eili su vrijeme trajanja velikog odmora na 30 minuta, a nastava u jutarnjoj smjeni po\u010dinje 10 minuta ranije.<\/p>\n<p>&#8211; Te promjene uzrokovale su promjenu rasporeda zvona koju smo morali uskladiti i sa prijevoznikom. Raspored zvona i duljine trajanja odmora vrijede za prvi tjedan u kojem \u0107emo snimati situaciju kako bi uskladili sve potrebe u\u010denika sa novonastalom situacijom &#8211; isti\u010de ravnateljica.<\/p>\n<p><img decoding=\"async\" class=\"aligncenter wp-image-42561 size-large\" src=\"https:\/\/gorica.info\/wp-content\/uploads\/2023\/01\/os-eugena-kumicica2-prehrana-1024x768.jpg\" alt=\"prehrane\" width=\"810\" height=\"608\" srcset=\"https:\/\/gorica.info\/wp-content\/uploads\/2023\/01\/os-eugena-kumicica2-prehrana-1024x768.jpg 1024w, https:\/\/gorica.info\/wp-content\/uploads\/2023\/01\/os-eugena-kumicica2-prehrana-300x225.jpg 300w, https:\/\/gorica.info\/wp-content\/uploads\/2023\/01\/os-eugena-kumicica2-prehrana-768x576.jpg 768w, https:\/\/gorica.info\/wp-content\/uploads\/2023\/01\/os-eugena-kumicica2-prehrana-16x12.jpg 16w, https:\/\/gorica.info\/wp-content\/uploads\/2023\/01\/os-eugena-kumicica2-prehrana-750x562.jpg 750w, https:\/\/gorica.info\/wp-content\/uploads\/2023\/01\/os-eugena-kumicica2-prehrana.jpg 1067w\" sizes=\"(max-width: 810px) 100vw, 810px\" \/><\/p>\n<p>\u0160to se ti\u010de prehrane, djeca \u0107e imati raznovrsnu prehranu.<\/p>\n<p>&#8211; Odlu\u010dili smo se za shemu prehrane u kojoj u\u010denici u jutarnjoj smjeni imaju <strong>mlije\u010dni obrok<\/strong>, a u poslijepodnevnoj smjeni <strong>kuhani obrok<\/strong>. Ovaj tjedan svi <a href=\"https:\/\/gorica.info\/en\/2022\/11\/29\/od-drugog-polugodista-svi-osnovnoskolci-dobivat-ce-jedan-besplatan-obrok-dnevno\/\">u\u010denici<\/a> imaju mlije\u010dni obrok. \u0160kolski menu objavljivat \u0107emo na <a href=\"http:\/\/os-ekumicica-velikagorica.skole.hr\/kuhinja\">web stranici<\/a> \u0161kole kao i do sad &#8211; kazala nam je ravnateljica.<\/p>\n<p>Prvi dan je kako doznajemo, pro\u0161ao u redu te nije bilo nikakvih problema, iako se u kuhinji hrani dvostruko vi\u0161e djece, njih ukupno oko<strong> 900<\/strong>.<\/p>\n<p>&#8211; Bilo je neobi\u010dno puno u\u010denika u kuhinji, malo je bila gu\u017eva, ali to je zato jer nas sad ima puno vi\u0161e. Super mi je da se sad svi mogu hraniti u \u0161koli i bilo bi glupo da to netko ne iskoristi sad kad je hrana besplatna &#8211; rekao nam je jedan od u\u010denika.<\/p>\n<p>&nbsp;<\/p>\n<p>&nbsp;<\/p>","protected":false},"excerpt":{"rendered":"<p>Dugi niz godina u javnosti je vladalo mi\u0161ljenje kako bi sva djeca trebala imati besplatnu prehranu u osnovnim \u0161kolama, ponajvi\u0161e zbog \u010dinjenice kako je nekima to jedini obrok u danu. Iako se \u010dinilo da \u0107e sve ostati na pri\u010dama, u ponedjeljak je ipak krenula realizacija projekta \u201e\u0160kolska prehrana\u201c. U gori\u010dkoj Osnovnoj \u0161koli Eugena Kumi\u010di\u0107a se [&hellip;]<\/p>\n","protected":false},"author":23,"featured_media":42559,"comment_status":"open","ping_status":"open","sticky":false,"template":"","format":"standard","meta":{"limit_modified_date":"","last_modified_date":"","jnews-multi-image_gallery":[],"jnews_single_post":[],"jnews_primary_category":[],"jnews_override_counter":[],"footnotes":""},"categories":[91],"tags":[4574,1245,8509,2235,194],"class_list":["post-42558","post","type-post","status-publish","format-standard","has-post-thumbnail","hentry","category-vg-vazno","tag-kuharice","tag-os-eugena-kumicica","tag-skolska-prehrana","tag-snjezana-ruklic","tag-ucenici"],"yoast_head":"<!-- This site is optimized with the Yoast SEO Premium plugin v27.4 (Yoast SEO v27.4) - https:\/\/yoast.com\/product\/yoast-seo-premium-wordpress\/ -->\n<title>U O\u0160 Eugena Kumi\u010di\u0107a spremni do\u010dekali uvo\u0111enje besplatne prehrane: U jutarnjoj smjeni u\u010denici \u0107e dobivati mlije\u010dni obrok, a u popodnevnoj kuhani - Gorica Info<\/title>\n<meta name=\"description\" content=\"U O\u0160 E. Kumi\u010di\u0107a spremni do\u010dekali uvo\u0111enje besplatne prehrane. U jutarnjoj smjeni u\u010denici \u0107e dobivati mlije\u010dni obrok, a u popodnevnoj kuhani\" \/>\n<meta name=\"robots\" content=\"index, follow, max-snippet:-1, max-image-preview:large, max-video-preview:-1\" \/>\n<link rel=\"canonical\" href=\"https:\/\/gorica.info\/en\/u-os-eugena-kumicica-spremni-docekali-uvodenje-besplatne-prehrane-u-jutarnjoj-smjeni-ucenici-ce-dobivati-mlijecni-obrok-a-u-popodnevnoj-kuhani\/\" \/>\n<meta property=\"og:locale\" content=\"en_US\" \/>\n<meta property=\"og:type\" content=\"article\" \/>\n<meta property=\"og:title\" content=\"U O\u0160 Eugena Kumi\u010di\u0107a spremni do\u010dekali uvo\u0111enje besplatne prehrane: U jutarnjoj smjeni u\u010denici \u0107e dobivati mlije\u010dni obrok, a u popodnevnoj kuhani\" \/>\n<meta property=\"og:description\" content=\"U O\u0160 E. Kumi\u010di\u0107a spremni do\u010dekali uvo\u0111enje besplatne prehrane. U jutarnjoj smjeni u\u010denici \u0107e dobivati mlije\u010dni obrok, a u popodnevnoj kuhani\" \/>\n<meta property=\"og:url\" content=\"https:\/\/gorica.info\/en\/u-os-eugena-kumicica-spremni-docekali-uvodenje-besplatne-prehrane-u-jutarnjoj-smjeni-ucenici-ce-dobivati-mlijecni-obrok-a-u-popodnevnoj-kuhani\/\" \/>\n<meta property=\"og:site_name\" content=\"Gorica Info\" \/>\n<meta property=\"article:publisher\" content=\"https:\/\/www.facebook.com\/Goricainfo-106005144489262\" \/>\n<meta property=\"article:published_time\" content=\"2023-01-10T08:17:20+00:00\" \/>\n<meta property=\"og:image\" content=\"https:\/\/gorica.info\/wp-content\/uploads\/2023\/01\/os-eugena-kumicica-prehrana.jpg\" \/>\n\t<meta property=\"og:image:width\" content=\"1067\" \/>\n\t<meta property=\"og:image:height\" content=\"800\" \/>\n\t<meta property=\"og:image:type\" content=\"image\/jpeg\" \/>\n<meta name=\"author\" content=\"Gorica. info\" \/>\n<meta name=\"twitter:card\" content=\"summary_large_image\" \/>\n<meta name=\"twitter:creator\" content=\"@GoricaInfo\" \/>\n<meta name=\"twitter:site\" content=\"@GoricaInfo\" \/>\n<meta name=\"twitter:label1\" content=\"Written by\" \/>\n\t<meta name=\"twitter:data1\" content=\"Gorica. info\" \/>\n\t<meta name=\"twitter:label2\" content=\"Est. reading time\" \/>\n\t<meta name=\"twitter:data2\" content=\"3 minutes\" \/>\n<meta name=\"geo.placename\" content=\"Velika Gorica\" \/>\n<meta name=\"geo.region\" content=\"Croatia\" \/>\n<!-- \/ Yoast SEO Premium plugin. -->","yoast_head_json":{"title":"U O\u0160 Eugena Kumi\u010di\u0107a spremni do\u010dekali uvo\u0111enje besplatne prehrane: U jutarnjoj smjeni u\u010denici \u0107e dobivati mlije\u010dni obrok, a u popodnevnoj kuhani - Gorica Info","description":"U O\u0160 E. Kumi\u010di\u0107a spremni do\u010dekali uvo\u0111enje besplatne prehrane. U jutarnjoj smjeni u\u010denici \u0107e dobivati mlije\u010dni obrok, a u popodnevnoj kuhani","robots":{"index":"index","follow":"follow","max-snippet":"max-snippet:-1","max-image-preview":"max-image-preview:large","max-video-preview":"max-video-preview:-1"},"canonical":"https:\/\/gorica.info\/en\/u-os-eugena-kumicica-spremni-docekali-uvodenje-besplatne-prehrane-u-jutarnjoj-smjeni-ucenici-ce-dobivati-mlijecni-obrok-a-u-popodnevnoj-kuhani\/","og_locale":"en_US","og_type":"article","og_title":"U O\u0160 Eugena Kumi\u010di\u0107a spremni do\u010dekali uvo\u0111enje besplatne prehrane: U jutarnjoj smjeni u\u010denici \u0107e dobivati mlije\u010dni obrok, a u popodnevnoj kuhani","og_description":"U O\u0160 E. Kumi\u010di\u0107a spremni do\u010dekali uvo\u0111enje besplatne prehrane. U jutarnjoj smjeni u\u010denici \u0107e dobivati mlije\u010dni obrok, a u popodnevnoj kuhani","og_url":"https:\/\/gorica.info\/en\/u-os-eugena-kumicica-spremni-docekali-uvodenje-besplatne-prehrane-u-jutarnjoj-smjeni-ucenici-ce-dobivati-mlijecni-obrok-a-u-popodnevnoj-kuhani\/","og_site_name":"Gorica Info","article_publisher":"https:\/\/www.facebook.com\/Goricainfo-106005144489262","article_published_time":"2023-01-10T08:17:20+00:00","og_image":[{"width":1067,"height":800,"url":"https:\/\/gorica.info\/wp-content\/uploads\/2023\/01\/os-eugena-kumicica-prehrana.jpg","type":"image\/jpeg"}],"author":"Gorica. info","twitter_card":"summary_large_image","twitter_creator":"@GoricaInfo","twitter_site":"@GoricaInfo","twitter_misc":{"Written by":"Gorica. info","Est. reading time":"3 minutes"},"schema":{"@context":"https:\/\/schema.org","@graph":[{"@type":"NewsArticle","@id":"https:\/\/gorica.info\/u-os-eugena-kumicica-spremni-docekali-uvodenje-besplatne-prehrane-u-jutarnjoj-smjeni-ucenici-ce-dobivati-mlijecni-obrok-a-u-popodnevnoj-kuhani\/#article","isPartOf":{"@id":"https:\/\/gorica.info\/u-os-eugena-kumicica-spremni-docekali-uvodenje-besplatne-prehrane-u-jutarnjoj-smjeni-ucenici-ce-dobivati-mlijecni-obrok-a-u-popodnevnoj-kuhani\/"},"author":{"name":"Gorica. info","@id":"https:\/\/gorica.info\/#\/schema\/person\/4499af1f22f322670b9b5977ccc2e3de"},"headline":"U O\u0160 Eugena Kumi\u010di\u0107a spremni do\u010dekali uvo\u0111enje besplatne prehrane: U jutarnjoj smjeni u\u010denici \u0107e dobivati mlije\u010dni obrok, a u popodnevnoj kuhani","datePublished":"2023-01-10T08:17:20+00:00","mainEntityOfPage":{"@id":"https:\/\/gorica.info\/u-os-eugena-kumicica-spremni-docekali-uvodenje-besplatne-prehrane-u-jutarnjoj-smjeni-ucenici-ce-dobivati-mlijecni-obrok-a-u-popodnevnoj-kuhani\/"},"wordCount":392,"commentCount":0,"publisher":{"@id":"https:\/\/gorica.info\/#organization"},"image":{"@id":"https:\/\/gorica.info\/u-os-eugena-kumicica-spremni-docekali-uvodenje-besplatne-prehrane-u-jutarnjoj-smjeni-ucenici-ce-dobivati-mlijecni-obrok-a-u-popodnevnoj-kuhani\/#primaryimage"},"thumbnailUrl":"https:\/\/gorica.info\/wp-content\/uploads\/2023\/01\/os-eugena-kumicica-prehrana.jpg","keywords":["kuharice","o\u0161 eugena kumi\u010di\u0107a","\u0161kolska prehrana","snje\u017eana rukli\u0107","u\u010denici"],"articleSection":["VG VA\u017dNO"],"inLanguage":"en-US","potentialAction":[{"@type":"CommentAction","name":"Comment","target":["https:\/\/gorica.info\/u-os-eugena-kumicica-spremni-docekali-uvodenje-besplatne-prehrane-u-jutarnjoj-smjeni-ucenici-ce-dobivati-mlijecni-obrok-a-u-popodnevnoj-kuhani\/#respond"]}],"copyrightYear":"2023","copyrightHolder":{"@id":"https:\/\/gorica.info\/en\/#organization"}},{"@type":"WebPage","@id":"https:\/\/gorica.info\/u-os-eugena-kumicica-spremni-docekali-uvodenje-besplatne-prehrane-u-jutarnjoj-smjeni-ucenici-ce-dobivati-mlijecni-obrok-a-u-popodnevnoj-kuhani\/","url":"https:\/\/gorica.info\/u-os-eugena-kumicica-spremni-docekali-uvodenje-besplatne-prehrane-u-jutarnjoj-smjeni-ucenici-ce-dobivati-mlijecni-obrok-a-u-popodnevnoj-kuhani\/","name":"U O\u0160 Eugena Kumi\u010di\u0107a spremni do\u010dekali uvo\u0111enje besplatne prehrane: U jutarnjoj smjeni u\u010denici \u0107e dobivati mlije\u010dni obrok, a u popodnevnoj kuhani - Gorica Info","isPartOf":{"@id":"https:\/\/gorica.info\/#website"},"primaryImageOfPage":{"@id":"https:\/\/gorica.info\/u-os-eugena-kumicica-spremni-docekali-uvodenje-besplatne-prehrane-u-jutarnjoj-smjeni-ucenici-ce-dobivati-mlijecni-obrok-a-u-popodnevnoj-kuhani\/#primaryimage"},"image":{"@id":"https:\/\/gorica.info\/u-os-eugena-kumicica-spremni-docekali-uvodenje-besplatne-prehrane-u-jutarnjoj-smjeni-ucenici-ce-dobivati-mlijecni-obrok-a-u-popodnevnoj-kuhani\/#primaryimage"},"thumbnailUrl":"https:\/\/gorica.info\/wp-content\/uploads\/2023\/01\/os-eugena-kumicica-prehrana.jpg","datePublished":"2023-01-10T08:17:20+00:00","description":"U O\u0160 E. Kumi\u010di\u0107a spremni do\u010dekali uvo\u0111enje besplatne prehrane. U jutarnjoj smjeni u\u010denici \u0107e dobivati mlije\u010dni obrok, a u popodnevnoj kuhani","breadcrumb":{"@id":"https:\/\/gorica.info\/u-os-eugena-kumicica-spremni-docekali-uvodenje-besplatne-prehrane-u-jutarnjoj-smjeni-ucenici-ce-dobivati-mlijecni-obrok-a-u-popodnevnoj-kuhani\/#breadcrumb"},"inLanguage":"en-US","potentialAction":[{"@type":"ReadAction","target":["https:\/\/gorica.info\/u-os-eugena-kumicica-spremni-docekali-uvodenje-besplatne-prehrane-u-jutarnjoj-smjeni-ucenici-ce-dobivati-mlijecni-obrok-a-u-popodnevnoj-kuhani\/"]}]},{"@type":"ImageObject","inLanguage":"en-US","@id":"https:\/\/gorica.info\/u-os-eugena-kumicica-spremni-docekali-uvodenje-besplatne-prehrane-u-jutarnjoj-smjeni-ucenici-ce-dobivati-mlijecni-obrok-a-u-popodnevnoj-kuhani\/#primaryimage","url":"https:\/\/gorica.info\/wp-content\/uploads\/2023\/01\/os-eugena-kumicica-prehrana.jpg","contentUrl":"https:\/\/gorica.info\/wp-content\/uploads\/2023\/01\/os-eugena-kumicica-prehrana.jpg","width":1067,"height":800,"caption":"prehrane"},{"@type":"BreadcrumbList","@id":"https:\/\/gorica.info\/u-os-eugena-kumicica-spremni-docekali-uvodenje-besplatne-prehrane-u-jutarnjoj-smjeni-ucenici-ce-dobivati-mlijecni-obrok-a-u-popodnevnoj-kuhani\/#breadcrumb","itemListElement":[{"@type":"ListItem","position":1,"name":"Po\u010detna stranica","item":"https:\/\/gorica.info\/"},{"@type":"ListItem","position":2,"name":"U O\u0160 Eugena Kumi\u010di\u0107a spremni do\u010dekali uvo\u0111enje besplatne prehrane: U jutarnjoj smjeni u\u010denici \u0107e dobivati mlije\u010dni obrok, a u popodnevnoj kuhani"}]},{"@type":"WebSite","@id":"https:\/\/gorica.info\/#website","url":"https:\/\/gorica.info\/","name":"Gorica Info","description":"Vijesti iz Velike Gorice i okolice.","publisher":{"@id":"https:\/\/gorica.info\/#organization"},"potentialAction":[{"@type":"SearchAction","target":{"@type":"EntryPoint","urlTemplate":"https:\/\/gorica.info\/?s={search_term_string}"},"query-input":{"@type":"PropertyValueSpecification","valueRequired":true,"valueName":"search_term_string"}}],"inLanguage":"en-US"},{"@type":["Organization","Place","NewsMediaOrganization"],"@id":"https:\/\/gorica.info\/#organization","name":"Gorica Info","url":"https:\/\/gorica.info\/","logo":{"@id":"https:\/\/gorica.info\/u-os-eugena-kumicica-spremni-docekali-uvodenje-besplatne-prehrane-u-jutarnjoj-smjeni-ucenici-ce-dobivati-mlijecni-obrok-a-u-popodnevnoj-kuhani\/#local-main-organization-logo"},"image":{"@id":"https:\/\/gorica.info\/u-os-eugena-kumicica-spremni-docekali-uvodenje-besplatne-prehrane-u-jutarnjoj-smjeni-ucenici-ce-dobivati-mlijecni-obrok-a-u-popodnevnoj-kuhani\/#local-main-organization-logo"},"sameAs":["https:\/\/www.facebook.com\/Goricainfo-106005144489262","https:\/\/x.com\/GoricaInfo","https:\/\/www.instagram.com\/gorica.info\/"],"address":{"@id":"https:\/\/gorica.info\/u-os-eugena-kumicica-spremni-docekali-uvodenje-besplatne-prehrane-u-jutarnjoj-smjeni-ucenici-ce-dobivati-mlijecni-obrok-a-u-popodnevnoj-kuhani\/#local-main-place-address"},"telephone":[],"openingHoursSpecification":[{"@type":"OpeningHoursSpecification","dayOfWeek":["Monday","Tuesday","Wednesday","Thursday","Friday","Saturday","Sunday"],"opens":"09:00","closes":"17:00"}],"email":"redakcija@gorica.info"},{"@type":"Person","@id":"https:\/\/gorica.info\/#\/schema\/person\/4499af1f22f322670b9b5977ccc2e3de","name":"Gorica. info","description":"Gorica.info je lokalni portal koji prati Veliku Goricu i okolici, svakodnevno donosi najnovije vijesti i pri\u010de, kulturna doga\u0111anja i aktualnosti koje oblikuju \u017eivot gra\u0111ana.","url":"https:\/\/gorica.info\/en\/author\/gorica-info\/"},{"@type":"PostalAddress","@id":"https:\/\/gorica.info\/u-os-eugena-kumicica-spremni-docekali-uvodenje-besplatne-prehrane-u-jutarnjoj-smjeni-ucenici-ce-dobivati-mlijecni-obrok-a-u-popodnevnoj-kuhani\/#local-main-place-address","streetAddress":"Horvatova 97","addressLocality":"Velika Gorica","postalCode":"10410","addressRegion":"Croatia","addressCountry":"HR"},{"@type":"ImageObject","inLanguage":"en-US","@id":"https:\/\/gorica.info\/u-os-eugena-kumicica-spremni-docekali-uvodenje-besplatne-prehrane-u-jutarnjoj-smjeni-ucenici-ce-dobivati-mlijecni-obrok-a-u-popodnevnoj-kuhani\/#local-main-organization-logo","url":"https:\/\/gorica.info\/wp-content\/uploads\/2024\/07\/Gorica-Info-Logo-mali.png","contentUrl":"https:\/\/gorica.info\/wp-content\/uploads\/2024\/07\/Gorica-Info-Logo-mali.png","width":450,"height":85,"caption":"Gorica Info"}]},"geo.placename":"Velika Gorica","geo.region":"Croatia"},"_links":{"self":[{"href":"https:\/\/gorica.info\/en\/wp-json\/wp\/v2\/posts\/42558","targetHints":{"allow":["GET"]}}],"collection":[{"href":"https:\/\/gorica.info\/en\/wp-json\/wp\/v2\/posts"}],"about":[{"href":"https:\/\/gorica.info\/en\/wp-json\/wp\/v2\/types\/post"}],"author":[{"embeddable":true,"href":"https:\/\/gorica.info\/en\/wp-json\/wp\/v2\/users\/23"}],"replies":[{"embeddable":true,"href":"https:\/\/gorica.info\/en\/wp-json\/wp\/v2\/comments?post=42558"}],"version-history":[{"count":0,"href":"https:\/\/gorica.info\/en\/wp-json\/wp\/v2\/posts\/42558\/revisions"}],"wp:featuredmedia":[{"embeddable":true,"href":"https:\/\/gorica.info\/en\/wp-json\/wp\/v2\/media\/42559"}],"wp:attachment":[{"href":"https:\/\/gorica.info\/en\/wp-json\/wp\/v2\/media?parent=42558"}],"wp:term":[{"taxonomy":"category","embeddable":true,"href":"https:\/\/gorica.info\/en\/wp-json\/wp\/v2\/categories?post=42558"},{"taxonomy":"post_tag","embeddable":true,"href":"https:\/\/gorica.info\/en\/wp-json\/wp\/v2\/tags?post=42558"}],"curies":[{"name":"wp","href":"https:\/\/api.w.org\/{rel}","templated":true}]}}