{"id":42869,"date":"2023-01-17T14:56:57","date_gmt":"2023-01-17T13:56:57","guid":{"rendered":"https:\/\/gorica.info\/?p=42869"},"modified":"2023-01-17T14:56:57","modified_gmt":"2023-01-17T13:56:57","slug":"od-1-ozujka-veliki-trgovacki-lanac-ponovno-povisuju-place-zaposlenika","status":"publish","type":"post","link":"https:\/\/gorica.info\/en\/od-1-ozujka-veliki-trgovacki-lanac-ponovno-povisuju-place-zaposlenika\/","title":{"rendered":"Od 1. o\u017eujka: Veliki trgova\u010dki lanac ponovno povisuju pla\u0107e radnicima i to za prosje\u010dno 8 posto"},"content":{"rendered":"<p>Iz <strong>Kauflanda<\/strong> najavljuju da \u0107e od <strong>1. o\u017eujka<\/strong>\u00a0ponovno <strong>povisiti pla\u0107e<\/strong> i primanja svih svojih<a href=\"https:\/\/gorica.info\/en\/2022\/06\/15\/vec-drugi-put-u-zadnja-cetiri-mjeseca-kaufland-povecava-place-svojim-radnicima\/\"> zaposlenika<\/a>, \u0161to je ve\u0107 tre\u0107i put u razdoblju od jedne godine. Bruto pla\u0107e i primanja svih zaposlenika od o\u017eujka ove godine porast \u0107e u prosjeku za vi\u0161e od 8 %. Iznosi dodataka za rad blagdanom, no\u0107u i praznikom tako\u0111er \u0107e biti uve\u0107ani u prosjeku za 5 %, priop\u0107ili su iz<a href=\"https:\/\/tvrtka.kaufland.hr\/mediji\/izjave-za-medije\/izjavazamedije.y=2023.m=01.n=povisice.html\"> Kauflanda<\/a>.<\/p>\n<p>Kaufland svim svojim zaposlenicima ispla\u0107uje bo\u017ei\u0107nicu u iznosu od<strong> 332 eura<\/strong>, uskrsnicu u iznosu od <strong>66 eura<\/strong> te se dva puta godi\u0161nje zaposlenicima ispla\u0107uje i neto nagrada za radne rezultate u prosje\u010dnom iznosu po <strong>330<\/strong> <strong>eura<\/strong>.<\/p>\n<p>U 2023. godini Kaufland za sve zaposlenike na nerukovode\u0107im radnim mjestima uvodi i regres u iznosu od <strong>100<\/strong> <strong>eura neto<\/strong>, a ponovno su osigurane i stimulacije za zaposlenike poslovnica i logistike koje \u0107e biti ispla\u0107ene tijekom ljetne sezone. Za rukovoditeljska radna mjesta pove\u0107avat \u0107e se primanja kroz novi mjese\u010dni dodatak i druge benefite.<\/p>\n<p>&#8211; U ovim izazovnim vremenima kao odgovoran poslodavac \u017eelimo na\u0161im zaposlenicima pokazati koliko njihov rad cijenimo &#8211; izjavio je <strong>Patrick Rudat<\/strong>, predsjednik Uprave Kauflanda u Hrvatskoj.<\/p>\n<p>&nbsp;<\/p>\n<p>&nbsp;<\/p>\n<p>&nbsp;<\/p>\n<p>&nbsp;<\/p>\n<p>&nbsp;<\/p>","protected":false},"excerpt":{"rendered":"<p>Iz Kauflanda najavljuju da \u0107e od 1. o\u017eujka\u00a0ponovno povisiti pla\u0107e i primanja svih svojih zaposlenika, \u0161to je ve\u0107 tre\u0107i put u razdoblju od jedne godine. Bruto pla\u0107e i primanja svih zaposlenika od o\u017eujka ove godine porast \u0107e u prosjeku za vi\u0161e od 8 %. Iznosi dodataka za rad blagdanom, no\u0107u i praznikom tako\u0111er \u0107e biti [&hellip;]<\/p>\n","protected":false},"author":25,"featured_media":42870,"comment_status":"open","ping_status":"open","sticky":false,"template":"","format":"standard","meta":{"limit_modified_date":"","last_modified_date":"","jnews-multi-image_gallery":[],"jnews_single_post":[],"jnews_primary_category":[],"jnews_override_counter":[],"footnotes":""},"categories":[88],"tags":[992,405,4136,7168,406],"class_list":["post-42869","post","type-post","status-publish","format-standard","has-post-thumbnail","hentry","category-gospodarstvo","tag-kaufland","tag-place","tag-povecanje","tag-povisica","tag-radnici"],"yoast_head":"<!-- This site is optimized with the Yoast SEO Premium plugin v27.4 (Yoast SEO v27.4) - https:\/\/yoast.com\/product\/yoast-seo-premium-wordpress\/ -->\n<title>Od 1. o\u017eujka: Veliki trgova\u010dki lanac ponovno povisuju pla\u0107e radnicima i to za prosje\u010dno 8 posto - Gorica Info<\/title>\n<meta name=\"description\" content=\"Od 1. o\u017eujka: Veliki trgova\u010dki lanac ponovno povisuju pla\u0107e zaposlenika i to za 8 psoto, najavili su iz Kauflanda u utorak.\" \/>\n<meta name=\"robots\" content=\"index, follow, max-snippet:-1, max-image-preview:large, max-video-preview:-1\" \/>\n<link rel=\"canonical\" href=\"https:\/\/gorica.info\/en\/od-1-ozujka-veliki-trgovacki-lanac-ponovno-povisuju-place-zaposlenika\/\" \/>\n<meta property=\"og:locale\" content=\"en_US\" \/>\n<meta property=\"og:type\" content=\"article\" \/>\n<meta property=\"og:title\" content=\"Od 1. o\u017eujka: Veliki trgova\u010dki lanac ponovno povisuju pla\u0107e radnicima i to za prosje\u010dno 8 posto\" \/>\n<meta property=\"og:description\" content=\"Od 1. o\u017eujka: Veliki trgova\u010dki lanac ponovno povisuju pla\u0107e zaposlenika i to za 8 psoto, najavili su iz Kauflanda u utorak.\" \/>\n<meta property=\"og:url\" content=\"https:\/\/gorica.info\/en\/od-1-ozujka-veliki-trgovacki-lanac-ponovno-povisuju-place-zaposlenika\/\" \/>\n<meta property=\"og:site_name\" content=\"Gorica Info\" \/>\n<meta property=\"article:publisher\" content=\"https:\/\/www.facebook.com\/Goricainfo-106005144489262\" \/>\n<meta property=\"article:published_time\" content=\"2023-01-17T13:56:57+00:00\" \/>\n<meta property=\"og:image\" content=\"https:\/\/gorica.info\/wp-content\/uploads\/2023\/01\/kaufland.jpg\" \/>\n\t<meta property=\"og:image:width\" content=\"1200\" \/>\n\t<meta property=\"og:image:height\" content=\"714\" \/>\n\t<meta property=\"og:image:type\" content=\"image\/jpeg\" \/>\n<meta name=\"author\" content=\"Marta Horvat\" \/>\n<meta name=\"twitter:card\" content=\"summary_large_image\" \/>\n<meta name=\"twitter:creator\" content=\"@GoricaInfo\" \/>\n<meta name=\"twitter:site\" content=\"@GoricaInfo\" \/>\n<meta name=\"twitter:label1\" content=\"Written by\" \/>\n\t<meta name=\"twitter:data1\" content=\"Marta Horvat\" \/>\n\t<meta name=\"twitter:label2\" content=\"Est. reading time\" \/>\n\t<meta name=\"twitter:data2\" content=\"1 minute\" \/>\n<meta name=\"geo.placename\" content=\"Velika Gorica\" \/>\n<meta name=\"geo.region\" content=\"Croatia\" \/>\n<!-- \/ Yoast SEO Premium plugin. -->","yoast_head_json":{"title":"Od 1. o\u017eujka: Veliki trgova\u010dki lanac ponovno povisuju pla\u0107e radnicima i to za prosje\u010dno 8 posto - Gorica Info","description":"Od 1. o\u017eujka: Veliki trgova\u010dki lanac ponovno povisuju pla\u0107e zaposlenika i to za 8 psoto, najavili su iz Kauflanda u utorak.","robots":{"index":"index","follow":"follow","max-snippet":"max-snippet:-1","max-image-preview":"max-image-preview:large","max-video-preview":"max-video-preview:-1"},"canonical":"https:\/\/gorica.info\/en\/od-1-ozujka-veliki-trgovacki-lanac-ponovno-povisuju-place-zaposlenika\/","og_locale":"en_US","og_type":"article","og_title":"Od 1. o\u017eujka: Veliki trgova\u010dki lanac ponovno povisuju pla\u0107e radnicima i to za prosje\u010dno 8 posto","og_description":"Od 1. o\u017eujka: Veliki trgova\u010dki lanac ponovno povisuju pla\u0107e zaposlenika i to za 8 psoto, najavili su iz Kauflanda u utorak.","og_url":"https:\/\/gorica.info\/en\/od-1-ozujka-veliki-trgovacki-lanac-ponovno-povisuju-place-zaposlenika\/","og_site_name":"Gorica Info","article_publisher":"https:\/\/www.facebook.com\/Goricainfo-106005144489262","article_published_time":"2023-01-17T13:56:57+00:00","og_image":[{"width":1200,"height":714,"url":"https:\/\/gorica.info\/wp-content\/uploads\/2023\/01\/kaufland.jpg","type":"image\/jpeg"}],"author":"Marta Horvat","twitter_card":"summary_large_image","twitter_creator":"@GoricaInfo","twitter_site":"@GoricaInfo","twitter_misc":{"Written by":"Marta Horvat","Est. reading time":"1 minute"},"schema":{"@context":"https:\/\/schema.org","@graph":[{"@type":"NewsArticle","@id":"https:\/\/gorica.info\/od-1-ozujka-veliki-trgovacki-lanac-ponovno-povisuju-place-zaposlenika\/#article","isPartOf":{"@id":"https:\/\/gorica.info\/od-1-ozujka-veliki-trgovacki-lanac-ponovno-povisuju-place-zaposlenika\/"},"author":{"name":"Marta Horvat","@id":"https:\/\/gorica.info\/#\/schema\/person\/b2df2f6fb2a9073c0fa5af2672befd52"},"headline":"Od 1. o\u017eujka: Veliki trgova\u010dki lanac ponovno povisuju pla\u0107e radnicima i to za prosje\u010dno 8 posto","datePublished":"2023-01-17T13:56:57+00:00","mainEntityOfPage":{"@id":"https:\/\/gorica.info\/od-1-ozujka-veliki-trgovacki-lanac-ponovno-povisuju-place-zaposlenika\/"},"wordCount":215,"commentCount":0,"publisher":{"@id":"https:\/\/gorica.info\/#organization"},"image":{"@id":"https:\/\/gorica.info\/od-1-ozujka-veliki-trgovacki-lanac-ponovno-povisuju-place-zaposlenika\/#primaryimage"},"thumbnailUrl":"https:\/\/gorica.info\/wp-content\/uploads\/2023\/01\/kaufland.jpg","keywords":["kaufland","pla\u0107e","pove\u0107anje","povi\u0161ica","radnici"],"articleSection":["GOSPODARSTVO"],"inLanguage":"en-US","potentialAction":[{"@type":"CommentAction","name":"Comment","target":["https:\/\/gorica.info\/od-1-ozujka-veliki-trgovacki-lanac-ponovno-povisuju-place-zaposlenika\/#respond"]}],"copyrightYear":"2023","copyrightHolder":{"@id":"https:\/\/gorica.info\/en\/#organization"}},{"@type":"WebPage","@id":"https:\/\/gorica.info\/od-1-ozujka-veliki-trgovacki-lanac-ponovno-povisuju-place-zaposlenika\/","url":"https:\/\/gorica.info\/od-1-ozujka-veliki-trgovacki-lanac-ponovno-povisuju-place-zaposlenika\/","name":"Od 1. o\u017eujka: Veliki trgova\u010dki lanac ponovno povisuju pla\u0107e radnicima i to za prosje\u010dno 8 posto - Gorica Info","isPartOf":{"@id":"https:\/\/gorica.info\/#website"},"primaryImageOfPage":{"@id":"https:\/\/gorica.info\/od-1-ozujka-veliki-trgovacki-lanac-ponovno-povisuju-place-zaposlenika\/#primaryimage"},"image":{"@id":"https:\/\/gorica.info\/od-1-ozujka-veliki-trgovacki-lanac-ponovno-povisuju-place-zaposlenika\/#primaryimage"},"thumbnailUrl":"https:\/\/gorica.info\/wp-content\/uploads\/2023\/01\/kaufland.jpg","datePublished":"2023-01-17T13:56:57+00:00","description":"Od 1. o\u017eujka: Veliki trgova\u010dki lanac ponovno povisuju pla\u0107e zaposlenika i to za 8 psoto, najavili su iz Kauflanda u utorak.","breadcrumb":{"@id":"https:\/\/gorica.info\/od-1-ozujka-veliki-trgovacki-lanac-ponovno-povisuju-place-zaposlenika\/#breadcrumb"},"inLanguage":"en-US","potentialAction":[{"@type":"ReadAction","target":["https:\/\/gorica.info\/od-1-ozujka-veliki-trgovacki-lanac-ponovno-povisuju-place-zaposlenika\/"]}]},{"@type":"ImageObject","inLanguage":"en-US","@id":"https:\/\/gorica.info\/od-1-ozujka-veliki-trgovacki-lanac-ponovno-povisuju-place-zaposlenika\/#primaryimage","url":"https:\/\/gorica.info\/wp-content\/uploads\/2023\/01\/kaufland.jpg","contentUrl":"https:\/\/gorica.info\/wp-content\/uploads\/2023\/01\/kaufland.jpg","width":1100,"height":655,"caption":"Foto: Kaufland"},{"@type":"BreadcrumbList","@id":"https:\/\/gorica.info\/od-1-ozujka-veliki-trgovacki-lanac-ponovno-povisuju-place-zaposlenika\/#breadcrumb","itemListElement":[{"@type":"ListItem","position":1,"name":"Po\u010detna stranica","item":"https:\/\/gorica.info\/"},{"@type":"ListItem","position":2,"name":"Od 1. o\u017eujka: Veliki trgova\u010dki lanac ponovno povisuju pla\u0107e radnicima i to za prosje\u010dno 8 posto"}]},{"@type":"WebSite","@id":"https:\/\/gorica.info\/#website","url":"https:\/\/gorica.info\/","name":"Gorica Info","description":"Vijesti iz Velike Gorice i okolice.","publisher":{"@id":"https:\/\/gorica.info\/#organization"},"potentialAction":[{"@type":"SearchAction","target":{"@type":"EntryPoint","urlTemplate":"https:\/\/gorica.info\/?s={search_term_string}"},"query-input":{"@type":"PropertyValueSpecification","valueRequired":true,"valueName":"search_term_string"}}],"inLanguage":"en-US"},{"@type":["Organization","Place","NewsMediaOrganization"],"@id":"https:\/\/gorica.info\/#organization","name":"Gorica Info","url":"https:\/\/gorica.info\/","logo":{"@id":"https:\/\/gorica.info\/od-1-ozujka-veliki-trgovacki-lanac-ponovno-povisuju-place-zaposlenika\/#local-main-organization-logo"},"image":{"@id":"https:\/\/gorica.info\/od-1-ozujka-veliki-trgovacki-lanac-ponovno-povisuju-place-zaposlenika\/#local-main-organization-logo"},"sameAs":["https:\/\/www.facebook.com\/Goricainfo-106005144489262","https:\/\/x.com\/GoricaInfo","https:\/\/www.instagram.com\/gorica.info\/"],"address":{"@id":"https:\/\/gorica.info\/od-1-ozujka-veliki-trgovacki-lanac-ponovno-povisuju-place-zaposlenika\/#local-main-place-address"},"telephone":[],"openingHoursSpecification":[{"@type":"OpeningHoursSpecification","dayOfWeek":["Monday","Tuesday","Wednesday","Thursday","Friday","Saturday","Sunday"],"opens":"09:00","closes":"17:00"}],"email":"redakcija@gorica.info"},{"@type":"Person","@id":"https:\/\/gorica.info\/#\/schema\/person\/b2df2f6fb2a9073c0fa5af2672befd52","name":"Marta Horvat","description":"Marta Horvat je studentica koja redovito pi\u0161e za portal, prati sva gradska doga\u0111anja i u\u017eiva isprobavati nove recept koje dijeli s na\u0161im \u010ditateljima.","url":"https:\/\/gorica.info\/en\/author\/marta-horvat\/"},{"@type":"PostalAddress","@id":"https:\/\/gorica.info\/od-1-ozujka-veliki-trgovacki-lanac-ponovno-povisuju-place-zaposlenika\/#local-main-place-address","streetAddress":"Horvatova 97","addressLocality":"Velika Gorica","postalCode":"10410","addressRegion":"Croatia","addressCountry":"HR"},{"@type":"ImageObject","inLanguage":"en-US","@id":"https:\/\/gorica.info\/od-1-ozujka-veliki-trgovacki-lanac-ponovno-povisuju-place-zaposlenika\/#local-main-organization-logo","url":"https:\/\/gorica.info\/wp-content\/uploads\/2024\/07\/Gorica-Info-Logo-mali.png","contentUrl":"https:\/\/gorica.info\/wp-content\/uploads\/2024\/07\/Gorica-Info-Logo-mali.png","width":450,"height":85,"caption":"Gorica Info"}]},"geo.placename":"Velika Gorica","geo.region":"Croatia"},"_links":{"self":[{"href":"https:\/\/gorica.info\/en\/wp-json\/wp\/v2\/posts\/42869","targetHints":{"allow":["GET"]}}],"collection":[{"href":"https:\/\/gorica.info\/en\/wp-json\/wp\/v2\/posts"}],"about":[{"href":"https:\/\/gorica.info\/en\/wp-json\/wp\/v2\/types\/post"}],"author":[{"embeddable":true,"href":"https:\/\/gorica.info\/en\/wp-json\/wp\/v2\/users\/25"}],"replies":[{"embeddable":true,"href":"https:\/\/gorica.info\/en\/wp-json\/wp\/v2\/comments?post=42869"}],"version-history":[{"count":0,"href":"https:\/\/gorica.info\/en\/wp-json\/wp\/v2\/posts\/42869\/revisions"}],"wp:featuredmedia":[{"embeddable":true,"href":"https:\/\/gorica.info\/en\/wp-json\/wp\/v2\/media\/42870"}],"wp:attachment":[{"href":"https:\/\/gorica.info\/en\/wp-json\/wp\/v2\/media?parent=42869"}],"wp:term":[{"taxonomy":"category","embeddable":true,"href":"https:\/\/gorica.info\/en\/wp-json\/wp\/v2\/categories?post=42869"},{"taxonomy":"post_tag","embeddable":true,"href":"https:\/\/gorica.info\/en\/wp-json\/wp\/v2\/tags?post=42869"}],"curies":[{"name":"wp","href":"https:\/\/api.w.org\/{rel}","templated":true}]}}