{"id":42957,"date":"2023-01-20T06:11:53","date_gmt":"2023-01-20T05:11:53","guid":{"rendered":"https:\/\/gorica.info\/?p=42957"},"modified":"2023-01-20T06:11:53","modified_gmt":"2023-01-20T05:11:53","slug":"sve-uocene-nedostatke-na-radovima-na-aglomeraciji-mozete-prijaviti-do-15-travnja","status":"publish","type":"post","link":"https:\/\/gorica.info\/en\/sve-uocene-nedostatke-na-radovima-na-aglomeraciji-mozete-prijaviti-do-15-travnja\/","title":{"rendered":"Bli\u017ei se kraj radovima na aglomeraciji: Sve uo\u010dene nedostatke mo\u017eete prijaviti do 15. travnja"},"content":{"rendered":"<p>Radovi na aglomeraciji u zavr\u0161noj su fazi, a <a href=\"http:\/\/www.vgvodoopskrba.hr\/naslovna\/\">VG Vodoopskrba<\/a> organizirala je ovih dana sastanak s predstavnicima gradskih \u010detvrti i mjesnih odbora obuhva\u0107enih projektom.\u00a0Na sastanku se govorilo o odra\u0111enim radovima na svim cjelinama aglomeracije.<\/p>\n<figure id=\"attachment_42963\" aria-describedby=\"caption-attachment-42963\" style=\"width: 810px\" class=\"wp-caption aligncenter\"><img fetchpriority=\"high\" decoding=\"async\" class=\"wp-image-42963 size-large\" src=\"https:\/\/gorica.info\/wp-content\/uploads\/2023\/01\/karta-aglomeracija-1024x715.jpg\" alt=\"\" width=\"810\" height=\"566\" srcset=\"https:\/\/gorica.info\/wp-content\/uploads\/2023\/01\/karta-aglomeracija-1024x715.jpg 1024w, https:\/\/gorica.info\/wp-content\/uploads\/2023\/01\/karta-aglomeracija-300x209.jpg 300w, https:\/\/gorica.info\/wp-content\/uploads\/2023\/01\/karta-aglomeracija-768x536.jpg 768w, https:\/\/gorica.info\/wp-content\/uploads\/2023\/01\/karta-aglomeracija-18x12.jpg 18w, https:\/\/gorica.info\/wp-content\/uploads\/2023\/01\/karta-aglomeracija-750x523.jpg 750w, https:\/\/gorica.info\/wp-content\/uploads\/2023\/01\/karta-aglomeracija.jpg 1100w\" sizes=\"(max-width: 810px) 100vw, 810px\" \/><figcaption id=\"caption-attachment-42963\" class=\"wp-caption-text\">Na karti je mogu\u0107e pratiti gdje su sve prijavljeni uo\u010deni nedostaci i koji su ve\u0107 uklonjeni<\/figcaption><\/figure>\n<p>Posljednjih mjeseci brojni gra\u0111ani \u017ealili su se na lo\u0161e sanirane ulice i prometnice, o tome se govorilo i na sjednicama <a href=\"https:\/\/gorica.info\/en\/2022\/06\/30\/aktualni-sat-vijecnici-pitali-za-izgradnju-procistaca-cijene-grijanja-sanaciju-cesta-nakon-aglomeracije-krizanju-u-velikoj-mlaki\/\">Gradskog vije\u0107a<\/a>. Gradona\u010delnik <strong>Kre\u0161imir A\u010dkar<\/strong> obe\u0107ao je tada da \u0107e &#8220;svi izvo\u0111a\u010di morati vratiti prometnice u prvobitno stanje, makar radili i osam puta istu stvar. Radove \u0107e izvoditi o svom tro\u0161ku i tu Grad ne\u0107e imati milosti ili sni\u017eavanja kriterija&#8221; &#8211; poru\u010dio je tada <a href=\"https:\/\/gorica.info\/en\/2021\/07\/06\/aglomeracija-je-trebala-biti-bolje-pripremljena-i-planirana\/\">gradona\u010delnik<\/a>.<\/p>\n<p>Iz VG Vodoopskrbe sada pozivaju sve koji uo\u010de neki nedostatak na odra\u0111enim radovima da to prijave.<\/p>\n<p>&#8211; Do<strong> 15. travnja<\/strong> gra\u0111ani te predstavnici gradskih \u010detvrti i mjesnih odbora mogu prijaviti sve uo\u010dene nedostatke na radovima koji su ve\u0107 zavr\u0161eni.<\/p>\n<p>Svi uo\u010deni nedostaci proslijedit \u0107e se izvo\u0111a\u010dima radova kako bi se pravovremeno otklonili \u2013 najavljeno je na sastanku.<\/p>\n<p>Ako ste tijekom <a href=\"http:\/\/www.gorica.hr\/2019\/12\/krenula-je-aglomeracija-u-sljedece-tri-godine-novi-kanalizacijski-sustav\/\">dugotrajne provedbe<\/a> ovog projekta uo\u010dili nedostatke ili smatrate da radovi nisu dovoljno dobro izvedeni u kvartu ili ulici u kojoj \u017eivite, fotografiju i opis mo\u017ee poslati na <a href=\"mailto:aglomeracijavg@vgvodoopskrba.hr\">aglomeracijavg@vgvodoopskrba.hr<\/a> ili prijaviti na besplatni telefon 0800 200 205.<\/p>\n<p>\u0160to su sve dosad prijavili gra\u0111ani mo\u017eete pogledati <a href=\"https:\/\/www.google.com\/maps\/d\/viewer?mid=17jxvO5t81jvY3KCnRBk6FDqFu2-RDXg-&amp;g_ep=CAESCTExLjYwLjcwMxgAQgJIUg%3D%3D&amp;shorturl=1&amp;ll=45.702742446305216%2C16.072560444036874&amp;z=11\">ovdje<\/a>.<\/p>\n<p><img decoding=\"async\" class=\"aligncenter wp-image-42962 size-large\" src=\"https:\/\/gorica.info\/wp-content\/uploads\/2023\/01\/karta1-aglomeracija-1024x651.jpg\" alt=\"\" width=\"810\" height=\"515\" \/><\/p>\n<p>Gra\u0111ani prijavljuju o\u0161te\u0107enja nastala na cestama nakon asfaltiranja, bankine koje nisu nasute, rupe u kolniku, prometne znakove koji nisu vra\u0107eni na mjesto na kojem su ranije stajali, vodu koja se nakon velikih ki\u0161a skuplja na kolniku&#8230;Dosad je prijavljeno vi\u0161e od 200 razli\u010ditih nedostataka.<\/p>\n<p>I dok je sanacija cesta i ulica nakon postavljanja kanalizacijskih cijevi u zavr\u0161noj fazi, izgradnja <a href=\"https:\/\/gorica.info\/en\/2022\/12\/21\/povjerenstvo-predlozilo-vg-vodoopskrbi-ponistiti-natjecaj-za-izgradnju-velikogorickog-procistaca\/\">gori\u010dkog pro\u010dista\u010da<\/a> jo\u0161 nije niti zapo\u010dela. Poni\u0161ten je i drugi natje\u010daj za njegovu izgradnju, o\u010dekuje se raspisivanje tre\u0107eg natje\u010daja za kojeg je te\u0161ko prognozirati kada bi mogao zavr\u0161iti odnosno kada bi mogla po\u010deti izgradnja pro\u010dista\u010da.<\/p>\n<p>&nbsp;<\/p>\n<p>&nbsp;<\/p>\n<p>&nbsp;<\/p>\n<p>&nbsp;<\/p>","protected":false},"excerpt":{"rendered":"<p>Radovi na aglomeraciji u zavr\u0161noj su fazi, a VG Vodoopskrba organizirala je ovih dana sastanak s predstavnicima gradskih \u010detvrti i mjesnih odbora obuhva\u0107enih projektom.\u00a0Na sastanku se govorilo o odra\u0111enim radovima na svim cjelinama aglomeracije. Posljednjih mjeseci brojni gra\u0111ani \u017ealili su se na lo\u0161e sanirane ulice i prometnice, o tome se govorilo i na sjednicama Gradskog [&hellip;]<\/p>\n","protected":false},"author":23,"featured_media":42959,"comment_status":"open","ping_status":"open","sticky":false,"template":"","format":"standard","meta":{"limit_modified_date":"","last_modified_date":"","jnews-multi-image_gallery":[],"jnews_single_post":[],"jnews_primary_category":[],"jnews_override_counter":[],"footnotes":""},"categories":[91],"tags":[1134,448,1495,153],"class_list":["post-42957","post","type-post","status-publish","format-standard","has-post-thumbnail","hentry","category-vg-vazno","tag-aglomeracija","tag-gradani","tag-prituzbe","tag-radovi"],"yoast_head":"<!-- This site is optimized with the Yoast SEO Premium plugin v27.4 (Yoast SEO v27.4) - https:\/\/yoast.com\/product\/yoast-seo-premium-wordpress\/ -->\n<title>Bli\u017ei se kraj radovima na aglomeraciji: Sve uo\u010dene nedostatke mo\u017eete prijaviti do 15. travnja - Gorica Info<\/title>\n<meta name=\"description\" content=\"Sve uo\u010dene nedostatke na radovima na aglomeraciji mo\u017eete prijaviti do 15. travnja, poru\u010dili su iz VG Vodoopskrbe.\" \/>\n<meta name=\"robots\" content=\"index, follow, max-snippet:-1, max-image-preview:large, max-video-preview:-1\" \/>\n<link rel=\"canonical\" href=\"https:\/\/gorica.info\/en\/sve-uocene-nedostatke-na-radovima-na-aglomeraciji-mozete-prijaviti-do-15-travnja\/\" \/>\n<meta property=\"og:locale\" content=\"en_US\" \/>\n<meta property=\"og:type\" content=\"article\" \/>\n<meta property=\"og:title\" content=\"Bli\u017ei se kraj radovima na aglomeraciji: Sve uo\u010dene nedostatke mo\u017eete prijaviti do 15. travnja\" \/>\n<meta property=\"og:description\" content=\"Sve uo\u010dene nedostatke na radovima na aglomeraciji mo\u017eete prijaviti do 15. travnja, poru\u010dili su iz VG Vodoopskrbe.\" \/>\n<meta property=\"og:url\" content=\"https:\/\/gorica.info\/en\/sve-uocene-nedostatke-na-radovima-na-aglomeraciji-mozete-prijaviti-do-15-travnja\/\" \/>\n<meta property=\"og:site_name\" content=\"Gorica Info\" \/>\n<meta property=\"article:publisher\" content=\"https:\/\/www.facebook.com\/Goricainfo-106005144489262\" \/>\n<meta property=\"article:published_time\" content=\"2023-01-20T05:11:53+00:00\" \/>\n<meta property=\"og:image\" content=\"https:\/\/gorica.info\/wp-content\/uploads\/2023\/01\/aglomeracija-asfaltiranje-vg-e1674144829683.jpg\" \/>\n\t<meta property=\"og:image:width\" content=\"984\" \/>\n\t<meta property=\"og:image:height\" content=\"800\" \/>\n\t<meta property=\"og:image:type\" content=\"image\/jpeg\" \/>\n<meta name=\"author\" content=\"Gorica. info\" \/>\n<meta name=\"twitter:card\" content=\"summary_large_image\" \/>\n<meta name=\"twitter:creator\" content=\"@GoricaInfo\" \/>\n<meta name=\"twitter:site\" content=\"@GoricaInfo\" \/>\n<meta name=\"twitter:label1\" content=\"Written by\" \/>\n\t<meta name=\"twitter:data1\" content=\"Gorica. info\" \/>\n\t<meta name=\"twitter:label2\" content=\"Est. reading time\" \/>\n\t<meta name=\"twitter:data2\" content=\"3 minutes\" \/>\n<meta name=\"geo.placename\" content=\"Velika Gorica\" \/>\n<meta name=\"geo.region\" content=\"Croatia\" \/>\n<!-- \/ Yoast SEO Premium plugin. -->","yoast_head_json":{"title":"Bli\u017ei se kraj radovima na aglomeraciji: Sve uo\u010dene nedostatke mo\u017eete prijaviti do 15. travnja - Gorica Info","description":"Sve uo\u010dene nedostatke na radovima na aglomeraciji mo\u017eete prijaviti do 15. travnja, poru\u010dili su iz VG Vodoopskrbe.","robots":{"index":"index","follow":"follow","max-snippet":"max-snippet:-1","max-image-preview":"max-image-preview:large","max-video-preview":"max-video-preview:-1"},"canonical":"https:\/\/gorica.info\/en\/sve-uocene-nedostatke-na-radovima-na-aglomeraciji-mozete-prijaviti-do-15-travnja\/","og_locale":"en_US","og_type":"article","og_title":"Bli\u017ei se kraj radovima na aglomeraciji: Sve uo\u010dene nedostatke mo\u017eete prijaviti do 15. travnja","og_description":"Sve uo\u010dene nedostatke na radovima na aglomeraciji mo\u017eete prijaviti do 15. travnja, poru\u010dili su iz VG Vodoopskrbe.","og_url":"https:\/\/gorica.info\/en\/sve-uocene-nedostatke-na-radovima-na-aglomeraciji-mozete-prijaviti-do-15-travnja\/","og_site_name":"Gorica Info","article_publisher":"https:\/\/www.facebook.com\/Goricainfo-106005144489262","article_published_time":"2023-01-20T05:11:53+00:00","og_image":[{"width":984,"height":800,"url":"https:\/\/gorica.info\/wp-content\/uploads\/2023\/01\/aglomeracija-asfaltiranje-vg-e1674144829683.jpg","type":"image\/jpeg"}],"author":"Gorica. info","twitter_card":"summary_large_image","twitter_creator":"@GoricaInfo","twitter_site":"@GoricaInfo","twitter_misc":{"Written by":"Gorica. info","Est. reading time":"3 minutes"},"schema":{"@context":"https:\/\/schema.org","@graph":[{"@type":"NewsArticle","@id":"https:\/\/gorica.info\/sve-uocene-nedostatke-na-radovima-na-aglomeraciji-mozete-prijaviti-do-15-travnja\/#article","isPartOf":{"@id":"https:\/\/gorica.info\/sve-uocene-nedostatke-na-radovima-na-aglomeraciji-mozete-prijaviti-do-15-travnja\/"},"author":{"name":"Gorica. info","@id":"https:\/\/gorica.info\/#\/schema\/person\/4499af1f22f322670b9b5977ccc2e3de"},"headline":"Bli\u017ei se kraj radovima na aglomeraciji: Sve uo\u010dene nedostatke mo\u017eete prijaviti do 15. travnja","datePublished":"2023-01-20T05:11:53+00:00","mainEntityOfPage":{"@id":"https:\/\/gorica.info\/sve-uocene-nedostatke-na-radovima-na-aglomeraciji-mozete-prijaviti-do-15-travnja\/"},"wordCount":391,"commentCount":1,"publisher":{"@id":"https:\/\/gorica.info\/#organization"},"image":{"@id":"https:\/\/gorica.info\/sve-uocene-nedostatke-na-radovima-na-aglomeraciji-mozete-prijaviti-do-15-travnja\/#primaryimage"},"thumbnailUrl":"https:\/\/gorica.info\/wp-content\/uploads\/2023\/01\/aglomeracija-asfaltiranje-vg-e1674144829683.jpg","keywords":["aglomeracija","gra\u0111ani","pritu\u017ebe","radovi"],"articleSection":["VG VA\u017dNO"],"inLanguage":"en-US","potentialAction":[{"@type":"CommentAction","name":"Comment","target":["https:\/\/gorica.info\/sve-uocene-nedostatke-na-radovima-na-aglomeraciji-mozete-prijaviti-do-15-travnja\/#respond"]}],"copyrightYear":"2023","copyrightHolder":{"@id":"https:\/\/gorica.info\/en\/#organization"}},{"@type":"WebPage","@id":"https:\/\/gorica.info\/sve-uocene-nedostatke-na-radovima-na-aglomeraciji-mozete-prijaviti-do-15-travnja\/","url":"https:\/\/gorica.info\/sve-uocene-nedostatke-na-radovima-na-aglomeraciji-mozete-prijaviti-do-15-travnja\/","name":"Bli\u017ei se kraj radovima na aglomeraciji: Sve uo\u010dene nedostatke mo\u017eete prijaviti do 15. travnja - Gorica Info","isPartOf":{"@id":"https:\/\/gorica.info\/#website"},"primaryImageOfPage":{"@id":"https:\/\/gorica.info\/sve-uocene-nedostatke-na-radovima-na-aglomeraciji-mozete-prijaviti-do-15-travnja\/#primaryimage"},"image":{"@id":"https:\/\/gorica.info\/sve-uocene-nedostatke-na-radovima-na-aglomeraciji-mozete-prijaviti-do-15-travnja\/#primaryimage"},"thumbnailUrl":"https:\/\/gorica.info\/wp-content\/uploads\/2023\/01\/aglomeracija-asfaltiranje-vg-e1674144829683.jpg","datePublished":"2023-01-20T05:11:53+00:00","description":"Sve uo\u010dene nedostatke na radovima na aglomeraciji mo\u017eete prijaviti do 15. travnja, poru\u010dili su iz VG Vodoopskrbe.","breadcrumb":{"@id":"https:\/\/gorica.info\/sve-uocene-nedostatke-na-radovima-na-aglomeraciji-mozete-prijaviti-do-15-travnja\/#breadcrumb"},"inLanguage":"en-US","potentialAction":[{"@type":"ReadAction","target":["https:\/\/gorica.info\/sve-uocene-nedostatke-na-radovima-na-aglomeraciji-mozete-prijaviti-do-15-travnja\/"]}]},{"@type":"ImageObject","inLanguage":"en-US","@id":"https:\/\/gorica.info\/sve-uocene-nedostatke-na-radovima-na-aglomeraciji-mozete-prijaviti-do-15-travnja\/#primaryimage","url":"https:\/\/gorica.info\/wp-content\/uploads\/2023\/01\/aglomeracija-asfaltiranje-vg-e1674144829683.jpg","contentUrl":"https:\/\/gorica.info\/wp-content\/uploads\/2023\/01\/aglomeracija-asfaltiranje-vg-e1674144829683.jpg","width":984,"height":800,"caption":"Foto: Gorica.info"},{"@type":"BreadcrumbList","@id":"https:\/\/gorica.info\/sve-uocene-nedostatke-na-radovima-na-aglomeraciji-mozete-prijaviti-do-15-travnja\/#breadcrumb","itemListElement":[{"@type":"ListItem","position":1,"name":"Po\u010detna stranica","item":"https:\/\/gorica.info\/"},{"@type":"ListItem","position":2,"name":"Bli\u017ei se kraj radovima na aglomeraciji: Sve uo\u010dene nedostatke mo\u017eete prijaviti do 15. travnja"}]},{"@type":"WebSite","@id":"https:\/\/gorica.info\/#website","url":"https:\/\/gorica.info\/","name":"Gorica Info","description":"Vijesti iz Velike Gorice i okolice.","publisher":{"@id":"https:\/\/gorica.info\/#organization"},"potentialAction":[{"@type":"SearchAction","target":{"@type":"EntryPoint","urlTemplate":"https:\/\/gorica.info\/?s={search_term_string}"},"query-input":{"@type":"PropertyValueSpecification","valueRequired":true,"valueName":"search_term_string"}}],"inLanguage":"en-US"},{"@type":["Organization","Place","NewsMediaOrganization"],"@id":"https:\/\/gorica.info\/#organization","name":"Gorica Info","url":"https:\/\/gorica.info\/","logo":{"@id":"https:\/\/gorica.info\/sve-uocene-nedostatke-na-radovima-na-aglomeraciji-mozete-prijaviti-do-15-travnja\/#local-main-organization-logo"},"image":{"@id":"https:\/\/gorica.info\/sve-uocene-nedostatke-na-radovima-na-aglomeraciji-mozete-prijaviti-do-15-travnja\/#local-main-organization-logo"},"sameAs":["https:\/\/www.facebook.com\/Goricainfo-106005144489262","https:\/\/x.com\/GoricaInfo","https:\/\/www.instagram.com\/gorica.info\/"],"address":{"@id":"https:\/\/gorica.info\/sve-uocene-nedostatke-na-radovima-na-aglomeraciji-mozete-prijaviti-do-15-travnja\/#local-main-place-address"},"telephone":[],"openingHoursSpecification":[{"@type":"OpeningHoursSpecification","dayOfWeek":["Monday","Tuesday","Wednesday","Thursday","Friday","Saturday","Sunday"],"opens":"09:00","closes":"17:00"}],"email":"redakcija@gorica.info"},{"@type":"Person","@id":"https:\/\/gorica.info\/#\/schema\/person\/4499af1f22f322670b9b5977ccc2e3de","name":"Gorica. info","description":"Gorica.info je lokalni portal koji prati Veliku Goricu i okolici, svakodnevno donosi najnovije vijesti i pri\u010de, kulturna doga\u0111anja i aktualnosti koje oblikuju \u017eivot gra\u0111ana.","url":"https:\/\/gorica.info\/en\/author\/gorica-info\/"},{"@type":"PostalAddress","@id":"https:\/\/gorica.info\/sve-uocene-nedostatke-na-radovima-na-aglomeraciji-mozete-prijaviti-do-15-travnja\/#local-main-place-address","streetAddress":"Horvatova 97","addressLocality":"Velika Gorica","postalCode":"10410","addressRegion":"Croatia","addressCountry":"HR"},{"@type":"ImageObject","inLanguage":"en-US","@id":"https:\/\/gorica.info\/sve-uocene-nedostatke-na-radovima-na-aglomeraciji-mozete-prijaviti-do-15-travnja\/#local-main-organization-logo","url":"https:\/\/gorica.info\/wp-content\/uploads\/2024\/07\/Gorica-Info-Logo-mali.png","contentUrl":"https:\/\/gorica.info\/wp-content\/uploads\/2024\/07\/Gorica-Info-Logo-mali.png","width":450,"height":85,"caption":"Gorica Info"}]},"geo.placename":"Velika Gorica","geo.region":"Croatia"},"_links":{"self":[{"href":"https:\/\/gorica.info\/en\/wp-json\/wp\/v2\/posts\/42957","targetHints":{"allow":["GET"]}}],"collection":[{"href":"https:\/\/gorica.info\/en\/wp-json\/wp\/v2\/posts"}],"about":[{"href":"https:\/\/gorica.info\/en\/wp-json\/wp\/v2\/types\/post"}],"author":[{"embeddable":true,"href":"https:\/\/gorica.info\/en\/wp-json\/wp\/v2\/users\/23"}],"replies":[{"embeddable":true,"href":"https:\/\/gorica.info\/en\/wp-json\/wp\/v2\/comments?post=42957"}],"version-history":[{"count":0,"href":"https:\/\/gorica.info\/en\/wp-json\/wp\/v2\/posts\/42957\/revisions"}],"wp:featuredmedia":[{"embeddable":true,"href":"https:\/\/gorica.info\/en\/wp-json\/wp\/v2\/media\/42959"}],"wp:attachment":[{"href":"https:\/\/gorica.info\/en\/wp-json\/wp\/v2\/media?parent=42957"}],"wp:term":[{"taxonomy":"category","embeddable":true,"href":"https:\/\/gorica.info\/en\/wp-json\/wp\/v2\/categories?post=42957"},{"taxonomy":"post_tag","embeddable":true,"href":"https:\/\/gorica.info\/en\/wp-json\/wp\/v2\/tags?post=42957"}],"curies":[{"name":"wp","href":"https:\/\/api.w.org\/{rel}","templated":true}]}}