{"id":43020,"date":"2023-01-20T13:52:36","date_gmt":"2023-01-20T12:52:36","guid":{"rendered":"https:\/\/gorica.info\/?p=43020"},"modified":"2023-01-20T13:52:36","modified_gmt":"2023-01-20T12:52:36","slug":"stigla-nova-oprema-za-zupanijski-stozer-civilne-zastite-nabavljena-prva-kabina-za-dekontaminaciju","status":"publish","type":"post","link":"https:\/\/gorica.info\/en\/stigla-nova-oprema-za-zupanijski-stozer-civilne-zastite-nabavljena-prva-kabina-za-dekontaminaciju\/","title":{"rendered":"Stigla nova oprema za \u017eupanijski Sto\u017eer civilne za\u0161tite: Nabavljena prva kabina za dekontaminaciju"},"content":{"rendered":"<p><strong>Sto\u017eer civilne za\u0161tite Zagreba\u010dke \u017eupanije<\/strong> bogatiji je za novu opremu. Nabavljena je kabina za dekontaminaciju, kompresor i di\u0161ni aparati ukupne vrijednosti gotovo <strong>30 tisu\u0107a eura<\/strong>.<\/p>\n<p>Centralno skladi\u0161te u Svetom Ivanu Zelini gdje se nalazi sva oprema obi\u0161ao je zamjenik \u017eupana <strong>Ervin Kolarec<\/strong>, ujedno i na\u010delnik Sto\u017eera civilne za\u0161tite Zagreba\u010dke \u017eupanije, izvijestili su u petak iz <a href=\"https:\/\/www.zagrebacka-zupanija.hr\/vijesti\/7127\/nova-oprema-za-civilnu-zastitu-nabavljena-prva-kab\">\u017eupanije<\/a>.<\/p>\n<p>&#8211; Zagreba\u010dka \u017eupanija kontinuiranim<a href=\"https:\/\/gorica.info\/en\/2023\/01\/11\/dozupan-kolarec-urucio-ugovore-za-razvoj-sporta-i-tehnicke-kulture-udrugama-i-savezima-ove-godine-12-milijuna-eura\/\"> ulaganjem<\/a> u novu opremu nadogra\u0111uje sustav civilne za\u0161tite kako bi bio spreman odgovoriti u slu\u010daju potencijalnih nesre\u0107a i katastrofa &#8211; rekao je Kolarec dodav\u0161i kako je u ovoj godini za civilnu za\u0161titu osigurano <strong>218 tisu\u0107a eura<\/strong>.<\/p>\n<p><img fetchpriority=\"high\" decoding=\"async\" class=\"aligncenter wp-image-43021 size-full\" src=\"https:\/\/gorica.info\/wp-content\/uploads\/2023\/01\/20230120_101414.jpg__648x432_q85_subsampling-2.jpg\" alt=\"kabina\" width=\"576\" height=\"432\" srcset=\"https:\/\/gorica.info\/wp-content\/uploads\/2023\/01\/20230120_101414.jpg__648x432_q85_subsampling-2.jpg 576w, https:\/\/gorica.info\/wp-content\/uploads\/2023\/01\/20230120_101414.jpg__648x432_q85_subsampling-2-300x225.jpg 300w, https:\/\/gorica.info\/wp-content\/uploads\/2023\/01\/20230120_101414.jpg__648x432_q85_subsampling-2-16x12.jpg 16w\" sizes=\"(max-width: 576px) 100vw, 576px\" \/><\/p>\n<p>&#8211; Ovo je prva kabina za dekontaminaciju na na\u0161em podru\u010dju, uz koju \u0107emo nabaviti profesionalna radna odijela kako bi na\u0161i vatrogasci na intervencijama bili maksimalno za\u0161ti\u0107eni &#8211; naglasio je Kolarec.<\/p>\n<p>&#8211; Nova kabina za dekontaminaciju mo\u017ee se jednostavno dovesti na bilo koju lokaciju i u kratkom vremenu staviti u funkciju, a u trenutku kada se dogodi nesre\u0107a koja zahtijeva trenutnu dekontaminaciju osoba ili opreme, \u0161to je slu\u010daj kod nesre\u0107a u industrijskim pogonima ili izlijevanja kemikalija, upravo je brzina intervencije od klju\u010dne va\u017enosti &#8211; rekao je<strong> Ivica Ma\u010dkovi\u0107<\/strong>, zapovjednik VZG Sveti Ivan Zelina.\u00a0<img decoding=\"async\" class=\"aligncenter wp-image-43022 size-full\" src=\"https:\/\/gorica.info\/wp-content\/uploads\/2023\/01\/20230120_101510.jpg__648x432_q85_subsampling-2.jpg\" alt=\"kabina\" width=\"576\" height=\"432\" srcset=\"https:\/\/gorica.info\/wp-content\/uploads\/2023\/01\/20230120_101510.jpg__648x432_q85_subsampling-2.jpg 576w, https:\/\/gorica.info\/wp-content\/uploads\/2023\/01\/20230120_101510.jpg__648x432_q85_subsampling-2-300x225.jpg 300w, https:\/\/gorica.info\/wp-content\/uploads\/2023\/01\/20230120_101510.jpg__648x432_q85_subsampling-2-16x12.jpg 16w\" sizes=\"(max-width: 576px) 100vw, 576px\" \/><\/p>","protected":false},"excerpt":{"rendered":"<p>Sto\u017eer civilne za\u0161tite Zagreba\u010dke \u017eupanije bogatiji je za novu opremu. Nabavljena je kabina za dekontaminaciju, kompresor i di\u0161ni aparati ukupne vrijednosti gotovo 30 tisu\u0107a eura. Centralno skladi\u0161te u Svetom Ivanu Zelini gdje se nalazi sva oprema obi\u0161ao je zamjenik \u017eupana Ervin Kolarec, ujedno i na\u010delnik Sto\u017eera civilne za\u0161tite Zagreba\u010dke \u017eupanije, izvijestili su u petak iz [&hellip;]<\/p>\n","protected":false},"author":25,"featured_media":43023,"comment_status":"open","ping_status":"open","sticky":false,"template":"","format":"standard","meta":{"limit_modified_date":"","last_modified_date":"","jnews-multi-image_gallery":[],"jnews_single_post":[],"jnews_primary_category":[],"jnews_override_counter":[],"footnotes":""},"categories":[108],"tags":[611,8606,8607,272,149],"class_list":["post-43020","post","type-post","status-publish","format-standard","has-post-thumbnail","hentry","category-zupanija","tag-ervin-kolarec","tag-ivica-mackovic","tag-kabina-za-dekontaminaciju","tag-stozer-civilne-zastite","tag-zagrebacka-zupanija"],"yoast_head":"<!-- This site is optimized with the Yoast SEO Premium plugin v27.5 (Yoast SEO v27.5) - https:\/\/yoast.com\/product\/yoast-seo-premium-wordpress\/ -->\n<title>Stigla nova oprema za \u017eupanijski Sto\u017eer civilne za\u0161tite: Nabavljena prva kabina za dekontaminaciju - Gorica Info<\/title>\n<meta name=\"description\" content=\"Stigla nova oprema za \u017eupanijski Sto\u017eer civilne za\u0161tite: Nabavljena prva kabina za dekontaminaciju, kompresor i di\u0161ni aparati ukupne.\" \/>\n<meta name=\"robots\" content=\"index, follow, max-snippet:-1, max-image-preview:large, max-video-preview:-1\" \/>\n<link rel=\"canonical\" href=\"https:\/\/gorica.info\/en\/stigla-nova-oprema-za-zupanijski-stozer-civilne-zastite-nabavljena-prva-kabina-za-dekontaminaciju\/\" \/>\n<meta property=\"og:locale\" content=\"en_US\" \/>\n<meta property=\"og:type\" content=\"article\" \/>\n<meta property=\"og:title\" content=\"Stigla nova oprema za \u017eupanijski Sto\u017eer civilne za\u0161tite: Nabavljena prva kabina za dekontaminaciju\" \/>\n<meta property=\"og:description\" content=\"Stigla nova oprema za \u017eupanijski Sto\u017eer civilne za\u0161tite: Nabavljena prva kabina za dekontaminaciju, kompresor i di\u0161ni aparati ukupne.\" \/>\n<meta property=\"og:url\" content=\"https:\/\/gorica.info\/en\/stigla-nova-oprema-za-zupanijski-stozer-civilne-zastite-nabavljena-prva-kabina-za-dekontaminaciju\/\" \/>\n<meta property=\"og:site_name\" content=\"Gorica Info\" \/>\n<meta property=\"article:publisher\" content=\"https:\/\/www.facebook.com\/Goricainfo-106005144489262\" \/>\n<meta property=\"article:published_time\" content=\"2023-01-20T12:52:36+00:00\" \/>\n<meta property=\"og:image\" content=\"https:\/\/gorica.info\/wp-content\/uploads\/2023\/01\/20230120_101019.jpg__648x432_q85_subsampling-2.jpg\" \/>\n\t<meta property=\"og:image:width\" content=\"576\" \/>\n\t<meta property=\"og:image:height\" content=\"432\" \/>\n\t<meta property=\"og:image:type\" content=\"image\/jpeg\" \/>\n<meta name=\"author\" content=\"Marta Horvat\" \/>\n<meta name=\"twitter:card\" content=\"summary_large_image\" \/>\n<meta name=\"twitter:creator\" content=\"@GoricaInfo\" \/>\n<meta name=\"twitter:site\" content=\"@GoricaInfo\" \/>\n<meta name=\"twitter:label1\" content=\"Written by\" \/>\n\t<meta name=\"twitter:data1\" content=\"Marta Horvat\" \/>\n\t<meta name=\"twitter:label2\" content=\"Est. reading time\" \/>\n\t<meta name=\"twitter:data2\" content=\"2 minutes\" \/>\n<meta name=\"geo.placename\" content=\"Velika Gorica\" \/>\n<meta name=\"geo.region\" content=\"Croatia\" \/>\n<!-- \/ Yoast SEO Premium plugin. -->","yoast_head_json":{"title":"Stigla nova oprema za \u017eupanijski Sto\u017eer civilne za\u0161tite: Nabavljena prva kabina za dekontaminaciju - Gorica Info","description":"Stigla nova oprema za \u017eupanijski Sto\u017eer civilne za\u0161tite: Nabavljena prva kabina za dekontaminaciju, kompresor i di\u0161ni aparati ukupne.","robots":{"index":"index","follow":"follow","max-snippet":"max-snippet:-1","max-image-preview":"max-image-preview:large","max-video-preview":"max-video-preview:-1"},"canonical":"https:\/\/gorica.info\/en\/stigla-nova-oprema-za-zupanijski-stozer-civilne-zastite-nabavljena-prva-kabina-za-dekontaminaciju\/","og_locale":"en_US","og_type":"article","og_title":"Stigla nova oprema za \u017eupanijski Sto\u017eer civilne za\u0161tite: Nabavljena prva kabina za dekontaminaciju","og_description":"Stigla nova oprema za \u017eupanijski Sto\u017eer civilne za\u0161tite: Nabavljena prva kabina za dekontaminaciju, kompresor i di\u0161ni aparati ukupne.","og_url":"https:\/\/gorica.info\/en\/stigla-nova-oprema-za-zupanijski-stozer-civilne-zastite-nabavljena-prva-kabina-za-dekontaminaciju\/","og_site_name":"Gorica Info","article_publisher":"https:\/\/www.facebook.com\/Goricainfo-106005144489262","article_published_time":"2023-01-20T12:52:36+00:00","og_image":[{"width":576,"height":432,"url":"https:\/\/gorica.info\/wp-content\/uploads\/2023\/01\/20230120_101019.jpg__648x432_q85_subsampling-2.jpg","type":"image\/jpeg"}],"author":"Marta Horvat","twitter_card":"summary_large_image","twitter_creator":"@GoricaInfo","twitter_site":"@GoricaInfo","twitter_misc":{"Written by":"Marta Horvat","Est. reading time":"2 minutes"},"schema":{"@context":"https:\/\/schema.org","@graph":[{"@type":"NewsArticle","@id":"https:\/\/gorica.info\/stigla-nova-oprema-za-zupanijski-stozer-civilne-zastite-nabavljena-prva-kabina-za-dekontaminaciju\/#article","isPartOf":{"@id":"https:\/\/gorica.info\/stigla-nova-oprema-za-zupanijski-stozer-civilne-zastite-nabavljena-prva-kabina-za-dekontaminaciju\/"},"author":{"name":"Marta Horvat","@id":"https:\/\/gorica.info\/#\/schema\/person\/b2df2f6fb2a9073c0fa5af2672befd52"},"headline":"Stigla nova oprema za \u017eupanijski Sto\u017eer civilne za\u0161tite: Nabavljena prva kabina za dekontaminaciju","datePublished":"2023-01-20T12:52:36+00:00","mainEntityOfPage":{"@id":"https:\/\/gorica.info\/stigla-nova-oprema-za-zupanijski-stozer-civilne-zastite-nabavljena-prva-kabina-za-dekontaminaciju\/"},"wordCount":232,"commentCount":0,"publisher":{"@id":"https:\/\/gorica.info\/#organization"},"image":{"@id":"https:\/\/gorica.info\/stigla-nova-oprema-za-zupanijski-stozer-civilne-zastite-nabavljena-prva-kabina-za-dekontaminaciju\/#primaryimage"},"thumbnailUrl":"https:\/\/gorica.info\/wp-content\/uploads\/2023\/01\/20230120_101019.jpg__648x432_q85_subsampling-2.jpg","keywords":["ervin kolarec","ivica ma\u010dkovi\u0107","kabina za dekontaminaciju","sto\u017eer civilne za\u0161tite","Zagreba\u010dka \u017eupanija"],"articleSection":["\u017dUPANIJA"],"inLanguage":"en-US","potentialAction":[{"@type":"CommentAction","name":"Comment","target":["https:\/\/gorica.info\/stigla-nova-oprema-za-zupanijski-stozer-civilne-zastite-nabavljena-prva-kabina-za-dekontaminaciju\/#respond"]}],"copyrightYear":"2023","copyrightHolder":{"@id":"https:\/\/gorica.info\/en\/#organization"}},{"@type":"WebPage","@id":"https:\/\/gorica.info\/stigla-nova-oprema-za-zupanijski-stozer-civilne-zastite-nabavljena-prva-kabina-za-dekontaminaciju\/","url":"https:\/\/gorica.info\/stigla-nova-oprema-za-zupanijski-stozer-civilne-zastite-nabavljena-prva-kabina-za-dekontaminaciju\/","name":"Stigla nova oprema za \u017eupanijski Sto\u017eer civilne za\u0161tite: Nabavljena prva kabina za dekontaminaciju - Gorica Info","isPartOf":{"@id":"https:\/\/gorica.info\/#website"},"primaryImageOfPage":{"@id":"https:\/\/gorica.info\/stigla-nova-oprema-za-zupanijski-stozer-civilne-zastite-nabavljena-prva-kabina-za-dekontaminaciju\/#primaryimage"},"image":{"@id":"https:\/\/gorica.info\/stigla-nova-oprema-za-zupanijski-stozer-civilne-zastite-nabavljena-prva-kabina-za-dekontaminaciju\/#primaryimage"},"thumbnailUrl":"https:\/\/gorica.info\/wp-content\/uploads\/2023\/01\/20230120_101019.jpg__648x432_q85_subsampling-2.jpg","datePublished":"2023-01-20T12:52:36+00:00","description":"Stigla nova oprema za \u017eupanijski Sto\u017eer civilne za\u0161tite: Nabavljena prva kabina za dekontaminaciju, kompresor i di\u0161ni aparati ukupne.","breadcrumb":{"@id":"https:\/\/gorica.info\/stigla-nova-oprema-za-zupanijski-stozer-civilne-zastite-nabavljena-prva-kabina-za-dekontaminaciju\/#breadcrumb"},"inLanguage":"en-US","potentialAction":[{"@type":"ReadAction","target":["https:\/\/gorica.info\/stigla-nova-oprema-za-zupanijski-stozer-civilne-zastite-nabavljena-prva-kabina-za-dekontaminaciju\/"]}]},{"@type":"ImageObject","inLanguage":"en-US","@id":"https:\/\/gorica.info\/stigla-nova-oprema-za-zupanijski-stozer-civilne-zastite-nabavljena-prva-kabina-za-dekontaminaciju\/#primaryimage","url":"https:\/\/gorica.info\/wp-content\/uploads\/2023\/01\/20230120_101019.jpg__648x432_q85_subsampling-2.jpg","contentUrl":"https:\/\/gorica.info\/wp-content\/uploads\/2023\/01\/20230120_101019.jpg__648x432_q85_subsampling-2.jpg","width":576,"height":432,"caption":"Foto: Zagreba\u010dka \u017eupanija"},{"@type":"BreadcrumbList","@id":"https:\/\/gorica.info\/stigla-nova-oprema-za-zupanijski-stozer-civilne-zastite-nabavljena-prva-kabina-za-dekontaminaciju\/#breadcrumb","itemListElement":[{"@type":"ListItem","position":1,"name":"Po\u010detna stranica","item":"https:\/\/gorica.info\/"},{"@type":"ListItem","position":2,"name":"Stigla nova oprema za \u017eupanijski Sto\u017eer civilne za\u0161tite: Nabavljena prva kabina za dekontaminaciju"}]},{"@type":"WebSite","@id":"https:\/\/gorica.info\/#website","url":"https:\/\/gorica.info\/","name":"Gorica Info","description":"Vijesti iz Velike Gorice i okolice.","publisher":{"@id":"https:\/\/gorica.info\/#organization"},"potentialAction":[{"@type":"SearchAction","target":{"@type":"EntryPoint","urlTemplate":"https:\/\/gorica.info\/?s={search_term_string}"},"query-input":{"@type":"PropertyValueSpecification","valueRequired":true,"valueName":"search_term_string"}}],"inLanguage":"en-US"},{"@type":["Organization","Place","NewsMediaOrganization"],"@id":"https:\/\/gorica.info\/#organization","name":"Gorica Info","url":"https:\/\/gorica.info\/","logo":{"@id":"https:\/\/gorica.info\/stigla-nova-oprema-za-zupanijski-stozer-civilne-zastite-nabavljena-prva-kabina-za-dekontaminaciju\/#local-main-organization-logo"},"image":{"@id":"https:\/\/gorica.info\/stigla-nova-oprema-za-zupanijski-stozer-civilne-zastite-nabavljena-prva-kabina-za-dekontaminaciju\/#local-main-organization-logo"},"sameAs":["https:\/\/www.facebook.com\/Goricainfo-106005144489262","https:\/\/x.com\/GoricaInfo","https:\/\/www.instagram.com\/gorica.info\/"],"address":{"@id":"https:\/\/gorica.info\/stigla-nova-oprema-za-zupanijski-stozer-civilne-zastite-nabavljena-prva-kabina-za-dekontaminaciju\/#local-main-place-address"},"telephone":[],"openingHoursSpecification":[{"@type":"OpeningHoursSpecification","dayOfWeek":["Monday","Tuesday","Wednesday","Thursday","Friday","Saturday","Sunday"],"opens":"09:00","closes":"17:00"}],"email":"redakcija@gorica.info"},{"@type":"Person","@id":"https:\/\/gorica.info\/#\/schema\/person\/b2df2f6fb2a9073c0fa5af2672befd52","name":"Marta Horvat","description":"Marta Horvat je studentica koja redovito pi\u0161e za portal, prati sva gradska doga\u0111anja i u\u017eiva isprobavati nove recept koje dijeli s na\u0161im \u010ditateljima.","url":"https:\/\/gorica.info\/en\/author\/marta-horvat\/"},{"@type":"PostalAddress","@id":"https:\/\/gorica.info\/stigla-nova-oprema-za-zupanijski-stozer-civilne-zastite-nabavljena-prva-kabina-za-dekontaminaciju\/#local-main-place-address","streetAddress":"Horvatova 97","addressLocality":"Velika Gorica","postalCode":"10410","addressRegion":"Croatia","addressCountry":"HR"},{"@type":"ImageObject","inLanguage":"en-US","@id":"https:\/\/gorica.info\/stigla-nova-oprema-za-zupanijski-stozer-civilne-zastite-nabavljena-prva-kabina-za-dekontaminaciju\/#local-main-organization-logo","url":"https:\/\/gorica.info\/wp-content\/uploads\/2024\/07\/Gorica-Info-Logo-mali.png","contentUrl":"https:\/\/gorica.info\/wp-content\/uploads\/2024\/07\/Gorica-Info-Logo-mali.png","width":450,"height":85,"caption":"Gorica Info"}]},"geo.placename":"Velika Gorica","geo.region":"Croatia"},"_links":{"self":[{"href":"https:\/\/gorica.info\/en\/wp-json\/wp\/v2\/posts\/43020","targetHints":{"allow":["GET"]}}],"collection":[{"href":"https:\/\/gorica.info\/en\/wp-json\/wp\/v2\/posts"}],"about":[{"href":"https:\/\/gorica.info\/en\/wp-json\/wp\/v2\/types\/post"}],"author":[{"embeddable":true,"href":"https:\/\/gorica.info\/en\/wp-json\/wp\/v2\/users\/25"}],"replies":[{"embeddable":true,"href":"https:\/\/gorica.info\/en\/wp-json\/wp\/v2\/comments?post=43020"}],"version-history":[{"count":0,"href":"https:\/\/gorica.info\/en\/wp-json\/wp\/v2\/posts\/43020\/revisions"}],"wp:featuredmedia":[{"embeddable":true,"href":"https:\/\/gorica.info\/en\/wp-json\/wp\/v2\/media\/43023"}],"wp:attachment":[{"href":"https:\/\/gorica.info\/en\/wp-json\/wp\/v2\/media?parent=43020"}],"wp:term":[{"taxonomy":"category","embeddable":true,"href":"https:\/\/gorica.info\/en\/wp-json\/wp\/v2\/categories?post=43020"},{"taxonomy":"post_tag","embeddable":true,"href":"https:\/\/gorica.info\/en\/wp-json\/wp\/v2\/tags?post=43020"}],"curies":[{"name":"wp","href":"https:\/\/api.w.org\/{rel}","templated":true}]}}