{"id":43630,"date":"2023-02-01T16:10:16","date_gmt":"2023-02-01T15:10:16","guid":{"rendered":"https:\/\/gorica.info\/?p=43630"},"modified":"2023-02-01T16:10:16","modified_gmt":"2023-02-01T15:10:16","slug":"pojacanje-hnk-gorice-uoci-bitne-utakmice-sa-sibenikom-u-veliku-goricu-stigao-i-ivan-tomecak","status":"publish","type":"post","link":"https:\/\/gorica.info\/en\/pojacanje-hnk-gorice-uoci-bitne-utakmice-sa-sibenikom-u-veliku-goricu-stigao-i-ivan-tomecak\/","title":{"rendered":"Poja\u010danja HNK Gorice uo\u010di bitne utakmice sa \u0160ibenikom: U Veliku Goricu stigli Ivan Tome\u010dak i Bo\u017eidar Rado\u0161evi\u0107"},"content":{"rendered":"<p><strong>Ivan Tome\u010dak<\/strong> novo je poja\u010danje HNK Gorice. Taj 33-godi\u0161nji igra\u010d u Veliku Goricu stigao je kao slobodan igra\u010d nakon \u0161to je raskinuo ugovor s Lokomotivom, objavio je gori\u010dki klub na <a href=\"https:\/\/www.facebook.com\/photo\/?fbid=610896144379215&amp;set=pcb.610905444378285\">svojoj Facebook stranici<\/a>. Istodobno je redove Gori\u010dana poja\u010dao i vratar Bo\u017eidar Rado\u0161evi\u0107.<\/p>\n<p>Za Tome\u010daka znaju svi koji i ovla\u0161 prate hrvatski nogomet i HNL. On je ve\u0107 15 godina u seniorskom nogometu, a po\u010deo je u Lokomotivi i Dinamu. U Hrvatskoj je igrao jo\u0161 za Rijeku, a nastupao je i za klubove iz Ukrajine, Saudijske Arabije, Belgije i Cipra.<\/p>\n<p>Tako je Tome\u010dak igrao i za saudijski Al-Nassr u \u010dijem dresu sada nastupa i <strong>Ronaldo<\/strong>. Prema Transfermarktu Tome\u010dak trenuta\u010dno vrijedi 250 tisu\u0107a eura, a najvi\u0161e je vrijedio, 2,5 milijuna eura, prije sedam i pol godina kada je iz Rijeke oti\u0161ao u ukrajinski Dnipro.<\/p>\n<p><strong>Bo\u017eidar Rado\u0161evi\u0107<\/strong> Tome\u010dakov je vr\u0161njak, a u Goricu sti\u017ee iz Vara\u017edina. Upravo je on obranio jedanaesterac <strong>Joeyju Suku<\/strong> u prvoj utakmici nakon zimske stanke odigranoj prije dva tjedna i tako spasio Vara\u017edin od poraza.<\/p>\n<p>Tome\u010dak i Rado\u0161evi\u0107 sti\u017eu uo\u010di <a href=\"https:\/\/gorica.info\/en\/2023\/01\/29\/gorica-se-iz-osijeka-vraca-kuci-bez-bodova-s-porazom-od-20-goricani-mogu-biti-sretni-a-za-tjedan-dana-pobjeda-je-imperativ\/\">jedne od najva\u017enijih utakmica sezone<\/a> za HNK Goricu. U nedjelju na gori\u010dki Gradski stadion sti\u017ee \u0160ibenik koji jedini s Goricom vodi bitku za ostanak u HNL-u. \u0160ibenik ima \u010detiri boda prednosti pred Goricom, pa doma\u0107ini nemaju drugog izbora nego pobijediti u nedjelju. Utakmica po\u010dinje u 15 sati.<\/p>","protected":false},"excerpt":{"rendered":"<p>Ivan Tome\u010dak novo je poja\u010danje HNK Gorice. Taj 33-godi\u0161nji igra\u010d u Veliku Goricu stigao je kao slobodan igra\u010d nakon \u0161to je raskinuo ugovor s Lokomotivom, objavio je gori\u010dki klub na svojoj Facebook stranici. Istodobno je redove Gori\u010dana poja\u010dao i vratar Bo\u017eidar Rado\u0161evi\u0107. Za Tome\u010daka znaju svi koji i ovla\u0161 prate hrvatski nogomet i HNL. On [&hellip;]<\/p>\n","protected":false},"author":23,"featured_media":43631,"comment_status":"open","ping_status":"open","sticky":false,"template":"","format":"standard","meta":{"limit_modified_date":"","last_modified_date":"","jnews-multi-image_gallery":[],"jnews_single_post":[],"jnews_primary_category":[],"jnews_override_counter":[],"footnotes":""},"categories":[101],"tags":[511,131,8726],"class_list":["post-43630","post","type-post","status-publish","format-standard","has-post-thumbnail","hentry","category-nogomet","tag-hnl","tag-hnk-gorica","tag-ivan-tomecak"],"yoast_head":"<!-- This site is optimized with the Yoast SEO Premium plugin v27.4 (Yoast SEO v27.4) - https:\/\/yoast.com\/product\/yoast-seo-premium-wordpress\/ -->\n<title>Poja\u010danja HNK Gorice uo\u010di bitne utakmice sa \u0160ibenikom: U Veliku Goricu stigli Ivan Tome\u010dak i Bo\u017eidar Rado\u0161evi\u0107 - Gorica Info<\/title>\n<meta name=\"description\" content=\"Ivan Tome\u010dak novo je poja\u010danje HNKGorice. Taj 33-godi\u0161nji igra\u010d u Veliku Goricu stigao je kao slobodan igra\u010d nakon raskida s Lokomotivom\" \/>\n<meta name=\"robots\" content=\"index, follow, max-snippet:-1, max-image-preview:large, max-video-preview:-1\" \/>\n<link rel=\"canonical\" href=\"https:\/\/gorica.info\/en\/pojacanje-hnk-gorice-uoci-bitne-utakmice-sa-sibenikom-u-veliku-goricu-stigao-i-ivan-tomecak\/\" \/>\n<meta property=\"og:locale\" content=\"en_US\" \/>\n<meta property=\"og:type\" content=\"article\" \/>\n<meta property=\"og:title\" content=\"Poja\u010danja HNK Gorice uo\u010di bitne utakmice sa \u0160ibenikom: U Veliku Goricu stigli Ivan Tome\u010dak i Bo\u017eidar Rado\u0161evi\u0107\" \/>\n<meta property=\"og:description\" content=\"Ivan Tome\u010dak novo je poja\u010danje HNKGorice. Taj 33-godi\u0161nji igra\u010d u Veliku Goricu stigao je kao slobodan igra\u010d nakon raskida s Lokomotivom\" \/>\n<meta property=\"og:url\" content=\"https:\/\/gorica.info\/en\/pojacanje-hnk-gorice-uoci-bitne-utakmice-sa-sibenikom-u-veliku-goricu-stigao-i-ivan-tomecak\/\" \/>\n<meta property=\"og:site_name\" content=\"Gorica Info\" \/>\n<meta property=\"article:publisher\" content=\"https:\/\/www.facebook.com\/Goricainfo-106005144489262\" \/>\n<meta property=\"article:published_time\" content=\"2023-02-01T15:10:16+00:00\" \/>\n<meta property=\"og:image\" content=\"https:\/\/gorica.info\/wp-content\/uploads\/2023\/02\/323004730_880003699991083_5894551571935432326_n.jpg\" \/>\n\t<meta property=\"og:image:width\" content=\"1119\" \/>\n\t<meta property=\"og:image:height\" content=\"800\" \/>\n\t<meta property=\"og:image:type\" content=\"image\/jpeg\" \/>\n<meta name=\"author\" content=\"Gorica. info\" \/>\n<meta name=\"twitter:card\" content=\"summary_large_image\" \/>\n<meta name=\"twitter:creator\" content=\"@GoricaInfo\" \/>\n<meta name=\"twitter:site\" content=\"@GoricaInfo\" \/>\n<meta name=\"twitter:label1\" content=\"Written by\" \/>\n\t<meta name=\"twitter:data1\" content=\"Gorica. info\" \/>\n\t<meta name=\"twitter:label2\" content=\"Est. reading time\" \/>\n\t<meta name=\"twitter:data2\" content=\"2 minutes\" \/>\n<meta name=\"geo.placename\" content=\"Velika Gorica\" \/>\n<meta name=\"geo.region\" content=\"Croatia\" \/>\n<!-- \/ Yoast SEO Premium plugin. -->","yoast_head_json":{"title":"Poja\u010danja HNK Gorice uo\u010di bitne utakmice sa \u0160ibenikom: U Veliku Goricu stigli Ivan Tome\u010dak i Bo\u017eidar Rado\u0161evi\u0107 - Gorica Info","description":"Ivan Tome\u010dak novo je poja\u010danje HNKGorice. Taj 33-godi\u0161nji igra\u010d u Veliku Goricu stigao je kao slobodan igra\u010d nakon raskida s Lokomotivom","robots":{"index":"index","follow":"follow","max-snippet":"max-snippet:-1","max-image-preview":"max-image-preview:large","max-video-preview":"max-video-preview:-1"},"canonical":"https:\/\/gorica.info\/en\/pojacanje-hnk-gorice-uoci-bitne-utakmice-sa-sibenikom-u-veliku-goricu-stigao-i-ivan-tomecak\/","og_locale":"en_US","og_type":"article","og_title":"Poja\u010danja HNK Gorice uo\u010di bitne utakmice sa \u0160ibenikom: U Veliku Goricu stigli Ivan Tome\u010dak i Bo\u017eidar Rado\u0161evi\u0107","og_description":"Ivan Tome\u010dak novo je poja\u010danje HNKGorice. Taj 33-godi\u0161nji igra\u010d u Veliku Goricu stigao je kao slobodan igra\u010d nakon raskida s Lokomotivom","og_url":"https:\/\/gorica.info\/en\/pojacanje-hnk-gorice-uoci-bitne-utakmice-sa-sibenikom-u-veliku-goricu-stigao-i-ivan-tomecak\/","og_site_name":"Gorica Info","article_publisher":"https:\/\/www.facebook.com\/Goricainfo-106005144489262","article_published_time":"2023-02-01T15:10:16+00:00","og_image":[{"width":1119,"height":800,"url":"https:\/\/gorica.info\/wp-content\/uploads\/2023\/02\/323004730_880003699991083_5894551571935432326_n.jpg","type":"image\/jpeg"}],"author":"Gorica. info","twitter_card":"summary_large_image","twitter_creator":"@GoricaInfo","twitter_site":"@GoricaInfo","twitter_misc":{"Written by":"Gorica. info","Est. reading time":"2 minutes"},"schema":{"@context":"https:\/\/schema.org","@graph":[{"@type":"NewsArticle","@id":"https:\/\/gorica.info\/pojacanje-hnk-gorice-uoci-bitne-utakmice-sa-sibenikom-u-veliku-goricu-stigao-i-ivan-tomecak\/#article","isPartOf":{"@id":"https:\/\/gorica.info\/pojacanje-hnk-gorice-uoci-bitne-utakmice-sa-sibenikom-u-veliku-goricu-stigao-i-ivan-tomecak\/"},"author":{"name":"Gorica. info","@id":"https:\/\/gorica.info\/#\/schema\/person\/4499af1f22f322670b9b5977ccc2e3de"},"headline":"Poja\u010danja HNK Gorice uo\u010di bitne utakmice sa \u0160ibenikom: U Veliku Goricu stigli Ivan Tome\u010dak i Bo\u017eidar Rado\u0161evi\u0107","datePublished":"2023-02-01T15:10:16+00:00","mainEntityOfPage":{"@id":"https:\/\/gorica.info\/pojacanje-hnk-gorice-uoci-bitne-utakmice-sa-sibenikom-u-veliku-goricu-stigao-i-ivan-tomecak\/"},"wordCount":268,"commentCount":0,"publisher":{"@id":"https:\/\/gorica.info\/#organization"},"image":{"@id":"https:\/\/gorica.info\/pojacanje-hnk-gorice-uoci-bitne-utakmice-sa-sibenikom-u-veliku-goricu-stigao-i-ivan-tomecak\/#primaryimage"},"thumbnailUrl":"https:\/\/gorica.info\/wp-content\/uploads\/2023\/02\/323004730_880003699991083_5894551571935432326_n.jpg","keywords":["#HNL","HNK Gorica","ivan tome\u010dak"],"articleSection":["NOGOMET"],"inLanguage":"en-US","potentialAction":[{"@type":"CommentAction","name":"Comment","target":["https:\/\/gorica.info\/pojacanje-hnk-gorice-uoci-bitne-utakmice-sa-sibenikom-u-veliku-goricu-stigao-i-ivan-tomecak\/#respond"]}],"copyrightYear":"2023","copyrightHolder":{"@id":"https:\/\/gorica.info\/en\/#organization"}},{"@type":"WebPage","@id":"https:\/\/gorica.info\/pojacanje-hnk-gorice-uoci-bitne-utakmice-sa-sibenikom-u-veliku-goricu-stigao-i-ivan-tomecak\/","url":"https:\/\/gorica.info\/pojacanje-hnk-gorice-uoci-bitne-utakmice-sa-sibenikom-u-veliku-goricu-stigao-i-ivan-tomecak\/","name":"Poja\u010danja HNK Gorice uo\u010di bitne utakmice sa \u0160ibenikom: U Veliku Goricu stigli Ivan Tome\u010dak i Bo\u017eidar Rado\u0161evi\u0107 - Gorica Info","isPartOf":{"@id":"https:\/\/gorica.info\/#website"},"primaryImageOfPage":{"@id":"https:\/\/gorica.info\/pojacanje-hnk-gorice-uoci-bitne-utakmice-sa-sibenikom-u-veliku-goricu-stigao-i-ivan-tomecak\/#primaryimage"},"image":{"@id":"https:\/\/gorica.info\/pojacanje-hnk-gorice-uoci-bitne-utakmice-sa-sibenikom-u-veliku-goricu-stigao-i-ivan-tomecak\/#primaryimage"},"thumbnailUrl":"https:\/\/gorica.info\/wp-content\/uploads\/2023\/02\/323004730_880003699991083_5894551571935432326_n.jpg","datePublished":"2023-02-01T15:10:16+00:00","description":"Ivan Tome\u010dak novo je poja\u010danje HNKGorice. Taj 33-godi\u0161nji igra\u010d u Veliku Goricu stigao je kao slobodan igra\u010d nakon raskida s Lokomotivom","breadcrumb":{"@id":"https:\/\/gorica.info\/pojacanje-hnk-gorice-uoci-bitne-utakmice-sa-sibenikom-u-veliku-goricu-stigao-i-ivan-tomecak\/#breadcrumb"},"inLanguage":"en-US","potentialAction":[{"@type":"ReadAction","target":["https:\/\/gorica.info\/pojacanje-hnk-gorice-uoci-bitne-utakmice-sa-sibenikom-u-veliku-goricu-stigao-i-ivan-tomecak\/"]}]},{"@type":"ImageObject","inLanguage":"en-US","@id":"https:\/\/gorica.info\/pojacanje-hnk-gorice-uoci-bitne-utakmice-sa-sibenikom-u-veliku-goricu-stigao-i-ivan-tomecak\/#primaryimage","url":"https:\/\/gorica.info\/wp-content\/uploads\/2023\/02\/323004730_880003699991083_5894551571935432326_n.jpg","contentUrl":"https:\/\/gorica.info\/wp-content\/uploads\/2023\/02\/323004730_880003699991083_5894551571935432326_n.jpg","width":1100,"height":786,"caption":"Ivan Tome\u010dak novo je poja\u010danje Gorice \/ Foto: HNK Gorica"},{"@type":"BreadcrumbList","@id":"https:\/\/gorica.info\/pojacanje-hnk-gorice-uoci-bitne-utakmice-sa-sibenikom-u-veliku-goricu-stigao-i-ivan-tomecak\/#breadcrumb","itemListElement":[{"@type":"ListItem","position":1,"name":"Po\u010detna stranica","item":"https:\/\/gorica.info\/"},{"@type":"ListItem","position":2,"name":"Poja\u010danja HNK Gorice uo\u010di bitne utakmice sa \u0160ibenikom: U Veliku Goricu stigli Ivan Tome\u010dak i Bo\u017eidar Rado\u0161evi\u0107"}]},{"@type":"WebSite","@id":"https:\/\/gorica.info\/#website","url":"https:\/\/gorica.info\/","name":"Gorica Info","description":"Vijesti iz Velike Gorice i okolice.","publisher":{"@id":"https:\/\/gorica.info\/#organization"},"potentialAction":[{"@type":"SearchAction","target":{"@type":"EntryPoint","urlTemplate":"https:\/\/gorica.info\/?s={search_term_string}"},"query-input":{"@type":"PropertyValueSpecification","valueRequired":true,"valueName":"search_term_string"}}],"inLanguage":"en-US"},{"@type":["Organization","Place","NewsMediaOrganization"],"@id":"https:\/\/gorica.info\/#organization","name":"Gorica Info","url":"https:\/\/gorica.info\/","logo":{"@id":"https:\/\/gorica.info\/pojacanje-hnk-gorice-uoci-bitne-utakmice-sa-sibenikom-u-veliku-goricu-stigao-i-ivan-tomecak\/#local-main-organization-logo"},"image":{"@id":"https:\/\/gorica.info\/pojacanje-hnk-gorice-uoci-bitne-utakmice-sa-sibenikom-u-veliku-goricu-stigao-i-ivan-tomecak\/#local-main-organization-logo"},"sameAs":["https:\/\/www.facebook.com\/Goricainfo-106005144489262","https:\/\/x.com\/GoricaInfo","https:\/\/www.instagram.com\/gorica.info\/"],"address":{"@id":"https:\/\/gorica.info\/pojacanje-hnk-gorice-uoci-bitne-utakmice-sa-sibenikom-u-veliku-goricu-stigao-i-ivan-tomecak\/#local-main-place-address"},"telephone":[],"openingHoursSpecification":[{"@type":"OpeningHoursSpecification","dayOfWeek":["Monday","Tuesday","Wednesday","Thursday","Friday","Saturday","Sunday"],"opens":"09:00","closes":"17:00"}],"email":"redakcija@gorica.info"},{"@type":"Person","@id":"https:\/\/gorica.info\/#\/schema\/person\/4499af1f22f322670b9b5977ccc2e3de","name":"Gorica. info","description":"Gorica.info je lokalni portal koji prati Veliku Goricu i okolici, svakodnevno donosi najnovije vijesti i pri\u010de, kulturna doga\u0111anja i aktualnosti koje oblikuju \u017eivot gra\u0111ana.","url":"https:\/\/gorica.info\/en\/author\/gorica-info\/"},{"@type":"PostalAddress","@id":"https:\/\/gorica.info\/pojacanje-hnk-gorice-uoci-bitne-utakmice-sa-sibenikom-u-veliku-goricu-stigao-i-ivan-tomecak\/#local-main-place-address","streetAddress":"Horvatova 97","addressLocality":"Velika Gorica","postalCode":"10410","addressRegion":"Croatia","addressCountry":"HR"},{"@type":"ImageObject","inLanguage":"en-US","@id":"https:\/\/gorica.info\/pojacanje-hnk-gorice-uoci-bitne-utakmice-sa-sibenikom-u-veliku-goricu-stigao-i-ivan-tomecak\/#local-main-organization-logo","url":"https:\/\/gorica.info\/wp-content\/uploads\/2024\/07\/Gorica-Info-Logo-mali.png","contentUrl":"https:\/\/gorica.info\/wp-content\/uploads\/2024\/07\/Gorica-Info-Logo-mali.png","width":450,"height":85,"caption":"Gorica Info"}]},"geo.placename":"Velika Gorica","geo.region":"Croatia"},"_links":{"self":[{"href":"https:\/\/gorica.info\/en\/wp-json\/wp\/v2\/posts\/43630","targetHints":{"allow":["GET"]}}],"collection":[{"href":"https:\/\/gorica.info\/en\/wp-json\/wp\/v2\/posts"}],"about":[{"href":"https:\/\/gorica.info\/en\/wp-json\/wp\/v2\/types\/post"}],"author":[{"embeddable":true,"href":"https:\/\/gorica.info\/en\/wp-json\/wp\/v2\/users\/23"}],"replies":[{"embeddable":true,"href":"https:\/\/gorica.info\/en\/wp-json\/wp\/v2\/comments?post=43630"}],"version-history":[{"count":0,"href":"https:\/\/gorica.info\/en\/wp-json\/wp\/v2\/posts\/43630\/revisions"}],"wp:featuredmedia":[{"embeddable":true,"href":"https:\/\/gorica.info\/en\/wp-json\/wp\/v2\/media\/43631"}],"wp:attachment":[{"href":"https:\/\/gorica.info\/en\/wp-json\/wp\/v2\/media?parent=43630"}],"wp:term":[{"taxonomy":"category","embeddable":true,"href":"https:\/\/gorica.info\/en\/wp-json\/wp\/v2\/categories?post=43630"},{"taxonomy":"post_tag","embeddable":true,"href":"https:\/\/gorica.info\/en\/wp-json\/wp\/v2\/tags?post=43630"}],"curies":[{"name":"wp","href":"https:\/\/api.w.org\/{rel}","templated":true}]}}