{"id":43762,"date":"2023-02-04T11:48:19","date_gmt":"2023-02-04T10:48:19","guid":{"rendered":"https:\/\/gorica.info\/?p=43762"},"modified":"2023-02-04T11:48:19","modified_gmt":"2023-02-04T10:48:19","slug":"upaljen-narancasti-meteoalarm-vjetar-izaziva-kaos-i-rusi-stabla-u-raznim-dijelovima-zagreba-velika-gorica-zasad-postedena","status":"publish","type":"post","link":"https:\/\/gorica.info\/en\/upaljen-narancasti-meteoalarm-vjetar-izaziva-kaos-i-rusi-stabla-u-raznim-dijelovima-zagreba-velika-gorica-zasad-postedena\/","title":{"rendered":"Upaljen naran\u010dasti meteoalarm: Vjetar izaziva kaos i ru\u0161i stabla u raznim dijelovima Zagreba, Velika Gorica zasad po\u0161te\u0111ena"},"content":{"rendered":"<p>Naran\u010dasti meteoalarm upaljen je za Veliku Goricu, \u0161ire podru\u010dje Zagreba i sjeverozapadnu Hrvatsku. Razlog je olujni vjetar koji \u010ditavo subotnje prijepodne stvara kaos u dijelovima Zagreba, ali i \u0161irom Hrvatske.<\/p>\n<p><strong>Evo upozorenja DHMZ-a za na\u0161e podru\u010dje:<\/strong><\/p>\n<p class=\"table-warnings__info\"><em>Olujni udari sjevernog i sjeverozapadnog vjetra, osobito u Me\u0111imurju i Podravini. Najja\u010di udari vjetra 65-95 km\/h\u00a0BUDITE SPREMNI na poreme\u0107aje, o\u0161te\u0107enja konstrukcija i rizik od ozljeda zbog i\u0161\u010dupanih stabala, polomljenih grana te lete\u0107ih krhotina. Mogu\u0107 je prekid prometa i prekid opskrbe elektri\u010dnom energijom.<\/em><\/p>\n<p><a href=\"https:\/\/www.vecernji.hr\/vijesti\/hrvatska-pod-meteoalarmom-jak-vjetar-rusi-stabla-i-standove-vatrogasci-dojavili-niz-intervencija-1654541\">Ve\u010dernji list javlja<\/a> o ulicama zatrpanima sru\u0161enim stablima i granjem u glavnom gradu.\u00a0U Ulici Darwina Charlesa na zagreba\u010dkoj Pe\u0161\u010denici palo je stablo na autu koje je bilo u vo\u017enji, no nema ozlije\u0111enih. Stablo je palo kod Saloona pa je zatvorena cesta na Tu\u0161kancu. Vjetar je ru\u0161io stabla i u zapadnom dijelu grada, na Tre\u0161njevci.<\/p>\n<p>Zagreba\u010dki vatrogasci su preplavljeni pozivima gra\u0111ana koji ih zovu u pomo\u0107 da otklone posljedice jakog vjetra.<\/p>\n<p>Oko 11 sati nazvali smo <strong>JVP Velika Gorica<\/strong> kako bi saznali kakvo je stanje na velikogori\u010dkom podru\u010dju. Prema rije\u010dima de\u017eurnog poziva prakti\u010dno nema. Samo je s jedne ku\u0107e na na\u0161em podru\u010dju vjetar odnio lim,a \u00a0to su gori\u010dki vatrogasci brzo rije\u0161ili.<\/p>\n<p>No, naran\u010dasti meteoalarm za na\u0161e podru\u010dje je, za sada, na snazi danas do 18 sati. Stoga treba i dalje biti oprezan na otvorenim prostorima.<\/p>","protected":false},"excerpt":{"rendered":"<p>Naran\u010dasti meteoalarm upaljen je za Veliku Goricu, \u0161ire podru\u010dje Zagreba i sjeverozapadnu Hrvatsku. Razlog je olujni vjetar koji \u010ditavo subotnje prijepodne stvara kaos u dijelovima Zagreba, ali i \u0161irom Hrvatske. Evo upozorenja DHMZ-a za na\u0161e podru\u010dje: Olujni udari sjevernog i sjeverozapadnog vjetra, osobito u Me\u0111imurju i Podravini. Najja\u010di udari vjetra 65-95 km\/h\u00a0BUDITE SPREMNI na poreme\u0107aje, [&hellip;]<\/p>\n","protected":false},"author":25,"featured_media":2030,"comment_status":"open","ping_status":"open","sticky":false,"template":"","format":"standard","meta":{"limit_modified_date":"","last_modified_date":"","jnews-multi-image_gallery":[],"jnews_single_post":[],"jnews_primary_category":[],"jnews_override_counter":[],"footnotes":""},"categories":[92],"tags":[853,8758,552,451,465,357],"class_list":["post-43762","post","type-post","status-publish","format-standard","has-post-thumbnail","hentry","category-info","tag-dhmz","tag-intervencije","tag-jvp-velika-gorica","tag-meteoalarm","tag-vatrogasci","tag-vjetar"],"yoast_head":"<!-- This site is optimized with the Yoast SEO Premium plugin v27.4 (Yoast SEO v27.4) - https:\/\/yoast.com\/product\/yoast-seo-premium-wordpress\/ -->\n<title>Upaljen naran\u010dasti meteoalarm: Vjetar izaziva kaos i ru\u0161i stabla u raznim dijelovima Zagreba, Velika Gorica zasad po\u0161te\u0111ena - Gorica Info<\/title>\n<meta name=\"description\" content=\"Olujni vjetar razlog je naran\u010dastog meteoalarma za \u0161ire podru\u010dje Zagreba, Velike Gorice i ostalih dijelova sjeverozapadne Hrvatske\" \/>\n<meta name=\"robots\" content=\"index, follow, max-snippet:-1, max-image-preview:large, max-video-preview:-1\" \/>\n<link rel=\"canonical\" href=\"https:\/\/gorica.info\/en\/upaljen-narancasti-meteoalarm-vjetar-izaziva-kaos-i-rusi-stabla-u-raznim-dijelovima-zagreba-velika-gorica-zasad-postedena\/\" \/>\n<meta property=\"og:locale\" content=\"en_US\" \/>\n<meta property=\"og:type\" content=\"article\" \/>\n<meta property=\"og:title\" content=\"Upaljen naran\u010dasti meteoalarm: Vjetar izaziva kaos i ru\u0161i stabla u raznim dijelovima Zagreba, Velika Gorica zasad po\u0161te\u0111ena\" \/>\n<meta property=\"og:description\" content=\"Olujni vjetar razlog je naran\u010dastog meteoalarma za \u0161ire podru\u010dje Zagreba, Velike Gorice i ostalih dijelova sjeverozapadne Hrvatske\" \/>\n<meta property=\"og:url\" content=\"https:\/\/gorica.info\/en\/upaljen-narancasti-meteoalarm-vjetar-izaziva-kaos-i-rusi-stabla-u-raznim-dijelovima-zagreba-velika-gorica-zasad-postedena\/\" \/>\n<meta property=\"og:site_name\" content=\"Gorica Info\" \/>\n<meta property=\"article:publisher\" content=\"https:\/\/www.facebook.com\/Goricainfo-106005144489262\" \/>\n<meta property=\"article:published_time\" content=\"2023-02-04T10:48:19+00:00\" \/>\n<meta property=\"og:image\" content=\"https:\/\/gorica.info\/wp-content\/uploads\/2020\/07\/park_sruseno-stablo.jpg\" \/>\n\t<meta property=\"og:image:width\" content=\"640\" \/>\n\t<meta property=\"og:image:height\" content=\"480\" \/>\n\t<meta property=\"og:image:type\" content=\"image\/jpeg\" \/>\n<meta name=\"author\" content=\"Marta Horvat\" \/>\n<meta name=\"twitter:card\" content=\"summary_large_image\" \/>\n<meta name=\"twitter:creator\" content=\"@GoricaInfo\" \/>\n<meta name=\"twitter:site\" content=\"@GoricaInfo\" \/>\n<meta name=\"twitter:label1\" content=\"Written by\" \/>\n\t<meta name=\"twitter:data1\" content=\"Marta Horvat\" \/>\n\t<meta name=\"twitter:label2\" content=\"Est. reading time\" \/>\n\t<meta name=\"twitter:data2\" content=\"2 minutes\" \/>\n<meta name=\"geo.placename\" content=\"Velika Gorica\" \/>\n<meta name=\"geo.region\" content=\"Croatia\" \/>\n<!-- \/ Yoast SEO Premium plugin. -->","yoast_head_json":{"title":"Upaljen naran\u010dasti meteoalarm: Vjetar izaziva kaos i ru\u0161i stabla u raznim dijelovima Zagreba, Velika Gorica zasad po\u0161te\u0111ena - Gorica Info","description":"Olujni vjetar razlog je naran\u010dastog meteoalarma za \u0161ire podru\u010dje Zagreba, Velike Gorice i ostalih dijelova sjeverozapadne Hrvatske","robots":{"index":"index","follow":"follow","max-snippet":"max-snippet:-1","max-image-preview":"max-image-preview:large","max-video-preview":"max-video-preview:-1"},"canonical":"https:\/\/gorica.info\/en\/upaljen-narancasti-meteoalarm-vjetar-izaziva-kaos-i-rusi-stabla-u-raznim-dijelovima-zagreba-velika-gorica-zasad-postedena\/","og_locale":"en_US","og_type":"article","og_title":"Upaljen naran\u010dasti meteoalarm: Vjetar izaziva kaos i ru\u0161i stabla u raznim dijelovima Zagreba, Velika Gorica zasad po\u0161te\u0111ena","og_description":"Olujni vjetar razlog je naran\u010dastog meteoalarma za \u0161ire podru\u010dje Zagreba, Velike Gorice i ostalih dijelova sjeverozapadne Hrvatske","og_url":"https:\/\/gorica.info\/en\/upaljen-narancasti-meteoalarm-vjetar-izaziva-kaos-i-rusi-stabla-u-raznim-dijelovima-zagreba-velika-gorica-zasad-postedena\/","og_site_name":"Gorica Info","article_publisher":"https:\/\/www.facebook.com\/Goricainfo-106005144489262","article_published_time":"2023-02-04T10:48:19+00:00","og_image":[{"width":640,"height":480,"url":"https:\/\/gorica.info\/wp-content\/uploads\/2020\/07\/park_sruseno-stablo.jpg","type":"image\/jpeg"}],"author":"Marta Horvat","twitter_card":"summary_large_image","twitter_creator":"@GoricaInfo","twitter_site":"@GoricaInfo","twitter_misc":{"Written by":"Marta Horvat","Est. reading time":"2 minutes"},"schema":{"@context":"https:\/\/schema.org","@graph":[{"@type":"NewsArticle","@id":"https:\/\/gorica.info\/upaljen-narancasti-meteoalarm-vjetar-izaziva-kaos-i-rusi-stabla-u-raznim-dijelovima-zagreba-velika-gorica-zasad-postedena\/#article","isPartOf":{"@id":"https:\/\/gorica.info\/upaljen-narancasti-meteoalarm-vjetar-izaziva-kaos-i-rusi-stabla-u-raznim-dijelovima-zagreba-velika-gorica-zasad-postedena\/"},"author":{"name":"Marta Horvat","@id":"https:\/\/gorica.info\/#\/schema\/person\/b2df2f6fb2a9073c0fa5af2672befd52"},"headline":"Upaljen naran\u010dasti meteoalarm: Vjetar izaziva kaos i ru\u0161i stabla u raznim dijelovima Zagreba, Velika Gorica zasad po\u0161te\u0111ena","datePublished":"2023-02-04T10:48:19+00:00","mainEntityOfPage":{"@id":"https:\/\/gorica.info\/upaljen-narancasti-meteoalarm-vjetar-izaziva-kaos-i-rusi-stabla-u-raznim-dijelovima-zagreba-velika-gorica-zasad-postedena\/"},"wordCount":271,"commentCount":0,"publisher":{"@id":"https:\/\/gorica.info\/#organization"},"image":{"@id":"https:\/\/gorica.info\/upaljen-narancasti-meteoalarm-vjetar-izaziva-kaos-i-rusi-stabla-u-raznim-dijelovima-zagreba-velika-gorica-zasad-postedena\/#primaryimage"},"thumbnailUrl":"https:\/\/gorica.info\/wp-content\/uploads\/2020\/07\/park_sruseno-stablo.jpg","keywords":["dhmz","intervencije","JVP Velika Gorica","Meteoalarm","vatrogasci","vjetar"],"articleSection":["INFO"],"inLanguage":"en-US","potentialAction":[{"@type":"CommentAction","name":"Comment","target":["https:\/\/gorica.info\/upaljen-narancasti-meteoalarm-vjetar-izaziva-kaos-i-rusi-stabla-u-raznim-dijelovima-zagreba-velika-gorica-zasad-postedena\/#respond"]}],"copyrightYear":"2023","copyrightHolder":{"@id":"https:\/\/gorica.info\/en\/#organization"}},{"@type":"WebPage","@id":"https:\/\/gorica.info\/upaljen-narancasti-meteoalarm-vjetar-izaziva-kaos-i-rusi-stabla-u-raznim-dijelovima-zagreba-velika-gorica-zasad-postedena\/","url":"https:\/\/gorica.info\/upaljen-narancasti-meteoalarm-vjetar-izaziva-kaos-i-rusi-stabla-u-raznim-dijelovima-zagreba-velika-gorica-zasad-postedena\/","name":"Upaljen naran\u010dasti meteoalarm: Vjetar izaziva kaos i ru\u0161i stabla u raznim dijelovima Zagreba, Velika Gorica zasad po\u0161te\u0111ena - Gorica Info","isPartOf":{"@id":"https:\/\/gorica.info\/#website"},"primaryImageOfPage":{"@id":"https:\/\/gorica.info\/upaljen-narancasti-meteoalarm-vjetar-izaziva-kaos-i-rusi-stabla-u-raznim-dijelovima-zagreba-velika-gorica-zasad-postedena\/#primaryimage"},"image":{"@id":"https:\/\/gorica.info\/upaljen-narancasti-meteoalarm-vjetar-izaziva-kaos-i-rusi-stabla-u-raznim-dijelovima-zagreba-velika-gorica-zasad-postedena\/#primaryimage"},"thumbnailUrl":"https:\/\/gorica.info\/wp-content\/uploads\/2020\/07\/park_sruseno-stablo.jpg","datePublished":"2023-02-04T10:48:19+00:00","description":"Olujni vjetar razlog je naran\u010dastog meteoalarma za \u0161ire podru\u010dje Zagreba, Velike Gorice i ostalih dijelova sjeverozapadne Hrvatske","breadcrumb":{"@id":"https:\/\/gorica.info\/upaljen-narancasti-meteoalarm-vjetar-izaziva-kaos-i-rusi-stabla-u-raznim-dijelovima-zagreba-velika-gorica-zasad-postedena\/#breadcrumb"},"inLanguage":"en-US","potentialAction":[{"@type":"ReadAction","target":["https:\/\/gorica.info\/upaljen-narancasti-meteoalarm-vjetar-izaziva-kaos-i-rusi-stabla-u-raznim-dijelovima-zagreba-velika-gorica-zasad-postedena\/"]}]},{"@type":"ImageObject","inLanguage":"en-US","@id":"https:\/\/gorica.info\/upaljen-narancasti-meteoalarm-vjetar-izaziva-kaos-i-rusi-stabla-u-raznim-dijelovima-zagreba-velika-gorica-zasad-postedena\/#primaryimage","url":"https:\/\/gorica.info\/wp-content\/uploads\/2020\/07\/park_sruseno-stablo.jpg","contentUrl":"https:\/\/gorica.info\/wp-content\/uploads\/2020\/07\/park_sruseno-stablo.jpg","width":640,"height":480,"caption":"Opasnost od vjetra traje danas do 18 sati \/ Arhivska fotografija: Marta Horvat"},{"@type":"BreadcrumbList","@id":"https:\/\/gorica.info\/upaljen-narancasti-meteoalarm-vjetar-izaziva-kaos-i-rusi-stabla-u-raznim-dijelovima-zagreba-velika-gorica-zasad-postedena\/#breadcrumb","itemListElement":[{"@type":"ListItem","position":1,"name":"Po\u010detna stranica","item":"https:\/\/gorica.info\/"},{"@type":"ListItem","position":2,"name":"Upaljen naran\u010dasti meteoalarm: Vjetar izaziva kaos i ru\u0161i stabla u raznim dijelovima Zagreba, Velika Gorica zasad po\u0161te\u0111ena"}]},{"@type":"WebSite","@id":"https:\/\/gorica.info\/#website","url":"https:\/\/gorica.info\/","name":"Gorica Info","description":"Vijesti iz Velike Gorice i okolice.","publisher":{"@id":"https:\/\/gorica.info\/#organization"},"potentialAction":[{"@type":"SearchAction","target":{"@type":"EntryPoint","urlTemplate":"https:\/\/gorica.info\/?s={search_term_string}"},"query-input":{"@type":"PropertyValueSpecification","valueRequired":true,"valueName":"search_term_string"}}],"inLanguage":"en-US"},{"@type":["Organization","Place","NewsMediaOrganization"],"@id":"https:\/\/gorica.info\/#organization","name":"Gorica Info","url":"https:\/\/gorica.info\/","logo":{"@id":"https:\/\/gorica.info\/upaljen-narancasti-meteoalarm-vjetar-izaziva-kaos-i-rusi-stabla-u-raznim-dijelovima-zagreba-velika-gorica-zasad-postedena\/#local-main-organization-logo"},"image":{"@id":"https:\/\/gorica.info\/upaljen-narancasti-meteoalarm-vjetar-izaziva-kaos-i-rusi-stabla-u-raznim-dijelovima-zagreba-velika-gorica-zasad-postedena\/#local-main-organization-logo"},"sameAs":["https:\/\/www.facebook.com\/Goricainfo-106005144489262","https:\/\/x.com\/GoricaInfo","https:\/\/www.instagram.com\/gorica.info\/"],"address":{"@id":"https:\/\/gorica.info\/upaljen-narancasti-meteoalarm-vjetar-izaziva-kaos-i-rusi-stabla-u-raznim-dijelovima-zagreba-velika-gorica-zasad-postedena\/#local-main-place-address"},"telephone":[],"openingHoursSpecification":[{"@type":"OpeningHoursSpecification","dayOfWeek":["Monday","Tuesday","Wednesday","Thursday","Friday","Saturday","Sunday"],"opens":"09:00","closes":"17:00"}],"email":"redakcija@gorica.info"},{"@type":"Person","@id":"https:\/\/gorica.info\/#\/schema\/person\/b2df2f6fb2a9073c0fa5af2672befd52","name":"Marta Horvat","description":"Marta Horvat je studentica koja redovito pi\u0161e za portal, prati sva gradska doga\u0111anja i u\u017eiva isprobavati nove recept koje dijeli s na\u0161im \u010ditateljima.","url":"https:\/\/gorica.info\/en\/author\/marta-horvat\/"},{"@type":"PostalAddress","@id":"https:\/\/gorica.info\/upaljen-narancasti-meteoalarm-vjetar-izaziva-kaos-i-rusi-stabla-u-raznim-dijelovima-zagreba-velika-gorica-zasad-postedena\/#local-main-place-address","streetAddress":"Horvatova 97","addressLocality":"Velika Gorica","postalCode":"10410","addressRegion":"Croatia","addressCountry":"HR"},{"@type":"ImageObject","inLanguage":"en-US","@id":"https:\/\/gorica.info\/upaljen-narancasti-meteoalarm-vjetar-izaziva-kaos-i-rusi-stabla-u-raznim-dijelovima-zagreba-velika-gorica-zasad-postedena\/#local-main-organization-logo","url":"https:\/\/gorica.info\/wp-content\/uploads\/2024\/07\/Gorica-Info-Logo-mali.png","contentUrl":"https:\/\/gorica.info\/wp-content\/uploads\/2024\/07\/Gorica-Info-Logo-mali.png","width":450,"height":85,"caption":"Gorica Info"}]},"geo.placename":"Velika Gorica","geo.region":"Croatia"},"_links":{"self":[{"href":"https:\/\/gorica.info\/en\/wp-json\/wp\/v2\/posts\/43762","targetHints":{"allow":["GET"]}}],"collection":[{"href":"https:\/\/gorica.info\/en\/wp-json\/wp\/v2\/posts"}],"about":[{"href":"https:\/\/gorica.info\/en\/wp-json\/wp\/v2\/types\/post"}],"author":[{"embeddable":true,"href":"https:\/\/gorica.info\/en\/wp-json\/wp\/v2\/users\/25"}],"replies":[{"embeddable":true,"href":"https:\/\/gorica.info\/en\/wp-json\/wp\/v2\/comments?post=43762"}],"version-history":[{"count":0,"href":"https:\/\/gorica.info\/en\/wp-json\/wp\/v2\/posts\/43762\/revisions"}],"wp:featuredmedia":[{"embeddable":true,"href":"https:\/\/gorica.info\/en\/wp-json\/wp\/v2\/media\/2030"}],"wp:attachment":[{"href":"https:\/\/gorica.info\/en\/wp-json\/wp\/v2\/media?parent=43762"}],"wp:term":[{"taxonomy":"category","embeddable":true,"href":"https:\/\/gorica.info\/en\/wp-json\/wp\/v2\/categories?post=43762"},{"taxonomy":"post_tag","embeddable":true,"href":"https:\/\/gorica.info\/en\/wp-json\/wp\/v2\/tags?post=43762"}],"curies":[{"name":"wp","href":"https:\/\/api.w.org\/{rel}","templated":true}]}}