{"id":43773,"date":"2023-02-05T13:25:26","date_gmt":"2023-02-05T12:25:26","guid":{"rendered":"https:\/\/gorica.info\/?p=43773"},"modified":"2023-02-05T13:25:26","modified_gmt":"2023-02-05T12:25:26","slug":"sanja-marinko-i-zec-o-bandu-muzici-zivotu-i-karijeri-ne-smijemo-koristiti-ime-novi-fosili-ali-o-rajku-sve-najbolje","status":"publish","type":"post","link":"https:\/\/gorica.info\/en\/sanja-marinko-i-zec-o-bandu-muzici-zivotu-i-karijeri-ne-smijemo-koristiti-ime-novi-fosili-ali-o-rajku-sve-najbolje\/","title":{"rendered":"Sanja, Marinko i Zec: O bandu, muzici, \u017eivotu i karijeri. Ne smijemo koristiti ime Novi fosili, ali o Rajku sve najbolje"},"content":{"rendered":"<p>\u010clanovi grupe <strong>Novi fosili<\/strong> <strong>Sanja<\/strong>, <strong>Marinko<\/strong> i <strong>Zec<\/strong> danas zajedno nastupaju, ali vi\u0161e ne smije koristiti ime svoje biv\u0161e grupe. Nakon spora s pokojnim <strong>Rajkom Dujmi\u0107em<\/strong> oko prava na kori\u0161tenje imena banda, potvrdili su da se ne smiju predstavljati kao Novi Fosili, ali za Rajka imaju samo rije\u010di hvale. Gori\u010dani su u njihovim pjesmama mogli u\u017eivati na <a href=\"https:\/\/gorica.info\/en\/2022\/12\/01\/sve-je-spremno-za-otvorenje-adventa-u-velikoj-gorici-u-subotu-se-otvara-klizaliste-a-pjevat-ce-bivsi-novi-fosili\/\">Adventu<\/a>.<\/p>\n<p>Rije\u010d je o bandu koji ne treba previ\u0161e predstavljati, dobro su poznati publici ve\u0107 40 godina, a uz njihove smo hitove rasli, zaljubljivali se, rastajali, mirili, te odlazili na utakmice Dinama. Uz neke prekide u karijeri, Sanja, Marinko i Zec ovih se dana spremaju za nastup u Herceg Novom, zatim slijedi Bosna i Kanada, a mo\u0107i \u0107e ih na prolje\u0107e slu\u0161ati i u Zagrebu, najavili su u gostovanju na <a href=\"https:\/\/happyfm.hr\/novi-fosili-genijalac-rajko-nedostaje-cijeloj-regiji-bio-je-jedan-od-najvecih-njegove-pjesme-i-danas-dostojanstveno-izvodimo-na-koncertima\/\">Happy FM-u<\/a>.<\/p>\n<p>Kada ne putuju i ne nastupaju, kafi\u0107e i klubove zamijenili su planinarenjem, pa se dru\u017ee u malom krugu velikih ljudi, ka\u017ee Zec. \u201eKad ti je cijeli \u017eivot na putu, onda ti je sada najljep\u0161e biti doma, odnosno u planinama&#8221;.<\/p>\n<figure id=\"attachment_43774\" aria-describedby=\"caption-attachment-43774\" style=\"width: 800px\" class=\"wp-caption aligncenter\"><img fetchpriority=\"high\" decoding=\"async\" class=\"wp-image-43774\" src=\"https:\/\/gorica.info\/wp-content\/uploads\/2023\/02\/novi-fosili-foto-happy-fm-300x200.jpg\" alt=\"novi fosili\" width=\"800\" height=\"532\" srcset=\"https:\/\/gorica.info\/wp-content\/uploads\/2023\/02\/novi-fosili-foto-happy-fm-300x200.jpg 300w, https:\/\/gorica.info\/wp-content\/uploads\/2023\/02\/novi-fosili-foto-happy-fm-768x511.jpg 768w, https:\/\/gorica.info\/wp-content\/uploads\/2023\/02\/novi-fosili-foto-happy-fm-18x12.jpg 18w, https:\/\/gorica.info\/wp-content\/uploads\/2023\/02\/novi-fosili-foto-happy-fm-750x499.jpg 750w, https:\/\/gorica.info\/wp-content\/uploads\/2023\/02\/novi-fosili-foto-happy-fm.jpg 900w\" sizes=\"(max-width: 800px) 100vw, 800px\" \/><figcaption id=\"caption-attachment-43774\" class=\"wp-caption-text\">Foto: Happy FM<\/figcaption><\/figure>\n<h4><strong>Za ime banda zaslu\u017ean je i Arsen Dedi\u0107\u00a0<\/strong><\/h4>\n<p>Nakon spora oko prava na kori\u0161tenje imena banda Novi Fosili, potvrdili su da se ne smiju predstavljati kao Novi Fosili, ime \u2013 sklepano davno u jednoj zagreba\u010dkoj slasti\u010darnici.<\/p>\n<p>Marinko je bio prisutan na toj kavi pred puno godina i desetlje\u0107a kada je pokojni <strong>Arsen Dedi\u0107<\/strong> pitao \u2018kaj je de\u010dki, \u010dujem da ste osnovali band, kak \u0107ete se zvati? Mi smo rekli da \u0107emo se zvati Fosili, pa je Arsen digao glavu i rekao pa onda se nazovite Novi Fosili, da se ljudi \u010dude, i tako je ostalo.<\/p>\n<p>Prvi poziv u band <strong>Vladimir Ko\u010di\u0161 Zec<\/strong> je odbio, ka\u017ee da se u to vrijeme uvjetno re\u010deno bavio rock\u2019n\u2019rollom i jazzom, te su mu Novi Fosili bili \u2018kuruza\u2019. No, kad su mu predo\u010dili poslovanje banda, da imaju tjedno dva, tri koncerta te da je band na dobrim ekonomskim osnovama, onda je pristao.<\/p>\n<p>I tako je nastao jedan spoj velikih emotivaca, koji \u017eive i rade punim plu\u0107ima. Osamdesetih godina pro\u0161log stolje\u0107a band je imao turneje koje su trajale po tri, \u010detiri mjeseca, pa i po dva koncerta dnevno. \u010clanovi su se naravno upoznali, povezali i zavoljeli te ih danas ve\u017ee duboko prijateljstvo isprepleteno i kumskim vezama.<\/p>\n<p>Profesionalnost, upornost i ljubav prema tome \u0161to vole urodilo je brdom velikih pjesama i hitova koji se slu\u0161aju i dan danas i ljudi zbog tih pjesama i danas dolaze na njihove koncerte.<\/p>\n<p>Plave, duge kose, zauvijek besprijekorne frizure, Sanje se svi sje\u0107aju kao prave zagreba\u010dke ljepotice u koju su svi de\u010dki bili zaljubljeni, i kada je u\u0161la u band s 19, i danas kada \u010deka da napuni 60 izgleda mladoliko. To pripisuje genetici, i tome \u0161to zadnjih 10, 15 godina ima par kila vi\u0161ka, ka\u017ee Sanja i dodaje \u201eNeka mudra dama je jednom rekla da se \u017eena kada do\u0111e u godine mora odlu\u010diti izme\u0111u lica i guzice, ja sam se odlu\u010dila za lice pa je rit malo pove\u0107a\u201c.<\/p>\n<h4><strong>Stylinzi iz Londona\u00a0<\/strong><\/h4>\n<p>U to vrijeme nije bilo stilista. Sedamdesetih godina i\u0161li smo u London kod pravog stiliste. Pratili smo trendove u svijetu jer smo vidjeli da se bandovi posebno obla\u010de, pa smo Zeca proglasili odgovornim za modu u bandu. U Sohou je \u017eivio i radio \u0161najder <strong>Colin Wild<\/strong> (Divlji Colin), kod kojeg su se obla\u010dili rokeri <strong>Slade<\/strong> i <strong>Bonney M<\/strong>.<\/p>\n<p>Ve\u0107 idu\u0107i dan ujutro imali smo gotove kreacije, za \u0110ur\u0111icu je Wild skrojio dvije haljine. Nije to bila ba\u0161 odje\u0107a kompatibilna za splitski festival, i sje\u0107am se kad smo se pojavili na Festivalu da je voditeljici <strong>Jasmini Niki\u0107<\/strong> skoro pao mikrofon iz ruke, naime do\u0161li smo u \u0161irokim trapezicama, uskim blejzerima, platforma cipelama, blje\u0161tavi sa \u0161ljokicama.<\/p>\n<p>Kasnije, 80ih, su se sami dogovarali i brinuli o stajlinzima jedno vrijeme su imali suradnju s obitelji \u0160afranko, Helenom i Rudijem.<\/p>\n<h4><strong>&#8220;Imamo tri grupe obo\u017eavatelja&#8221;<\/strong><\/h4>\n<p>U dugoj karijeri do\u017eivjeli su i pre\u017eivjeli sva\u0161ta, pri\u010da Sanja, pa je tu bilo i rikavanja razglasa, padova na bini, cipele su letjele u publiku, Marinku je grudnjak doletio u glavu. Jednom ga je na nastupu u Rusiji i \u2018stislo\u2019 na pozornici pa je morao otr\u010dati na jedno mjesto.<\/p>\n<p>Nisu imali previ\u0161e problema s fanovima, a Zec ka\u017ee da su se njihovi obo\u017eavatelji podijelili u tri kategorije:<\/p>\n<p>Sanju dan danas obo\u017eava populacija mu\u0161ko-medicinsko osoblje, duhovit je Zec: doktori, kirurzi, kiroprakti\u010dari, stomatolozi, ja sam vi\u0161e za prosvjetu: nastavnice, tete u vrti\u0107ima, u\u010diteljice, a Marinko ka\u017ee da njega vole ovi iz pogrebnog poduze\u0107a.<\/p>\n<h4><strong>Rajko je imao nepresu\u0161an talent\u00a0<\/strong><\/h4>\n<p>Mi smo bili petero ljudi koji su se spojili iz razli\u010ditih afiniteta prema glazbi, segmenata i miljea, no dogodilo se da su na\u0161i glasovi napravili jednu prekrasnu harmoniju i posebnu boju, a za to je bio zaslu\u017ean nepresu\u0161an talenat Rajka Dujmi\u0107a koji je znao od svakog iz nas izvu\u0107i ono najbolje \u0161to je imao, naro\u010dito od pjeva\u010dica. To znaju i mogu samo veliki znalci i ljudi koji razumiju glazbu, rekao je Zec.<\/p>\n<p>Kad je Rajko na probu donio pjesmu <em>E moj Sa\u0161a<\/em>, ja sam mislio kakva je ovo pjesma, kad ono ne hit, nego hit\u010dina, ka\u017ee Marinko.<\/p>\n<p>Rajko je bio jedan genijalac i umjetnik i \u010dovjek. Rajko nedostaje svima u regiji ne samo u Hrvatskoj. Moje je mi\u0161ljenje, ka\u017ee Sanja, da joj se \u010dini da danas ima jako puno izvanrednih pjeva\u010da, producenata, aran\u017eera, no da nedostaje pravih autenti\u010dnih iskrenih autora poput Rajka. Rajko je bio jedan od najve\u0107ih. Da je Rajko \u017eiv, i danas bismo ne\u0161to snimali, vjerojatno vi\u0161e prilago\u0111eno na\u0161im godinama i zrelosti, dodaje Zec.<\/p>\n<p>Rajko je obilje\u017eio veliki period na\u0161ih \u017eivota tim prekrasnim pjesmama i mi ih dostojanstveno izvodimo na koncertima i dan-danas, poru\u010duju Sanja, Marinko i Zec.<\/p>\n<p>&nbsp;<\/p>\n<p>&nbsp;<\/p>","protected":false},"excerpt":{"rendered":"<p>\u010clanovi grupe Novi fosili Sanja, Marinko i Zec danas zajedno nastupaju, ali vi\u0161e ne smije koristiti ime svoje biv\u0161e grupe. Nakon spora s pokojnim Rajkom Dujmi\u0107em oko prava na kori\u0161tenje imena banda, potvrdili su da se ne smiju predstavljati kao Novi Fosili, ali za Rajka imaju samo rije\u010di hvale. Gori\u010dani su u njihovim pjesmama mogli [&hellip;]<\/p>\n","protected":false},"author":25,"featured_media":43775,"comment_status":"open","ping_status":"open","sticky":false,"template":"","format":"standard","meta":{"limit_modified_date":"","last_modified_date":"","jnews-multi-image_gallery":[],"jnews_single_post":[],"jnews_primary_category":[],"jnews_override_counter":[],"footnotes":""},"categories":[109],"tags":[8036,4487,8764,4768,8765,8071,8766],"class_list":["post-43773","post","type-post","status-publish","format-standard","has-post-thumbnail","hentry","category-zivot","tag-happy-fm","tag-karijera","tag-marinko","tag-pjesme","tag-rajko-dujmic","tag-sanja-dolezal","tag-zec"],"yoast_head":"<!-- This site is optimized with the Yoast SEO Premium plugin v27.4 (Yoast SEO v27.4) - https:\/\/yoast.com\/product\/yoast-seo-premium-wordpress\/ -->\n<title>Sanja, Marinko i Zec: O bandu, muzici, \u017eivotu i karijeri. Ne smijemo koristiti ime Novi fosili, ali o Rajku sve najbolje - Gorica Info<\/title>\n<meta name=\"description\" content=\"Sanja, Marinko i Zec: O bandu, muzici, \u017eivotu i karijeri. Ne smijemo koristiti ime Novi fosili, ali o Rajku sve najbolje\" \/>\n<meta name=\"robots\" content=\"index, follow, max-snippet:-1, max-image-preview:large, max-video-preview:-1\" \/>\n<link rel=\"canonical\" href=\"https:\/\/gorica.info\/en\/sanja-marinko-i-zec-o-bandu-muzici-zivotu-i-karijeri-ne-smijemo-koristiti-ime-novi-fosili-ali-o-rajku-sve-najbolje\/\" \/>\n<meta property=\"og:locale\" content=\"en_US\" \/>\n<meta property=\"og:type\" content=\"article\" \/>\n<meta property=\"og:title\" content=\"Sanja, Marinko i Zec: O bandu, muzici, \u017eivotu i karijeri. Ne smijemo koristiti ime Novi fosili, ali o Rajku sve najbolje\" \/>\n<meta property=\"og:description\" content=\"Sanja, Marinko i Zec: O bandu, muzici, \u017eivotu i karijeri. Ne smijemo koristiti ime Novi fosili, ali o Rajku sve najbolje\" \/>\n<meta property=\"og:url\" content=\"https:\/\/gorica.info\/en\/sanja-marinko-i-zec-o-bandu-muzici-zivotu-i-karijeri-ne-smijemo-koristiti-ime-novi-fosili-ali-o-rajku-sve-najbolje\/\" \/>\n<meta property=\"og:site_name\" content=\"Gorica Info\" \/>\n<meta property=\"article:publisher\" content=\"https:\/\/www.facebook.com\/Goricainfo-106005144489262\" \/>\n<meta property=\"article:published_time\" content=\"2023-02-05T12:25:26+00:00\" \/>\n<meta property=\"og:image\" content=\"https:\/\/gorica.info\/wp-content\/uploads\/2023\/02\/novi-fosili_Fotor.jpg\" \/>\n\t<meta property=\"og:image:width\" content=\"1200\" \/>\n\t<meta property=\"og:image:height\" content=\"799\" \/>\n\t<meta property=\"og:image:type\" content=\"image\/jpeg\" \/>\n<meta name=\"author\" content=\"Marta Horvat\" \/>\n<meta name=\"twitter:card\" content=\"summary_large_image\" \/>\n<meta name=\"twitter:creator\" content=\"@GoricaInfo\" \/>\n<meta name=\"twitter:site\" content=\"@GoricaInfo\" \/>\n<meta name=\"twitter:label1\" content=\"Written by\" \/>\n\t<meta name=\"twitter:data1\" content=\"Marta Horvat\" \/>\n\t<meta name=\"twitter:label2\" content=\"Est. reading time\" \/>\n\t<meta name=\"twitter:data2\" content=\"6 minutes\" \/>\n<meta name=\"geo.placename\" content=\"Velika Gorica\" \/>\n<meta name=\"geo.region\" content=\"Croatia\" \/>\n<!-- \/ Yoast SEO Premium plugin. -->","yoast_head_json":{"title":"Sanja, Marinko i Zec: O bandu, muzici, \u017eivotu i karijeri. Ne smijemo koristiti ime Novi fosili, ali o Rajku sve najbolje - Gorica Info","description":"Sanja, Marinko i Zec: O bandu, muzici, \u017eivotu i karijeri. Ne smijemo koristiti ime Novi fosili, ali o Rajku sve najbolje","robots":{"index":"index","follow":"follow","max-snippet":"max-snippet:-1","max-image-preview":"max-image-preview:large","max-video-preview":"max-video-preview:-1"},"canonical":"https:\/\/gorica.info\/en\/sanja-marinko-i-zec-o-bandu-muzici-zivotu-i-karijeri-ne-smijemo-koristiti-ime-novi-fosili-ali-o-rajku-sve-najbolje\/","og_locale":"en_US","og_type":"article","og_title":"Sanja, Marinko i Zec: O bandu, muzici, \u017eivotu i karijeri. Ne smijemo koristiti ime Novi fosili, ali o Rajku sve najbolje","og_description":"Sanja, Marinko i Zec: O bandu, muzici, \u017eivotu i karijeri. Ne smijemo koristiti ime Novi fosili, ali o Rajku sve najbolje","og_url":"https:\/\/gorica.info\/en\/sanja-marinko-i-zec-o-bandu-muzici-zivotu-i-karijeri-ne-smijemo-koristiti-ime-novi-fosili-ali-o-rajku-sve-najbolje\/","og_site_name":"Gorica Info","article_publisher":"https:\/\/www.facebook.com\/Goricainfo-106005144489262","article_published_time":"2023-02-05T12:25:26+00:00","og_image":[{"width":1200,"height":799,"url":"https:\/\/gorica.info\/wp-content\/uploads\/2023\/02\/novi-fosili_Fotor.jpg","type":"image\/jpeg"}],"author":"Marta Horvat","twitter_card":"summary_large_image","twitter_creator":"@GoricaInfo","twitter_site":"@GoricaInfo","twitter_misc":{"Written by":"Marta Horvat","Est. reading time":"6 minutes"},"schema":{"@context":"https:\/\/schema.org","@graph":[{"@type":"NewsArticle","@id":"https:\/\/gorica.info\/sanja-marinko-i-zec-o-bandu-muzici-zivotu-i-karijeri-ne-smijemo-koristiti-ime-novi-fosili-ali-o-rajku-sve-najbolje\/#article","isPartOf":{"@id":"https:\/\/gorica.info\/sanja-marinko-i-zec-o-bandu-muzici-zivotu-i-karijeri-ne-smijemo-koristiti-ime-novi-fosili-ali-o-rajku-sve-najbolje\/"},"author":{"name":"Marta Horvat","@id":"https:\/\/gorica.info\/#\/schema\/person\/b2df2f6fb2a9073c0fa5af2672befd52"},"headline":"Sanja, Marinko i Zec: O bandu, muzici, \u017eivotu i karijeri. Ne smijemo koristiti ime Novi fosili, ali o Rajku sve najbolje","datePublished":"2023-02-05T12:25:26+00:00","mainEntityOfPage":{"@id":"https:\/\/gorica.info\/sanja-marinko-i-zec-o-bandu-muzici-zivotu-i-karijeri-ne-smijemo-koristiti-ime-novi-fosili-ali-o-rajku-sve-najbolje\/"},"wordCount":1045,"commentCount":0,"publisher":{"@id":"https:\/\/gorica.info\/#organization"},"image":{"@id":"https:\/\/gorica.info\/sanja-marinko-i-zec-o-bandu-muzici-zivotu-i-karijeri-ne-smijemo-koristiti-ime-novi-fosili-ali-o-rajku-sve-najbolje\/#primaryimage"},"thumbnailUrl":"https:\/\/gorica.info\/wp-content\/uploads\/2023\/02\/novi-fosili_Fotor.jpg","keywords":["Happy FM","karijera","marinko","pjesme","rajko dujmi\u0107","sanja dole\u017eal","zec"],"articleSection":["\u017dIVOT"],"inLanguage":"en-US","potentialAction":[{"@type":"CommentAction","name":"Comment","target":["https:\/\/gorica.info\/sanja-marinko-i-zec-o-bandu-muzici-zivotu-i-karijeri-ne-smijemo-koristiti-ime-novi-fosili-ali-o-rajku-sve-najbolje\/#respond"]}],"copyrightYear":"2023","copyrightHolder":{"@id":"https:\/\/gorica.info\/en\/#organization"}},{"@type":"WebPage","@id":"https:\/\/gorica.info\/sanja-marinko-i-zec-o-bandu-muzici-zivotu-i-karijeri-ne-smijemo-koristiti-ime-novi-fosili-ali-o-rajku-sve-najbolje\/","url":"https:\/\/gorica.info\/sanja-marinko-i-zec-o-bandu-muzici-zivotu-i-karijeri-ne-smijemo-koristiti-ime-novi-fosili-ali-o-rajku-sve-najbolje\/","name":"Sanja, Marinko i Zec: O bandu, muzici, \u017eivotu i karijeri. Ne smijemo koristiti ime Novi fosili, ali o Rajku sve najbolje - Gorica Info","isPartOf":{"@id":"https:\/\/gorica.info\/#website"},"primaryImageOfPage":{"@id":"https:\/\/gorica.info\/sanja-marinko-i-zec-o-bandu-muzici-zivotu-i-karijeri-ne-smijemo-koristiti-ime-novi-fosili-ali-o-rajku-sve-najbolje\/#primaryimage"},"image":{"@id":"https:\/\/gorica.info\/sanja-marinko-i-zec-o-bandu-muzici-zivotu-i-karijeri-ne-smijemo-koristiti-ime-novi-fosili-ali-o-rajku-sve-najbolje\/#primaryimage"},"thumbnailUrl":"https:\/\/gorica.info\/wp-content\/uploads\/2023\/02\/novi-fosili_Fotor.jpg","datePublished":"2023-02-05T12:25:26+00:00","description":"Sanja, Marinko i Zec: O bandu, muzici, \u017eivotu i karijeri. Ne smijemo koristiti ime Novi fosili, ali o Rajku sve najbolje","breadcrumb":{"@id":"https:\/\/gorica.info\/sanja-marinko-i-zec-o-bandu-muzici-zivotu-i-karijeri-ne-smijemo-koristiti-ime-novi-fosili-ali-o-rajku-sve-najbolje\/#breadcrumb"},"inLanguage":"en-US","potentialAction":[{"@type":"ReadAction","target":["https:\/\/gorica.info\/sanja-marinko-i-zec-o-bandu-muzici-zivotu-i-karijeri-ne-smijemo-koristiti-ime-novi-fosili-ali-o-rajku-sve-najbolje\/"]}]},{"@type":"ImageObject","inLanguage":"en-US","@id":"https:\/\/gorica.info\/sanja-marinko-i-zec-o-bandu-muzici-zivotu-i-karijeri-ne-smijemo-koristiti-ime-novi-fosili-ali-o-rajku-sve-najbolje\/#primaryimage","url":"https:\/\/gorica.info\/wp-content\/uploads\/2023\/02\/novi-fosili_Fotor.jpg","contentUrl":"https:\/\/gorica.info\/wp-content\/uploads\/2023\/02\/novi-fosili_Fotor.jpg","width":1100,"height":732,"caption":"Foto: Happy FM"},{"@type":"BreadcrumbList","@id":"https:\/\/gorica.info\/sanja-marinko-i-zec-o-bandu-muzici-zivotu-i-karijeri-ne-smijemo-koristiti-ime-novi-fosili-ali-o-rajku-sve-najbolje\/#breadcrumb","itemListElement":[{"@type":"ListItem","position":1,"name":"Po\u010detna stranica","item":"https:\/\/gorica.info\/"},{"@type":"ListItem","position":2,"name":"Sanja, Marinko i Zec: O bandu, muzici, \u017eivotu i karijeri. Ne smijemo koristiti ime Novi fosili, ali o Rajku sve najbolje"}]},{"@type":"WebSite","@id":"https:\/\/gorica.info\/#website","url":"https:\/\/gorica.info\/","name":"Gorica Info","description":"Vijesti iz Velike Gorice i okolice.","publisher":{"@id":"https:\/\/gorica.info\/#organization"},"potentialAction":[{"@type":"SearchAction","target":{"@type":"EntryPoint","urlTemplate":"https:\/\/gorica.info\/?s={search_term_string}"},"query-input":{"@type":"PropertyValueSpecification","valueRequired":true,"valueName":"search_term_string"}}],"inLanguage":"en-US"},{"@type":["Organization","Place","NewsMediaOrganization"],"@id":"https:\/\/gorica.info\/#organization","name":"Gorica Info","url":"https:\/\/gorica.info\/","logo":{"@id":"https:\/\/gorica.info\/sanja-marinko-i-zec-o-bandu-muzici-zivotu-i-karijeri-ne-smijemo-koristiti-ime-novi-fosili-ali-o-rajku-sve-najbolje\/#local-main-organization-logo"},"image":{"@id":"https:\/\/gorica.info\/sanja-marinko-i-zec-o-bandu-muzici-zivotu-i-karijeri-ne-smijemo-koristiti-ime-novi-fosili-ali-o-rajku-sve-najbolje\/#local-main-organization-logo"},"sameAs":["https:\/\/www.facebook.com\/Goricainfo-106005144489262","https:\/\/x.com\/GoricaInfo","https:\/\/www.instagram.com\/gorica.info\/"],"address":{"@id":"https:\/\/gorica.info\/sanja-marinko-i-zec-o-bandu-muzici-zivotu-i-karijeri-ne-smijemo-koristiti-ime-novi-fosili-ali-o-rajku-sve-najbolje\/#local-main-place-address"},"telephone":[],"openingHoursSpecification":[{"@type":"OpeningHoursSpecification","dayOfWeek":["Monday","Tuesday","Wednesday","Thursday","Friday","Saturday","Sunday"],"opens":"09:00","closes":"17:00"}],"email":"redakcija@gorica.info"},{"@type":"Person","@id":"https:\/\/gorica.info\/#\/schema\/person\/b2df2f6fb2a9073c0fa5af2672befd52","name":"Marta Horvat","description":"Marta Horvat je studentica koja redovito pi\u0161e za portal, prati sva gradska doga\u0111anja i u\u017eiva isprobavati nove recept koje dijeli s na\u0161im \u010ditateljima.","url":"https:\/\/gorica.info\/en\/author\/marta-horvat\/"},{"@type":"PostalAddress","@id":"https:\/\/gorica.info\/sanja-marinko-i-zec-o-bandu-muzici-zivotu-i-karijeri-ne-smijemo-koristiti-ime-novi-fosili-ali-o-rajku-sve-najbolje\/#local-main-place-address","streetAddress":"Horvatova 97","addressLocality":"Velika Gorica","postalCode":"10410","addressRegion":"Croatia","addressCountry":"HR"},{"@type":"ImageObject","inLanguage":"en-US","@id":"https:\/\/gorica.info\/sanja-marinko-i-zec-o-bandu-muzici-zivotu-i-karijeri-ne-smijemo-koristiti-ime-novi-fosili-ali-o-rajku-sve-najbolje\/#local-main-organization-logo","url":"https:\/\/gorica.info\/wp-content\/uploads\/2024\/07\/Gorica-Info-Logo-mali.png","contentUrl":"https:\/\/gorica.info\/wp-content\/uploads\/2024\/07\/Gorica-Info-Logo-mali.png","width":450,"height":85,"caption":"Gorica Info"}]},"geo.placename":"Velika Gorica","geo.region":"Croatia"},"_links":{"self":[{"href":"https:\/\/gorica.info\/en\/wp-json\/wp\/v2\/posts\/43773","targetHints":{"allow":["GET"]}}],"collection":[{"href":"https:\/\/gorica.info\/en\/wp-json\/wp\/v2\/posts"}],"about":[{"href":"https:\/\/gorica.info\/en\/wp-json\/wp\/v2\/types\/post"}],"author":[{"embeddable":true,"href":"https:\/\/gorica.info\/en\/wp-json\/wp\/v2\/users\/25"}],"replies":[{"embeddable":true,"href":"https:\/\/gorica.info\/en\/wp-json\/wp\/v2\/comments?post=43773"}],"version-history":[{"count":0,"href":"https:\/\/gorica.info\/en\/wp-json\/wp\/v2\/posts\/43773\/revisions"}],"wp:featuredmedia":[{"embeddable":true,"href":"https:\/\/gorica.info\/en\/wp-json\/wp\/v2\/media\/43775"}],"wp:attachment":[{"href":"https:\/\/gorica.info\/en\/wp-json\/wp\/v2\/media?parent=43773"}],"wp:term":[{"taxonomy":"category","embeddable":true,"href":"https:\/\/gorica.info\/en\/wp-json\/wp\/v2\/categories?post=43773"},{"taxonomy":"post_tag","embeddable":true,"href":"https:\/\/gorica.info\/en\/wp-json\/wp\/v2\/tags?post=43773"}],"curies":[{"name":"wp","href":"https:\/\/api.w.org\/{rel}","templated":true}]}}