{"id":43869,"date":"2023-02-07T15:21:14","date_gmt":"2023-02-07T14:21:14","guid":{"rendered":"https:\/\/gorica.info\/?p=43869"},"modified":"2023-02-07T15:21:14","modified_gmt":"2023-02-07T14:21:14","slug":"iz-konzuma-povucena-talijanska-pileca-salama-mozda-sadrzi-komadice-najlona-ili-plastike","status":"publish","type":"post","link":"https:\/\/gorica.info\/en\/iz-konzuma-povucena-talijanska-pileca-salama-mozda-sadrzi-komadice-najlona-ili-plastike\/","title":{"rendered":"Iz Konzuma povu\u010dena talijanska pile\u0107a salama: Mo\u017eda sadr\u017ei komadi\u0107e najlona ili plastike"},"content":{"rendered":"<p><strong>Dr\u017eavni inspektorat<\/strong> povukao je iz<strong> Konzuma<\/strong> proizvod <strong>K Plus pile\u0107a\/pure\u0107a posebna 500g<\/strong> zbog mogu\u0107e prisutnosti stranog tijela u proizvodu (<strong>komadi\u0107i najlona ili plastike<\/strong>).<\/p>\n<p>Rije\u010d je o<a href=\"https:\/\/www.hapih.hr\/opoziv-proizvoda-k-plus-pileca-pureca-posebna-500g\/\"> proizvodu<\/a> pod oznakama LOT broj: 02214475, s rokom trajanja 8. srpnja ove godine.<\/p>\n<p>Proizvo\u0111a\u010d je talijanska tvrtka <strong>Aia Agriocola Italiana Alimentare<\/strong>, a na hrvatsko tr\u017ei\u0161te proizvod stavlja Konzum plus.<\/p>\n<p><a href=\"https:\/\/gorica.info\/en\/2023\/02\/03\/popularni-kravlji-sir-povucen-iz-trgovina-inspektori-otkrili-da-sadrzi-opasnu-bakteriju\/\">Proizvod<\/a> nije u skladu s europskom uredbom o utvr\u0111ivanju op\u0107ih na\u010dela i uvjeta zakona o hrani te utvr\u0111ivanju postupaka u podru\u010djima sigurnosti hrane, a obavijest o povla\u010denju odnosi se isklju\u010divo na spomenuti proizvod.<\/p>","protected":false},"excerpt":{"rendered":"<p>Dr\u017eavni inspektorat povukao je iz Konzuma proizvod K Plus pile\u0107a\/pure\u0107a posebna 500g zbog mogu\u0107e prisutnosti stranog tijela u proizvodu (komadi\u0107i najlona ili plastike). Rije\u010d je o proizvodu pod oznakama LOT broj: 02214475, s rokom trajanja 8. srpnja ove godine. Proizvo\u0111a\u010d je talijanska tvrtka Aia Agriocola Italiana Alimentare, a na hrvatsko tr\u017ei\u0161te proizvod stavlja Konzum plus. [&hellip;]<\/p>\n","protected":false},"author":23,"featured_media":43870,"comment_status":"open","ping_status":"open","sticky":false,"template":"","format":"standard","meta":{"limit_modified_date":"","last_modified_date":"","jnews-multi-image_gallery":[],"jnews_single_post":[],"jnews_primary_category":[],"jnews_override_counter":[],"footnotes":""},"categories":[85],"tags":[561,6007,993,8793,979,8794],"class_list":["post-43869","post","type-post","status-publish","format-standard","has-post-thumbnail","hentry","category-potrosaci","tag-drzavni-inspektorat","tag-italija","tag-konzum","tag-pileca-salama","tag-povlacenje","tag-strano-tijelo"],"yoast_head":"<!-- This site is optimized with the Yoast SEO Premium plugin v27.4 (Yoast SEO v27.4) - https:\/\/yoast.com\/product\/yoast-seo-premium-wordpress\/ -->\n<title>Iz Konzuma povu\u010dena talijanska pile\u0107a salama: Mo\u017eda sadr\u017ei komadi\u0107e najlona ili plastike - Gorica Info<\/title>\n<meta name=\"description\" content=\"Iz Konzuma povu\u010dena talijanska pile\u0107a salama: Mo\u017eda sadr\u017ei komadi\u0107e najlona ili plastike, izvijestio je Dr\u017eavni inspektorat u utorak.\" \/>\n<meta name=\"robots\" content=\"index, follow, max-snippet:-1, max-image-preview:large, max-video-preview:-1\" \/>\n<link rel=\"canonical\" href=\"https:\/\/gorica.info\/en\/iz-konzuma-povucena-talijanska-pileca-salama-mozda-sadrzi-komadice-najlona-ili-plastike\/\" \/>\n<meta property=\"og:locale\" content=\"en_US\" \/>\n<meta property=\"og:type\" content=\"article\" \/>\n<meta property=\"og:title\" content=\"Iz Konzuma povu\u010dena talijanska pile\u0107a salama: Mo\u017eda sadr\u017ei komadi\u0107e najlona ili plastike\" \/>\n<meta property=\"og:description\" content=\"Iz Konzuma povu\u010dena talijanska pile\u0107a salama: Mo\u017eda sadr\u017ei komadi\u0107e najlona ili plastike, izvijestio je Dr\u017eavni inspektorat u utorak.\" \/>\n<meta property=\"og:url\" content=\"https:\/\/gorica.info\/en\/iz-konzuma-povucena-talijanska-pileca-salama-mozda-sadrzi-komadice-najlona-ili-plastike\/\" \/>\n<meta property=\"og:site_name\" content=\"Gorica Info\" \/>\n<meta property=\"article:publisher\" content=\"https:\/\/www.facebook.com\/Goricainfo-106005144489262\" \/>\n<meta property=\"article:published_time\" content=\"2023-02-07T14:21:14+00:00\" \/>\n<meta property=\"og:image\" content=\"https:\/\/gorica.info\/wp-content\/uploads\/2023\/02\/pileca-salama-konzum-foto-pixabay.jpg\" \/>\n\t<meta property=\"og:image:width\" content=\"1067\" \/>\n\t<meta property=\"og:image:height\" content=\"800\" \/>\n\t<meta property=\"og:image:type\" content=\"image\/jpeg\" \/>\n<meta name=\"author\" content=\"Gorica. info\" \/>\n<meta name=\"twitter:card\" content=\"summary_large_image\" \/>\n<meta name=\"twitter:creator\" content=\"@GoricaInfo\" \/>\n<meta name=\"twitter:site\" content=\"@GoricaInfo\" \/>\n<meta name=\"twitter:label1\" content=\"Written by\" \/>\n\t<meta name=\"twitter:data1\" content=\"Gorica. info\" \/>\n\t<meta name=\"twitter:label2\" content=\"Est. reading time\" \/>\n\t<meta name=\"twitter:data2\" content=\"1 minute\" \/>\n<meta name=\"geo.placename\" content=\"Velika Gorica\" \/>\n<meta name=\"geo.region\" content=\"Croatia\" \/>\n<!-- \/ Yoast SEO Premium plugin. -->","yoast_head_json":{"title":"Iz Konzuma povu\u010dena talijanska pile\u0107a salama: Mo\u017eda sadr\u017ei komadi\u0107e najlona ili plastike - Gorica Info","description":"Iz Konzuma povu\u010dena talijanska pile\u0107a salama: Mo\u017eda sadr\u017ei komadi\u0107e najlona ili plastike, izvijestio je Dr\u017eavni inspektorat u utorak.","robots":{"index":"index","follow":"follow","max-snippet":"max-snippet:-1","max-image-preview":"max-image-preview:large","max-video-preview":"max-video-preview:-1"},"canonical":"https:\/\/gorica.info\/en\/iz-konzuma-povucena-talijanska-pileca-salama-mozda-sadrzi-komadice-najlona-ili-plastike\/","og_locale":"en_US","og_type":"article","og_title":"Iz Konzuma povu\u010dena talijanska pile\u0107a salama: Mo\u017eda sadr\u017ei komadi\u0107e najlona ili plastike","og_description":"Iz Konzuma povu\u010dena talijanska pile\u0107a salama: Mo\u017eda sadr\u017ei komadi\u0107e najlona ili plastike, izvijestio je Dr\u017eavni inspektorat u utorak.","og_url":"https:\/\/gorica.info\/en\/iz-konzuma-povucena-talijanska-pileca-salama-mozda-sadrzi-komadice-najlona-ili-plastike\/","og_site_name":"Gorica Info","article_publisher":"https:\/\/www.facebook.com\/Goricainfo-106005144489262","article_published_time":"2023-02-07T14:21:14+00:00","og_image":[{"width":1067,"height":800,"url":"https:\/\/gorica.info\/wp-content\/uploads\/2023\/02\/pileca-salama-konzum-foto-pixabay.jpg","type":"image\/jpeg"}],"author":"Gorica. info","twitter_card":"summary_large_image","twitter_creator":"@GoricaInfo","twitter_site":"@GoricaInfo","twitter_misc":{"Written by":"Gorica. info","Est. reading time":"1 minute"},"schema":{"@context":"https:\/\/schema.org","@graph":[{"@type":"NewsArticle","@id":"https:\/\/gorica.info\/iz-konzuma-povucena-talijanska-pileca-salama-mozda-sadrzi-komadice-najlona-ili-plastike\/#article","isPartOf":{"@id":"https:\/\/gorica.info\/iz-konzuma-povucena-talijanska-pileca-salama-mozda-sadrzi-komadice-najlona-ili-plastike\/"},"author":{"name":"Gorica. info","@id":"https:\/\/gorica.info\/#\/schema\/person\/4499af1f22f322670b9b5977ccc2e3de"},"headline":"Iz Konzuma povu\u010dena talijanska pile\u0107a salama: Mo\u017eda sadr\u017ei komadi\u0107e najlona ili plastike","datePublished":"2023-02-07T14:21:14+00:00","mainEntityOfPage":{"@id":"https:\/\/gorica.info\/iz-konzuma-povucena-talijanska-pileca-salama-mozda-sadrzi-komadice-najlona-ili-plastike\/"},"wordCount":119,"commentCount":0,"publisher":{"@id":"https:\/\/gorica.info\/#organization"},"image":{"@id":"https:\/\/gorica.info\/iz-konzuma-povucena-talijanska-pileca-salama-mozda-sadrzi-komadice-najlona-ili-plastike\/#primaryimage"},"thumbnailUrl":"https:\/\/gorica.info\/wp-content\/uploads\/2023\/02\/pileca-salama-konzum-foto-pixabay.jpg","keywords":["Dr\u017eavni inspektorat","italija","konzum","pile\u0107a salama","povla\u010denje","strano tijelo"],"articleSection":["POTRO\u0160A\u010cI"],"inLanguage":"en-US","potentialAction":[{"@type":"CommentAction","name":"Comment","target":["https:\/\/gorica.info\/iz-konzuma-povucena-talijanska-pileca-salama-mozda-sadrzi-komadice-najlona-ili-plastike\/#respond"]}],"copyrightYear":"2023","copyrightHolder":{"@id":"https:\/\/gorica.info\/en\/#organization"}},{"@type":"WebPage","@id":"https:\/\/gorica.info\/iz-konzuma-povucena-talijanska-pileca-salama-mozda-sadrzi-komadice-najlona-ili-plastike\/","url":"https:\/\/gorica.info\/iz-konzuma-povucena-talijanska-pileca-salama-mozda-sadrzi-komadice-najlona-ili-plastike\/","name":"Iz Konzuma povu\u010dena talijanska pile\u0107a salama: Mo\u017eda sadr\u017ei komadi\u0107e najlona ili plastike - Gorica Info","isPartOf":{"@id":"https:\/\/gorica.info\/#website"},"primaryImageOfPage":{"@id":"https:\/\/gorica.info\/iz-konzuma-povucena-talijanska-pileca-salama-mozda-sadrzi-komadice-najlona-ili-plastike\/#primaryimage"},"image":{"@id":"https:\/\/gorica.info\/iz-konzuma-povucena-talijanska-pileca-salama-mozda-sadrzi-komadice-najlona-ili-plastike\/#primaryimage"},"thumbnailUrl":"https:\/\/gorica.info\/wp-content\/uploads\/2023\/02\/pileca-salama-konzum-foto-pixabay.jpg","datePublished":"2023-02-07T14:21:14+00:00","description":"Iz Konzuma povu\u010dena talijanska pile\u0107a salama: Mo\u017eda sadr\u017ei komadi\u0107e najlona ili plastike, izvijestio je Dr\u017eavni inspektorat u utorak.","breadcrumb":{"@id":"https:\/\/gorica.info\/iz-konzuma-povucena-talijanska-pileca-salama-mozda-sadrzi-komadice-najlona-ili-plastike\/#breadcrumb"},"inLanguage":"en-US","potentialAction":[{"@type":"ReadAction","target":["https:\/\/gorica.info\/iz-konzuma-povucena-talijanska-pileca-salama-mozda-sadrzi-komadice-najlona-ili-plastike\/"]}]},{"@type":"ImageObject","inLanguage":"en-US","@id":"https:\/\/gorica.info\/iz-konzuma-povucena-talijanska-pileca-salama-mozda-sadrzi-komadice-najlona-ili-plastike\/#primaryimage","url":"https:\/\/gorica.info\/wp-content\/uploads\/2023\/02\/pileca-salama-konzum-foto-pixabay.jpg","contentUrl":"https:\/\/gorica.info\/wp-content\/uploads\/2023\/02\/pileca-salama-konzum-foto-pixabay.jpg","width":1067,"height":800,"caption":"Ilustracija: Pixabay"},{"@type":"BreadcrumbList","@id":"https:\/\/gorica.info\/iz-konzuma-povucena-talijanska-pileca-salama-mozda-sadrzi-komadice-najlona-ili-plastike\/#breadcrumb","itemListElement":[{"@type":"ListItem","position":1,"name":"Po\u010detna stranica","item":"https:\/\/gorica.info\/"},{"@type":"ListItem","position":2,"name":"Iz Konzuma povu\u010dena talijanska pile\u0107a salama: Mo\u017eda sadr\u017ei komadi\u0107e najlona ili plastike"}]},{"@type":"WebSite","@id":"https:\/\/gorica.info\/#website","url":"https:\/\/gorica.info\/","name":"Gorica Info","description":"Vijesti iz Velike Gorice i okolice.","publisher":{"@id":"https:\/\/gorica.info\/#organization"},"potentialAction":[{"@type":"SearchAction","target":{"@type":"EntryPoint","urlTemplate":"https:\/\/gorica.info\/?s={search_term_string}"},"query-input":{"@type":"PropertyValueSpecification","valueRequired":true,"valueName":"search_term_string"}}],"inLanguage":"en-US"},{"@type":["Organization","Place","NewsMediaOrganization"],"@id":"https:\/\/gorica.info\/#organization","name":"Gorica Info","url":"https:\/\/gorica.info\/","logo":{"@id":"https:\/\/gorica.info\/iz-konzuma-povucena-talijanska-pileca-salama-mozda-sadrzi-komadice-najlona-ili-plastike\/#local-main-organization-logo"},"image":{"@id":"https:\/\/gorica.info\/iz-konzuma-povucena-talijanska-pileca-salama-mozda-sadrzi-komadice-najlona-ili-plastike\/#local-main-organization-logo"},"sameAs":["https:\/\/www.facebook.com\/Goricainfo-106005144489262","https:\/\/x.com\/GoricaInfo","https:\/\/www.instagram.com\/gorica.info\/"],"address":{"@id":"https:\/\/gorica.info\/iz-konzuma-povucena-talijanska-pileca-salama-mozda-sadrzi-komadice-najlona-ili-plastike\/#local-main-place-address"},"telephone":[],"openingHoursSpecification":[{"@type":"OpeningHoursSpecification","dayOfWeek":["Monday","Tuesday","Wednesday","Thursday","Friday","Saturday","Sunday"],"opens":"09:00","closes":"17:00"}],"email":"redakcija@gorica.info"},{"@type":"Person","@id":"https:\/\/gorica.info\/#\/schema\/person\/4499af1f22f322670b9b5977ccc2e3de","name":"Gorica. info","description":"Gorica.info je lokalni portal koji prati Veliku Goricu i okolici, svakodnevno donosi najnovije vijesti i pri\u010de, kulturna doga\u0111anja i aktualnosti koje oblikuju \u017eivot gra\u0111ana.","url":"https:\/\/gorica.info\/en\/author\/gorica-info\/"},{"@type":"PostalAddress","@id":"https:\/\/gorica.info\/iz-konzuma-povucena-talijanska-pileca-salama-mozda-sadrzi-komadice-najlona-ili-plastike\/#local-main-place-address","streetAddress":"Horvatova 97","addressLocality":"Velika Gorica","postalCode":"10410","addressRegion":"Croatia","addressCountry":"HR"},{"@type":"ImageObject","inLanguage":"en-US","@id":"https:\/\/gorica.info\/iz-konzuma-povucena-talijanska-pileca-salama-mozda-sadrzi-komadice-najlona-ili-plastike\/#local-main-organization-logo","url":"https:\/\/gorica.info\/wp-content\/uploads\/2024\/07\/Gorica-Info-Logo-mali.png","contentUrl":"https:\/\/gorica.info\/wp-content\/uploads\/2024\/07\/Gorica-Info-Logo-mali.png","width":450,"height":85,"caption":"Gorica Info"}]},"geo.placename":"Velika Gorica","geo.region":"Croatia"},"_links":{"self":[{"href":"https:\/\/gorica.info\/en\/wp-json\/wp\/v2\/posts\/43869","targetHints":{"allow":["GET"]}}],"collection":[{"href":"https:\/\/gorica.info\/en\/wp-json\/wp\/v2\/posts"}],"about":[{"href":"https:\/\/gorica.info\/en\/wp-json\/wp\/v2\/types\/post"}],"author":[{"embeddable":true,"href":"https:\/\/gorica.info\/en\/wp-json\/wp\/v2\/users\/23"}],"replies":[{"embeddable":true,"href":"https:\/\/gorica.info\/en\/wp-json\/wp\/v2\/comments?post=43869"}],"version-history":[{"count":0,"href":"https:\/\/gorica.info\/en\/wp-json\/wp\/v2\/posts\/43869\/revisions"}],"wp:featuredmedia":[{"embeddable":true,"href":"https:\/\/gorica.info\/en\/wp-json\/wp\/v2\/media\/43870"}],"wp:attachment":[{"href":"https:\/\/gorica.info\/en\/wp-json\/wp\/v2\/media?parent=43869"}],"wp:term":[{"taxonomy":"category","embeddable":true,"href":"https:\/\/gorica.info\/en\/wp-json\/wp\/v2\/categories?post=43869"},{"taxonomy":"post_tag","embeddable":true,"href":"https:\/\/gorica.info\/en\/wp-json\/wp\/v2\/tags?post=43869"}],"curies":[{"name":"wp","href":"https:\/\/api.w.org\/{rel}","templated":true}]}}