{"id":44211,"date":"2023-02-16T06:15:02","date_gmt":"2023-02-16T05:15:02","guid":{"rendered":"https:\/\/gorica.info\/?p=44211"},"modified":"2023-02-16T06:15:02","modified_gmt":"2023-02-16T05:15:02","slug":"trgovacki-lanac-iz-velike-gorice-sestu-godinu-zaredom-povecao-place-radnicima-u-trgovinama-i-skladistima-7-posto-povisice-ali-to-nije-sve","status":"publish","type":"post","link":"https:\/\/gorica.info\/en\/trgovacki-lanac-iz-velike-gorice-sestu-godinu-zaredom-povecao-place-radnicima-u-trgovinama-i-skladistima-7-posto-povisice-ali-to-nije-sve\/","title":{"rendered":"Trgova\u010dki lanac iz Velike Gorice \u0161estu godinu zaredom pove\u0107ao pla\u0107e: Radnicima u trgovinama i skladi\u0161tima 7 posto povi\u0161ice, ali to nije sve&#8230;"},"content":{"rendered":"<p><strong>Lidl<\/strong>, trgova\u010dki lanac sa sjedi\u0161tem u Velikoj Gorici, objavio je kako radnicima u trgovinama i skladi\u0161tima<strong> 7 posto<\/strong> <strong>pove\u0107ava pla\u0107e<\/strong>. Uz ovo pove\u0107anje, <a href=\"https:\/\/tvrtka.lidl.hr\/press-centar\/pressreleases\/2023\/lidl-povecao-place-zaposlenicima-u-trgovinama-i-skladistima\">objavili su iz te kompanije<\/a>, svi Lidlovi zaposlenici dobit \u0107e i <strong>13. pla\u0107u<\/strong>, a samo u pro\u0161loj godini Lidl je isplatio<strong> 8000 kuna dodatka<\/strong> na pla\u0107u kroz nov\u010dane nagrade, uskrsnicu i bo\u017ei\u0107nicu.<\/p>\n<figure class=\"nuc-a-wrapper margin-bottom-16 margin-bottom-32@md\"><figcaption class=\"background-gray-lightest border-radius-default nuc-a-wrapper margin-top-8 padding-8\">\n<p class=\"nuc-a-text nuc-a-text--type-basic\">&#8211;\u00a0U Lidlu smo kontinuirano usmjereni na razvoj na\u0161ih zaposlenika, a ovo pove\u0107anje pla\u0107a, ba\u0161 kao i 13. pla\u0107a, jo\u0161 su jedan na\u010din da poka\u017eemo koliko cijenimo njihov rad\u00a0&#8211; rekao je Boris Lozi\u0107, predsjednik Uprave Lidla Hrvatska.<\/p>\n<p>Ovaj trgova\u010dki lanac isti\u010de kako je poznat po brizi za radnike. Posljednja povi\u0161ica bila je lani u o\u017eujku, a radnici redovito dobivaju bo\u017eio\u0107nice, uskrsnice, regres, nov\u010dane nagrade, sezonske dodatke, darove za djecu&#8230; Zbog lanjskog inflatornog udara Lidl je od srpnja pa do prosinca pro\u0161le godine radnicima u trgovinama i skladi\u0161tima te velikom dijelu zaposlenika iz centralnih ureda isplatio dodatnih <strong>1.500 kuna bruto dodatka<\/strong> na pla\u0107u, \u0161to je ukupna dodatna isplata u iznosu od 9.000 kuna bruto.<\/p>\n<p><a href=\"https:\/\/gorica.info\/en\/2023\/01\/11\/lidl-objasnio-zasto-su-cijene-istih-proizvoda-razlicite-u-hrvatskoj-i-sloveniji\/\">Lidl u Hrvatskoj<\/a> djeluje od 2006. godine, a njegova prodajna mre\u017ea obuhva\u0107a 107 trgovina i dva logisti\u010dko-distributivna centra. Lidl Hrvatska ima vi\u0161e od 3200 radnika. U Velikoj Gorici Lidl ima dva trgova\u010dka centa, a u na\u0161em gradu je i sjedi\u0161te ove tvrtke.<\/p>\n<\/figcaption><\/figure>","protected":false},"excerpt":{"rendered":"<p>Lidl, trgova\u010dki lanac sa sjedi\u0161tem u Velikoj Gorici, objavio je kako radnicima u trgovinama i skladi\u0161tima 7 posto pove\u0107ava pla\u0107e. Uz ovo pove\u0107anje, objavili su iz te kompanije, svi Lidlovi zaposlenici dobit \u0107e i 13. pla\u0107u, a samo u pro\u0161loj godini Lidl je isplatio 8000 kuna dodatka na pla\u0107u kroz nov\u010dane nagrade, uskrsnicu i bo\u017ei\u0107nicu. [&hellip;]<\/p>\n","protected":false},"author":25,"featured_media":44213,"comment_status":"open","ping_status":"open","sticky":false,"template":"","format":"standard","meta":{"limit_modified_date":"","last_modified_date":"","jnews-multi-image_gallery":[],"jnews_single_post":[],"jnews_primary_category":[],"jnews_override_counter":[],"footnotes":""},"categories":[88],"tags":[8875,994,405,4426,406,122],"class_list":["post-44211","post","type-post","status-publish","format-standard","has-post-thumbnail","hentry","category-gospodarstvo","tag-benefiti","tag-lidl","tag-place","tag-povisice","tag-radnici","tag-velika-gorica"],"yoast_head":"<!-- This site is optimized with the Yoast SEO Premium plugin v27.4 (Yoast SEO v27.4) - https:\/\/yoast.com\/product\/yoast-seo-premium-wordpress\/ -->\n<title>Trgova\u010dki lanac iz Velike Gorice \u0161estu godinu zaredom pove\u0107ao pla\u0107e: Radnicima u trgovinama i skladi\u0161tima 7 posto povi\u0161ice, ali to nije sve... - Gorica Info<\/title>\n<meta name=\"description\" content=\"Lidl, trgova\u010dki lanac sa sjedi\u0161tem u Velikoj Gorici, objavio je kako svojim radnicima u trgovinama i skladi\u0161tima 7 posto pove\u0107ava pla\u0107e\" \/>\n<meta name=\"robots\" content=\"index, follow, max-snippet:-1, max-image-preview:large, max-video-preview:-1\" \/>\n<link rel=\"canonical\" href=\"https:\/\/gorica.info\/en\/trgovacki-lanac-iz-velike-gorice-sestu-godinu-zaredom-povecao-place-radnicima-u-trgovinama-i-skladistima-7-posto-povisice-ali-to-nije-sve\/\" \/>\n<meta property=\"og:locale\" content=\"en_US\" \/>\n<meta property=\"og:type\" content=\"article\" \/>\n<meta property=\"og:title\" content=\"Trgova\u010dki lanac iz Velike Gorice \u0161estu godinu zaredom pove\u0107ao pla\u0107e: Radnicima u trgovinama i skladi\u0161tima 7 posto povi\u0161ice, ali to nije sve...\" \/>\n<meta property=\"og:description\" content=\"Lidl, trgova\u010dki lanac sa sjedi\u0161tem u Velikoj Gorici, objavio je kako svojim radnicima u trgovinama i skladi\u0161tima 7 posto pove\u0107ava pla\u0107e\" \/>\n<meta property=\"og:url\" content=\"https:\/\/gorica.info\/en\/trgovacki-lanac-iz-velike-gorice-sestu-godinu-zaredom-povecao-place-radnicima-u-trgovinama-i-skladistima-7-posto-povisice-ali-to-nije-sve\/\" \/>\n<meta property=\"og:site_name\" content=\"Gorica Info\" \/>\n<meta property=\"article:publisher\" content=\"https:\/\/www.facebook.com\/Goricainfo-106005144489262\" \/>\n<meta property=\"article:published_time\" content=\"2023-02-16T05:15:02+00:00\" \/>\n<meta property=\"og:image\" content=\"https:\/\/gorica.info\/wp-content\/uploads\/2023\/02\/f7488b4bba2d-Lidl-Hrvatska_1.jpg\" \/>\n\t<meta property=\"og:image:width\" content=\"900\" \/>\n\t<meta property=\"og:image:height\" content=\"600\" \/>\n\t<meta property=\"og:image:type\" content=\"image\/jpeg\" \/>\n<meta name=\"author\" content=\"Marta Horvat\" \/>\n<meta name=\"twitter:card\" content=\"summary_large_image\" \/>\n<meta name=\"twitter:creator\" content=\"@GoricaInfo\" \/>\n<meta name=\"twitter:site\" content=\"@GoricaInfo\" \/>\n<meta name=\"twitter:label1\" content=\"Written by\" \/>\n\t<meta name=\"twitter:data1\" content=\"Marta Horvat\" \/>\n\t<meta name=\"twitter:label2\" content=\"Est. reading time\" \/>\n\t<meta name=\"twitter:data2\" content=\"2 minutes\" \/>\n<meta name=\"geo.placename\" content=\"Velika Gorica\" \/>\n<meta name=\"geo.region\" content=\"Croatia\" \/>\n<!-- \/ Yoast SEO Premium plugin. -->","yoast_head_json":{"title":"Trgova\u010dki lanac iz Velike Gorice \u0161estu godinu zaredom pove\u0107ao pla\u0107e: Radnicima u trgovinama i skladi\u0161tima 7 posto povi\u0161ice, ali to nije sve... - Gorica Info","description":"Lidl, trgova\u010dki lanac sa sjedi\u0161tem u Velikoj Gorici, objavio je kako svojim radnicima u trgovinama i skladi\u0161tima 7 posto pove\u0107ava pla\u0107e","robots":{"index":"index","follow":"follow","max-snippet":"max-snippet:-1","max-image-preview":"max-image-preview:large","max-video-preview":"max-video-preview:-1"},"canonical":"https:\/\/gorica.info\/en\/trgovacki-lanac-iz-velike-gorice-sestu-godinu-zaredom-povecao-place-radnicima-u-trgovinama-i-skladistima-7-posto-povisice-ali-to-nije-sve\/","og_locale":"en_US","og_type":"article","og_title":"Trgova\u010dki lanac iz Velike Gorice \u0161estu godinu zaredom pove\u0107ao pla\u0107e: Radnicima u trgovinama i skladi\u0161tima 7 posto povi\u0161ice, ali to nije sve...","og_description":"Lidl, trgova\u010dki lanac sa sjedi\u0161tem u Velikoj Gorici, objavio je kako svojim radnicima u trgovinama i skladi\u0161tima 7 posto pove\u0107ava pla\u0107e","og_url":"https:\/\/gorica.info\/en\/trgovacki-lanac-iz-velike-gorice-sestu-godinu-zaredom-povecao-place-radnicima-u-trgovinama-i-skladistima-7-posto-povisice-ali-to-nije-sve\/","og_site_name":"Gorica Info","article_publisher":"https:\/\/www.facebook.com\/Goricainfo-106005144489262","article_published_time":"2023-02-16T05:15:02+00:00","og_image":[{"width":900,"height":600,"url":"https:\/\/gorica.info\/wp-content\/uploads\/2023\/02\/f7488b4bba2d-Lidl-Hrvatska_1.jpg","type":"image\/jpeg"}],"author":"Marta Horvat","twitter_card":"summary_large_image","twitter_creator":"@GoricaInfo","twitter_site":"@GoricaInfo","twitter_misc":{"Written by":"Marta Horvat","Est. reading time":"2 minutes"},"schema":{"@context":"https:\/\/schema.org","@graph":[{"@type":"NewsArticle","@id":"https:\/\/gorica.info\/trgovacki-lanac-iz-velike-gorice-sestu-godinu-zaredom-povecao-place-radnicima-u-trgovinama-i-skladistima-7-posto-povisice-ali-to-nije-sve\/#article","isPartOf":{"@id":"https:\/\/gorica.info\/trgovacki-lanac-iz-velike-gorice-sestu-godinu-zaredom-povecao-place-radnicima-u-trgovinama-i-skladistima-7-posto-povisice-ali-to-nije-sve\/"},"author":{"name":"Marta Horvat","@id":"https:\/\/gorica.info\/#\/schema\/person\/b2df2f6fb2a9073c0fa5af2672befd52"},"headline":"Trgova\u010dki lanac iz Velike Gorice \u0161estu godinu zaredom pove\u0107ao pla\u0107e: Radnicima u trgovinama i skladi\u0161tima 7 posto povi\u0161ice, ali to nije sve&#8230;","datePublished":"2023-02-16T05:15:02+00:00","mainEntityOfPage":{"@id":"https:\/\/gorica.info\/trgovacki-lanac-iz-velike-gorice-sestu-godinu-zaredom-povecao-place-radnicima-u-trgovinama-i-skladistima-7-posto-povisice-ali-to-nije-sve\/"},"wordCount":263,"commentCount":0,"publisher":{"@id":"https:\/\/gorica.info\/#organization"},"image":{"@id":"https:\/\/gorica.info\/trgovacki-lanac-iz-velike-gorice-sestu-godinu-zaredom-povecao-place-radnicima-u-trgovinama-i-skladistima-7-posto-povisice-ali-to-nije-sve\/#primaryimage"},"thumbnailUrl":"https:\/\/gorica.info\/wp-content\/uploads\/2023\/02\/f7488b4bba2d-Lidl-Hrvatska_1.jpg","keywords":["benefiti","lidl","pla\u0107e","povi\u0161ice","radnici","Velika Gorica"],"articleSection":["GOSPODARSTVO"],"inLanguage":"en-US","potentialAction":[{"@type":"CommentAction","name":"Comment","target":["https:\/\/gorica.info\/trgovacki-lanac-iz-velike-gorice-sestu-godinu-zaredom-povecao-place-radnicima-u-trgovinama-i-skladistima-7-posto-povisice-ali-to-nije-sve\/#respond"]}],"copyrightYear":"2023","copyrightHolder":{"@id":"https:\/\/gorica.info\/en\/#organization"}},{"@type":"WebPage","@id":"https:\/\/gorica.info\/trgovacki-lanac-iz-velike-gorice-sestu-godinu-zaredom-povecao-place-radnicima-u-trgovinama-i-skladistima-7-posto-povisice-ali-to-nije-sve\/","url":"https:\/\/gorica.info\/trgovacki-lanac-iz-velike-gorice-sestu-godinu-zaredom-povecao-place-radnicima-u-trgovinama-i-skladistima-7-posto-povisice-ali-to-nije-sve\/","name":"Trgova\u010dki lanac iz Velike Gorice \u0161estu godinu zaredom pove\u0107ao pla\u0107e: Radnicima u trgovinama i skladi\u0161tima 7 posto povi\u0161ice, ali to nije sve... - Gorica Info","isPartOf":{"@id":"https:\/\/gorica.info\/#website"},"primaryImageOfPage":{"@id":"https:\/\/gorica.info\/trgovacki-lanac-iz-velike-gorice-sestu-godinu-zaredom-povecao-place-radnicima-u-trgovinama-i-skladistima-7-posto-povisice-ali-to-nije-sve\/#primaryimage"},"image":{"@id":"https:\/\/gorica.info\/trgovacki-lanac-iz-velike-gorice-sestu-godinu-zaredom-povecao-place-radnicima-u-trgovinama-i-skladistima-7-posto-povisice-ali-to-nije-sve\/#primaryimage"},"thumbnailUrl":"https:\/\/gorica.info\/wp-content\/uploads\/2023\/02\/f7488b4bba2d-Lidl-Hrvatska_1.jpg","datePublished":"2023-02-16T05:15:02+00:00","description":"Lidl, trgova\u010dki lanac sa sjedi\u0161tem u Velikoj Gorici, objavio je kako svojim radnicima u trgovinama i skladi\u0161tima 7 posto pove\u0107ava pla\u0107e","breadcrumb":{"@id":"https:\/\/gorica.info\/trgovacki-lanac-iz-velike-gorice-sestu-godinu-zaredom-povecao-place-radnicima-u-trgovinama-i-skladistima-7-posto-povisice-ali-to-nije-sve\/#breadcrumb"},"inLanguage":"en-US","potentialAction":[{"@type":"ReadAction","target":["https:\/\/gorica.info\/trgovacki-lanac-iz-velike-gorice-sestu-godinu-zaredom-povecao-place-radnicima-u-trgovinama-i-skladistima-7-posto-povisice-ali-to-nije-sve\/"]}]},{"@type":"ImageObject","inLanguage":"en-US","@id":"https:\/\/gorica.info\/trgovacki-lanac-iz-velike-gorice-sestu-godinu-zaredom-povecao-place-radnicima-u-trgovinama-i-skladistima-7-posto-povisice-ali-to-nije-sve\/#primaryimage","url":"https:\/\/gorica.info\/wp-content\/uploads\/2023\/02\/f7488b4bba2d-Lidl-Hrvatska_1.jpg","contentUrl":"https:\/\/gorica.info\/wp-content\/uploads\/2023\/02\/f7488b4bba2d-Lidl-Hrvatska_1.jpg","width":900,"height":600,"caption":"Lidl je trgova\u010dki lanac sa sjedi\u0161tem u Velikoj Gorici \/ Foto: Lidl Hrvatska"},{"@type":"BreadcrumbList","@id":"https:\/\/gorica.info\/trgovacki-lanac-iz-velike-gorice-sestu-godinu-zaredom-povecao-place-radnicima-u-trgovinama-i-skladistima-7-posto-povisice-ali-to-nije-sve\/#breadcrumb","itemListElement":[{"@type":"ListItem","position":1,"name":"Po\u010detna stranica","item":"https:\/\/gorica.info\/"},{"@type":"ListItem","position":2,"name":"Trgova\u010dki lanac iz Velike Gorice \u0161estu godinu zaredom pove\u0107ao pla\u0107e: Radnicima u trgovinama i skladi\u0161tima 7 posto povi\u0161ice, ali to nije sve&#8230;"}]},{"@type":"WebSite","@id":"https:\/\/gorica.info\/#website","url":"https:\/\/gorica.info\/","name":"Gorica Info","description":"Vijesti iz Velike Gorice i okolice.","publisher":{"@id":"https:\/\/gorica.info\/#organization"},"potentialAction":[{"@type":"SearchAction","target":{"@type":"EntryPoint","urlTemplate":"https:\/\/gorica.info\/?s={search_term_string}"},"query-input":{"@type":"PropertyValueSpecification","valueRequired":true,"valueName":"search_term_string"}}],"inLanguage":"en-US"},{"@type":["Organization","Place","NewsMediaOrganization"],"@id":"https:\/\/gorica.info\/#organization","name":"Gorica Info","url":"https:\/\/gorica.info\/","logo":{"@id":"https:\/\/gorica.info\/trgovacki-lanac-iz-velike-gorice-sestu-godinu-zaredom-povecao-place-radnicima-u-trgovinama-i-skladistima-7-posto-povisice-ali-to-nije-sve\/#local-main-organization-logo"},"image":{"@id":"https:\/\/gorica.info\/trgovacki-lanac-iz-velike-gorice-sestu-godinu-zaredom-povecao-place-radnicima-u-trgovinama-i-skladistima-7-posto-povisice-ali-to-nije-sve\/#local-main-organization-logo"},"sameAs":["https:\/\/www.facebook.com\/Goricainfo-106005144489262","https:\/\/x.com\/GoricaInfo","https:\/\/www.instagram.com\/gorica.info\/"],"address":{"@id":"https:\/\/gorica.info\/trgovacki-lanac-iz-velike-gorice-sestu-godinu-zaredom-povecao-place-radnicima-u-trgovinama-i-skladistima-7-posto-povisice-ali-to-nije-sve\/#local-main-place-address"},"telephone":[],"openingHoursSpecification":[{"@type":"OpeningHoursSpecification","dayOfWeek":["Monday","Tuesday","Wednesday","Thursday","Friday","Saturday","Sunday"],"opens":"09:00","closes":"17:00"}],"email":"redakcija@gorica.info"},{"@type":"Person","@id":"https:\/\/gorica.info\/#\/schema\/person\/b2df2f6fb2a9073c0fa5af2672befd52","name":"Marta Horvat","description":"Marta Horvat je studentica koja redovito pi\u0161e za portal, prati sva gradska doga\u0111anja i u\u017eiva isprobavati nove recept koje dijeli s na\u0161im \u010ditateljima.","url":"https:\/\/gorica.info\/en\/author\/marta-horvat\/"},{"@type":"PostalAddress","@id":"https:\/\/gorica.info\/trgovacki-lanac-iz-velike-gorice-sestu-godinu-zaredom-povecao-place-radnicima-u-trgovinama-i-skladistima-7-posto-povisice-ali-to-nije-sve\/#local-main-place-address","streetAddress":"Horvatova 97","addressLocality":"Velika Gorica","postalCode":"10410","addressRegion":"Croatia","addressCountry":"HR"},{"@type":"ImageObject","inLanguage":"en-US","@id":"https:\/\/gorica.info\/trgovacki-lanac-iz-velike-gorice-sestu-godinu-zaredom-povecao-place-radnicima-u-trgovinama-i-skladistima-7-posto-povisice-ali-to-nije-sve\/#local-main-organization-logo","url":"https:\/\/gorica.info\/wp-content\/uploads\/2024\/07\/Gorica-Info-Logo-mali.png","contentUrl":"https:\/\/gorica.info\/wp-content\/uploads\/2024\/07\/Gorica-Info-Logo-mali.png","width":450,"height":85,"caption":"Gorica Info"}]},"geo.placename":"Velika Gorica","geo.region":"Croatia"},"_links":{"self":[{"href":"https:\/\/gorica.info\/en\/wp-json\/wp\/v2\/posts\/44211","targetHints":{"allow":["GET"]}}],"collection":[{"href":"https:\/\/gorica.info\/en\/wp-json\/wp\/v2\/posts"}],"about":[{"href":"https:\/\/gorica.info\/en\/wp-json\/wp\/v2\/types\/post"}],"author":[{"embeddable":true,"href":"https:\/\/gorica.info\/en\/wp-json\/wp\/v2\/users\/25"}],"replies":[{"embeddable":true,"href":"https:\/\/gorica.info\/en\/wp-json\/wp\/v2\/comments?post=44211"}],"version-history":[{"count":0,"href":"https:\/\/gorica.info\/en\/wp-json\/wp\/v2\/posts\/44211\/revisions"}],"wp:featuredmedia":[{"embeddable":true,"href":"https:\/\/gorica.info\/en\/wp-json\/wp\/v2\/media\/44213"}],"wp:attachment":[{"href":"https:\/\/gorica.info\/en\/wp-json\/wp\/v2\/media?parent=44211"}],"wp:term":[{"taxonomy":"category","embeddable":true,"href":"https:\/\/gorica.info\/en\/wp-json\/wp\/v2\/categories?post=44211"},{"taxonomy":"post_tag","embeddable":true,"href":"https:\/\/gorica.info\/en\/wp-json\/wp\/v2\/tags?post=44211"}],"curies":[{"name":"wp","href":"https:\/\/api.w.org\/{rel}","templated":true}]}}