{"id":44495,"date":"2023-02-21T11:16:04","date_gmt":"2023-02-21T10:16:04","guid":{"rendered":"https:\/\/gorica.info\/?p=44495"},"modified":"2023-02-21T11:16:04","modified_gmt":"2023-02-21T10:16:04","slug":"izlozba-maskirana-veljaca-u-izlogu-knjiznice-galzenica-fasnicke-maske-kako-ih-vide-ucenici-nizih-razreda-os-eugena-kumicica","status":"publish","type":"post","link":"https:\/\/gorica.info\/en\/izlozba-maskirana-veljaca-u-izlogu-knjiznice-galzenica-fasnicke-maske-kako-ih-vide-ucenici-nizih-razreda-os-eugena-kumicica\/","title":{"rendered":"Izlo\u017eba \u201eMaskirana velja\u010da\u201c u izlogu Knji\u017enice Gal\u017eenica: Fa\u0161ni\u010dke maske kako ih vide u\u010denici ni\u017eih razreda iz Kumi\u010di\u0107a"},"content":{"rendered":"<p>U izlogu <strong>Knji\u017enice Gale\u017enica<\/strong> postavljena je <strong>izlo\u017eba u\u010denika<\/strong> ni\u017eih razreda <strong>Osnovne \u0161kole Eugena Kumi\u010di\u0107a<\/strong>. U\u010denici su razli\u010ditim likovnim tehnikama izra\u0111ivali <strong>fa\u0161ni\u010dke maske<\/strong>.<\/p>\n<p>&#8211; Povodom pu\u010dkog obi\u010daja fa\u0161nika, u\u010denici 2.a, 3.c i 4.e O\u0160 Eugena Kumi\u010di\u0107a predstavili su se izlo\u017ebom likovnih radova pod nazivom \u201c<a href=\"https:\/\/gorica.info\/en\/2023\/02\/18\/velika-fotogalerija-114-turopoljski-fasnik-fotografije-svih-fasnickih-skupina-koje-su-preplavile-srediste-naseg-grada\/\">Maskirana velja\u010da<\/a>\u201d.<\/p>\n<p>Pod vodstvom svojih u\u010diteljica <strong>Renate Cvetko<\/strong>, <strong>Davorke Ile\u010di\u0107<\/strong> i <strong>Lidije Tomi\u0107<\/strong> izradili su razli\u010dite pokladne maske, od onih za cijelo lice do onih koje pokrivaju samo o\u010di.<\/p>\n<p>U\u010denici su koristili razli\u010dite likovne tehnike, od ka\u0161iranja, tempera, akvarela, pastela do bijele krede i ugljena.<\/p>\n<p>Afri\u010dke, venecijanske\u2026 samo su neke od maski koje mo\u017eete vidjeti na ovoj likovnoj izlo\u017ebi nazvanoj \u201cMaskirana velja\u010da\u201d \u2013 objavili su iz <a href=\"https:\/\/www.facebook.com\/profile.php?id=100069050923504\">Knji\u017enice Gale\u017enica<\/a>.<\/p>\n<p>Izlo\u017ebu u izlogu Knji\u017enice Gal\u017eenice mo\u017eete razgledati do<strong> 28. velja\u010de<\/strong>.<\/p>\n<p><img fetchpriority=\"high\" decoding=\"async\" class=\"aligncenter wp-image-44498 size-large\" src=\"https:\/\/gorica.info\/wp-content\/uploads\/2023\/02\/331771148_1939779169716733_567124545865602518_n-e1676974326617-1024x491.jpg\" alt=\"\" width=\"810\" height=\"388\" \/><\/p>\n<p><img decoding=\"async\" class=\"aligncenter wp-image-44499 size-large\" src=\"https:\/\/gorica.info\/wp-content\/uploads\/2023\/02\/331289016_1384414755708441_3214499644848611629_n-e1676974376143-1024x1024.jpg\" alt=\"fa\u0161ni\u010dke\" width=\"810\" height=\"810\" \/> \u00a0<img decoding=\"async\" class=\"aligncenter wp-image-44501 size-large\" src=\"https:\/\/gorica.info\/wp-content\/uploads\/2023\/02\/331731330_3349327708659865_7164246394520301838_n-e1676974448857-1024x857.jpg\" alt=\"fa\u0161ni\u010dke\" width=\"810\" height=\"678\" \/><br \/>\n<img loading=\"lazy\" decoding=\"async\" class=\"aligncenter wp-image-44505 size-large\" src=\"https:\/\/gorica.info\/wp-content\/uploads\/2023\/02\/331342870_3746370552256635_6410729466018066489_n-e1676974413817-1024x904.jpg\" alt=\"fa\u0161ni\u010dke\" width=\"810\" height=\"715\" \/><\/p>","protected":false},"excerpt":{"rendered":"<p>U izlogu Knji\u017enice Gale\u017enica postavljena je izlo\u017eba u\u010denika ni\u017eih razreda Osnovne \u0161kole Eugena Kumi\u010di\u0107a. U\u010denici su razli\u010ditim likovnim tehnikama izra\u0111ivali fa\u0161ni\u010dke maske. &#8211; Povodom pu\u010dkog obi\u010daja fa\u0161nika, u\u010denici 2.a, 3.c i 4.e O\u0160 Eugena Kumi\u010di\u0107a predstavili su se izlo\u017ebom likovnih radova pod nazivom \u201cMaskirana velja\u010da\u201d. Pod vodstvom svojih u\u010diteljica Renate Cvetko, Davorke Ile\u010di\u0107 i Lidije [&hellip;]<\/p>\n","protected":false},"author":23,"featured_media":44497,"comment_status":"open","ping_status":"open","sticky":false,"template":"","format":"standard","meta":{"limit_modified_date":"","last_modified_date":"","jnews-multi-image_gallery":[],"jnews_single_post":[],"jnews_primary_category":[],"jnews_override_counter":[],"footnotes":""},"categories":[87],"tags":[8938,8939,2308,8940,1245],"class_list":["post-44495","post","type-post","status-publish","format-standard","has-post-thumbnail","hentry","category-gorica","tag-fasnicke-maske","tag-izlozba-likovnih-radova","tag-knjiznica-galzenica","tag-maskirana-veljaca","tag-os-eugena-kumicica"],"yoast_head":"<!-- This site is optimized with the Yoast SEO Premium plugin v27.5 (Yoast SEO v27.5) - https:\/\/yoast.com\/product\/yoast-seo-premium-wordpress\/ -->\n<title>Izlo\u017eba \u201eMaskirana velja\u010da\u201c u izlogu Knji\u017enice Gal\u017eenica: Fa\u0161ni\u010dke maske kako ih vide u\u010denici ni\u017eih razreda iz Kumi\u010di\u0107a - Gorica Info<\/title>\n<meta name=\"description\" content=\"Izlo\u017eba \u201eMaskirana velja\u010da\u201c u izlogu Knji\u017enice Gal\u017eenica: Fa\u0161ni\u010dke maske kako ih vide u\u010denici ni\u017eih razreda O\u0160 Eugena Kumi\u010di\u0107a\" \/>\n<meta name=\"robots\" content=\"index, follow, max-snippet:-1, max-image-preview:large, max-video-preview:-1\" \/>\n<link rel=\"canonical\" href=\"https:\/\/gorica.info\/en\/izlozba-maskirana-veljaca-u-izlogu-knjiznice-galzenica-fasnicke-maske-kako-ih-vide-ucenici-nizih-razreda-os-eugena-kumicica\/\" \/>\n<meta property=\"og:locale\" content=\"en_US\" \/>\n<meta property=\"og:type\" content=\"article\" \/>\n<meta property=\"og:title\" content=\"Izlo\u017eba \u201eMaskirana velja\u010da\u201c u izlogu Knji\u017enice Gal\u017eenica: Fa\u0161ni\u010dke maske kako ih vide u\u010denici ni\u017eih razreda iz Kumi\u010di\u0107a\" \/>\n<meta property=\"og:description\" content=\"Izlo\u017eba \u201eMaskirana velja\u010da\u201c u izlogu Knji\u017enice Gal\u017eenica: Fa\u0161ni\u010dke maske kako ih vide u\u010denici ni\u017eih razreda O\u0160 Eugena Kumi\u010di\u0107a\" \/>\n<meta property=\"og:url\" content=\"https:\/\/gorica.info\/en\/izlozba-maskirana-veljaca-u-izlogu-knjiznice-galzenica-fasnicke-maske-kako-ih-vide-ucenici-nizih-razreda-os-eugena-kumicica\/\" \/>\n<meta property=\"og:site_name\" content=\"Gorica Info\" \/>\n<meta property=\"article:publisher\" content=\"https:\/\/www.facebook.com\/Goricainfo-106005144489262\" \/>\n<meta property=\"article:published_time\" content=\"2023-02-21T10:16:04+00:00\" \/>\n<meta property=\"og:image\" content=\"https:\/\/gorica.info\/wp-content\/uploads\/2023\/02\/knjiznica-galzenica-izlozba-maske.jpg\" \/>\n\t<meta property=\"og:image:width\" content=\"1200\" \/>\n\t<meta property=\"og:image:height\" content=\"771\" \/>\n\t<meta property=\"og:image:type\" content=\"image\/jpeg\" \/>\n<meta name=\"author\" content=\"Gorica. info\" \/>\n<meta name=\"twitter:card\" content=\"summary_large_image\" \/>\n<meta name=\"twitter:creator\" content=\"@GoricaInfo\" \/>\n<meta name=\"twitter:site\" content=\"@GoricaInfo\" \/>\n<meta name=\"twitter:label1\" content=\"Written by\" \/>\n\t<meta name=\"twitter:data1\" content=\"Gorica. info\" \/>\n\t<meta name=\"twitter:label2\" content=\"Est. reading time\" \/>\n\t<meta name=\"twitter:data2\" content=\"2 minutes\" \/>\n<meta name=\"geo.placename\" content=\"Velika Gorica\" \/>\n<meta name=\"geo.region\" content=\"Croatia\" \/>\n<!-- \/ Yoast SEO Premium plugin. -->","yoast_head_json":{"title":"Izlo\u017eba \u201eMaskirana velja\u010da\u201c u izlogu Knji\u017enice Gal\u017eenica: Fa\u0161ni\u010dke maske kako ih vide u\u010denici ni\u017eih razreda iz Kumi\u010di\u0107a - Gorica Info","description":"Izlo\u017eba \u201eMaskirana velja\u010da\u201c u izlogu Knji\u017enice Gal\u017eenica: Fa\u0161ni\u010dke maske kako ih vide u\u010denici ni\u017eih razreda O\u0160 Eugena Kumi\u010di\u0107a","robots":{"index":"index","follow":"follow","max-snippet":"max-snippet:-1","max-image-preview":"max-image-preview:large","max-video-preview":"max-video-preview:-1"},"canonical":"https:\/\/gorica.info\/en\/izlozba-maskirana-veljaca-u-izlogu-knjiznice-galzenica-fasnicke-maske-kako-ih-vide-ucenici-nizih-razreda-os-eugena-kumicica\/","og_locale":"en_US","og_type":"article","og_title":"Izlo\u017eba \u201eMaskirana velja\u010da\u201c u izlogu Knji\u017enice Gal\u017eenica: Fa\u0161ni\u010dke maske kako ih vide u\u010denici ni\u017eih razreda iz Kumi\u010di\u0107a","og_description":"Izlo\u017eba \u201eMaskirana velja\u010da\u201c u izlogu Knji\u017enice Gal\u017eenica: Fa\u0161ni\u010dke maske kako ih vide u\u010denici ni\u017eih razreda O\u0160 Eugena Kumi\u010di\u0107a","og_url":"https:\/\/gorica.info\/en\/izlozba-maskirana-veljaca-u-izlogu-knjiznice-galzenica-fasnicke-maske-kako-ih-vide-ucenici-nizih-razreda-os-eugena-kumicica\/","og_site_name":"Gorica Info","article_publisher":"https:\/\/www.facebook.com\/Goricainfo-106005144489262","article_published_time":"2023-02-21T10:16:04+00:00","og_image":[{"width":1200,"height":771,"url":"https:\/\/gorica.info\/wp-content\/uploads\/2023\/02\/knjiznica-galzenica-izlozba-maske.jpg","type":"image\/jpeg"}],"author":"Gorica. info","twitter_card":"summary_large_image","twitter_creator":"@GoricaInfo","twitter_site":"@GoricaInfo","twitter_misc":{"Written by":"Gorica. info","Est. reading time":"2 minutes"},"schema":{"@context":"https:\/\/schema.org","@graph":[{"@type":"NewsArticle","@id":"https:\/\/gorica.info\/izlozba-maskirana-veljaca-u-izlogu-knjiznice-galzenica-fasnicke-maske-kako-ih-vide-ucenici-nizih-razreda-os-eugena-kumicica\/#article","isPartOf":{"@id":"https:\/\/gorica.info\/izlozba-maskirana-veljaca-u-izlogu-knjiznice-galzenica-fasnicke-maske-kako-ih-vide-ucenici-nizih-razreda-os-eugena-kumicica\/"},"author":{"name":"Gorica. info","@id":"https:\/\/gorica.info\/#\/schema\/person\/4499af1f22f322670b9b5977ccc2e3de"},"headline":"Izlo\u017eba \u201eMaskirana velja\u010da\u201c u izlogu Knji\u017enice Gal\u017eenica: Fa\u0161ni\u010dke maske kako ih vide u\u010denici ni\u017eih razreda iz Kumi\u010di\u0107a","datePublished":"2023-02-21T10:16:04+00:00","mainEntityOfPage":{"@id":"https:\/\/gorica.info\/izlozba-maskirana-veljaca-u-izlogu-knjiznice-galzenica-fasnicke-maske-kako-ih-vide-ucenici-nizih-razreda-os-eugena-kumicica\/"},"wordCount":184,"commentCount":0,"publisher":{"@id":"https:\/\/gorica.info\/#organization"},"image":{"@id":"https:\/\/gorica.info\/izlozba-maskirana-veljaca-u-izlogu-knjiznice-galzenica-fasnicke-maske-kako-ih-vide-ucenici-nizih-razreda-os-eugena-kumicica\/#primaryimage"},"thumbnailUrl":"https:\/\/gorica.info\/wp-content\/uploads\/2023\/02\/knjiznica-galzenica-izlozba-maske.jpg","keywords":["fa\u0161ni\u010dke maske","izlo\u017eba likovnih radova","Knji\u017enica Gal\u017eenica","maskirana velja\u010da","o\u0161 eugena kumi\u010di\u0107a"],"articleSection":["GORICA"],"inLanguage":"en-US","potentialAction":[{"@type":"CommentAction","name":"Comment","target":["https:\/\/gorica.info\/izlozba-maskirana-veljaca-u-izlogu-knjiznice-galzenica-fasnicke-maske-kako-ih-vide-ucenici-nizih-razreda-os-eugena-kumicica\/#respond"]}],"copyrightYear":"2023","copyrightHolder":{"@id":"https:\/\/gorica.info\/en\/#organization"}},{"@type":"WebPage","@id":"https:\/\/gorica.info\/izlozba-maskirana-veljaca-u-izlogu-knjiznice-galzenica-fasnicke-maske-kako-ih-vide-ucenici-nizih-razreda-os-eugena-kumicica\/","url":"https:\/\/gorica.info\/izlozba-maskirana-veljaca-u-izlogu-knjiznice-galzenica-fasnicke-maske-kako-ih-vide-ucenici-nizih-razreda-os-eugena-kumicica\/","name":"Izlo\u017eba \u201eMaskirana velja\u010da\u201c u izlogu Knji\u017enice Gal\u017eenica: Fa\u0161ni\u010dke maske kako ih vide u\u010denici ni\u017eih razreda iz Kumi\u010di\u0107a - Gorica Info","isPartOf":{"@id":"https:\/\/gorica.info\/#website"},"primaryImageOfPage":{"@id":"https:\/\/gorica.info\/izlozba-maskirana-veljaca-u-izlogu-knjiznice-galzenica-fasnicke-maske-kako-ih-vide-ucenici-nizih-razreda-os-eugena-kumicica\/#primaryimage"},"image":{"@id":"https:\/\/gorica.info\/izlozba-maskirana-veljaca-u-izlogu-knjiznice-galzenica-fasnicke-maske-kako-ih-vide-ucenici-nizih-razreda-os-eugena-kumicica\/#primaryimage"},"thumbnailUrl":"https:\/\/gorica.info\/wp-content\/uploads\/2023\/02\/knjiznica-galzenica-izlozba-maske.jpg","datePublished":"2023-02-21T10:16:04+00:00","description":"Izlo\u017eba \u201eMaskirana velja\u010da\u201c u izlogu Knji\u017enice Gal\u017eenica: Fa\u0161ni\u010dke maske kako ih vide u\u010denici ni\u017eih razreda O\u0160 Eugena Kumi\u010di\u0107a","breadcrumb":{"@id":"https:\/\/gorica.info\/izlozba-maskirana-veljaca-u-izlogu-knjiznice-galzenica-fasnicke-maske-kako-ih-vide-ucenici-nizih-razreda-os-eugena-kumicica\/#breadcrumb"},"inLanguage":"en-US","potentialAction":[{"@type":"ReadAction","target":["https:\/\/gorica.info\/izlozba-maskirana-veljaca-u-izlogu-knjiznice-galzenica-fasnicke-maske-kako-ih-vide-ucenici-nizih-razreda-os-eugena-kumicica\/"]}]},{"@type":"ImageObject","inLanguage":"en-US","@id":"https:\/\/gorica.info\/izlozba-maskirana-veljaca-u-izlogu-knjiznice-galzenica-fasnicke-maske-kako-ih-vide-ucenici-nizih-razreda-os-eugena-kumicica\/#primaryimage","url":"https:\/\/gorica.info\/wp-content\/uploads\/2023\/02\/knjiznica-galzenica-izlozba-maske.jpg","contentUrl":"https:\/\/gorica.info\/wp-content\/uploads\/2023\/02\/knjiznica-galzenica-izlozba-maske.jpg","width":1100,"height":707,"caption":"Foto: Knji\u017enica Gale\u017enica"},{"@type":"BreadcrumbList","@id":"https:\/\/gorica.info\/izlozba-maskirana-veljaca-u-izlogu-knjiznice-galzenica-fasnicke-maske-kako-ih-vide-ucenici-nizih-razreda-os-eugena-kumicica\/#breadcrumb","itemListElement":[{"@type":"ListItem","position":1,"name":"Po\u010detna stranica","item":"https:\/\/gorica.info\/"},{"@type":"ListItem","position":2,"name":"Izlo\u017eba \u201eMaskirana velja\u010da\u201c u izlogu Knji\u017enice Gal\u017eenica: Fa\u0161ni\u010dke maske kako ih vide u\u010denici ni\u017eih razreda iz Kumi\u010di\u0107a"}]},{"@type":"WebSite","@id":"https:\/\/gorica.info\/#website","url":"https:\/\/gorica.info\/","name":"Gorica Info","description":"Vijesti iz Velike Gorice i okolice.","publisher":{"@id":"https:\/\/gorica.info\/#organization"},"potentialAction":[{"@type":"SearchAction","target":{"@type":"EntryPoint","urlTemplate":"https:\/\/gorica.info\/?s={search_term_string}"},"query-input":{"@type":"PropertyValueSpecification","valueRequired":true,"valueName":"search_term_string"}}],"inLanguage":"en-US"},{"@type":["Organization","Place","NewsMediaOrganization"],"@id":"https:\/\/gorica.info\/#organization","name":"Gorica Info","url":"https:\/\/gorica.info\/","logo":{"@id":"https:\/\/gorica.info\/izlozba-maskirana-veljaca-u-izlogu-knjiznice-galzenica-fasnicke-maske-kako-ih-vide-ucenici-nizih-razreda-os-eugena-kumicica\/#local-main-organization-logo"},"image":{"@id":"https:\/\/gorica.info\/izlozba-maskirana-veljaca-u-izlogu-knjiznice-galzenica-fasnicke-maske-kako-ih-vide-ucenici-nizih-razreda-os-eugena-kumicica\/#local-main-organization-logo"},"sameAs":["https:\/\/www.facebook.com\/Goricainfo-106005144489262","https:\/\/x.com\/GoricaInfo","https:\/\/www.instagram.com\/gorica.info\/"],"address":{"@id":"https:\/\/gorica.info\/izlozba-maskirana-veljaca-u-izlogu-knjiznice-galzenica-fasnicke-maske-kako-ih-vide-ucenici-nizih-razreda-os-eugena-kumicica\/#local-main-place-address"},"telephone":[],"openingHoursSpecification":[{"@type":"OpeningHoursSpecification","dayOfWeek":["Monday","Tuesday","Wednesday","Thursday","Friday","Saturday","Sunday"],"opens":"09:00","closes":"17:00"}],"email":"redakcija@gorica.info"},{"@type":"Person","@id":"https:\/\/gorica.info\/#\/schema\/person\/4499af1f22f322670b9b5977ccc2e3de","name":"Gorica. info","description":"Gorica.info je lokalni portal koji prati Veliku Goricu i okolici, svakodnevno donosi najnovije vijesti i pri\u010de, kulturna doga\u0111anja i aktualnosti koje oblikuju \u017eivot gra\u0111ana.","url":"https:\/\/gorica.info\/en\/author\/gorica-info\/"},{"@type":"PostalAddress","@id":"https:\/\/gorica.info\/izlozba-maskirana-veljaca-u-izlogu-knjiznice-galzenica-fasnicke-maske-kako-ih-vide-ucenici-nizih-razreda-os-eugena-kumicica\/#local-main-place-address","streetAddress":"Horvatova 97","addressLocality":"Velika Gorica","postalCode":"10410","addressRegion":"Croatia","addressCountry":"HR"},{"@type":"ImageObject","inLanguage":"en-US","@id":"https:\/\/gorica.info\/izlozba-maskirana-veljaca-u-izlogu-knjiznice-galzenica-fasnicke-maske-kako-ih-vide-ucenici-nizih-razreda-os-eugena-kumicica\/#local-main-organization-logo","url":"https:\/\/gorica.info\/wp-content\/uploads\/2024\/07\/Gorica-Info-Logo-mali.png","contentUrl":"https:\/\/gorica.info\/wp-content\/uploads\/2024\/07\/Gorica-Info-Logo-mali.png","width":450,"height":85,"caption":"Gorica Info"}]},"geo.placename":"Velika Gorica","geo.region":"Croatia"},"_links":{"self":[{"href":"https:\/\/gorica.info\/en\/wp-json\/wp\/v2\/posts\/44495","targetHints":{"allow":["GET"]}}],"collection":[{"href":"https:\/\/gorica.info\/en\/wp-json\/wp\/v2\/posts"}],"about":[{"href":"https:\/\/gorica.info\/en\/wp-json\/wp\/v2\/types\/post"}],"author":[{"embeddable":true,"href":"https:\/\/gorica.info\/en\/wp-json\/wp\/v2\/users\/23"}],"replies":[{"embeddable":true,"href":"https:\/\/gorica.info\/en\/wp-json\/wp\/v2\/comments?post=44495"}],"version-history":[{"count":0,"href":"https:\/\/gorica.info\/en\/wp-json\/wp\/v2\/posts\/44495\/revisions"}],"wp:featuredmedia":[{"embeddable":true,"href":"https:\/\/gorica.info\/en\/wp-json\/wp\/v2\/media\/44497"}],"wp:attachment":[{"href":"https:\/\/gorica.info\/en\/wp-json\/wp\/v2\/media?parent=44495"}],"wp:term":[{"taxonomy":"category","embeddable":true,"href":"https:\/\/gorica.info\/en\/wp-json\/wp\/v2\/categories?post=44495"},{"taxonomy":"post_tag","embeddable":true,"href":"https:\/\/gorica.info\/en\/wp-json\/wp\/v2\/tags?post=44495"}],"curies":[{"name":"wp","href":"https:\/\/api.w.org\/{rel}","templated":true}]}}