{"id":44661,"date":"2023-02-24T09:59:19","date_gmt":"2023-02-24T08:59:19","guid":{"rendered":"https:\/\/gorica.info\/?p=44661"},"modified":"2023-02-24T09:59:19","modified_gmt":"2023-02-24T08:59:19","slug":"za-sve-koji-imaju-mate-poslovnu-ideju-i-zele-pokrenuti-vlastiti-posao-prijavite-se-na-startupvg-predinkubacijski-program","status":"publish","type":"post","link":"https:\/\/gorica.info\/en\/za-sve-koji-imaju-mate-poslovnu-ideju-i-zele-pokrenuti-vlastiti-posao-prijavite-se-na-startupvg-predinkubacijski-program\/","title":{"rendered":"Za sve koji imaju poslovnu ideju i \u017eele pokrenuti vlastiti posao: Prijavite se na StartupVG \u2013 predinkubacijski program"},"content":{"rendered":"<p>Kre\u0107e II. generacija <strong>#StartupVG \u2013 predinkubacijskog programa<\/strong> u na\u0161em gradu. Imate li poslovnu ideju na kojoj \u017eelite ozbiljno poraditi, svakako se prijavite za sudjelovanje.<\/p>\n<p>Cilj #StartupVG \u2013 predinkubacijskog programa je potaknuti sugra\u0111ane na razvijanje<a href=\"https:\/\/gorica.info\/en\/2022\/04\/14\/sansa-za-poduzetnike-pocetnike-javite-se-na-natjecaj-za-koristenje-prostora-i-usluga-startup-vg-inkubatora\/\"> poslovnih ideja<\/a> i osamostaljivanje u vlastitom poslovnom izazovu te svi koji imaju znanja, vje\u0161tine ili ideju za poslovni pothvat sada ju imaju priliku i realizirati.<\/p>\n<p>Kroz ovaj program <strong>Grad Velika Gorica<\/strong> \u017eeli mladim poduzetnicima osigurati kvalitetnu i stru\u010dnu podr\u0161ku u razvoju njihovih poslovnih poduhvata. Svi sudionici programa imat \u0107e mogu\u0107nost razraditi svoje poslovne ideje uz individualni pristup mentoriranja od strane iskusnih poduzetnika koji su dio Startup zajednice.<\/p>\n<p>Ukoliko \u017eelite sudjelovati na #StartupVG \u2013 predinkubacijskom programu, ispunite prijavu <a href=\"https:\/\/docs.google.com\/forms\/d\/e\/1FAIpQLSckiShBS6ensSkuHMSL9ejZFYBiEPLHD1e9_2Ix_KLbv3TS2Q\/viewform\">ovdje<\/a> i odgovorite na nekoliko kratkih pitanja.<\/p>\n<p>Kao dio aktivnosti kojima se pru\u017ea potpora poduzetnicima po\u010detnicima Grad Velika Gorica provodi i projekt #StartupVG inkubator. U prostoru #StartupVG inkubatora poduzetnici imaju mogu\u0107nost kori\u0161tenja uredskog prostora sa svom potrebnom poslovnom infrastrukturom, a isto tako i savjetodavnu podr\u0161ku u svom radu.<\/p>\n<p>Vi\u0161e informacija mo\u017eete dobiti na Facebook i Instagram stranici Startup VG , putem e-maila: poduzetnistvo@gorica.hr te na broj telefona: 01\/5520-522 i 01\/5559-436.<\/p>\n<p>&nbsp;<\/p>\n<p>&nbsp;<\/p>","protected":false},"excerpt":{"rendered":"<p>Kre\u0107e II. generacija #StartupVG \u2013 predinkubacijskog programa u na\u0161em gradu. Imate li poslovnu ideju na kojoj \u017eelite ozbiljno poraditi, svakako se prijavite za sudjelovanje. Cilj #StartupVG \u2013 predinkubacijskog programa je potaknuti sugra\u0111ane na razvijanje poslovnih ideja i osamostaljivanje u vlastitom poslovnom izazovu te svi koji imaju znanja, vje\u0161tine ili ideju za poslovni pothvat sada ju [&hellip;]<\/p>\n","protected":false},"author":23,"featured_media":44662,"comment_status":"open","ping_status":"open","sticky":false,"template":"","format":"standard","meta":{"limit_modified_date":"","last_modified_date":"","jnews-multi-image_gallery":[],"jnews_single_post":[],"jnews_primary_category":[],"jnews_override_counter":[],"footnotes":""},"categories":[91],"tags":[8976,2078,8977,2803,8104,8978,3254,4403],"class_list":["post-44661","post","type-post","status-publish","format-standard","has-post-thumbnail","hentry","category-vg-vazno","tag-osamostaljivanje","tag-poduzetnistvo","tag-polaznici","tag-posao","tag-poslovne-ideje","tag-startupvg","tag-upis","tag-vjestine"],"yoast_head":"<!-- This site is optimized with the Yoast SEO Premium plugin v27.4 (Yoast SEO v27.4) - https:\/\/yoast.com\/product\/yoast-seo-premium-wordpress\/ -->\n<title>Za sve koji imaju poslovnu ideju i \u017eele pokrenuti vlastiti posao: Prijavite se na StartupVG \u2013 predinkubacijski program - Gorica Info<\/title>\n<meta name=\"description\" content=\"Za sve koji imaju mate poslovnu ideju i \u017eele pokrenuti vlastiti posao: Prijavite se na StartupVG \u2013 predinkubacijski program\" \/>\n<meta name=\"robots\" content=\"index, follow, max-snippet:-1, max-image-preview:large, max-video-preview:-1\" \/>\n<link rel=\"canonical\" href=\"https:\/\/gorica.info\/en\/za-sve-koji-imaju-mate-poslovnu-ideju-i-zele-pokrenuti-vlastiti-posao-prijavite-se-na-startupvg-predinkubacijski-program\/\" \/>\n<meta property=\"og:locale\" content=\"en_US\" \/>\n<meta property=\"og:type\" content=\"article\" \/>\n<meta property=\"og:title\" content=\"Za sve koji imaju poslovnu ideju i \u017eele pokrenuti vlastiti posao: Prijavite se na StartupVG \u2013 predinkubacijski program\" \/>\n<meta property=\"og:description\" content=\"Za sve koji imaju mate poslovnu ideju i \u017eele pokrenuti vlastiti posao: Prijavite se na StartupVG \u2013 predinkubacijski program\" \/>\n<meta property=\"og:url\" content=\"https:\/\/gorica.info\/en\/za-sve-koji-imaju-mate-poslovnu-ideju-i-zele-pokrenuti-vlastiti-posao-prijavite-se-na-startupvg-predinkubacijski-program\/\" \/>\n<meta property=\"og:site_name\" content=\"Gorica Info\" \/>\n<meta property=\"article:publisher\" content=\"https:\/\/www.facebook.com\/Goricainfo-106005144489262\" \/>\n<meta property=\"article:published_time\" content=\"2023-02-24T08:59:19+00:00\" \/>\n<meta property=\"og:image\" content=\"https:\/\/gorica.info\/wp-content\/uploads\/2023\/02\/startup-vg-foto-fb.jpg\" \/>\n\t<meta property=\"og:image:width\" content=\"1300\" \/>\n\t<meta property=\"og:image:height\" content=\"680\" \/>\n\t<meta property=\"og:image:type\" content=\"image\/jpeg\" \/>\n<meta name=\"author\" content=\"Gorica. info\" \/>\n<meta name=\"twitter:card\" content=\"summary_large_image\" \/>\n<meta name=\"twitter:creator\" content=\"@GoricaInfo\" \/>\n<meta name=\"twitter:site\" content=\"@GoricaInfo\" \/>\n<meta name=\"twitter:label1\" content=\"Written by\" \/>\n\t<meta name=\"twitter:data1\" content=\"Gorica. info\" \/>\n\t<meta name=\"twitter:label2\" content=\"Est. reading time\" \/>\n\t<meta name=\"twitter:data2\" content=\"1 minute\" \/>\n<meta name=\"geo.placename\" content=\"Velika Gorica\" \/>\n<meta name=\"geo.region\" content=\"Croatia\" \/>\n<!-- \/ Yoast SEO Premium plugin. -->","yoast_head_json":{"title":"Za sve koji imaju poslovnu ideju i \u017eele pokrenuti vlastiti posao: Prijavite se na StartupVG \u2013 predinkubacijski program - Gorica Info","description":"Za sve koji imaju mate poslovnu ideju i \u017eele pokrenuti vlastiti posao: Prijavite se na StartupVG \u2013 predinkubacijski program","robots":{"index":"index","follow":"follow","max-snippet":"max-snippet:-1","max-image-preview":"max-image-preview:large","max-video-preview":"max-video-preview:-1"},"canonical":"https:\/\/gorica.info\/en\/za-sve-koji-imaju-mate-poslovnu-ideju-i-zele-pokrenuti-vlastiti-posao-prijavite-se-na-startupvg-predinkubacijski-program\/","og_locale":"en_US","og_type":"article","og_title":"Za sve koji imaju poslovnu ideju i \u017eele pokrenuti vlastiti posao: Prijavite se na StartupVG \u2013 predinkubacijski program","og_description":"Za sve koji imaju mate poslovnu ideju i \u017eele pokrenuti vlastiti posao: Prijavite se na StartupVG \u2013 predinkubacijski program","og_url":"https:\/\/gorica.info\/en\/za-sve-koji-imaju-mate-poslovnu-ideju-i-zele-pokrenuti-vlastiti-posao-prijavite-se-na-startupvg-predinkubacijski-program\/","og_site_name":"Gorica Info","article_publisher":"https:\/\/www.facebook.com\/Goricainfo-106005144489262","article_published_time":"2023-02-24T08:59:19+00:00","og_image":[{"width":1300,"height":680,"url":"https:\/\/gorica.info\/wp-content\/uploads\/2023\/02\/startup-vg-foto-fb.jpg","type":"image\/jpeg"}],"author":"Gorica. info","twitter_card":"summary_large_image","twitter_creator":"@GoricaInfo","twitter_site":"@GoricaInfo","twitter_misc":{"Written by":"Gorica. info","Est. reading time":"1 minute"},"schema":{"@context":"https:\/\/schema.org","@graph":[{"@type":"NewsArticle","@id":"https:\/\/gorica.info\/za-sve-koji-imaju-mate-poslovnu-ideju-i-zele-pokrenuti-vlastiti-posao-prijavite-se-na-startupvg-predinkubacijski-program\/#article","isPartOf":{"@id":"https:\/\/gorica.info\/za-sve-koji-imaju-mate-poslovnu-ideju-i-zele-pokrenuti-vlastiti-posao-prijavite-se-na-startupvg-predinkubacijski-program\/"},"author":{"name":"Gorica. info","@id":"https:\/\/gorica.info\/#\/schema\/person\/4499af1f22f322670b9b5977ccc2e3de"},"headline":"Za sve koji imaju poslovnu ideju i \u017eele pokrenuti vlastiti posao: Prijavite se na StartupVG \u2013 predinkubacijski program","datePublished":"2023-02-24T08:59:19+00:00","mainEntityOfPage":{"@id":"https:\/\/gorica.info\/za-sve-koji-imaju-mate-poslovnu-ideju-i-zele-pokrenuti-vlastiti-posao-prijavite-se-na-startupvg-predinkubacijski-program\/"},"wordCount":212,"commentCount":0,"publisher":{"@id":"https:\/\/gorica.info\/#organization"},"image":{"@id":"https:\/\/gorica.info\/za-sve-koji-imaju-mate-poslovnu-ideju-i-zele-pokrenuti-vlastiti-posao-prijavite-se-na-startupvg-predinkubacijski-program\/#primaryimage"},"thumbnailUrl":"https:\/\/gorica.info\/wp-content\/uploads\/2023\/02\/startup-vg-foto-fb.jpg","keywords":["osamostaljivanje","poduzetni\u0161tvo","polaznici","posao","poslovne ideje","startupvg","upis","vje\u0161tine"],"articleSection":["VG VA\u017dNO"],"inLanguage":"en-US","potentialAction":[{"@type":"CommentAction","name":"Comment","target":["https:\/\/gorica.info\/za-sve-koji-imaju-mate-poslovnu-ideju-i-zele-pokrenuti-vlastiti-posao-prijavite-se-na-startupvg-predinkubacijski-program\/#respond"]}],"copyrightYear":"2023","copyrightHolder":{"@id":"https:\/\/gorica.info\/en\/#organization"}},{"@type":"WebPage","@id":"https:\/\/gorica.info\/za-sve-koji-imaju-mate-poslovnu-ideju-i-zele-pokrenuti-vlastiti-posao-prijavite-se-na-startupvg-predinkubacijski-program\/","url":"https:\/\/gorica.info\/za-sve-koji-imaju-mate-poslovnu-ideju-i-zele-pokrenuti-vlastiti-posao-prijavite-se-na-startupvg-predinkubacijski-program\/","name":"Za sve koji imaju poslovnu ideju i \u017eele pokrenuti vlastiti posao: Prijavite se na StartupVG \u2013 predinkubacijski program - Gorica Info","isPartOf":{"@id":"https:\/\/gorica.info\/#website"},"primaryImageOfPage":{"@id":"https:\/\/gorica.info\/za-sve-koji-imaju-mate-poslovnu-ideju-i-zele-pokrenuti-vlastiti-posao-prijavite-se-na-startupvg-predinkubacijski-program\/#primaryimage"},"image":{"@id":"https:\/\/gorica.info\/za-sve-koji-imaju-mate-poslovnu-ideju-i-zele-pokrenuti-vlastiti-posao-prijavite-se-na-startupvg-predinkubacijski-program\/#primaryimage"},"thumbnailUrl":"https:\/\/gorica.info\/wp-content\/uploads\/2023\/02\/startup-vg-foto-fb.jpg","datePublished":"2023-02-24T08:59:19+00:00","description":"Za sve koji imaju mate poslovnu ideju i \u017eele pokrenuti vlastiti posao: Prijavite se na StartupVG \u2013 predinkubacijski program","breadcrumb":{"@id":"https:\/\/gorica.info\/za-sve-koji-imaju-mate-poslovnu-ideju-i-zele-pokrenuti-vlastiti-posao-prijavite-se-na-startupvg-predinkubacijski-program\/#breadcrumb"},"inLanguage":"en-US","potentialAction":[{"@type":"ReadAction","target":["https:\/\/gorica.info\/za-sve-koji-imaju-mate-poslovnu-ideju-i-zele-pokrenuti-vlastiti-posao-prijavite-se-na-startupvg-predinkubacijski-program\/"]}]},{"@type":"ImageObject","inLanguage":"en-US","@id":"https:\/\/gorica.info\/za-sve-koji-imaju-mate-poslovnu-ideju-i-zele-pokrenuti-vlastiti-posao-prijavite-se-na-startupvg-predinkubacijski-program\/#primaryimage","url":"https:\/\/gorica.info\/wp-content\/uploads\/2023\/02\/startup-vg-foto-fb.jpg","contentUrl":"https:\/\/gorica.info\/wp-content\/uploads\/2023\/02\/startup-vg-foto-fb.jpg","width":1100,"height":575,"caption":"Foto: FB Startup VG"},{"@type":"BreadcrumbList","@id":"https:\/\/gorica.info\/za-sve-koji-imaju-mate-poslovnu-ideju-i-zele-pokrenuti-vlastiti-posao-prijavite-se-na-startupvg-predinkubacijski-program\/#breadcrumb","itemListElement":[{"@type":"ListItem","position":1,"name":"Po\u010detna stranica","item":"https:\/\/gorica.info\/"},{"@type":"ListItem","position":2,"name":"Za sve koji imaju poslovnu ideju i \u017eele pokrenuti vlastiti posao: Prijavite se na StartupVG \u2013 predinkubacijski program"}]},{"@type":"WebSite","@id":"https:\/\/gorica.info\/#website","url":"https:\/\/gorica.info\/","name":"Gorica Info","description":"Vijesti iz Velike Gorice i okolice.","publisher":{"@id":"https:\/\/gorica.info\/#organization"},"potentialAction":[{"@type":"SearchAction","target":{"@type":"EntryPoint","urlTemplate":"https:\/\/gorica.info\/?s={search_term_string}"},"query-input":{"@type":"PropertyValueSpecification","valueRequired":true,"valueName":"search_term_string"}}],"inLanguage":"en-US"},{"@type":["Organization","Place","NewsMediaOrganization"],"@id":"https:\/\/gorica.info\/#organization","name":"Gorica Info","url":"https:\/\/gorica.info\/","logo":{"@id":"https:\/\/gorica.info\/za-sve-koji-imaju-mate-poslovnu-ideju-i-zele-pokrenuti-vlastiti-posao-prijavite-se-na-startupvg-predinkubacijski-program\/#local-main-organization-logo"},"image":{"@id":"https:\/\/gorica.info\/za-sve-koji-imaju-mate-poslovnu-ideju-i-zele-pokrenuti-vlastiti-posao-prijavite-se-na-startupvg-predinkubacijski-program\/#local-main-organization-logo"},"sameAs":["https:\/\/www.facebook.com\/Goricainfo-106005144489262","https:\/\/x.com\/GoricaInfo","https:\/\/www.instagram.com\/gorica.info\/"],"address":{"@id":"https:\/\/gorica.info\/za-sve-koji-imaju-mate-poslovnu-ideju-i-zele-pokrenuti-vlastiti-posao-prijavite-se-na-startupvg-predinkubacijski-program\/#local-main-place-address"},"telephone":[],"openingHoursSpecification":[{"@type":"OpeningHoursSpecification","dayOfWeek":["Monday","Tuesday","Wednesday","Thursday","Friday","Saturday","Sunday"],"opens":"09:00","closes":"17:00"}],"email":"redakcija@gorica.info"},{"@type":"Person","@id":"https:\/\/gorica.info\/#\/schema\/person\/4499af1f22f322670b9b5977ccc2e3de","name":"Gorica. info","description":"Gorica.info je lokalni portal koji prati Veliku Goricu i okolici, svakodnevno donosi najnovije vijesti i pri\u010de, kulturna doga\u0111anja i aktualnosti koje oblikuju \u017eivot gra\u0111ana.","url":"https:\/\/gorica.info\/en\/author\/gorica-info\/"},{"@type":"PostalAddress","@id":"https:\/\/gorica.info\/za-sve-koji-imaju-mate-poslovnu-ideju-i-zele-pokrenuti-vlastiti-posao-prijavite-se-na-startupvg-predinkubacijski-program\/#local-main-place-address","streetAddress":"Horvatova 97","addressLocality":"Velika Gorica","postalCode":"10410","addressRegion":"Croatia","addressCountry":"HR"},{"@type":"ImageObject","inLanguage":"en-US","@id":"https:\/\/gorica.info\/za-sve-koji-imaju-mate-poslovnu-ideju-i-zele-pokrenuti-vlastiti-posao-prijavite-se-na-startupvg-predinkubacijski-program\/#local-main-organization-logo","url":"https:\/\/gorica.info\/wp-content\/uploads\/2024\/07\/Gorica-Info-Logo-mali.png","contentUrl":"https:\/\/gorica.info\/wp-content\/uploads\/2024\/07\/Gorica-Info-Logo-mali.png","width":450,"height":85,"caption":"Gorica Info"}]},"geo.placename":"Velika Gorica","geo.region":"Croatia"},"_links":{"self":[{"href":"https:\/\/gorica.info\/en\/wp-json\/wp\/v2\/posts\/44661","targetHints":{"allow":["GET"]}}],"collection":[{"href":"https:\/\/gorica.info\/en\/wp-json\/wp\/v2\/posts"}],"about":[{"href":"https:\/\/gorica.info\/en\/wp-json\/wp\/v2\/types\/post"}],"author":[{"embeddable":true,"href":"https:\/\/gorica.info\/en\/wp-json\/wp\/v2\/users\/23"}],"replies":[{"embeddable":true,"href":"https:\/\/gorica.info\/en\/wp-json\/wp\/v2\/comments?post=44661"}],"version-history":[{"count":0,"href":"https:\/\/gorica.info\/en\/wp-json\/wp\/v2\/posts\/44661\/revisions"}],"wp:featuredmedia":[{"embeddable":true,"href":"https:\/\/gorica.info\/en\/wp-json\/wp\/v2\/media\/44662"}],"wp:attachment":[{"href":"https:\/\/gorica.info\/en\/wp-json\/wp\/v2\/media?parent=44661"}],"wp:term":[{"taxonomy":"category","embeddable":true,"href":"https:\/\/gorica.info\/en\/wp-json\/wp\/v2\/categories?post=44661"},{"taxonomy":"post_tag","embeddable":true,"href":"https:\/\/gorica.info\/en\/wp-json\/wp\/v2\/tags?post=44661"}],"curies":[{"name":"wp","href":"https:\/\/api.w.org\/{rel}","templated":true}]}}