{"id":45456,"date":"2023-03-12T06:15:49","date_gmt":"2023-03-12T05:15:49","guid":{"rendered":"https:\/\/gorica.info\/?p=45456"},"modified":"2023-03-12T06:15:49","modified_gmt":"2023-03-12T05:15:49","slug":"ucenicka-zadruga-vuzel","status":"publish","type":"post","link":"https:\/\/gorica.info\/en\/ucenicka-zadruga-vuzel\/","title":{"rendered":"U\u010deni\u010dka zadruga Vuzel gori\u010dke O\u0160 Eugena Kumi\u010di\u0107a: Vrijedni u\u010denici inspiraciju nalaze u ba\u0161tini turopoljskog kraja"},"content":{"rendered":"<p>Generacije su odrastale i odrastaju uz (ne)zgode zadrugara iz kultnog \u201e<strong>Vlaka u snijegu<\/strong>\u201c, a nema tko nije barem jednom zapjevao onu \u201e&#8230;kad se male ruke slo\u017ee, sve se mo\u017ee\u2026\u201c. Male ruke veselih zadrugara iz na\u0161e pri\u010de prona\u0161li smo u gori\u010dkoj <a href=\"https:\/\/gorica.info\/en\/2023\/03\/09\/u-osnovnoj-skoli-eugena-kumicica-ugraden-lift-ucenicima-s-teskocama-u-kretanju-sada-su-dostupnici-razredi-na-katu-skole\/\"><strong>Osnovnoj \u0161koli Eugena Kumi\u010di\u0107a<\/strong><\/a> u kojoj djeluje u\u010deni\u010dka zadruga Vuzel.<\/p>\n<p>Zadruga <strong>\u201eVuzel<\/strong>\u201c osnovana je <strong>1982. godine<\/strong>, a od<strong> 2015.<\/strong> godine vodi je nastavnica likovne kulture <strong>Tajana Brni\u0107<\/strong> koja nas je upoznala s djelovanjem ove zadruge.<\/p>\n<p>Za po\u010detak, zanimalo nas je za\u0161to Vuzel\u2026<\/p>\n<p>&#8211; U samim po\u010detcima su proizvodi bili izra\u0111eni od raznih \u010dvorova, a vuzel u prijevodu zna\u010di \u010dvor &#8211; otkriva Brni\u0107 te dodaje kako je u zadruzi sada oko <strong>90 u\u010denika<\/strong> raspore\u0111enih u sedam skupina, odnosno sekcija zadruge.<\/p>\n<p>Ono \u0161to svojim vrijednim rukama stvaraju je doista impresivno. Izra\u0111uju razne uporabne i ukrasne proizvode: nakit, nau\u0161nice, ogrlice, narukvice, prstenje. Naj\u010de\u0161\u0107e su pleteni ili s perlicama, zidne slike na platnu koje su ujedno i zidni satovi s turopoljskim motivima, prigodne proizvode: bo\u017ei\u0107ne kuglice, an\u0111ele, bori\u0107e, pisanice,\u00a0prirodne sapune i balzame, svilene \u0161alove i marame, turopoljske suvenire, kerami\u010dke teglice i ukrasne prigodne proizvode, prirodne za\u010dine i \u010dajeve\u2026<\/p>\n<p><img fetchpriority=\"high\" decoding=\"async\" class=\"aligncenter wp-image-45475\" src=\"https:\/\/gorica.info\/wp-content\/uploads\/2023\/03\/vuzel-sadnja-cvijeca-e1678540095707-300x261.jpg\" alt=\"\" width=\"800\" height=\"696\" srcset=\"https:\/\/gorica.info\/wp-content\/uploads\/2023\/03\/vuzel-sadnja-cvijeca-e1678540095707-300x261.jpg 300w, https:\/\/gorica.info\/wp-content\/uploads\/2023\/03\/vuzel-sadnja-cvijeca-e1678540095707-768x668.jpg 768w, https:\/\/gorica.info\/wp-content\/uploads\/2023\/03\/vuzel-sadnja-cvijeca-e1678540095707-14x12.jpg 14w, https:\/\/gorica.info\/wp-content\/uploads\/2023\/03\/vuzel-sadnja-cvijeca-e1678540095707-750x652.jpg 750w, https:\/\/gorica.info\/wp-content\/uploads\/2023\/03\/vuzel-sadnja-cvijeca-e1678540095707.jpg 920w\" sizes=\"(max-width: 800px) 100vw, 800px\" \/><\/p>\n<p>&#8211; Ali nije to sve, u \u0161kolskom vrtu uzgajamo razno cvije\u0107e, vo\u0107e i povr\u0107e (\u010duvarku\u0107e, zumbule, hortenzije, aromati\u010dno bilje &#8211; lavanda, ru\u017emarin, kadulja, mati\u010dnjak, smilje, jabuke, kru\u0161ke, tre\u0161nje, jagode, ra\u0161tiku, zelenu salatu, \u010de\u0161njak i crveni luk, raj\u010dicu, krastavce, tikvice &#8211; ka\u017ee Brni\u0107.<\/p>\n<p><img decoding=\"async\" class=\"aligncenter wp-image-45474 size-large\" src=\"https:\/\/gorica.info\/wp-content\/uploads\/2023\/03\/vuzel-ucenice-e1678540031835-1024x870.jpg\" alt=\"\" width=\"810\" height=\"688\" \/><\/p>\n<h4><strong>Za \u017dupanijsku smotru u\u010deni\u010dkih zadruga pripremaju se cijelu godinu<\/strong><\/h4>\n<p>Sudjeluju na \u017dupanijskim smotrama u\u010deni\u010dkih zadruga<a href=\"https:\/\/www.zagrebacka-zupanija.hr\/vijesti\/6895\/dan-ucenickih-zadruga-zagrebacke-zupanije\"> Zagreba\u010dke \u017eupanije<\/a>, a 2019. i 2021. godine osvojili\u00a0 su 2. mjesto i prolaz na dr\u017eavnu smotru koja se odr\u017eavala u Vinkovcima.<\/p>\n<p>&#8211; Pripremamo se za smotru kroz cijelu godinu s obzirom da je jedan od faktora ocjenjivanja godi\u0161nje izvje\u0161\u0107e o aktivnosti i financijama zadruge. Inspiraciju za smotru pronalazimo u kulturnoj ba\u0161tini turopoljskog kraja pa tako na\u0161i proizvodi za smotru uvijek imaju elemente ba\u0161tine, a ujedno vodimo ra\u010duna da je materijal od kojeg izra\u0111ujemo proizvode prirodan i ekolo\u0161ki &#8211; poja\u0161njava Brni\u0107 te isti\u010de da najve\u0107u podr\u0161ku imaju u \u0161koli, od ravnateljice, kolega, u\u010denika i svih djelatnika.<\/p>\n<p>&#8211; <a href=\"https:\/\/www.zagrebacka-zupanija.hr\/vijesti\/6895\/dan-ucenickih-zadruga-zagrebacke-zupanije\">Zagreba\u010dka \u017eupanija<\/a> nam omogu\u0107uje organizirane prigodne prodajne izlo\u017ebe, organizira i financira Dan u\u010deni\u010dkih koji se svake godine odr\u017eava u drugom gradu na\u0161e \u017eupanije, kao i me\u0111u\u017eupanijske i me\u0111unarodne suradnje s Hrvatima unutar i van Hrvatske &#8211; pri\u010da nam nastavnica Tajana Brni\u0107.<\/p>\n<p>Na\u0161a \u017eupanija ve\u0107 dvadeset godina financijski podupire u\u010deni\u010dke zadruge. Mo\u017eemo se pohvaliti da ih ima \u010dak 40, a svake godine na Dr\u017eavnoj smotri ostvaruju odli\u010dne rezultate.<\/p>\n<p><img decoding=\"async\" class=\"aligncenter wp-image-45473 size-large\" src=\"https:\/\/gorica.info\/wp-content\/uploads\/2023\/03\/vuzel-ucenice2-1024x768.jpg\" alt=\"\" width=\"810\" height=\"608\" srcset=\"https:\/\/gorica.info\/wp-content\/uploads\/2023\/03\/vuzel-ucenice2-1024x768.jpg 1024w, https:\/\/gorica.info\/wp-content\/uploads\/2023\/03\/vuzel-ucenice2-300x225.jpg 300w, https:\/\/gorica.info\/wp-content\/uploads\/2023\/03\/vuzel-ucenice2-768x576.jpg 768w, https:\/\/gorica.info\/wp-content\/uploads\/2023\/03\/vuzel-ucenice2-16x12.jpg 16w, https:\/\/gorica.info\/wp-content\/uploads\/2023\/03\/vuzel-ucenice2-750x562.jpg 750w, https:\/\/gorica.info\/wp-content\/uploads\/2023\/03\/vuzel-ucenice2.jpg 1067w\" sizes=\"(max-width: 810px) 100vw, 810px\" \/><\/p>\n<h4><strong>Vuzel sura\u0111uje sa zadrugama iz cijele Hrvatske<\/strong><\/h4>\n<p>Od 2015. godine do danas sura\u0111ivali su sa Splitsko-dalmatinskom, Vukovarsko-srijemskom, Primorsko- goranskom, Me\u0111imurskom, \u0160ibensko-kninskom i Bjelovarsko-bilogorskom \u017eupanijom, a van Hrvatske sura\u0111ivali su s Hrvatima u Ma\u0111arskoj, Makedoniji, Bosni i Hercegovini i Crnoj Gori, a ove godine idu u Rumunjsku.<\/p>\n<p>Koliko vole djelovati u zadruzi pokazuje podatak da im nije te\u0161ko ulo\u017eiti i vi\u0161e vremena no \u0161to je predvi\u0111eno za rad.<\/p>\n<p>&#8211; Sastajemo se dva \u0161kolska sata u tjednu, a po potrebi u\u010denici ostaju i dulje. \u010cesto i sami pitaju mogu li jo\u0161 ostati raditi tako da smatram da to nije dovoljan broj sati za ono \u0161to bi htjeli i mogli napraviti.<\/p>\n<p>Tako\u0111er, osim \u0161to su vrijedni, <a href=\"https:\/\/gorica.info\/en\/2022\/12\/14\/goricki-zadrugari-na-tradicionalnoj-bozicnoj-izlozbi-radova-ucenickih-zadruga\/\">Kumi\u010di\u0107evi zadrugari<\/a> su i pravi humanitarci.<\/p>\n<p>&#8211; Na\u0161a zadruga svake godine vodi ra\u010duna da dio sredstava koji prikupi ide u humanitarne svrhe pa smo tako ove godine pomogli bolesnom u\u010deniku na\u0161e \u0161kole, a u tu humanitarnu akciju smo uklju\u010dili i roditelje te organizirali bo\u017ei\u0107nu radionicu u kojoj su nam roditelji pomogli izraditi proizvode kako bi prikupili \u0161to vi\u0161e sredstava. Kad se radi o humanitarnoj prodaji, naj\u010de\u0161\u0107e sura\u0111ujemo s volonterima na\u0161e \u0161kole &#8211; ka\u017ee voditeljica zadruge Vuzel.<\/p>\n<p><img loading=\"lazy\" decoding=\"async\" class=\"aligncenter wp-image-45468 size-large\" src=\"https:\/\/gorica.info\/wp-content\/uploads\/2023\/03\/vuzel-gastro-turopolja-1024x768.jpg\" alt=\"\" width=\"810\" height=\"608\" srcset=\"https:\/\/gorica.info\/wp-content\/uploads\/2023\/03\/vuzel-gastro-turopolja-1024x768.jpg 1024w, https:\/\/gorica.info\/wp-content\/uploads\/2023\/03\/vuzel-gastro-turopolja-300x225.jpg 300w, https:\/\/gorica.info\/wp-content\/uploads\/2023\/03\/vuzel-gastro-turopolja-768x576.jpg 768w, https:\/\/gorica.info\/wp-content\/uploads\/2023\/03\/vuzel-gastro-turopolja-16x12.jpg 16w, https:\/\/gorica.info\/wp-content\/uploads\/2023\/03\/vuzel-gastro-turopolja-750x562.jpg 750w, https:\/\/gorica.info\/wp-content\/uploads\/2023\/03\/vuzel-gastro-turopolja.jpg 1067w\" sizes=\"(max-width: 810px) 100vw, 810px\" \/><\/p>\n<p>&#8211; Osim aktivnosti koje sam napomenula, voljela bih istaknuti da se volimo po\u010dastiti nakon uspje\u0161ne prodaje pa pe\u010demo pala\u010dinke, po\u010dastimo tortom ili idemo na izlet, a volimo i u\u010diti nove tehnike, pro\u0161irivati znanja, sura\u0111ivati, pa smo ove \u0161kolske godine u \u0161koli imali radionicu izrade nakita makrame tehnikom u koju smo uklju\u010dili i u\u010deni\u010dku zadrugu<strong> Eugen<\/strong> iz <strong>O\u0160 Eugena Kvaternika<\/strong>.<\/p>\n<p>U planu nam je do kraja godine nau\u010diti heklati u suradnji s udrugom iz Kravarskog, a i kuhati jednostavna jela, a za to \u0107e nam pomo\u0107i u\u010deni\u010dka zadruga <strong>Lajdica iz Pokupskog<\/strong> pa \u0107emo i s njima ostvariti suradnju. Ove \u0161kolske godine smo sudjelovali i u manifestaciji <strong>Gastro Turopolja<\/strong> u suradnji sa zadrugom Eugen, Udrugom obrtnika iz Velike Gorice i Turisti\u010dkom zajednicom grada Velike Gorice.<\/p>\n<p><img loading=\"lazy\" decoding=\"async\" class=\"aligncenter wp-image-45482\" src=\"https:\/\/gorica.info\/wp-content\/uploads\/2023\/03\/vuzel-gastro-turopolja-foto-gorica-info-300x224.jpg\" alt=\"vuzel\" width=\"800\" height=\"598\" srcset=\"https:\/\/gorica.info\/wp-content\/uploads\/2023\/03\/vuzel-gastro-turopolja-foto-gorica-info-300x224.jpg 300w, https:\/\/gorica.info\/wp-content\/uploads\/2023\/03\/vuzel-gastro-turopolja-foto-gorica-info-768x574.jpg 768w, https:\/\/gorica.info\/wp-content\/uploads\/2023\/03\/vuzel-gastro-turopolja-foto-gorica-info-16x12.jpg 16w, https:\/\/gorica.info\/wp-content\/uploads\/2023\/03\/vuzel-gastro-turopolja-foto-gorica-info-750x561.jpg 750w, https:\/\/gorica.info\/wp-content\/uploads\/2023\/03\/vuzel-gastro-turopolja-foto-gorica-info.jpg 1000w\" sizes=\"(max-width: 800px) 100vw, 800px\" \/><\/p>\n<h4><strong>Zadrugari ostaju aktivni i nakon zavr\u0161etka \u0161kolovanja<\/strong><\/h4>\n<p>Zavr\u0161etkom \u0161kolovanja, ne zna\u010di da prestaje suradnja sa zadrugarima koji ostaju i dalje aktivni i tako ve\u0107 vi\u0161e od 40 godina.<\/p>\n<p>&#8211; Na\u0161a zadruga ostvaruje suradnju s biv\u0161im u\u010denikom na\u0161e \u0161kole koji vje\u0161tine i znanje koje je usvojio u zadruzi, a i pro\u0161irio, primjenjuje za izradu vlastitih proizvoda te ih uspje\u0161no prodaje. Jako smo ponosni na to.<\/p>\n<p>Ako vas je ovaj tekst inspirirao da se i sami pridru\u017eite nekoj zadruzi, evo \u0161to sve zna\u010di biti zadrugar.<\/p>\n<p>&#8211; Biti zadrugar zna\u010di biti poduzetan, po\u0161ten, marljiv, vrijedan, susretljiv, odgovoran, pomagati jedan drugome i sura\u0111ivati jedan s drugim. Smatram da je izuzetno va\u017eno za \u0161kolu da ima u\u010deni\u010dku zadrugu kroz koju u\u010denici u\u010de prakti\u010dne vje\u0161tine izrade proizvoda, razvijaju motoriku, samostalnost, odgovornost, suradnju te poduzetni\u0161tvo. Kroz zadrugu imaju mogu\u0107nost usvojiti prakti\u010dno znanje, razli\u010dite tehnike izrade mnogobrojnih proizvoda i na koji ih na\u010din plasirati na tr\u017ei\u0161te i u kona\u010dnici prodati.<\/p>\n<p><img loading=\"lazy\" decoding=\"async\" class=\"aligncenter wp-image-45476 size-large\" src=\"https:\/\/gorica.info\/wp-content\/uploads\/2023\/03\/vuzel-1024x497.jpg\" alt=\"vuzel\" width=\"810\" height=\"393\" srcset=\"https:\/\/gorica.info\/wp-content\/uploads\/2023\/03\/vuzel-1024x497.jpg 1024w, https:\/\/gorica.info\/wp-content\/uploads\/2023\/03\/vuzel-300x146.jpg 300w, https:\/\/gorica.info\/wp-content\/uploads\/2023\/03\/vuzel-768x373.jpg 768w, https:\/\/gorica.info\/wp-content\/uploads\/2023\/03\/vuzel-18x9.jpg 18w, https:\/\/gorica.info\/wp-content\/uploads\/2023\/03\/vuzel-750x364.jpg 750w, https:\/\/gorica.info\/wp-content\/uploads\/2023\/03\/vuzel-1140x554.jpg 1140w, https:\/\/gorica.info\/wp-content\/uploads\/2023\/03\/vuzel.jpg 1100w\" sizes=\"(max-width: 810px) 100vw, 810px\" \/><\/p>\n<p><img loading=\"lazy\" decoding=\"async\" class=\"aligncenter wp-image-45501 size-large\" src=\"https:\/\/gorica.info\/wp-content\/uploads\/2023\/03\/vuzel-traka-za-kosu-1024x1024.jpg\" alt=\"vuzel\" width=\"810\" height=\"810\" \/><\/p>\n<p><img loading=\"lazy\" decoding=\"async\" class=\"aligncenter wp-image-45472\" src=\"https:\/\/gorica.info\/wp-content\/uploads\/2023\/03\/vuzel-nakit-300x300.jpg\" alt=\"\" width=\"800\" height=\"800\" srcset=\"https:\/\/gorica.info\/wp-content\/uploads\/2023\/03\/vuzel-nakit-300x300.jpg 300w, https:\/\/gorica.info\/wp-content\/uploads\/2023\/03\/vuzel-nakit-150x150.jpg 150w, https:\/\/gorica.info\/wp-content\/uploads\/2023\/03\/vuzel-nakit-768x768.jpg 768w, https:\/\/gorica.info\/wp-content\/uploads\/2023\/03\/vuzel-nakit-12x12.jpg 12w, https:\/\/gorica.info\/wp-content\/uploads\/2023\/03\/vuzel-nakit-75x75.jpg 75w, https:\/\/gorica.info\/wp-content\/uploads\/2023\/03\/vuzel-nakit-350x350.jpg 350w, https:\/\/gorica.info\/wp-content\/uploads\/2023\/03\/vuzel-nakit-750x750.jpg 750w, https:\/\/gorica.info\/wp-content\/uploads\/2023\/03\/vuzel-nakit.jpg 800w\" sizes=\"(max-width: 800px) 100vw, 800px\" \/> <img loading=\"lazy\" decoding=\"async\" class=\"alignnone wp-image-45466 size-large\" src=\"https:\/\/gorica.info\/wp-content\/uploads\/2023\/03\/vuzel-izlozba-radova1-1024x768.jpg\" alt=\"vuzel\" width=\"810\" height=\"608\" srcset=\"https:\/\/gorica.info\/wp-content\/uploads\/2023\/03\/vuzel-izlozba-radova1-1024x768.jpg 1024w, https:\/\/gorica.info\/wp-content\/uploads\/2023\/03\/vuzel-izlozba-radova1-300x225.jpg 300w, https:\/\/gorica.info\/wp-content\/uploads\/2023\/03\/vuzel-izlozba-radova1-768x576.jpg 768w, https:\/\/gorica.info\/wp-content\/uploads\/2023\/03\/vuzel-izlozba-radova1-16x12.jpg 16w, https:\/\/gorica.info\/wp-content\/uploads\/2023\/03\/vuzel-izlozba-radova1-750x562.jpg 750w, https:\/\/gorica.info\/wp-content\/uploads\/2023\/03\/vuzel-izlozba-radova1.jpg 1067w\" sizes=\"(max-width: 810px) 100vw, 810px\" \/><\/p>\n<p><img loading=\"lazy\" decoding=\"async\" class=\"aligncenter wp-image-45467 size-large\" src=\"https:\/\/gorica.info\/wp-content\/uploads\/2023\/03\/vuzel-rukotvorine-1024x1024.jpg\" alt=\"vuzel\" width=\"810\" height=\"810\" \/> \u00a0<img loading=\"lazy\" decoding=\"async\" class=\"aligncenter wp-image-45469\" src=\"https:\/\/gorica.info\/wp-content\/uploads\/2023\/03\/vuzel2-300x300.jpg\" alt=\"vuzel\" width=\"800\" height=\"800\" srcset=\"https:\/\/gorica.info\/wp-content\/uploads\/2023\/03\/vuzel2-300x300.jpg 300w, https:\/\/gorica.info\/wp-content\/uploads\/2023\/03\/vuzel2-150x150.jpg 150w, https:\/\/gorica.info\/wp-content\/uploads\/2023\/03\/vuzel2-768x768.jpg 768w, https:\/\/gorica.info\/wp-content\/uploads\/2023\/03\/vuzel2-12x12.jpg 12w, https:\/\/gorica.info\/wp-content\/uploads\/2023\/03\/vuzel2-75x75.jpg 75w, https:\/\/gorica.info\/wp-content\/uploads\/2023\/03\/vuzel2-350x350.jpg 350w, https:\/\/gorica.info\/wp-content\/uploads\/2023\/03\/vuzel2-750x750.jpg 750w, https:\/\/gorica.info\/wp-content\/uploads\/2023\/03\/vuzel2.jpg 800w\" sizes=\"(max-width: 800px) 100vw, 800px\" \/><\/p>\n<p><img loading=\"lazy\" decoding=\"async\" class=\"aligncenter wp-image-45471 size-large\" src=\"https:\/\/gorica.info\/wp-content\/uploads\/2023\/03\/vuzel-marame-1024x1024.jpg\" alt=\"\" width=\"810\" height=\"810\" \/><\/p>\n<p><img loading=\"lazy\" decoding=\"async\" class=\"aligncenter wp-image-45470 size-full\" src=\"https:\/\/gorica.info\/wp-content\/uploads\/2023\/03\/vuzel-ogrlica.jpg\" alt=\"\" width=\"762\" height=\"960\" srcset=\"https:\/\/gorica.info\/wp-content\/uploads\/2023\/03\/vuzel-ogrlica.jpg 635w, https:\/\/gorica.info\/wp-content\/uploads\/2023\/03\/vuzel-ogrlica-238x300.jpg 238w, https:\/\/gorica.info\/wp-content\/uploads\/2023\/03\/vuzel-ogrlica-10x12.jpg 10w, https:\/\/gorica.info\/wp-content\/uploads\/2023\/03\/vuzel-ogrlica-750x945.jpg 750w\" sizes=\"(max-width: 762px) 100vw, 762px\" \/><\/p>\n<p><strong>*** Tekst je dio projekta Na\u0161a \u017eupanija ***<\/strong><\/p>\n<p>&nbsp;<\/p>","protected":false},"excerpt":{"rendered":"<p>Generacije su odrastale i odrastaju uz (ne)zgode zadrugara iz kultnog \u201eVlaka u snijegu\u201c, a nema tko nije barem jednom zapjevao onu \u201e&#8230;kad se male ruke slo\u017ee, sve se mo\u017ee\u2026\u201c. Male ruke veselih zadrugara iz na\u0161e pri\u010de prona\u0161li smo u gori\u010dkoj Osnovnoj \u0161koli Eugena Kumi\u010di\u0107a u kojoj djeluje u\u010deni\u010dka zadruga Vuzel. Zadruga \u201eVuzel\u201c osnovana je 1982. [&hellip;]<\/p>\n","protected":false},"author":23,"featured_media":45479,"comment_status":"open","ping_status":"open","sticky":false,"template":"","format":"standard","meta":{"limit_modified_date":"","last_modified_date":"","jnews-multi-image_gallery":[],"jnews_single_post":[],"jnews_primary_category":[],"jnews_override_counter":[],"footnotes":""},"categories":[91],"tags":[9138,9139,9140,9141,149],"class_list":["post-45456","post","type-post","status-publish","format-standard","has-post-thumbnail","hentry","category-vg-vazno","tag-moja-zupanija","tag-rukotvorine","tag-tajana-brnic","tag-ucenicka-zadruga-vuzel","tag-zagrebacka-zupanija"],"yoast_head":"<!-- This site is optimized with the Yoast SEO Premium plugin v27.4 (Yoast SEO v27.4) - https:\/\/yoast.com\/product\/yoast-seo-premium-wordpress\/ -->\n<title>U\u010deni\u010dka zadruga Vuzel gori\u010dke O\u0160 Eugena Kumi\u010di\u0107a: Vrijedni u\u010denici inspiraciju nalaze u ba\u0161tini turopoljskog kraja - Gorica Info<\/title>\n<meta name=\"description\" content=\"Velikogori\u010dka u\u010deni\u010dka zadruga Vuzel iz O\u0160 Eugena Kumi\u010di\u0107a djeluje ve\u0107 41 godinu a u njoj je trenuta\u010dno aktivno \u010dak 90 u\u010denika\" \/>\n<meta name=\"robots\" content=\"index, follow, max-snippet:-1, max-image-preview:large, max-video-preview:-1\" \/>\n<link rel=\"canonical\" href=\"https:\/\/gorica.info\/en\/ucenicka-zadruga-vuzel\/\" \/>\n<meta property=\"og:locale\" content=\"en_US\" \/>\n<meta property=\"og:type\" content=\"article\" \/>\n<meta property=\"og:title\" content=\"U\u010deni\u010dka zadruga Vuzel gori\u010dke O\u0160 Eugena Kumi\u010di\u0107a: Vrijedni u\u010denici inspiraciju nalaze u ba\u0161tini turopoljskog kraja\" \/>\n<meta property=\"og:description\" content=\"Velikogori\u010dka u\u010deni\u010dka zadruga Vuzel iz O\u0160 Eugena Kumi\u010di\u0107a djeluje ve\u0107 41 godinu a u njoj je trenuta\u010dno aktivno \u010dak 90 u\u010denika\" \/>\n<meta property=\"og:url\" content=\"https:\/\/gorica.info\/en\/ucenicka-zadruga-vuzel\/\" \/>\n<meta property=\"og:site_name\" content=\"Gorica Info\" \/>\n<meta property=\"article:publisher\" content=\"https:\/\/www.facebook.com\/Goricainfo-106005144489262\" \/>\n<meta property=\"article:published_time\" content=\"2023-03-12T05:15:49+00:00\" \/>\n<meta property=\"og:image\" content=\"https:\/\/gorica.info\/wp-content\/uploads\/2023\/03\/vuzel-ucenicka-zadruga-os-eugena-kumicica.jpg\" \/>\n\t<meta property=\"og:image:width\" content=\"1200\" \/>\n\t<meta property=\"og:image:height\" content=\"771\" \/>\n\t<meta property=\"og:image:type\" content=\"image\/jpeg\" \/>\n<meta name=\"author\" content=\"Gorica. info\" \/>\n<meta name=\"twitter:card\" content=\"summary_large_image\" \/>\n<meta name=\"twitter:creator\" content=\"@GoricaInfo\" \/>\n<meta name=\"twitter:site\" content=\"@GoricaInfo\" \/>\n<meta name=\"twitter:label1\" content=\"Written by\" \/>\n\t<meta name=\"twitter:data1\" content=\"Gorica. info\" \/>\n\t<meta name=\"twitter:label2\" content=\"Est. reading time\" \/>\n\t<meta name=\"twitter:data2\" content=\"8 minutes\" \/>\n<meta name=\"geo.placename\" content=\"Velika Gorica\" \/>\n<meta name=\"geo.region\" content=\"Croatia\" \/>\n<!-- \/ Yoast SEO Premium plugin. -->","yoast_head_json":{"title":"U\u010deni\u010dka zadruga Vuzel gori\u010dke O\u0160 Eugena Kumi\u010di\u0107a: Vrijedni u\u010denici inspiraciju nalaze u ba\u0161tini turopoljskog kraja - Gorica Info","description":"Velikogori\u010dka u\u010deni\u010dka zadruga Vuzel iz O\u0160 Eugena Kumi\u010di\u0107a djeluje ve\u0107 41 godinu a u njoj je trenuta\u010dno aktivno \u010dak 90 u\u010denika","robots":{"index":"index","follow":"follow","max-snippet":"max-snippet:-1","max-image-preview":"max-image-preview:large","max-video-preview":"max-video-preview:-1"},"canonical":"https:\/\/gorica.info\/en\/ucenicka-zadruga-vuzel\/","og_locale":"en_US","og_type":"article","og_title":"U\u010deni\u010dka zadruga Vuzel gori\u010dke O\u0160 Eugena Kumi\u010di\u0107a: Vrijedni u\u010denici inspiraciju nalaze u ba\u0161tini turopoljskog kraja","og_description":"Velikogori\u010dka u\u010deni\u010dka zadruga Vuzel iz O\u0160 Eugena Kumi\u010di\u0107a djeluje ve\u0107 41 godinu a u njoj je trenuta\u010dno aktivno \u010dak 90 u\u010denika","og_url":"https:\/\/gorica.info\/en\/ucenicka-zadruga-vuzel\/","og_site_name":"Gorica Info","article_publisher":"https:\/\/www.facebook.com\/Goricainfo-106005144489262","article_published_time":"2023-03-12T05:15:49+00:00","og_image":[{"width":1200,"height":771,"url":"https:\/\/gorica.info\/wp-content\/uploads\/2023\/03\/vuzel-ucenicka-zadruga-os-eugena-kumicica.jpg","type":"image\/jpeg"}],"author":"Gorica. info","twitter_card":"summary_large_image","twitter_creator":"@GoricaInfo","twitter_site":"@GoricaInfo","twitter_misc":{"Written by":"Gorica. info","Est. reading time":"8 minutes"},"schema":{"@context":"https:\/\/schema.org","@graph":[{"@type":"NewsArticle","@id":"https:\/\/gorica.info\/ucenicka-zadruga-vuzel\/#article","isPartOf":{"@id":"https:\/\/gorica.info\/ucenicka-zadruga-vuzel\/"},"author":{"name":"Gorica. info","@id":"https:\/\/gorica.info\/#\/schema\/person\/4499af1f22f322670b9b5977ccc2e3de"},"headline":"U\u010deni\u010dka zadruga Vuzel gori\u010dke O\u0160 Eugena Kumi\u010di\u0107a: Vrijedni u\u010denici inspiraciju nalaze u ba\u0161tini turopoljskog kraja","datePublished":"2023-03-12T05:15:49+00:00","mainEntityOfPage":{"@id":"https:\/\/gorica.info\/ucenicka-zadruga-vuzel\/"},"wordCount":1041,"commentCount":0,"publisher":{"@id":"https:\/\/gorica.info\/#organization"},"image":{"@id":"https:\/\/gorica.info\/ucenicka-zadruga-vuzel\/#primaryimage"},"thumbnailUrl":"https:\/\/gorica.info\/wp-content\/uploads\/2023\/03\/vuzel-ucenicka-zadruga-os-eugena-kumicica.jpg","keywords":["moja \u017eupanija","rukotvorine","tajana brni\u0107","u\u010deni\u010dka zadruga vuzel","Zagreba\u010dka \u017eupanija"],"articleSection":["VG VA\u017dNO"],"inLanguage":"en-US","potentialAction":[{"@type":"CommentAction","name":"Comment","target":["https:\/\/gorica.info\/ucenicka-zadruga-vuzel\/#respond"]}],"copyrightYear":"2023","copyrightHolder":{"@id":"https:\/\/gorica.info\/en\/#organization"}},{"@type":"WebPage","@id":"https:\/\/gorica.info\/ucenicka-zadruga-vuzel\/","url":"https:\/\/gorica.info\/ucenicka-zadruga-vuzel\/","name":"U\u010deni\u010dka zadruga Vuzel gori\u010dke O\u0160 Eugena Kumi\u010di\u0107a: Vrijedni u\u010denici inspiraciju nalaze u ba\u0161tini turopoljskog kraja - Gorica Info","isPartOf":{"@id":"https:\/\/gorica.info\/#website"},"primaryImageOfPage":{"@id":"https:\/\/gorica.info\/ucenicka-zadruga-vuzel\/#primaryimage"},"image":{"@id":"https:\/\/gorica.info\/ucenicka-zadruga-vuzel\/#primaryimage"},"thumbnailUrl":"https:\/\/gorica.info\/wp-content\/uploads\/2023\/03\/vuzel-ucenicka-zadruga-os-eugena-kumicica.jpg","datePublished":"2023-03-12T05:15:49+00:00","description":"Velikogori\u010dka u\u010deni\u010dka zadruga Vuzel iz O\u0160 Eugena Kumi\u010di\u0107a djeluje ve\u0107 41 godinu a u njoj je trenuta\u010dno aktivno \u010dak 90 u\u010denika","breadcrumb":{"@id":"https:\/\/gorica.info\/ucenicka-zadruga-vuzel\/#breadcrumb"},"inLanguage":"en-US","potentialAction":[{"@type":"ReadAction","target":["https:\/\/gorica.info\/ucenicka-zadruga-vuzel\/"]}]},{"@type":"ImageObject","inLanguage":"en-US","@id":"https:\/\/gorica.info\/ucenicka-zadruga-vuzel\/#primaryimage","url":"https:\/\/gorica.info\/wp-content\/uploads\/2023\/03\/vuzel-ucenicka-zadruga-os-eugena-kumicica.jpg","contentUrl":"https:\/\/gorica.info\/wp-content\/uploads\/2023\/03\/vuzel-ucenicka-zadruga-os-eugena-kumicica.jpg","width":1100,"height":707,"caption":"Zadrugari Vuzela izra\u0111uju i kasnije prodaju razli\u010dite uporabne predmete, od nakita, ukrasa do marama, prirodnih \u010dajeva.... \/ Foto: Privatna arhiva"},{"@type":"BreadcrumbList","@id":"https:\/\/gorica.info\/ucenicka-zadruga-vuzel\/#breadcrumb","itemListElement":[{"@type":"ListItem","position":1,"name":"Po\u010detna stranica","item":"https:\/\/gorica.info\/"},{"@type":"ListItem","position":2,"name":"U\u010deni\u010dka zadruga Vuzel gori\u010dke O\u0160 Eugena Kumi\u010di\u0107a: Vrijedni u\u010denici inspiraciju nalaze u ba\u0161tini turopoljskog kraja"}]},{"@type":"WebSite","@id":"https:\/\/gorica.info\/#website","url":"https:\/\/gorica.info\/","name":"Gorica Info","description":"Vijesti iz Velike Gorice i okolice.","publisher":{"@id":"https:\/\/gorica.info\/#organization"},"potentialAction":[{"@type":"SearchAction","target":{"@type":"EntryPoint","urlTemplate":"https:\/\/gorica.info\/?s={search_term_string}"},"query-input":{"@type":"PropertyValueSpecification","valueRequired":true,"valueName":"search_term_string"}}],"inLanguage":"en-US"},{"@type":["Organization","Place","NewsMediaOrganization"],"@id":"https:\/\/gorica.info\/#organization","name":"Gorica Info","url":"https:\/\/gorica.info\/","logo":{"@id":"https:\/\/gorica.info\/ucenicka-zadruga-vuzel\/#local-main-organization-logo"},"image":{"@id":"https:\/\/gorica.info\/ucenicka-zadruga-vuzel\/#local-main-organization-logo"},"sameAs":["https:\/\/www.facebook.com\/Goricainfo-106005144489262","https:\/\/x.com\/GoricaInfo","https:\/\/www.instagram.com\/gorica.info\/"],"address":{"@id":"https:\/\/gorica.info\/ucenicka-zadruga-vuzel\/#local-main-place-address"},"telephone":[],"openingHoursSpecification":[{"@type":"OpeningHoursSpecification","dayOfWeek":["Monday","Tuesday","Wednesday","Thursday","Friday","Saturday","Sunday"],"opens":"09:00","closes":"17:00"}],"email":"redakcija@gorica.info"},{"@type":"Person","@id":"https:\/\/gorica.info\/#\/schema\/person\/4499af1f22f322670b9b5977ccc2e3de","name":"Gorica. info","description":"Gorica.info je lokalni portal koji prati Veliku Goricu i okolici, svakodnevno donosi najnovije vijesti i pri\u010de, kulturna doga\u0111anja i aktualnosti koje oblikuju \u017eivot gra\u0111ana.","url":"https:\/\/gorica.info\/en\/author\/gorica-info\/"},{"@type":"PostalAddress","@id":"https:\/\/gorica.info\/ucenicka-zadruga-vuzel\/#local-main-place-address","streetAddress":"Horvatova 97","addressLocality":"Velika Gorica","postalCode":"10410","addressRegion":"Croatia","addressCountry":"HR"},{"@type":"ImageObject","inLanguage":"en-US","@id":"https:\/\/gorica.info\/ucenicka-zadruga-vuzel\/#local-main-organization-logo","url":"https:\/\/gorica.info\/wp-content\/uploads\/2024\/07\/Gorica-Info-Logo-mali.png","contentUrl":"https:\/\/gorica.info\/wp-content\/uploads\/2024\/07\/Gorica-Info-Logo-mali.png","width":450,"height":85,"caption":"Gorica Info"}]},"geo.placename":"Velika Gorica","geo.region":"Croatia"},"_links":{"self":[{"href":"https:\/\/gorica.info\/en\/wp-json\/wp\/v2\/posts\/45456","targetHints":{"allow":["GET"]}}],"collection":[{"href":"https:\/\/gorica.info\/en\/wp-json\/wp\/v2\/posts"}],"about":[{"href":"https:\/\/gorica.info\/en\/wp-json\/wp\/v2\/types\/post"}],"author":[{"embeddable":true,"href":"https:\/\/gorica.info\/en\/wp-json\/wp\/v2\/users\/23"}],"replies":[{"embeddable":true,"href":"https:\/\/gorica.info\/en\/wp-json\/wp\/v2\/comments?post=45456"}],"version-history":[{"count":0,"href":"https:\/\/gorica.info\/en\/wp-json\/wp\/v2\/posts\/45456\/revisions"}],"wp:featuredmedia":[{"embeddable":true,"href":"https:\/\/gorica.info\/en\/wp-json\/wp\/v2\/media\/45479"}],"wp:attachment":[{"href":"https:\/\/gorica.info\/en\/wp-json\/wp\/v2\/media?parent=45456"}],"wp:term":[{"taxonomy":"category","embeddable":true,"href":"https:\/\/gorica.info\/en\/wp-json\/wp\/v2\/categories?post=45456"},{"taxonomy":"post_tag","embeddable":true,"href":"https:\/\/gorica.info\/en\/wp-json\/wp\/v2\/tags?post=45456"}],"curies":[{"name":"wp","href":"https:\/\/api.w.org\/{rel}","templated":true}]}}