{"id":45519,"date":"2023-03-12T12:54:50","date_gmt":"2023-03-12T11:54:50","guid":{"rendered":"https:\/\/gorica.info\/?p=45519"},"modified":"2023-03-12T12:54:50","modified_gmt":"2023-03-12T11:54:50","slug":"knjizevni-susret-u-sparku-promocija-knjige-ivanke-rozic-veliki-i-mali-busevec","status":"publish","type":"post","link":"https:\/\/gorica.info\/en\/knjizevni-susret-u-sparku-promocija-knjige-ivanke-rozic-veliki-i-mali-busevec\/","title":{"rendered":"Knji\u017eevni susret u Sparku: Promocija knjige Ivanke Ro\u017ei\u0107 \u201eVeliki i mali Bu\u0161evec\u201c"},"content":{"rendered":"<p>Udruga umjetnika<strong> Spark<\/strong> u nedjelju, 12. o\u017eujka organizira <strong>Knji\u017eevni susret<\/strong> na kojem \u0107e <strong>Ivanka Ro\u017ei\u0107<\/strong> predstaviti svoju knjigu \u201c<a href=\"https:\/\/gorica.info\/en\/2023\/03\/04\/promocija-knjige-suvremenog-puckog-pjesnistva-turopolja-veliki-i-mali-busevec-ivanke-rozic\/\"><strong>Veliki i mali Bu\u0161evec<\/strong><\/a>\u201d.<\/p>\n<p>Knji\u017eevni susret po\u010dinje u 17 sati u prostorijama <a href=\"https:\/\/www.facebook.com\/spark.udrugaumjetnika\">Sparka<\/a> u Ulici Matije Slatinskog 4 u Velikoj Gorici.<\/p>\n<p>Knjiga \u201eVeliki i mali Bu\u0161evec\u201c sadr\u017ei pjesme, prozu i kratke pri\u010de koje govore o ljudima i doga\u0111ajima vezanim uz Bu\u0161evec i Turopolje. Velikim dijelom pisana je turopoljskim dijalektom, a dio je i na standardnom hrvatskom knji\u017eevnom jeziku.<\/p>\n<p>Nakladnik je <strong>Ogranak selja\u010dke sloge Bu\u0161evec<\/strong>, a ovo je \u010detvrta knjiga u ediciji &#8220;Suvremeno pu\u010dko pjesni\u0161tvo Turopolja&#8221;.<\/p>\n<figure id=\"attachment_45526\" aria-describedby=\"caption-attachment-45526\" style=\"width: 800px\" class=\"wp-caption aligncenter\"><img fetchpriority=\"high\" decoding=\"async\" class=\"wp-image-45526\" src=\"https:\/\/gorica.info\/wp-content\/uploads\/2023\/03\/ivanka-rozic-foto-oss-busevec-300x200.jpg\" alt=\"susret\" width=\"800\" height=\"533\" srcset=\"https:\/\/gorica.info\/wp-content\/uploads\/2023\/03\/ivanka-rozic-foto-oss-busevec-300x200.jpg 300w, https:\/\/gorica.info\/wp-content\/uploads\/2023\/03\/ivanka-rozic-foto-oss-busevec-768x512.jpg 768w, https:\/\/gorica.info\/wp-content\/uploads\/2023\/03\/ivanka-rozic-foto-oss-busevec-18x12.jpg 18w, https:\/\/gorica.info\/wp-content\/uploads\/2023\/03\/ivanka-rozic-foto-oss-busevec-750x500.jpg 750w, https:\/\/gorica.info\/wp-content\/uploads\/2023\/03\/ivanka-rozic-foto-oss-busevec.jpg 900w\" sizes=\"(max-width: 800px) 100vw, 800px\" \/><figcaption id=\"caption-attachment-45526\" class=\"wp-caption-text\">Foto: FB Ogranak selja\u010dke sloge Bu\u0161evec<\/figcaption><\/figure>\n<p>Ivanka Ro\u017ei\u0107 vi\u0161e od 35 godina radila je u Dje\u010djem vrti\u0107u \u201cVelika Gorica\u201d. Na knji\u017eevnom i zavi\u010dajnom izri\u010daju pi\u0161e prozu, poeziju i igrokaze koje objavljuje u \u010dasopisima za djecu, a svoje tekstove upravo \u201cprovjerava\u201d u radu s djecom.<\/p>\n<p>Sudjelovala je u mnogim projektima poput \u201c<strong>De\u010dji kulturopolski vodi\u010d<\/strong>\u201d, objavila je slikovnicu \u201c<strong>Pti\u010dice u turopoljskom vrti\u0107u<\/strong>\u201d, Dani europske kulturne ba\u0161tine s predstavljanjem igrokaza \u201c<strong>\u010ciste i hartave ocene<\/strong>\u201d.<\/p>\n<p>Sudjelovala je i u snimanju kratkog igranog filma \u201c<strong>I\u0161\u010demo turopolsko blogo<\/strong>\u201d u re\u017eiji <strong>Romane Ro\u017ei\u0107<\/strong>.<\/p>\n<p>&nbsp;<\/p>","protected":false},"excerpt":{"rendered":"<p>Udruga umjetnika Spark u nedjelju, 12. o\u017eujka organizira Knji\u017eevni susret na kojem \u0107e Ivanka Ro\u017ei\u0107 predstaviti svoju knjigu \u201cVeliki i mali Bu\u0161evec\u201d. Knji\u017eevni susret po\u010dinje u 17 sati u prostorijama Sparka u Ulici Matije Slatinskog 4 u Velikoj Gorici. Knjiga \u201eVeliki i mali Bu\u0161evec\u201c sadr\u017ei pjesme, prozu i kratke pri\u010de koje govore o ljudima i [&hellip;]<\/p>\n","protected":false},"author":23,"featured_media":45529,"comment_status":"open","ping_status":"open","sticky":false,"template":"","format":"standard","meta":{"limit_modified_date":"","last_modified_date":"","jnews-multi-image_gallery":[],"jnews_single_post":[],"jnews_primary_category":[],"jnews_override_counter":[],"footnotes":""},"categories":[84],"tags":[9062,9147,3353,9065],"class_list":["post-45519","post","type-post","status-publish","format-standard","has-post-thumbnail","hentry","category-kultura","tag-ivanka-rozic","tag-knjizevni-susret","tag-spark","tag-veliki-i-mali-busevec"],"yoast_head":"<!-- This site is optimized with the Yoast SEO Premium plugin v27.4 (Yoast SEO v27.4) - https:\/\/yoast.com\/product\/yoast-seo-premium-wordpress\/ -->\n<title>Knji\u017eevni susret u Sparku: Promocija knjige Ivanke Ro\u017ei\u0107 \u201eVeliki i mali Bu\u0161evec\u201c - Gorica Info<\/title>\n<meta name=\"description\" content=\"Knji\u017eevni susret u Sparku: Promocija knjige Ivanke Ro\u017ei\u0107 \u201eVeliki i mali Bu\u0161evec\u201c. Dru\u017eenje po\u010dinje u 17 sati u prostorijama Sparka.\" \/>\n<meta name=\"robots\" content=\"index, follow, max-snippet:-1, max-image-preview:large, max-video-preview:-1\" \/>\n<link rel=\"canonical\" href=\"https:\/\/gorica.info\/en\/knjizevni-susret-u-sparku-promocija-knjige-ivanke-rozic-veliki-i-mali-busevec\/\" \/>\n<meta property=\"og:locale\" content=\"en_US\" \/>\n<meta property=\"og:type\" content=\"article\" \/>\n<meta property=\"og:title\" content=\"Knji\u017eevni susret u Sparku: Promocija knjige Ivanke Ro\u017ei\u0107 \u201eVeliki i mali Bu\u0161evec\u201c\" \/>\n<meta property=\"og:description\" content=\"Knji\u017eevni susret u Sparku: Promocija knjige Ivanke Ro\u017ei\u0107 \u201eVeliki i mali Bu\u0161evec\u201c. Dru\u017eenje po\u010dinje u 17 sati u prostorijama Sparka.\" \/>\n<meta property=\"og:url\" content=\"https:\/\/gorica.info\/en\/knjizevni-susret-u-sparku-promocija-knjige-ivanke-rozic-veliki-i-mali-busevec\/\" \/>\n<meta property=\"og:site_name\" content=\"Gorica Info\" \/>\n<meta property=\"article:publisher\" content=\"https:\/\/www.facebook.com\/Goricainfo-106005144489262\" \/>\n<meta property=\"article:published_time\" content=\"2023-03-12T11:54:50+00:00\" \/>\n<meta property=\"og:image\" content=\"https:\/\/gorica.info\/wp-content\/uploads\/2023\/03\/333504010_1218987282073452_6750539112094660660_n.jpg\" \/>\n\t<meta property=\"og:image:width\" content=\"1152\" \/>\n\t<meta property=\"og:image:height\" content=\"768\" \/>\n\t<meta property=\"og:image:type\" content=\"image\/jpeg\" \/>\n<meta name=\"author\" content=\"Gorica. info\" \/>\n<meta name=\"twitter:card\" content=\"summary_large_image\" \/>\n<meta name=\"twitter:creator\" content=\"@GoricaInfo\" \/>\n<meta name=\"twitter:site\" content=\"@GoricaInfo\" \/>\n<meta name=\"twitter:label1\" content=\"Written by\" \/>\n\t<meta name=\"twitter:data1\" content=\"Gorica. info\" \/>\n\t<meta name=\"twitter:label2\" content=\"Est. reading time\" \/>\n\t<meta name=\"twitter:data2\" content=\"2 minutes\" \/>\n<meta name=\"geo.placename\" content=\"Velika Gorica\" \/>\n<meta name=\"geo.region\" content=\"Croatia\" \/>\n<!-- \/ Yoast SEO Premium plugin. -->","yoast_head_json":{"title":"Knji\u017eevni susret u Sparku: Promocija knjige Ivanke Ro\u017ei\u0107 \u201eVeliki i mali Bu\u0161evec\u201c - Gorica Info","description":"Knji\u017eevni susret u Sparku: Promocija knjige Ivanke Ro\u017ei\u0107 \u201eVeliki i mali Bu\u0161evec\u201c. Dru\u017eenje po\u010dinje u 17 sati u prostorijama Sparka.","robots":{"index":"index","follow":"follow","max-snippet":"max-snippet:-1","max-image-preview":"max-image-preview:large","max-video-preview":"max-video-preview:-1"},"canonical":"https:\/\/gorica.info\/en\/knjizevni-susret-u-sparku-promocija-knjige-ivanke-rozic-veliki-i-mali-busevec\/","og_locale":"en_US","og_type":"article","og_title":"Knji\u017eevni susret u Sparku: Promocija knjige Ivanke Ro\u017ei\u0107 \u201eVeliki i mali Bu\u0161evec\u201c","og_description":"Knji\u017eevni susret u Sparku: Promocija knjige Ivanke Ro\u017ei\u0107 \u201eVeliki i mali Bu\u0161evec\u201c. Dru\u017eenje po\u010dinje u 17 sati u prostorijama Sparka.","og_url":"https:\/\/gorica.info\/en\/knjizevni-susret-u-sparku-promocija-knjige-ivanke-rozic-veliki-i-mali-busevec\/","og_site_name":"Gorica Info","article_publisher":"https:\/\/www.facebook.com\/Goricainfo-106005144489262","article_published_time":"2023-03-12T11:54:50+00:00","og_image":[{"width":1152,"height":768,"url":"https:\/\/gorica.info\/wp-content\/uploads\/2023\/03\/333504010_1218987282073452_6750539112094660660_n.jpg","type":"image\/jpeg"}],"author":"Gorica. info","twitter_card":"summary_large_image","twitter_creator":"@GoricaInfo","twitter_site":"@GoricaInfo","twitter_misc":{"Written by":"Gorica. info","Est. reading time":"2 minutes"},"schema":{"@context":"https:\/\/schema.org","@graph":[{"@type":"NewsArticle","@id":"https:\/\/gorica.info\/knjizevni-susret-u-sparku-promocija-knjige-ivanke-rozic-veliki-i-mali-busevec\/#article","isPartOf":{"@id":"https:\/\/gorica.info\/knjizevni-susret-u-sparku-promocija-knjige-ivanke-rozic-veliki-i-mali-busevec\/"},"author":{"name":"Gorica. info","@id":"https:\/\/gorica.info\/#\/schema\/person\/4499af1f22f322670b9b5977ccc2e3de"},"headline":"Knji\u017eevni susret u Sparku: Promocija knjige Ivanke Ro\u017ei\u0107 \u201eVeliki i mali Bu\u0161evec\u201c","datePublished":"2023-03-12T11:54:50+00:00","mainEntityOfPage":{"@id":"https:\/\/gorica.info\/knjizevni-susret-u-sparku-promocija-knjige-ivanke-rozic-veliki-i-mali-busevec\/"},"wordCount":231,"commentCount":0,"publisher":{"@id":"https:\/\/gorica.info\/#organization"},"image":{"@id":"https:\/\/gorica.info\/knjizevni-susret-u-sparku-promocija-knjige-ivanke-rozic-veliki-i-mali-busevec\/#primaryimage"},"thumbnailUrl":"https:\/\/gorica.info\/wp-content\/uploads\/2023\/03\/333504010_1218987282073452_6750539112094660660_n.jpg","keywords":["ivanka ro\u017ei\u0107","knji\u017eevni susret","spark","veliki i mali bu\u0161evec"],"articleSection":["KULTURA"],"inLanguage":"en-US","potentialAction":[{"@type":"CommentAction","name":"Comment","target":["https:\/\/gorica.info\/knjizevni-susret-u-sparku-promocija-knjige-ivanke-rozic-veliki-i-mali-busevec\/#respond"]}],"copyrightYear":"2023","copyrightHolder":{"@id":"https:\/\/gorica.info\/en\/#organization"}},{"@type":"WebPage","@id":"https:\/\/gorica.info\/knjizevni-susret-u-sparku-promocija-knjige-ivanke-rozic-veliki-i-mali-busevec\/","url":"https:\/\/gorica.info\/knjizevni-susret-u-sparku-promocija-knjige-ivanke-rozic-veliki-i-mali-busevec\/","name":"Knji\u017eevni susret u Sparku: Promocija knjige Ivanke Ro\u017ei\u0107 \u201eVeliki i mali Bu\u0161evec\u201c - Gorica Info","isPartOf":{"@id":"https:\/\/gorica.info\/#website"},"primaryImageOfPage":{"@id":"https:\/\/gorica.info\/knjizevni-susret-u-sparku-promocija-knjige-ivanke-rozic-veliki-i-mali-busevec\/#primaryimage"},"image":{"@id":"https:\/\/gorica.info\/knjizevni-susret-u-sparku-promocija-knjige-ivanke-rozic-veliki-i-mali-busevec\/#primaryimage"},"thumbnailUrl":"https:\/\/gorica.info\/wp-content\/uploads\/2023\/03\/333504010_1218987282073452_6750539112094660660_n.jpg","datePublished":"2023-03-12T11:54:50+00:00","description":"Knji\u017eevni susret u Sparku: Promocija knjige Ivanke Ro\u017ei\u0107 \u201eVeliki i mali Bu\u0161evec\u201c. Dru\u017eenje po\u010dinje u 17 sati u prostorijama Sparka.","breadcrumb":{"@id":"https:\/\/gorica.info\/knjizevni-susret-u-sparku-promocija-knjige-ivanke-rozic-veliki-i-mali-busevec\/#breadcrumb"},"inLanguage":"en-US","potentialAction":[{"@type":"ReadAction","target":["https:\/\/gorica.info\/knjizevni-susret-u-sparku-promocija-knjige-ivanke-rozic-veliki-i-mali-busevec\/"]}]},{"@type":"ImageObject","inLanguage":"en-US","@id":"https:\/\/gorica.info\/knjizevni-susret-u-sparku-promocija-knjige-ivanke-rozic-veliki-i-mali-busevec\/#primaryimage","url":"https:\/\/gorica.info\/wp-content\/uploads\/2023\/03\/333504010_1218987282073452_6750539112094660660_n.jpg","contentUrl":"https:\/\/gorica.info\/wp-content\/uploads\/2023\/03\/333504010_1218987282073452_6750539112094660660_n.jpg","width":1100,"height":733,"caption":"Knjiga je nedavno promovirana u Bu\u0161evcu \/ Foto: FB Ogranak selja\u010dke sloge Bu\u0161evec"},{"@type":"BreadcrumbList","@id":"https:\/\/gorica.info\/knjizevni-susret-u-sparku-promocija-knjige-ivanke-rozic-veliki-i-mali-busevec\/#breadcrumb","itemListElement":[{"@type":"ListItem","position":1,"name":"Po\u010detna stranica","item":"https:\/\/gorica.info\/"},{"@type":"ListItem","position":2,"name":"Knji\u017eevni susret u Sparku: Promocija knjige Ivanke Ro\u017ei\u0107 \u201eVeliki i mali Bu\u0161evec\u201c"}]},{"@type":"WebSite","@id":"https:\/\/gorica.info\/#website","url":"https:\/\/gorica.info\/","name":"Gorica Info","description":"Vijesti iz Velike Gorice i okolice.","publisher":{"@id":"https:\/\/gorica.info\/#organization"},"potentialAction":[{"@type":"SearchAction","target":{"@type":"EntryPoint","urlTemplate":"https:\/\/gorica.info\/?s={search_term_string}"},"query-input":{"@type":"PropertyValueSpecification","valueRequired":true,"valueName":"search_term_string"}}],"inLanguage":"en-US"},{"@type":["Organization","Place","NewsMediaOrganization"],"@id":"https:\/\/gorica.info\/#organization","name":"Gorica Info","url":"https:\/\/gorica.info\/","logo":{"@id":"https:\/\/gorica.info\/knjizevni-susret-u-sparku-promocija-knjige-ivanke-rozic-veliki-i-mali-busevec\/#local-main-organization-logo"},"image":{"@id":"https:\/\/gorica.info\/knjizevni-susret-u-sparku-promocija-knjige-ivanke-rozic-veliki-i-mali-busevec\/#local-main-organization-logo"},"sameAs":["https:\/\/www.facebook.com\/Goricainfo-106005144489262","https:\/\/x.com\/GoricaInfo","https:\/\/www.instagram.com\/gorica.info\/"],"address":{"@id":"https:\/\/gorica.info\/knjizevni-susret-u-sparku-promocija-knjige-ivanke-rozic-veliki-i-mali-busevec\/#local-main-place-address"},"telephone":[],"openingHoursSpecification":[{"@type":"OpeningHoursSpecification","dayOfWeek":["Monday","Tuesday","Wednesday","Thursday","Friday","Saturday","Sunday"],"opens":"09:00","closes":"17:00"}],"email":"redakcija@gorica.info"},{"@type":"Person","@id":"https:\/\/gorica.info\/#\/schema\/person\/4499af1f22f322670b9b5977ccc2e3de","name":"Gorica. info","description":"Gorica.info je lokalni portal koji prati Veliku Goricu i okolici, svakodnevno donosi najnovije vijesti i pri\u010de, kulturna doga\u0111anja i aktualnosti koje oblikuju \u017eivot gra\u0111ana.","url":"https:\/\/gorica.info\/en\/author\/gorica-info\/"},{"@type":"PostalAddress","@id":"https:\/\/gorica.info\/knjizevni-susret-u-sparku-promocija-knjige-ivanke-rozic-veliki-i-mali-busevec\/#local-main-place-address","streetAddress":"Horvatova 97","addressLocality":"Velika Gorica","postalCode":"10410","addressRegion":"Croatia","addressCountry":"HR"},{"@type":"ImageObject","inLanguage":"en-US","@id":"https:\/\/gorica.info\/knjizevni-susret-u-sparku-promocija-knjige-ivanke-rozic-veliki-i-mali-busevec\/#local-main-organization-logo","url":"https:\/\/gorica.info\/wp-content\/uploads\/2024\/07\/Gorica-Info-Logo-mali.png","contentUrl":"https:\/\/gorica.info\/wp-content\/uploads\/2024\/07\/Gorica-Info-Logo-mali.png","width":450,"height":85,"caption":"Gorica Info"}]},"geo.placename":"Velika Gorica","geo.region":"Croatia"},"_links":{"self":[{"href":"https:\/\/gorica.info\/en\/wp-json\/wp\/v2\/posts\/45519","targetHints":{"allow":["GET"]}}],"collection":[{"href":"https:\/\/gorica.info\/en\/wp-json\/wp\/v2\/posts"}],"about":[{"href":"https:\/\/gorica.info\/en\/wp-json\/wp\/v2\/types\/post"}],"author":[{"embeddable":true,"href":"https:\/\/gorica.info\/en\/wp-json\/wp\/v2\/users\/23"}],"replies":[{"embeddable":true,"href":"https:\/\/gorica.info\/en\/wp-json\/wp\/v2\/comments?post=45519"}],"version-history":[{"count":0,"href":"https:\/\/gorica.info\/en\/wp-json\/wp\/v2\/posts\/45519\/revisions"}],"wp:featuredmedia":[{"embeddable":true,"href":"https:\/\/gorica.info\/en\/wp-json\/wp\/v2\/media\/45529"}],"wp:attachment":[{"href":"https:\/\/gorica.info\/en\/wp-json\/wp\/v2\/media?parent=45519"}],"wp:term":[{"taxonomy":"category","embeddable":true,"href":"https:\/\/gorica.info\/en\/wp-json\/wp\/v2\/categories?post=45519"},{"taxonomy":"post_tag","embeddable":true,"href":"https:\/\/gorica.info\/en\/wp-json\/wp\/v2\/tags?post=45519"}],"curies":[{"name":"wp","href":"https:\/\/api.w.org\/{rel}","templated":true}]}}