{"id":45655,"date":"2023-03-15T11:18:45","date_gmt":"2023-03-15T10:18:45","guid":{"rendered":"https:\/\/gorica.info\/?p=45655"},"modified":"2023-03-15T11:18:45","modified_gmt":"2023-03-15T10:18:45","slug":"pocinje-petodnevni-festival-svjetla-zagreb-svjetlosne-instalacije-promijenit-ce-ulice-parkove-setalista-i-gradevinepocinje-petodnevni-festival-svjetla-zagreb-svjetlosne-instalacije-promijenit-ce-ulic","status":"publish","type":"post","link":"https:\/\/gorica.info\/en\/pocinje-petodnevni-festival-svjetla-zagreb-svjetlosne-instalacije-promijenit-ce-ulice-parkove-setalista-i-gradevinepocinje-petodnevni-festival-svjetla-zagreb-svjetlosne-instalacije-promijenit-ce-ulic\/","title":{"rendered":"Festival svjetla Zagreb: Svjetlosne instalacije promijenit \u0107e ulice, parkove, \u0161etali\u0161ta i gra\u0111evine"},"content":{"rendered":"<p>Sve je spremno za ovogodi\u0161nji, peti po redu <strong>Festival svjetla Zagreb<\/strong>. U organizaciji<a href=\"https:\/\/www.festivalsvjetlazagreb.hr\/detalji-lokacija\/donji-grad\/the-transofrmation-hrvatsko-narodno-kazaliste\"> Turisti\u010dke zajednice grada Zagreba<\/a> i partnera odr\u017eat \u0107e se od <strong>srijede, 15. do nedjelje, 19. o\u017eujka<\/strong>. Otvorenje festivala bit \u0107e u <strong>19 sati<\/strong> kod Ljetne pozornice Tu\u0161kanac (Dubravkin put).<\/p>\n<p>Ulice, parkovi, \u0161etali\u0161ta i gra\u0111evine bit \u0107e prava platna na kojima \u0107e se mijenjati izgled, a za to \u0107e biti \u201codgovorni\u201d umjetnici iz zemlje i inozemstva koji \u0107e \u201cupravljati\u201d i mijenjati scenografiju svojim razigranim djelima.<\/p>\n<p>Tijekom pet dana trajanja<a href=\"https:\/\/gorica.info\/en\/2022\/03\/16\/pocinje-festival-svjetla-na-31-zagrebackoj-lokaciji-pogledajte-svjetlosne-spektakle\/\"> Zagreb<\/a> \u0107e pokazi svoje novo lice. Svjetlosne instalacije posjetitelje do\u010dekuju na \u010dak 28 lokacija u Gornjem i Donjem Gradu gdje \u0107e ih zasigurno impresionirati 33 atrakcije. Festival se \u0161iri na vi\u0161e lokacija s namjerom smanjenja gu\u017evi i olak\u0161avanja obilaska da svi kvalitetnije mogu u\u017eivati u \u010daroliji koja predstoji. Nove su lokacije park Ribnjak, Stara Vla\u0161ka, Kurel\u010deva ulica, Trg hrvatskih velikana, Trg \u017ertava fa\u0161izma, Dolac i Opatovina.<\/p>\n<p>Svjetlosna pri\u010da \u201cprogovorit\u201d \u0107e i poslati sna\u017ene poruke o suvremenom \u017eivotu u neobi\u010dnim vremenima, kao i o kulturi. Najmla\u0111i nisu zaboravljeni jer za njih su predvi\u0111ene instalacije u parkovima i na \u0161etali\u0161tima koje \u0107e ih odvesti u svijet igre, bajki, ma\u0161te i veselja koji \u0107e im zauvijek ostati u sje\u0107anju.<\/p>\n<p>&#8211; Bilje\u017eimo veliki interes stranih i doma\u0107ih umjetnika za Festival svjetla Zagreb te nas veseli da ove godine imamo \u010detiri me\u0111unarodne suradnje iz Francuske, Italije, Nizozemske i Njema\u010dke . Tu je i jedna doma\u0107a suradnja s partnerima iz \u0160ibenika, a ova gostovanja, kao i veliki interes stranih i doma\u0107ih umjetnika za budu\u0107e nastupe, pokazuju da Festival svjetla Zagreb postaje autenti\u010dni me\u0111unarodni projekt i doga\u0111anje \u2013 kazala je direktorica Turisti\u010dke zajednice Zagreba, <strong>Martina Bienenfeld<\/strong>.<\/p>\n<p>Svjetlosne atrakcije posjetitelji \u0107e mo\u0107i besplatno obi\u0107i svaki dan <strong>od 18 do 23 sata<\/strong>.<\/p>\n<p>&nbsp;<\/p>","protected":false},"excerpt":{"rendered":"<p>Sve je spremno za ovogodi\u0161nji, peti po redu Festival svjetla Zagreb. U organizaciji Turisti\u010dke zajednice grada Zagreba i partnera odr\u017eat \u0107e se od srijede, 15. do nedjelje, 19. o\u017eujka. Otvorenje festivala bit \u0107e u 19 sati kod Ljetne pozornice Tu\u0161kanac (Dubravkin put). Ulice, parkovi, \u0161etali\u0161ta i gra\u0111evine bit \u0107e prava platna na kojima \u0107e se [&hellip;]<\/p>\n","protected":false},"author":23,"featured_media":45656,"comment_status":"open","ping_status":"open","sticky":false,"template":"","format":"standard","meta":{"limit_modified_date":"","last_modified_date":"","jnews-multi-image_gallery":[],"jnews_single_post":[],"jnews_primary_category":[],"jnews_override_counter":[],"footnotes":""},"categories":[107],"tags":[5581,4732,5582,5738,9181,2958,288],"class_list":["post-45655","post","type-post","status-publish","format-standard","has-post-thumbnail","hentry","category-zagreb","tag-festival-svjetla","tag-gradevine","tag-martina-bienenfeld","tag-parkovi","tag-svjetlosne-instalacije","tag-ulice","tag-zagreb"],"yoast_head":"<!-- This site is optimized with the Yoast SEO Premium plugin v27.5 (Yoast SEO v27.5) - https:\/\/yoast.com\/product\/yoast-seo-premium-wordpress\/ -->\n<title>Festival svjetla Zagreb: Svjetlosne instalacije promijenit \u0107e ulice, parkove, \u0161etali\u0161ta i gra\u0111evine - Gorica Info<\/title>\n<meta name=\"description\" content=\"Po\u010dinje petodnevni Festival svjetla Zagreb: Svjetlosne instalacije promijenit \u0107e ulice, parkove, \u0161etali\u0161ta i gra\u0111evine\" \/>\n<meta name=\"robots\" content=\"index, follow, max-snippet:-1, max-image-preview:large, max-video-preview:-1\" \/>\n<link rel=\"canonical\" href=\"https:\/\/gorica.info\/en\/pocinje-petodnevni-festival-svjetla-zagreb-svjetlosne-instalacije-promijenit-ce-ulice-parkove-setalista-i-gradevinepocinje-petodnevni-festival-svjetla-zagreb-svjetlosne-instalacije-promijenit-ce-ulic\/\" \/>\n<meta property=\"og:locale\" content=\"en_US\" \/>\n<meta property=\"og:type\" content=\"article\" \/>\n<meta property=\"og:title\" content=\"Festival svjetla Zagreb: Svjetlosne instalacije promijenit \u0107e ulice, parkove, \u0161etali\u0161ta i gra\u0111evine\" \/>\n<meta property=\"og:description\" content=\"Po\u010dinje petodnevni Festival svjetla Zagreb: Svjetlosne instalacije promijenit \u0107e ulice, parkove, \u0161etali\u0161ta i gra\u0111evine\" \/>\n<meta property=\"og:url\" content=\"https:\/\/gorica.info\/en\/pocinje-petodnevni-festival-svjetla-zagreb-svjetlosne-instalacije-promijenit-ce-ulice-parkove-setalista-i-gradevinepocinje-petodnevni-festival-svjetla-zagreb-svjetlosne-instalacije-promijenit-ce-ulic\/\" \/>\n<meta property=\"og:site_name\" content=\"Gorica Info\" \/>\n<meta property=\"article:publisher\" content=\"https:\/\/www.facebook.com\/Goricainfo-106005144489262\" \/>\n<meta property=\"article:published_time\" content=\"2023-03-15T10:18:45+00:00\" \/>\n<meta property=\"og:image\" content=\"https:\/\/gorica.info\/wp-content\/uploads\/2023\/03\/preview-festival-of-lights-zagreb-2022-the-face-of-heritage-croatian-national-theatre-julien-duval-626139f93fc58@136@6400712a452bb.jpg\" \/>\n\t<meta property=\"og:image:width\" content=\"1152\" \/>\n\t<meta property=\"og:image:height\" content=\"768\" \/>\n\t<meta property=\"og:image:type\" content=\"image\/jpeg\" \/>\n<meta name=\"author\" content=\"Gorica. info\" \/>\n<meta name=\"twitter:card\" content=\"summary_large_image\" \/>\n<meta name=\"twitter:creator\" content=\"@GoricaInfo\" \/>\n<meta name=\"twitter:site\" content=\"@GoricaInfo\" \/>\n<meta name=\"twitter:label1\" content=\"Written by\" \/>\n\t<meta name=\"twitter:data1\" content=\"Gorica. info\" \/>\n\t<meta name=\"twitter:label2\" content=\"Est. reading time\" \/>\n\t<meta name=\"twitter:data2\" content=\"2 minutes\" \/>\n<meta name=\"geo.placename\" content=\"Velika Gorica\" \/>\n<meta name=\"geo.region\" content=\"Croatia\" \/>\n<!-- \/ Yoast SEO Premium plugin. -->","yoast_head_json":{"title":"Festival svjetla Zagreb: Svjetlosne instalacije promijenit \u0107e ulice, parkove, \u0161etali\u0161ta i gra\u0111evine - Gorica Info","description":"Po\u010dinje petodnevni Festival svjetla Zagreb: Svjetlosne instalacije promijenit \u0107e ulice, parkove, \u0161etali\u0161ta i gra\u0111evine","robots":{"index":"index","follow":"follow","max-snippet":"max-snippet:-1","max-image-preview":"max-image-preview:large","max-video-preview":"max-video-preview:-1"},"canonical":"https:\/\/gorica.info\/en\/pocinje-petodnevni-festival-svjetla-zagreb-svjetlosne-instalacije-promijenit-ce-ulice-parkove-setalista-i-gradevinepocinje-petodnevni-festival-svjetla-zagreb-svjetlosne-instalacije-promijenit-ce-ulic\/","og_locale":"en_US","og_type":"article","og_title":"Festival svjetla Zagreb: Svjetlosne instalacije promijenit \u0107e ulice, parkove, \u0161etali\u0161ta i gra\u0111evine","og_description":"Po\u010dinje petodnevni Festival svjetla Zagreb: Svjetlosne instalacije promijenit \u0107e ulice, parkove, \u0161etali\u0161ta i gra\u0111evine","og_url":"https:\/\/gorica.info\/en\/pocinje-petodnevni-festival-svjetla-zagreb-svjetlosne-instalacije-promijenit-ce-ulice-parkove-setalista-i-gradevinepocinje-petodnevni-festival-svjetla-zagreb-svjetlosne-instalacije-promijenit-ce-ulic\/","og_site_name":"Gorica Info","article_publisher":"https:\/\/www.facebook.com\/Goricainfo-106005144489262","article_published_time":"2023-03-15T10:18:45+00:00","og_image":[{"width":1152,"height":768,"url":"https:\/\/gorica.info\/wp-content\/uploads\/2023\/03\/preview-festival-of-lights-zagreb-2022-the-face-of-heritage-croatian-national-theatre-julien-duval-626139f93fc58@136@6400712a452bb.jpg","type":"image\/jpeg"}],"author":"Gorica. info","twitter_card":"summary_large_image","twitter_creator":"@GoricaInfo","twitter_site":"@GoricaInfo","twitter_misc":{"Written by":"Gorica. info","Est. reading time":"2 minutes"},"schema":{"@context":"https:\/\/schema.org","@graph":[{"@type":"NewsArticle","@id":"https:\/\/gorica.info\/pocinje-petodnevni-festival-svjetla-zagreb-svjetlosne-instalacije-promijenit-ce-ulice-parkove-setalista-i-gradevinepocinje-petodnevni-festival-svjetla-zagreb-svjetlosne-instalacije-promijenit-ce-ulic\/#article","isPartOf":{"@id":"https:\/\/gorica.info\/pocinje-petodnevni-festival-svjetla-zagreb-svjetlosne-instalacije-promijenit-ce-ulice-parkove-setalista-i-gradevinepocinje-petodnevni-festival-svjetla-zagreb-svjetlosne-instalacije-promijenit-ce-ulic\/"},"author":{"name":"Gorica. info","@id":"https:\/\/gorica.info\/#\/schema\/person\/4499af1f22f322670b9b5977ccc2e3de"},"headline":"Festival svjetla Zagreb: Svjetlosne instalacije promijenit \u0107e ulice, parkove, \u0161etali\u0161ta i gra\u0111evine","datePublished":"2023-03-15T10:18:45+00:00","mainEntityOfPage":{"@id":"https:\/\/gorica.info\/pocinje-petodnevni-festival-svjetla-zagreb-svjetlosne-instalacije-promijenit-ce-ulice-parkove-setalista-i-gradevinepocinje-petodnevni-festival-svjetla-zagreb-svjetlosne-instalacije-promijenit-ce-ulic\/"},"wordCount":326,"commentCount":0,"publisher":{"@id":"https:\/\/gorica.info\/#organization"},"image":{"@id":"https:\/\/gorica.info\/pocinje-petodnevni-festival-svjetla-zagreb-svjetlosne-instalacije-promijenit-ce-ulice-parkove-setalista-i-gradevinepocinje-petodnevni-festival-svjetla-zagreb-svjetlosne-instalacije-promijenit-ce-ulic\/#primaryimage"},"thumbnailUrl":"https:\/\/gorica.info\/wp-content\/uploads\/2023\/03\/preview-festival-of-lights-zagreb-2022-the-face-of-heritage-croatian-national-theatre-julien-duval-626139f93fc58@136@6400712a452bb.jpg","keywords":["festival svjetla","gra\u0111evine","Martina Bienenfeld","parkovi","svjetlosne instalacije","ulice","Zagreb"],"articleSection":["ZAGREB"],"inLanguage":"en-US","potentialAction":[{"@type":"CommentAction","name":"Comment","target":["https:\/\/gorica.info\/pocinje-petodnevni-festival-svjetla-zagreb-svjetlosne-instalacije-promijenit-ce-ulice-parkove-setalista-i-gradevinepocinje-petodnevni-festival-svjetla-zagreb-svjetlosne-instalacije-promijenit-ce-ulic\/#respond"]}],"copyrightYear":"2023","copyrightHolder":{"@id":"https:\/\/gorica.info\/en\/#organization"}},{"@type":"WebPage","@id":"https:\/\/gorica.info\/pocinje-petodnevni-festival-svjetla-zagreb-svjetlosne-instalacije-promijenit-ce-ulice-parkove-setalista-i-gradevinepocinje-petodnevni-festival-svjetla-zagreb-svjetlosne-instalacije-promijenit-ce-ulic\/","url":"https:\/\/gorica.info\/pocinje-petodnevni-festival-svjetla-zagreb-svjetlosne-instalacije-promijenit-ce-ulice-parkove-setalista-i-gradevinepocinje-petodnevni-festival-svjetla-zagreb-svjetlosne-instalacije-promijenit-ce-ulic\/","name":"Festival svjetla Zagreb: Svjetlosne instalacije promijenit \u0107e ulice, parkove, \u0161etali\u0161ta i gra\u0111evine - Gorica Info","isPartOf":{"@id":"https:\/\/gorica.info\/#website"},"primaryImageOfPage":{"@id":"https:\/\/gorica.info\/pocinje-petodnevni-festival-svjetla-zagreb-svjetlosne-instalacije-promijenit-ce-ulice-parkove-setalista-i-gradevinepocinje-petodnevni-festival-svjetla-zagreb-svjetlosne-instalacije-promijenit-ce-ulic\/#primaryimage"},"image":{"@id":"https:\/\/gorica.info\/pocinje-petodnevni-festival-svjetla-zagreb-svjetlosne-instalacije-promijenit-ce-ulice-parkove-setalista-i-gradevinepocinje-petodnevni-festival-svjetla-zagreb-svjetlosne-instalacije-promijenit-ce-ulic\/#primaryimage"},"thumbnailUrl":"https:\/\/gorica.info\/wp-content\/uploads\/2023\/03\/preview-festival-of-lights-zagreb-2022-the-face-of-heritage-croatian-national-theatre-julien-duval-626139f93fc58@136@6400712a452bb.jpg","datePublished":"2023-03-15T10:18:45+00:00","description":"Po\u010dinje petodnevni Festival svjetla Zagreb: Svjetlosne instalacije promijenit \u0107e ulice, parkove, \u0161etali\u0161ta i gra\u0111evine","breadcrumb":{"@id":"https:\/\/gorica.info\/pocinje-petodnevni-festival-svjetla-zagreb-svjetlosne-instalacije-promijenit-ce-ulice-parkove-setalista-i-gradevinepocinje-petodnevni-festival-svjetla-zagreb-svjetlosne-instalacije-promijenit-ce-ulic\/#breadcrumb"},"inLanguage":"en-US","potentialAction":[{"@type":"ReadAction","target":["https:\/\/gorica.info\/pocinje-petodnevni-festival-svjetla-zagreb-svjetlosne-instalacije-promijenit-ce-ulice-parkove-setalista-i-gradevinepocinje-petodnevni-festival-svjetla-zagreb-svjetlosne-instalacije-promijenit-ce-ulic\/"]}]},{"@type":"ImageObject","inLanguage":"en-US","@id":"https:\/\/gorica.info\/pocinje-petodnevni-festival-svjetla-zagreb-svjetlosne-instalacije-promijenit-ce-ulice-parkove-setalista-i-gradevinepocinje-petodnevni-festival-svjetla-zagreb-svjetlosne-instalacije-promijenit-ce-ulic\/#primaryimage","url":"https:\/\/gorica.info\/wp-content\/uploads\/2023\/03\/preview-festival-of-lights-zagreb-2022-the-face-of-heritage-croatian-national-theatre-julien-duval-626139f93fc58@136@6400712a452bb.jpg","contentUrl":"https:\/\/gorica.info\/wp-content\/uploads\/2023\/03\/preview-festival-of-lights-zagreb-2022-the-face-of-heritage-croatian-national-theatre-julien-duval-626139f93fc58@136@6400712a452bb.jpg","width":1100,"height":733,"caption":"Foto: Festival svjetla Zagreb"},{"@type":"BreadcrumbList","@id":"https:\/\/gorica.info\/pocinje-petodnevni-festival-svjetla-zagreb-svjetlosne-instalacije-promijenit-ce-ulice-parkove-setalista-i-gradevinepocinje-petodnevni-festival-svjetla-zagreb-svjetlosne-instalacije-promijenit-ce-ulic\/#breadcrumb","itemListElement":[{"@type":"ListItem","position":1,"name":"Po\u010detna stranica","item":"https:\/\/gorica.info\/"},{"@type":"ListItem","position":2,"name":"Festival svjetla Zagreb: Svjetlosne instalacije promijenit \u0107e ulice, parkove, \u0161etali\u0161ta i gra\u0111evine"}]},{"@type":"WebSite","@id":"https:\/\/gorica.info\/#website","url":"https:\/\/gorica.info\/","name":"Gorica Info","description":"Vijesti iz Velike Gorice i okolice.","publisher":{"@id":"https:\/\/gorica.info\/#organization"},"potentialAction":[{"@type":"SearchAction","target":{"@type":"EntryPoint","urlTemplate":"https:\/\/gorica.info\/?s={search_term_string}"},"query-input":{"@type":"PropertyValueSpecification","valueRequired":true,"valueName":"search_term_string"}}],"inLanguage":"en-US"},{"@type":["Organization","Place","NewsMediaOrganization"],"@id":"https:\/\/gorica.info\/#organization","name":"Gorica Info","url":"https:\/\/gorica.info\/","logo":{"@id":"https:\/\/gorica.info\/pocinje-petodnevni-festival-svjetla-zagreb-svjetlosne-instalacije-promijenit-ce-ulice-parkove-setalista-i-gradevinepocinje-petodnevni-festival-svjetla-zagreb-svjetlosne-instalacije-promijenit-ce-ulic\/#local-main-organization-logo"},"image":{"@id":"https:\/\/gorica.info\/pocinje-petodnevni-festival-svjetla-zagreb-svjetlosne-instalacije-promijenit-ce-ulice-parkove-setalista-i-gradevinepocinje-petodnevni-festival-svjetla-zagreb-svjetlosne-instalacije-promijenit-ce-ulic\/#local-main-organization-logo"},"sameAs":["https:\/\/www.facebook.com\/Goricainfo-106005144489262","https:\/\/x.com\/GoricaInfo","https:\/\/www.instagram.com\/gorica.info\/"],"address":{"@id":"https:\/\/gorica.info\/pocinje-petodnevni-festival-svjetla-zagreb-svjetlosne-instalacije-promijenit-ce-ulice-parkove-setalista-i-gradevinepocinje-petodnevni-festival-svjetla-zagreb-svjetlosne-instalacije-promijenit-ce-ulic\/#local-main-place-address"},"telephone":[],"openingHoursSpecification":[{"@type":"OpeningHoursSpecification","dayOfWeek":["Monday","Tuesday","Wednesday","Thursday","Friday","Saturday","Sunday"],"opens":"09:00","closes":"17:00"}],"email":"redakcija@gorica.info"},{"@type":"Person","@id":"https:\/\/gorica.info\/#\/schema\/person\/4499af1f22f322670b9b5977ccc2e3de","name":"Gorica. info","description":"Gorica.info je lokalni portal koji prati Veliku Goricu i okolici, svakodnevno donosi najnovije vijesti i pri\u010de, kulturna doga\u0111anja i aktualnosti koje oblikuju \u017eivot gra\u0111ana.","url":"https:\/\/gorica.info\/en\/author\/gorica-info\/"},{"@type":"PostalAddress","@id":"https:\/\/gorica.info\/pocinje-petodnevni-festival-svjetla-zagreb-svjetlosne-instalacije-promijenit-ce-ulice-parkove-setalista-i-gradevinepocinje-petodnevni-festival-svjetla-zagreb-svjetlosne-instalacije-promijenit-ce-ulic\/#local-main-place-address","streetAddress":"Horvatova 97","addressLocality":"Velika Gorica","postalCode":"10410","addressRegion":"Croatia","addressCountry":"HR"},{"@type":"ImageObject","inLanguage":"en-US","@id":"https:\/\/gorica.info\/pocinje-petodnevni-festival-svjetla-zagreb-svjetlosne-instalacije-promijenit-ce-ulice-parkove-setalista-i-gradevinepocinje-petodnevni-festival-svjetla-zagreb-svjetlosne-instalacije-promijenit-ce-ulic\/#local-main-organization-logo","url":"https:\/\/gorica.info\/wp-content\/uploads\/2024\/07\/Gorica-Info-Logo-mali.png","contentUrl":"https:\/\/gorica.info\/wp-content\/uploads\/2024\/07\/Gorica-Info-Logo-mali.png","width":450,"height":85,"caption":"Gorica Info"}]},"geo.placename":"Velika Gorica","geo.region":"Croatia"},"_links":{"self":[{"href":"https:\/\/gorica.info\/en\/wp-json\/wp\/v2\/posts\/45655","targetHints":{"allow":["GET"]}}],"collection":[{"href":"https:\/\/gorica.info\/en\/wp-json\/wp\/v2\/posts"}],"about":[{"href":"https:\/\/gorica.info\/en\/wp-json\/wp\/v2\/types\/post"}],"author":[{"embeddable":true,"href":"https:\/\/gorica.info\/en\/wp-json\/wp\/v2\/users\/23"}],"replies":[{"embeddable":true,"href":"https:\/\/gorica.info\/en\/wp-json\/wp\/v2\/comments?post=45655"}],"version-history":[{"count":0,"href":"https:\/\/gorica.info\/en\/wp-json\/wp\/v2\/posts\/45655\/revisions"}],"wp:featuredmedia":[{"embeddable":true,"href":"https:\/\/gorica.info\/en\/wp-json\/wp\/v2\/media\/45656"}],"wp:attachment":[{"href":"https:\/\/gorica.info\/en\/wp-json\/wp\/v2\/media?parent=45655"}],"wp:term":[{"taxonomy":"category","embeddable":true,"href":"https:\/\/gorica.info\/en\/wp-json\/wp\/v2\/categories?post=45655"},{"taxonomy":"post_tag","embeddable":true,"href":"https:\/\/gorica.info\/en\/wp-json\/wp\/v2\/tags?post=45655"}],"curies":[{"name":"wp","href":"https:\/\/api.w.org\/{rel}","templated":true}]}}