{"id":45922,"date":"2023-03-20T14:04:12","date_gmt":"2023-03-20T13:04:12","guid":{"rendered":"https:\/\/gorica.info\/?p=45922"},"modified":"2023-03-20T14:04:12","modified_gmt":"2023-03-20T13:04:12","slug":"dvije-osobe-ozlijedene-u-prometnoj-nesreci-na-zaobilaznici-policija-trazi-ocevice","status":"publish","type":"post","link":"https:\/\/gorica.info\/en\/dvije-osobe-ozlijedene-u-prometnoj-nesreci-na-zaobilaznici-policija-trazi-ocevice\/","title":{"rendered":"Dvije osobe ozlije\u0111ene u prometnoj nesre\u0107i na zaobilaznici: Policija tra\u017ei o\u010device"},"content":{"rendered":"<p>U <strong>prometnoj nesre\u0107i<\/strong> koja se dogodila u ponedjeljak ujutro oko 9 sati na gori\u010dkoj zaobilaznici to\u010dnije na raskri\u017eju Avenije pape Ivana Pavla II i Dr\u017eavne ceste D30 <strong>ozlije\u0111ene<\/strong> su dvije osobe.<\/p>\n<p>Kako bi utvrdili tko je skrivio nesre\u0107u, iz <a href=\"https:\/\/gorica.info\/en\/2023\/03\/17\/na-krizanju-fabijanciceve-i-kirinciceve-ulice-sudarila-se-dva-osobna-automobila-tko-je-kriv-utvrdit-ce-policija\/\">policije<\/a> pozivaju o\u010device da im se jave. Sudarili su se osobni automobil Hyundai I30 i Peugeot kombi.<\/p>\n<p>\u2013 Zbog utvr\u0111ivanja okolnosti koje su dovele do ove prometne nesre\u0107e, molimo o\u010device da se jave s informacijama u gori\u010dku Policijsku postaju osobno ili na brojeve telefona 01\/6221144 ili 192 \u2013 poru\u010dili su iz <a href=\"https:\/\/zagrebacka-policija.gov.hr\/\">policije<\/a>.<\/p>\n<p>&nbsp;<\/p>","protected":false},"excerpt":{"rendered":"<p>U prometnoj nesre\u0107i koja se dogodila u ponedjeljak ujutro oko 9 sati na gori\u010dkoj zaobilaznici to\u010dnije na raskri\u017eju Avenije pape Ivana Pavla II i Dr\u017eavne ceste D30 ozlije\u0111ene su dvije osobe. Kako bi utvrdili tko je skrivio nesre\u0107u, iz policije pozivaju o\u010device da im se jave. Sudarili su se osobni automobil Hyundai I30 i Peugeot [&hellip;]<\/p>\n","protected":false},"author":23,"featured_media":45923,"comment_status":"open","ping_status":"open","sticky":false,"template":"","format":"standard","meta":{"limit_modified_date":"","last_modified_date":"","jnews-multi-image_gallery":[],"jnews_single_post":[],"jnews_primary_category":[],"jnews_override_counter":[],"footnotes":""},"categories":[93],"tags":[8255,1017,266,305,9234],"class_list":["post-45922","post","type-post","status-publish","format-standard","has-post-thumbnail","hentry","category-crna-kronika","tag-dvije-osobe-ozlijedene","tag-ocevid","tag-policija","tag-prometna-nesreca","tag-zaobilaznica"],"yoast_head":"<!-- This site is optimized with the Yoast SEO Premium plugin v27.4 (Yoast SEO v27.4) - https:\/\/yoast.com\/product\/yoast-seo-premium-wordpress\/ -->\n<title>Dvije osobe ozlije\u0111ene u prometnoj nesre\u0107i na zaobilaznici: Policija tra\u017ei o\u010device - Gorica Info<\/title>\n<meta name=\"description\" content=\"Dvije osobe ozlije\u0111ene u prometnoj nesre\u0107i na zaobilaznici: Policija tra\u017ei o\u010device nesre\u0107e koja se dogodila jutros oko 9 sati.\" \/>\n<meta name=\"robots\" content=\"index, follow, max-snippet:-1, max-image-preview:large, max-video-preview:-1\" \/>\n<link rel=\"canonical\" href=\"https:\/\/gorica.info\/en\/dvije-osobe-ozlijedene-u-prometnoj-nesreci-na-zaobilaznici-policija-trazi-ocevice\/\" \/>\n<meta property=\"og:locale\" content=\"en_US\" \/>\n<meta property=\"og:type\" content=\"article\" \/>\n<meta property=\"og:title\" content=\"Dvije osobe ozlije\u0111ene u prometnoj nesre\u0107i na zaobilaznici: Policija tra\u017ei o\u010device\" \/>\n<meta property=\"og:description\" content=\"Dvije osobe ozlije\u0111ene u prometnoj nesre\u0107i na zaobilaznici: Policija tra\u017ei o\u010device nesre\u0107e koja se dogodila jutros oko 9 sati.\" \/>\n<meta property=\"og:url\" content=\"https:\/\/gorica.info\/en\/dvije-osobe-ozlijedene-u-prometnoj-nesreci-na-zaobilaznici-policija-trazi-ocevice\/\" \/>\n<meta property=\"og:site_name\" content=\"Gorica Info\" \/>\n<meta property=\"article:publisher\" content=\"https:\/\/www.facebook.com\/Goricainfo-106005144489262\" \/>\n<meta property=\"article:published_time\" content=\"2023-03-20T13:04:12+00:00\" \/>\n<meta property=\"og:image\" content=\"https:\/\/gorica.info\/wp-content\/uploads\/2023\/03\/prometna-nesreca-foto-fb-plavci-a-de-ste-e1679319512457.jpg\" \/>\n\t<meta property=\"og:image:width\" content=\"688\" \/>\n\t<meta property=\"og:image:height\" content=\"466\" \/>\n\t<meta property=\"og:image:type\" content=\"image\/jpeg\" \/>\n<meta name=\"author\" content=\"Gorica. info\" \/>\n<meta name=\"twitter:card\" content=\"summary_large_image\" \/>\n<meta name=\"twitter:creator\" content=\"@GoricaInfo\" \/>\n<meta name=\"twitter:site\" content=\"@GoricaInfo\" \/>\n<meta name=\"twitter:label1\" content=\"Written by\" \/>\n\t<meta name=\"twitter:data1\" content=\"Gorica. info\" \/>\n\t<meta name=\"twitter:label2\" content=\"Est. reading time\" \/>\n\t<meta name=\"twitter:data2\" content=\"1 minute\" \/>\n<meta name=\"geo.placename\" content=\"Velika Gorica\" \/>\n<meta name=\"geo.region\" content=\"Croatia\" \/>\n<!-- \/ Yoast SEO Premium plugin. -->","yoast_head_json":{"title":"Dvije osobe ozlije\u0111ene u prometnoj nesre\u0107i na zaobilaznici: Policija tra\u017ei o\u010device - Gorica Info","description":"Dvije osobe ozlije\u0111ene u prometnoj nesre\u0107i na zaobilaznici: Policija tra\u017ei o\u010device nesre\u0107e koja se dogodila jutros oko 9 sati.","robots":{"index":"index","follow":"follow","max-snippet":"max-snippet:-1","max-image-preview":"max-image-preview:large","max-video-preview":"max-video-preview:-1"},"canonical":"https:\/\/gorica.info\/en\/dvije-osobe-ozlijedene-u-prometnoj-nesreci-na-zaobilaznici-policija-trazi-ocevice\/","og_locale":"en_US","og_type":"article","og_title":"Dvije osobe ozlije\u0111ene u prometnoj nesre\u0107i na zaobilaznici: Policija tra\u017ei o\u010device","og_description":"Dvije osobe ozlije\u0111ene u prometnoj nesre\u0107i na zaobilaznici: Policija tra\u017ei o\u010device nesre\u0107e koja se dogodila jutros oko 9 sati.","og_url":"https:\/\/gorica.info\/en\/dvije-osobe-ozlijedene-u-prometnoj-nesreci-na-zaobilaznici-policija-trazi-ocevice\/","og_site_name":"Gorica Info","article_publisher":"https:\/\/www.facebook.com\/Goricainfo-106005144489262","article_published_time":"2023-03-20T13:04:12+00:00","og_image":[{"width":688,"height":466,"url":"https:\/\/gorica.info\/wp-content\/uploads\/2023\/03\/prometna-nesreca-foto-fb-plavci-a-de-ste-e1679319512457.jpg","type":"image\/jpeg"}],"author":"Gorica. info","twitter_card":"summary_large_image","twitter_creator":"@GoricaInfo","twitter_site":"@GoricaInfo","twitter_misc":{"Written by":"Gorica. info","Est. reading time":"1 minute"},"schema":{"@context":"https:\/\/schema.org","@graph":[{"@type":"NewsArticle","@id":"https:\/\/gorica.info\/dvije-osobe-ozlijedene-u-prometnoj-nesreci-na-zaobilaznici-policija-trazi-ocevice\/#article","isPartOf":{"@id":"https:\/\/gorica.info\/dvije-osobe-ozlijedene-u-prometnoj-nesreci-na-zaobilaznici-policija-trazi-ocevice\/"},"author":{"name":"Gorica. info","@id":"https:\/\/gorica.info\/#\/schema\/person\/4499af1f22f322670b9b5977ccc2e3de"},"headline":"Dvije osobe ozlije\u0111ene u prometnoj nesre\u0107i na zaobilaznici: Policija tra\u017ei o\u010device","datePublished":"2023-03-20T13:04:12+00:00","mainEntityOfPage":{"@id":"https:\/\/gorica.info\/dvije-osobe-ozlijedene-u-prometnoj-nesreci-na-zaobilaznici-policija-trazi-ocevice\/"},"wordCount":115,"commentCount":0,"publisher":{"@id":"https:\/\/gorica.info\/#organization"},"image":{"@id":"https:\/\/gorica.info\/dvije-osobe-ozlijedene-u-prometnoj-nesreci-na-zaobilaznici-policija-trazi-ocevice\/#primaryimage"},"thumbnailUrl":"https:\/\/gorica.info\/wp-content\/uploads\/2023\/03\/prometna-nesreca-foto-fb-plavci-a-de-ste-e1679319512457.jpg","keywords":["dvije osobe ozlije\u0111ene","o\u010devid","policija","prometna nesre\u0107a","zaobilaznica"],"articleSection":["CRNA KRONIKA"],"inLanguage":"en-US","potentialAction":[{"@type":"CommentAction","name":"Comment","target":["https:\/\/gorica.info\/dvije-osobe-ozlijedene-u-prometnoj-nesreci-na-zaobilaznici-policija-trazi-ocevice\/#respond"]}],"copyrightYear":"2023","copyrightHolder":{"@id":"https:\/\/gorica.info\/en\/#organization"}},{"@type":"WebPage","@id":"https:\/\/gorica.info\/dvije-osobe-ozlijedene-u-prometnoj-nesreci-na-zaobilaznici-policija-trazi-ocevice\/","url":"https:\/\/gorica.info\/dvije-osobe-ozlijedene-u-prometnoj-nesreci-na-zaobilaznici-policija-trazi-ocevice\/","name":"Dvije osobe ozlije\u0111ene u prometnoj nesre\u0107i na zaobilaznici: Policija tra\u017ei o\u010device - Gorica Info","isPartOf":{"@id":"https:\/\/gorica.info\/#website"},"primaryImageOfPage":{"@id":"https:\/\/gorica.info\/dvije-osobe-ozlijedene-u-prometnoj-nesreci-na-zaobilaznici-policija-trazi-ocevice\/#primaryimage"},"image":{"@id":"https:\/\/gorica.info\/dvije-osobe-ozlijedene-u-prometnoj-nesreci-na-zaobilaznici-policija-trazi-ocevice\/#primaryimage"},"thumbnailUrl":"https:\/\/gorica.info\/wp-content\/uploads\/2023\/03\/prometna-nesreca-foto-fb-plavci-a-de-ste-e1679319512457.jpg","datePublished":"2023-03-20T13:04:12+00:00","description":"Dvije osobe ozlije\u0111ene u prometnoj nesre\u0107i na zaobilaznici: Policija tra\u017ei o\u010device nesre\u0107e koja se dogodila jutros oko 9 sati.","breadcrumb":{"@id":"https:\/\/gorica.info\/dvije-osobe-ozlijedene-u-prometnoj-nesreci-na-zaobilaznici-policija-trazi-ocevice\/#breadcrumb"},"inLanguage":"en-US","potentialAction":[{"@type":"ReadAction","target":["https:\/\/gorica.info\/dvije-osobe-ozlijedene-u-prometnoj-nesreci-na-zaobilaznici-policija-trazi-ocevice\/"]}]},{"@type":"ImageObject","inLanguage":"en-US","@id":"https:\/\/gorica.info\/dvije-osobe-ozlijedene-u-prometnoj-nesreci-na-zaobilaznici-policija-trazi-ocevice\/#primaryimage","url":"https:\/\/gorica.info\/wp-content\/uploads\/2023\/03\/prometna-nesreca-foto-fb-plavci-a-de-ste-e1679319512457.jpg","contentUrl":"https:\/\/gorica.info\/wp-content\/uploads\/2023\/03\/prometna-nesreca-foto-fb-plavci-a-de-ste-e1679319512457.jpg","width":688,"height":466,"caption":"Foto: FB Plavci, a de ste"},{"@type":"BreadcrumbList","@id":"https:\/\/gorica.info\/dvije-osobe-ozlijedene-u-prometnoj-nesreci-na-zaobilaznici-policija-trazi-ocevice\/#breadcrumb","itemListElement":[{"@type":"ListItem","position":1,"name":"Po\u010detna stranica","item":"https:\/\/gorica.info\/"},{"@type":"ListItem","position":2,"name":"Dvije osobe ozlije\u0111ene u prometnoj nesre\u0107i na zaobilaznici: Policija tra\u017ei o\u010device"}]},{"@type":"WebSite","@id":"https:\/\/gorica.info\/#website","url":"https:\/\/gorica.info\/","name":"Gorica Info","description":"Vijesti iz Velike Gorice i okolice.","publisher":{"@id":"https:\/\/gorica.info\/#organization"},"potentialAction":[{"@type":"SearchAction","target":{"@type":"EntryPoint","urlTemplate":"https:\/\/gorica.info\/?s={search_term_string}"},"query-input":{"@type":"PropertyValueSpecification","valueRequired":true,"valueName":"search_term_string"}}],"inLanguage":"en-US"},{"@type":["Organization","Place","NewsMediaOrganization"],"@id":"https:\/\/gorica.info\/#organization","name":"Gorica Info","url":"https:\/\/gorica.info\/","logo":{"@id":"https:\/\/gorica.info\/dvije-osobe-ozlijedene-u-prometnoj-nesreci-na-zaobilaznici-policija-trazi-ocevice\/#local-main-organization-logo"},"image":{"@id":"https:\/\/gorica.info\/dvije-osobe-ozlijedene-u-prometnoj-nesreci-na-zaobilaznici-policija-trazi-ocevice\/#local-main-organization-logo"},"sameAs":["https:\/\/www.facebook.com\/Goricainfo-106005144489262","https:\/\/x.com\/GoricaInfo","https:\/\/www.instagram.com\/gorica.info\/"],"address":{"@id":"https:\/\/gorica.info\/dvije-osobe-ozlijedene-u-prometnoj-nesreci-na-zaobilaznici-policija-trazi-ocevice\/#local-main-place-address"},"telephone":[],"openingHoursSpecification":[{"@type":"OpeningHoursSpecification","dayOfWeek":["Monday","Tuesday","Wednesday","Thursday","Friday","Saturday","Sunday"],"opens":"09:00","closes":"17:00"}],"email":"redakcija@gorica.info"},{"@type":"Person","@id":"https:\/\/gorica.info\/#\/schema\/person\/4499af1f22f322670b9b5977ccc2e3de","name":"Gorica. info","description":"Gorica.info je lokalni portal koji prati Veliku Goricu i okolici, svakodnevno donosi najnovije vijesti i pri\u010de, kulturna doga\u0111anja i aktualnosti koje oblikuju \u017eivot gra\u0111ana.","url":"https:\/\/gorica.info\/en\/author\/gorica-info\/"},{"@type":"PostalAddress","@id":"https:\/\/gorica.info\/dvije-osobe-ozlijedene-u-prometnoj-nesreci-na-zaobilaznici-policija-trazi-ocevice\/#local-main-place-address","streetAddress":"Horvatova 97","addressLocality":"Velika Gorica","postalCode":"10410","addressRegion":"Croatia","addressCountry":"HR"},{"@type":"ImageObject","inLanguage":"en-US","@id":"https:\/\/gorica.info\/dvije-osobe-ozlijedene-u-prometnoj-nesreci-na-zaobilaznici-policija-trazi-ocevice\/#local-main-organization-logo","url":"https:\/\/gorica.info\/wp-content\/uploads\/2024\/07\/Gorica-Info-Logo-mali.png","contentUrl":"https:\/\/gorica.info\/wp-content\/uploads\/2024\/07\/Gorica-Info-Logo-mali.png","width":450,"height":85,"caption":"Gorica Info"}]},"geo.placename":"Velika Gorica","geo.region":"Croatia"},"_links":{"self":[{"href":"https:\/\/gorica.info\/en\/wp-json\/wp\/v2\/posts\/45922","targetHints":{"allow":["GET"]}}],"collection":[{"href":"https:\/\/gorica.info\/en\/wp-json\/wp\/v2\/posts"}],"about":[{"href":"https:\/\/gorica.info\/en\/wp-json\/wp\/v2\/types\/post"}],"author":[{"embeddable":true,"href":"https:\/\/gorica.info\/en\/wp-json\/wp\/v2\/users\/23"}],"replies":[{"embeddable":true,"href":"https:\/\/gorica.info\/en\/wp-json\/wp\/v2\/comments?post=45922"}],"version-history":[{"count":0,"href":"https:\/\/gorica.info\/en\/wp-json\/wp\/v2\/posts\/45922\/revisions"}],"wp:featuredmedia":[{"embeddable":true,"href":"https:\/\/gorica.info\/en\/wp-json\/wp\/v2\/media\/45923"}],"wp:attachment":[{"href":"https:\/\/gorica.info\/en\/wp-json\/wp\/v2\/media?parent=45922"}],"wp:term":[{"taxonomy":"category","embeddable":true,"href":"https:\/\/gorica.info\/en\/wp-json\/wp\/v2\/categories?post=45922"},{"taxonomy":"post_tag","embeddable":true,"href":"https:\/\/gorica.info\/en\/wp-json\/wp\/v2\/tags?post=45922"}],"curies":[{"name":"wp","href":"https:\/\/api.w.org\/{rel}","templated":true}]}}